{"id":103840,"date":"2025-05-24T10:05:32","date_gmt":"2025-05-24T08:05:32","guid":{"rendered":"https:\/\/obera.fr\/nase-rada\/depoussiereur-papier-carton\/"},"modified":"2025-07-16T11:44:32","modified_gmt":"2025-07-16T09:44:32","slug":"depoussiereur-papier-carton","status":"publish","type":"post","link":"https:\/\/obera.fr\/cs\/papir-lepenka\/depoussiereur-papier-carton\/","title":{"rendered":"Odlu\u010dova\u010d prachu pro pap\u00edrensk\u00fd a karton\u00e1\u017en\u00ed pr\u016fmysl"},"content":{"rendered":"\n<p>V pap\u00edrensk\u00e9m a lepenk\u00e1\u0159sk\u00e9m pr\u016fmyslu mohou <strong>\u010d\u00e1stice vznikaj\u00edc\u00ed p\u0159i v\u00fdrobn\u00edch procesech<\/strong> ovlivnit zdrav\u00ed obsluhy, kvalitu v\u00fdrobk\u016f a \u017eivotnost za\u0159\u00edzen\u00ed. Pro sn\u00ed\u017een\u00ed t\u011bchto rizik existuje jedno \u0159e\u0161en\u00ed: instalace<a href=\"https:\/\/obera.fr\/cs\/produits\/depoussiereurs-industriels\/\"> pr\u016fmyslov\u00fdch odlu\u010dova\u010d\u016f prachu<\/a> p\u0159izp\u016fsoben\u00fdch plo\u0161e d\u00edlny, vznikaj\u00edc\u00edm zne\u010di\u0161\u0165uj\u00edc\u00edm l\u00e1tk\u00e1m a v\u00fdrobn\u00edm operac\u00edm. Spole\u010dnost OberA v\u00e1s provede nej\u00fa\u010dinn\u011bj\u0161\u00edmi <strong>syst\u00e9my pro zachycov\u00e1n\u00ed a \u00fapravu vzduchu<\/strong>. <\/p>\n\n<h2 class=\"wp-block-heading\">Pap\u00edrensk\u00fd a karton\u00e1\u017en\u00ed pr\u016fmysl: pro\u010d instalovat pr\u016fmyslov\u00fd odlu\u010dova\u010d prachu?<\/h2>\n\n<h3 class=\"wp-block-heading\">\u0160kodliv\u00e9 \u010d\u00e1stice vznikaj\u00edc\u00ed v pr\u016fmyslu pap\u00edru a lepenky<\/h3>\n\n<p>P\u0159i zpracov\u00e1n\u00ed pap\u00edru a lepenky vznik\u00e1 zna\u010dn\u00e9 mno\u017estv\u00ed<strong> jemn\u00e9ho prachu a vl\u00e1ken<\/strong>. \u010cetn\u00e9 zne\u010di\u0161\u0165uj\u00edc\u00ed l\u00e1tky a celul\u00f3zov\u00fd prach se uvol\u0148uj\u00ed ve f\u00e1z\u00edch p\u0159\u00edpravy surovin a rafinace buni\u010diny, jako\u017e i p\u0159i v\u00fdrobn\u00edch operac\u00edch (tisk, \u0159ez\u00e1n\u00ed, o\u0159ez\u00e1v\u00e1n\u00ed, drcen\u00ed, polstrov\u00e1n\u00ed, lakov\u00e1n\u00ed atd.).   <\/p>\n\n<p>Tyto \u010d\u00e1stice, kter\u00e9 jsou \u010dasto pouh\u00fdm okem neviditeln\u00e9,<strong> se rozptyluj\u00ed do ovzdu\u0161\u00ed a hromad\u00ed se na povrchu,<\/strong> \u010d\u00edm\u017e vytv\u00e1\u0159ej\u00ed zdravotn\u00ed a bezpe\u010dnostn\u00ed rizika.  <\/p>\n\n<h3 class=\"wp-block-heading\">Rizika pro zdrav\u00ed pracovn\u00edk\u016f a bezpe\u010dnost stroj\u016f<\/h3>\n\n<div class=\"wp-block-columns is-layout-flex wp-container-core-columns-is-layout-28f84493 wp-block-columns-is-layout-flex\">\n<div class=\"wp-block-column is-layout-flow wp-block-column-is-layout-flow\" style=\"flex-basis:66.66%\">\n<p>P\u0159i v\u00fdrobn\u00edch procesech v pap\u00edrensk\u00e9m a lepenk\u00e1\u0159sk\u00e9m pr\u016fmyslu vznikaj\u00ed r\u016fzn\u00e9 zne\u010di\u0161\u0165uj\u00edc\u00ed l\u00e1tky, kter\u00e9 mohou m\u00edt vliv na \u017eivotn\u00ed prost\u0159ed\u00ed,<strong> zdrav\u00ed pracovn\u00edk\u016f a kvalitu v\u00fdrobk\u016f<\/strong>. Tyto zne\u010di\u0161\u0165uj\u00edc\u00ed l\u00e1tky jsou rozd\u011bleny zejm\u00e9na takto: <\/p>\n\n\n\n<ul class=\"wp-block-list\">\n<li><strong> Prach a jemn\u00e9 \u010d\u00e1stice<\/strong> mohou u pracovn\u00edk\u016f zp\u016fsobit d\u00fdchac\u00ed pot\u00ed\u017ee (astma, podr\u00e1\u017ed\u011bn\u00ed). P\u0159edstavuj\u00ed tak\u00e9 riziko v\u00fdbuchu a po\u017e\u00e1ru. <strong> <\/strong><\/li>\n\n\n\n<li><strong> Plynn\u00e9 emise ve f\u00e1zi zpracov\u00e1n\u00ed buni\u010diny<\/strong>, p\u0159i n\u00ed\u017e vznikaj\u00ed t\u011bkav\u00e9 organick\u00e9 l\u00e1tky (VOC) a formaldehyd. Tyto slou\u010deniny maj\u00ed toxick\u00e9 \u00fa\u010dinky na zdrav\u00ed, ale tak\u00e9 p\u0159isp\u00edvaj\u00ed ke zne\u010di\u0161t\u011bn\u00ed ovzdu\u0161\u00ed (sklen\u00edkov\u00fd efekt). <\/li>\n<\/ul>\n\n\n\n<p>Jejich vdechov\u00e1n\u00ed m\u016f\u017ee zam\u011bstnanc\u016fm zp\u016fsobit d\u00fdchac\u00ed pot\u00ed\u017ee.<strong>Hromad\u011bn\u00ed t\u011bchto \u010d\u00e1stic<\/strong> ve stroj\u00edch nav\u00edc m\u016f\u017ee zp\u016fsobit poruchy, zv\u00fd\u0161it opot\u0159eben\u00ed a dokonce v\u00e9st k po\u017e\u00e1r\u016fm kv\u016fli jejich ho\u0159lavosti. <\/p>\n\n\n\n<p>Krom\u011b t\u011bchto zne\u010di\u0161\u0165uj\u00edc\u00edch l\u00e1tek, kter\u00e9 p\u0159\u00edmo ovliv\u0148uj\u00ed zdrav\u00ed obsluhy, se<strong>pap\u00edrensk\u00fd a karton\u00e1\u017en\u00ed pr\u016fmysl <\/strong>mus\u00ed vypo\u0159\u00e1dat tak\u00e9 s nakl\u00e1d\u00e1n\u00edm s v\u00fdrobn\u00edm odpadem a pr\u016fmyslov\u00fdmi odpadn\u00edmi vodami.  <\/p>\n\n\n\n<p><\/p>\n<\/div>\n\n\n\n<div class=\"wp-block-column is-layout-flow wp-block-column-is-layout-flow\" style=\"flex-basis:33.33%\">\n<figure class=\"wp-block-image aligncenter size-large is-resized\"><img decoding=\"async\" width=\"1024\" height=\"1024\" src=\"https:\/\/obera.fr\/wp-content\/uploads\/2025\/05\/sante-des-travailleurs-1024x1024.png\" alt=\"zdrav&#xED; zam&#x11B;stnanc&#x16F;\" class=\"wp-image-121015\" style=\"width:321px;height:auto\" srcset=\"https:\/\/obera.fr\/wp-content\/uploads\/2025\/05\/sante-des-travailleurs-1024x1024.png 1024w, https:\/\/obera.fr\/wp-content\/uploads\/2025\/05\/sante-des-travailleurs-300x300.png 300w, https:\/\/obera.fr\/wp-content\/uploads\/2025\/05\/sante-des-travailleurs-150x150.png 150w, https:\/\/obera.fr\/wp-content\/uploads\/2025\/05\/sante-des-travailleurs-768x768.png 768w, https:\/\/obera.fr\/wp-content\/uploads\/2025\/05\/sante-des-travailleurs.png 1200w\" sizes=\"(max-width: 1024px) 100vw, 1024px\" \/><\/figure>\n<\/div>\n<\/div>\n\n<h3 class=\"wp-block-heading\">Vliv \u010d\u00e1stic na kvalitu v\u00fdroby a pracovn\u00ed prost\u0159ed\u00ed<\/h3>\n\n<p><strong> Prach ve v\u00fdrobn\u00edch prostor\u00e1ch<\/strong> m\u016f\u017ee kontaminovat hotov\u00e9 v\u00fdrobky a ovlivnit jejich kvalitu. Pra\u0161n\u00e9 pracovn\u00ed prost\u0159ed\u00ed tak\u00e9 sni\u017euje viditelnost, zvy\u0161uje riziko nehod a vy\u017eaduje \u010dast\u011bj\u0161\u00ed \u00faklid. <\/p>\n\n<h3 class=\"wp-block-heading\">V\u00fdhody pr\u016fmyslov\u00e9ho odlu\u010dova\u010de prachu<\/h3>\n\n<p><strong>Instalace pr\u016fmyslov\u00e9ho odlu\u010dova\u010de prachu <\/strong>p\u0159in\u00e1\u0161\u00ed \u0159adu v\u00fdhod:<\/p>\n\n<ul class=\"wp-block-list\">\n<li>Kontrola a sn\u00ed\u017een\u00ed jemn\u00fdch \u010d\u00e1stic a prachu ve v\u00fdrobn\u00edch prostor\u00e1ch, zlep\u0161en\u00ed kvality ovzdu\u0161\u00ed a \u010distoty z\u00e1vodu;<\/li>\n\n\n\n<li>Zlep\u0161en\u00ed bezpe\u010dnostn\u00edch podm\u00ednek a sn\u00ed\u017een\u00ed rizika po\u017e\u00e1ru eliminac\u00ed hromad\u011bn\u00ed ho\u0159lav\u00e9ho prachu (nap\u0159. celul\u00f3zov\u00e9ho prachu);<\/li>\n\n\n\n<li>Optimalizace \u017eivotnosti za\u0159\u00edzen\u00ed, jako jsou <strong>drti\u010de a<\/strong> stroje na <strong>v\u00fdrobu v\u00fdpln\u00ed<\/strong>, d\u00edky prevenci ucp\u00e1v\u00e1n\u00ed a p\u0159ed\u010dasn\u00e9ho opot\u0159eben\u00ed.<\/li>\n<\/ul>\n\n<p>Toto za\u0159\u00edzen\u00ed zachycuje \u010d\u00e1stice p\u0159\u00edmo u zdroje, zejm\u00e9na p\u0159i <strong>\u0159ez\u00e1n\u00ed nebo brou\u0161en\u00ed<\/strong>. Mohou b\u00fdt vybavena pokro\u010dil\u00fdm filtra\u010dn\u00edm syst\u00e9mem (HEPA, s\u00e1\u010dkov\u00e9 filtry), kter\u00fd minimalizuje rozptyl \u0161kodliv\u00e9ho prachu ve vzduchu. <\/p>\n\n<h2 class=\"wp-block-heading\">Provoz odlu\u010dova\u010d\u016f prachu pro pap\u00edr a lepenku<\/h2>\n\n<div class=\"wp-block-columns is-layout-flex wp-container-core-columns-is-layout-28f84493 wp-block-columns-is-layout-flex\">\n<div class=\"wp-block-column is-layout-flow wp-block-column-is-layout-flow\" style=\"flex-basis:66.66%\">\n<p>Odlu\u010dova\u010d prachu se p\u0159ipojuje ke stroj\u016fm, kter\u00e9 produkuj\u00ed prach, jako jsou :<\/p>\n\n\n\n<ul class=\"wp-block-list\">\n<li><strong>Skartova\u010dky HSM <\/strong>pro skartov\u00e1n\u00ed pap\u00edru ;<\/li>\n\n\n\n<li>Polstrovac\u00ed stroje Profipack p\u0159em\u011b\u0148uj\u00ed karton na polstrovac\u00ed materi\u00e1ly;<\/li>\n\n\n\n<li><strong> \u0158ezac\u00ed a brusn\u00e9 linky, kde<\/strong> se uvol\u0148uje<strong> velk\u00e9 mno\u017estv\u00ed vl\u00e1ken<\/strong> a \u010d\u00e1stic.<\/li>\n<\/ul>\n\n\n\n<p>Odlu\u010dova\u010d prachu okam\u017eit\u011b nas\u00e1v\u00e1 <strong>\u010d\u00e1stice rozpt\u00fdlen\u00e9 ve vzduchu<\/strong>, aby se nerozpt\u00fdlily v d\u00edln\u011b. Zachycen\u00e9 \u010d\u00e1stice jsou vedeny p\u0159es filtra\u010dn\u00ed jednotku, p\u0159i\u010dem\u017e v z\u00e1vislosti na zvolen\u00e9m syst\u00e9mu odpra\u0161ov\u00e1n\u00ed existuj\u00ed dva sc\u00e9n\u00e1\u0159e: u centralizovan\u00fdch syst\u00e9m\u016f je n\u011bkolik stroj\u016f p\u0159ipojeno k centr\u00e1ln\u00ed jednotce prost\u0159ednictv\u00edm s\u00edt\u011b potrub\u00ed, co\u017e umo\u017e\u0148uje <strong>pokr\u00fdt celou tov\u00e1rnu<\/strong>. U mobiln\u00edch model\u016f m\u016f\u017ee obsluha snadno p\u0159em\u00edstit sb\u011bra\u010d prachu a vys\u00e1vat stroje u zdroje.  <\/p>\n\n\n\n<p>V obou p\u0159\u00edpadech zaji\u0161\u0165uje v\u00fdkonn\u00fd ventil\u00e1tor <strong>nep\u0159etr\u017eit\u00fd transport prachu<\/strong> a odd\u011blov\u00e1n\u00ed \u010d\u00e1stic. V\u011bt\u0161\u00ed \u010d\u00e1stice padaj\u00ed do n\u00e1sypky, zat\u00edmco jemn\u011bj\u0161\u00ed \u010d\u00e1stice jsou zastaveny d\u016fmysln\u00fdm filtra\u010dn\u00edm syst\u00e9mem, kter\u00fd lze nakonfigurovat podle va\u0161ich pot\u0159eb: <\/p>\n\n\n\n<ul class=\"wp-block-list\">\n<li><strong>Kartu\u0161ov\u00e9 filtry<\/strong>: nab\u00edzej\u00ed velkou filtra\u010dn\u00ed plochu v kompaktn\u00edm prostoru, vhodn\u00e9 pro jemn\u00fd prach;<\/li>\n\n\n\n<li><strong>S\u00e1\u010dkov\u00e9 filtry<\/strong>: robustn\u00ed a \u00fa\u010dinn\u00e9 pro velk\u00e9 objemy prachu ;<\/li>\n\n\n\n<li><a href=\"https:\/\/obera.fr\/cs\/nase-rady\/filtre-hepa-et-purificateur-d-air\/\">HEPA filtry<\/a><strong> <\/strong>: zachycuj\u00ed velmi jemn\u00e9 \u010d\u00e1stice a zaru\u010duj\u00ed optim\u00e1ln\u00ed kvalitu vzduchu.<\/li>\n<\/ul>\n\n\n\n<p>\u010cist\u00fd vzduch je pak v z\u00e1vislosti na zvolen\u00e9 instalaci vypou\u0161t\u011bn p\u0159\u00edmo do d\u00edlny nebo ven.<\/p>\n<\/div>\n\n\n\n<div class=\"wp-block-column is-layout-flow wp-block-column-is-layout-flow\" style=\"flex-basis:33.33%\">\n<figure class=\"wp-block-image size-large\"><img decoding=\"async\" width=\"1024\" height=\"1024\" src=\"https:\/\/obera.fr\/wp-content\/uploads\/2025\/05\/filtre-particules-1024x1024.png\" alt=\"filtr &#x10D;&#xE1;stic\" class=\"wp-image-121038\" srcset=\"https:\/\/obera.fr\/wp-content\/uploads\/2025\/05\/filtre-particules-1024x1024.png 1024w, https:\/\/obera.fr\/wp-content\/uploads\/2025\/05\/filtre-particules-300x300.png 300w, https:\/\/obera.fr\/wp-content\/uploads\/2025\/05\/filtre-particules-150x150.png 150w, https:\/\/obera.fr\/wp-content\/uploads\/2025\/05\/filtre-particules-768x768.png 768w, https:\/\/obera.fr\/wp-content\/uploads\/2025\/05\/filtre-particules.png 1200w\" sizes=\"(max-width: 1024px) 100vw, 1024px\" \/><\/figure>\n<\/div>\n<\/div>\n\n<h2 class=\"wp-block-heading\">Jak vybrat spr\u00e1vn\u00fd pr\u016fmyslov\u00fd odlu\u010dova\u010d prachu?<\/h2>\n\n<p>Abyste se ujistili, \u017ee jste se rozhodli spr\u00e1vn\u011b, je t\u0159eba zv\u00e1\u017eit \u0159adu faktor\u016f:<\/p>\n\n<ul class=\"wp-block-list\">\n<li>Povaha zne\u010di\u0161\u0165uj\u00edc\u00edch l\u00e1tek, kter\u00e9 maj\u00ed b\u00fdt o\u0161et\u0159eny ;<\/li>\n\n\n\n<li>Kapacita zpracov\u00e1n\u00ed prachu ;<\/li>\n\n\n\n<li>Jeho kompatibilita s va\u0161\u00edm v\u00fdrobn\u00edm za\u0159\u00edzen\u00edm.<\/li>\n<\/ul>\n\n<h3 class=\"wp-block-heading\">Charakteristiky zne\u010di\u0161\u0165uj\u00edc\u00edch l\u00e1tek, kter\u00e9 maj\u00ed b\u00fdt o\u0161et\u0159eny<\/h3>\n\n<p>Velikost, hustota, ho\u0159lavost ve form\u011b prachu, plynu nebo chemick\u00fdch produkt\u016f&#8230; Pro ka\u017edou aplikaci existuje <strong>pr\u016fmyslov\u00fd odlu\u010dova\u010d prachu <\/strong>. Pro bezpe\u010dnost obsluhy a za\u0159\u00edzen\u00ed a pro dodr\u017een\u00ed ekologick\u00fdch norem je nezbytn\u00e9 prov\u00e9st hloubkovou anal\u00fdzu prost\u0159ed\u00ed. Za t\u00edmto \u00fa\u010delem na\u0161i technici prostuduj\u00ed konkr\u00e9tn\u00ed pot\u0159eby va\u0161eho z\u00e1vodu.    <\/p>\n\n<h3 class=\"wp-block-heading\">Kapacita zpracov\u00e1n\u00ed na z\u00e1klad\u011b mno\u017estv\u00ed vyprodukovan\u00e9ho odpadu a prachu<\/h3>\n\n<p>Pro spr\u00e1vn\u00e9 ur\u010den\u00ed velikosti odlu\u010dova\u010de prachu je nezbytn\u00e9 p\u0159esn\u011b odhadnout <strong>mno\u017estv\u00ed prachu produkovan\u00e9ho va\u0161imi stroji<\/strong>. Nap\u0159\u00edklad p\u0159i velk\u00e9 produkci prachu se doporu\u010duje centr\u00e1ln\u00ed syst\u00e9m. P\u0159i p\u0159\u00edle\u017eitostn\u011bj\u0161\u00edch po\u017eadavc\u00edch posta\u010d\u00ed mobiln\u00ed odlu\u010dova\u010d prachu, kter\u00fd nab\u00edz\u00ed vynikaj\u00edc\u00ed v\u00fdkon p\u0159i zachycov\u00e1n\u00ed zdroj\u016f. Je d\u016fle\u017eit\u00e9 nechat si poradit, proto\u017ee<strong> poddimenzovan\u00e1 jednotka<\/strong> bude neefektivn\u00ed, zat\u00edmco p\u0159edimenzovan\u00e1 bude znamenat zbyte\u010dn\u00e9 n\u00e1klady.   <\/p>\n\n<h3 class=\"wp-block-heading\">Snadn\u00e1 integrace do v\u00fdrobn\u00edch linek<\/h3>\n\n<p>Zvolen\u00fd <strong>odlu\u010dova\u010d prachu <\/strong>mus\u00ed b\u00fdt harmonicky integrov\u00e1n se st\u00e1vaj\u00edc\u00edmi stroji, jako jsou drti\u010de HSM nebo stroje na pln\u011bn\u00ed Profipack. Optim\u00e1ln\u00ed kompatibilita zaji\u0161\u0165uje vy\u0161\u0161\u00ed \u00fa\u010dinnost a zjednodu\u0161enou \u00fadr\u017ebu. <\/p>\n\n<p><em>Tip spole\u010dnosti OberA: pro dosa\u017een\u00ed maxim\u00e1ln\u00ed efektivity zva\u017ete odpra\u0161ovac\u00ed \u0159e\u0161en\u00ed integrovan\u00e1 p\u0159\u00edmo do v\u00fdrobn\u00edch a balic\u00edch linek. <\/em><strong><em>v\u00fdrobn\u00ed a balic\u00ed linky<\/em><\/strong><em>. To umo\u017e\u0148uje zachytit \u010d\u00e1stice hned u zdroje a sn\u00ed\u017eit jejich rozptyl v pracovn\u00edm prost\u0159ed\u00ed.<\/em><\/p>\n\n<h2 class=\"wp-block-heading\">Srovn\u00e1n\u00ed centralizovan\u00fdch a mobiln\u00edch syst\u00e9m\u016f pro pap\u00edrensk\u00fd, obalov\u00fd a recykla\u010dn\u00ed pr\u016fmysl<\/h2>\n\n<p>Spole\u010dnost OberA nab\u00edz\u00ed <strong>n\u011bkolik \u0159ad odlu\u010dova\u010d\u016f prachu<\/strong> ur\u010den\u00fdch pro pot\u0159eby pap\u00edrensk\u00e9ho a karton\u00e1\u017en\u00edho pr\u016fmyslu. Existuj\u00ed dv\u011b hlavn\u00ed kategorie: <\/p>\n\n<figure class=\"wp-block-table\"><table class=\"has-fixed-layout\"><tbody><tr><td><strong>Syst\u00e9m odstra\u0148ov\u00e1n\u00ed prachu<\/strong><\/td><td><strong>Pr\u016fmysl<\/strong><\/td><td><strong>V\u00fdhody<\/strong><\/td><td><strong>\u0158ada OberA<\/strong><\/td><\/tr><tr><td><strong>Centr\u00e1ln\u00ed odlu\u010dova\u010d prachu<\/strong><\/td><td>Velk\u00e9 z\u00e1vody s n\u011bkolika odb\u011brn\u00fdmi m\u00edsty<\/td><td>Efektivita na velk\u00fdch ploch\u00e1ch, zjednodu\u0161en\u00e1 \u00fadr\u017eba, centralizovan\u00e9 nakl\u00e1d\u00e1n\u00ed s odpady<\/td><td>DUSTMAC<\/td><\/tr><tr><td><strong>Mobiln\u00ed sb\u011bra\u010d prachu<\/strong><\/td><td>Mal\u00e9 instalace nebo jednor\u00e1zov\u00e9 po\u017eadavky<\/td><td>Flexibilita, mobilita, rychl\u00e1 \u0159e\u0161en\u00ed pro specifick\u00e9 operace<\/td><td>DUSTOMAT,<strong> <\/strong>ePURBOX,<strong> <\/strong>ePUR EX, Jumbo<\/td><\/tr><\/tbody><\/table><\/figure>\n\n<p><em>Rada odborn\u00edka: V pap\u00edrensk\u00e9m a karton\u00e1\u017en\u00edm pr\u016fmyslu \u010dasto hroz\u00ed nebezpe\u010d\u00ed v\u00fdbuchu v d\u016fsledku<\/em><strong><em> rizika v\u00fdbuchu v d\u016fsledku celul\u00f3zov\u00e9ho prachu.<\/em><\/strong><em>Ujist\u011bte se, \u017ee jste si vybrali model, kter\u00fd <\/em><a href=\"https:\/\/obera.fr\/cs\/nase-rady\/quand-suis-je-soumis-reglementation-atex\/\"><em>Model vyhovuj\u00edc\u00ed sm\u011brnici ATEX<\/em><\/a><em>. N\u011bkter\u00e9 z na\u0161ich model\u016f jsou k dispozici ve verzi ATEX, proto n\u00e1s nev\u00e1hejte po\u017e\u00e1dat o radu.<\/em><\/p>\n","protected":false},"excerpt":{"rendered":"<p>V pap\u00edrensk\u00e9m a lepenk\u00e1\u0159sk\u00e9m pr\u016fmyslu mohou \u010d\u00e1stice vznikaj\u00edc\u00ed p\u0159i v\u00fdrobn\u00edch procesech ovlivnit zdrav\u00ed obsluhy, kvalitu v\u00fdrobk\u016f a \u017eivotnost za\u0159\u00edzen\u00ed.<\/p>\n","protected":false},"author":13,"featured_media":114287,"comment_status":"open","ping_status":"closed","sticky":false,"template":"","format":"standard","meta":{"_acf_changed":false,"_seopress_robots_primary_cat":"none","_seopress_titles_title":"Odlu\u010dova\u010d prachu pro pap\u00edrensk\u00fd a karton\u00e1\u017en\u00ed pr\u016fmysl","_seopress_titles_desc":"Jak vybrat nejlep\u0161\u00ed pr\u016fmyslov\u00fd odlu\u010dova\u010d prachu pro pap\u00edrensk\u00fd a karton\u00e1\u017en\u00ed pr\u016fmysl? Poradenstv\u00ed v oblasti s\u00e1n\u00ed, bezpe\u010dnosti, kompatibility a optimalizace v\u00fdroby.","_seopress_robots_index":"","footnotes":""},"categories":[792],"tags":[530],"class_list":["post-103840","post","type-post","status-publish","format-standard","has-post-thumbnail","hentry","category-papir-lepenka","tag-odlucovace-prachu-cs","generate-columns","tablet-grid-50","mobile-grid-100","grid-parent","grid-50","no-featured-image-padding","resize-featured-image"],"acf":[],"_links":{"self":[{"href":"https:\/\/obera.fr\/cs\/wp-json\/wp\/v2\/posts\/103840","targetHints":{"allow":["GET"]}}],"collection":[{"href":"https:\/\/obera.fr\/cs\/wp-json\/wp\/v2\/posts"}],"about":[{"href":"https:\/\/obera.fr\/cs\/wp-json\/wp\/v2\/types\/post"}],"author":[{"embeddable":true,"href":"https:\/\/obera.fr\/cs\/wp-json\/wp\/v2\/users\/13"}],"replies":[{"embeddable":true,"href":"https:\/\/obera.fr\/cs\/wp-json\/wp\/v2\/comments?post=103840"}],"version-history":[{"count":5,"href":"https:\/\/obera.fr\/cs\/wp-json\/wp\/v2\/posts\/103840\/revisions"}],"predecessor-version":[{"id":123595,"href":"https:\/\/obera.fr\/cs\/wp-json\/wp\/v2\/posts\/103840\/revisions\/123595"}],"wp:featuredmedia":[{"embeddable":true,"href":"https:\/\/obera.fr\/cs\/wp-json\/wp\/v2\/media\/114287"}],"wp:attachment":[{"href":"https:\/\/obera.fr\/cs\/wp-json\/wp\/v2\/media?parent=103840"}],"wp:term":[{"taxonomy":"category","embeddable":true,"href":"https:\/\/obera.fr\/cs\/wp-json\/wp\/v2\/categories?post=103840"},{"taxonomy":"post_tag","embeddable":true,"href":"https:\/\/obera.fr\/cs\/wp-json\/wp\/v2\/tags?post=103840"}],"curies":[{"name":"wp","href":"https:\/\/api.w.org\/{rel}","templated":true}]}}