{"id":103895,"date":"2025-05-25T10:14:09","date_gmt":"2025-05-25T08:14:09","guid":{"rendered":"https:\/\/obera.fr\/nase-rada\/depoussiereur-plastique\/"},"modified":"2025-07-16T11:36:52","modified_gmt":"2025-07-16T09:36:52","slug":"depoussiereur-plastique","status":"publish","type":"post","link":"https:\/\/obera.fr\/cs\/plasty-zpracovani-plastu-kompozitni-materialy\/depoussiereur-plastique\/","title":{"rendered":"Odlu\u010dova\u010d prachu pro plastik\u00e1\u0159sk\u00fd pr\u016fmysl"},"content":{"rendered":"\n<p>Zpracov\u00e1n\u00ed plast\u016f, gum\u00e1rensk\u00fd pr\u016fmysl&#8230; P\u0159i v\u00fdrob\u011b plastov\u00fdch v\u00fdrobk\u016f jsou <strong>pracovn\u00edci<\/strong> vystaveni <strong>p\u016fsoben\u00ed chemick\u00fdch l\u00e1tek<\/strong> a \u0161kodliv\u00e9ho prachu. K omezen\u00ed t\u011bchto rizik jsou nezbytn\u00e1 \u0159e\u0161en\u00ed pro \u00fapravu vzduchu, zejm\u00e9na pou\u017eit\u00ed <a href=\"https:\/\/obera.fr\/cs\/produits\/depoussiereurs-industriels\/\">pr\u016fmyslov\u00fdch odlu\u010dova\u010d\u016f prachu<\/a>. Zam\u011b\u0159te se na spole\u010dnost OberA, specialistu na \u00fapravu vzduchu. <\/p>\n\n<h2 class=\"wp-block-heading\">Pro\u010d pou\u017e\u00edvat odlu\u010dova\u010d prachu v plastik\u00e1\u0159sk\u00e9m pr\u016fmyslu?<\/h2>\n\n<div class=\"wp-block-columns is-layout-flex wp-container-core-columns-is-layout-28f84493 wp-block-columns-is-layout-flex\">\n<div class=\"wp-block-column is-layout-flow wp-block-column-is-layout-flow\" style=\"flex-basis:33.33%\">\n<figure class=\"wp-block-image aligncenter size-large is-resized\"><img decoding=\"async\" width=\"1024\" height=\"1024\" src=\"https:\/\/obera.fr\/wp-content\/uploads\/2025\/05\/polluants-nocifs-1024x1024.png\" alt=\"&#x161;kodliv&#xE9; zne&#x10D;i&#x161;&#x165;uj&#xED;c&#xED; l&#xE1;tky\" class=\"wp-image-121106\" style=\"width:208px;height:auto\" srcset=\"https:\/\/obera.fr\/wp-content\/uploads\/2025\/05\/polluants-nocifs-1024x1024.png 1024w, https:\/\/obera.fr\/wp-content\/uploads\/2025\/05\/polluants-nocifs-300x300.png 300w, https:\/\/obera.fr\/wp-content\/uploads\/2025\/05\/polluants-nocifs-150x150.png 150w, https:\/\/obera.fr\/wp-content\/uploads\/2025\/05\/polluants-nocifs-768x768.png 768w, https:\/\/obera.fr\/wp-content\/uploads\/2025\/05\/polluants-nocifs.png 1200w\" sizes=\"(max-width: 1024px) 100vw, 1024px\" \/><\/figure>\n<\/div>\n\n\n\n<div class=\"wp-block-column is-layout-flow wp-block-column-is-layout-flow\" style=\"flex-basis:66.66%\">\n<h3 class=\"wp-block-heading\">\u0160kodliv\u00e9 \u00fa\u010dinky zne\u010di\u0161\u0165uj\u00edc\u00edch l\u00e1tek p\u0159i v\u00fdrob\u011b plastov\u00fdch v\u00fdrobk\u016f<\/h3>\n\n\n\n<p>B\u011bhem proces\u016f <strong>transformace plast\u016f<\/strong> vznikaj\u00ed p\u0159i r\u016fzn\u00fdch operac\u00edch emise prachu, ultrajemn\u00fdch \u010d\u00e1stic, plyn\u016f, v\u00fdpar\u016f a <a href=\"https:\/\/obera.fr\/cs\/nase-rady\/emissions-cov-different-secteur\/\">t\u011bkav\u00fdch chemick\u00fdch slou\u010denin (VOC)<\/a> v ka\u017ed\u00e9 f\u00e1zi v\u00fdroby: p\u0159i brou\u0161en\u00ed, brou\u0161en\u00ed, vytla\u010dov\u00e1n\u00ed, \u0159ez\u00e1n\u00ed granul\u00ed, tepeln\u00fdch procesech, \u00faprav\u00e1ch plast\u016f atd. Tyto zne\u010di\u0161\u0165uj\u00edc\u00ed l\u00e1tky mohou obsluze <strong>zp\u016fsobovat d\u00fdchac\u00ed pot\u00ed\u017ee<\/strong> a z dlouhodob\u00e9ho hlediska v\u00e9st k z\u00e1va\u017en\u00fdm nemocem z povol\u00e1n\u00ed.<\/p>\n<\/div>\n<\/div>\n\n<div class=\"wp-block-columns is-layout-flex wp-container-core-columns-is-layout-28f84493 wp-block-columns-is-layout-flex\">\n<div class=\"wp-block-column is-layout-flow wp-block-column-is-layout-flow\" style=\"flex-basis:33.33%\">\n<figure class=\"wp-block-image aligncenter size-large is-resized\"><img decoding=\"async\" width=\"1024\" height=\"1024\" src=\"https:\/\/obera.fr\/wp-content\/uploads\/2025\/05\/sante-et-securite-au-travail-1024x1024.png\" alt=\"bezpe&#x10D;nost a ochrana zdrav&#xED; p&#x159;i pr&#xE1;ci\" class=\"wp-image-121130\" style=\"width:247px;height:auto\" srcset=\"https:\/\/obera.fr\/wp-content\/uploads\/2025\/05\/sante-et-securite-au-travail-1024x1024.png 1024w, https:\/\/obera.fr\/wp-content\/uploads\/2025\/05\/sante-et-securite-au-travail-300x300.png 300w, https:\/\/obera.fr\/wp-content\/uploads\/2025\/05\/sante-et-securite-au-travail-150x150.png 150w, https:\/\/obera.fr\/wp-content\/uploads\/2025\/05\/sante-et-securite-au-travail-768x768.png 768w, https:\/\/obera.fr\/wp-content\/uploads\/2025\/05\/sante-et-securite-au-travail.png 1200w\" sizes=\"(max-width: 1024px) 100vw, 1024px\" \/><\/figure>\n<\/div>\n\n\n\n<div class=\"wp-block-column is-layout-flow wp-block-column-is-layout-flow\" style=\"flex-basis:66.66%\">\n<h3 class=\"wp-block-heading\">Rizika spojen\u00e1 s plastov\u00fdm prachem: zdrav\u00ed, bezpe\u010dnost a vliv na za\u0159\u00edzen\u00ed<\/h3>\n\n\n\n<p>Krom\u011b dopadu na zdrav\u00ed obsluhy p\u0159edstavuj\u00ed plastov\u00e9 prachy v d\u00edln\u00e1ch tak\u00e9 bezpe\u010dnostn\u00ed rizika. <strong>Nadm\u011brn\u00e9 hromad\u011bn\u00ed t\u011bchto \u010d\u00e1stic<\/strong> m\u016f\u017ee zv\u00fd\u0161it riziko po\u017e\u00e1ru nebo v\u00fdbuchu, zejm\u00e9na pokud je prach ho\u0159lav\u00fd. Krom\u011b toho mohou usazeniny prachu na za\u0159\u00edzen\u00edch v\u00e9st k poruch\u00e1m, sni\u017eovat \u00fa\u010dinnost a zvy\u0161ovat n\u00e1klady na \u00fadr\u017ebu. Kvalita ovzdu\u0161\u00ed m\u00e1 proto z\u00e1sadn\u00ed v\u00fdznam pro <strong>zaji\u0161t\u011bn\u00ed bezpe\u010dnosti t\u00fdm\u016f<\/strong> a \u017eivotnosti stroj\u016f.   <\/p>\n<\/div>\n<\/div>\n\n<div class=\"wp-block-columns is-layout-flex wp-container-core-columns-is-layout-28f84493 wp-block-columns-is-layout-flex\">\n<div class=\"wp-block-column is-layout-flow wp-block-column-is-layout-flow\" style=\"flex-basis:33.33%\">\n<figure class=\"wp-block-image aligncenter size-large is-resized\"><img decoding=\"async\" width=\"1024\" height=\"1024\" src=\"https:\/\/obera.fr\/wp-content\/uploads\/2025\/05\/impact-environnemental-1024x1024.png\" alt=\"dopad na &#x17E;ivotn&#xED; prost&#x159;ed&#xED;\" class=\"wp-image-121153\" style=\"width:167px;height:auto\" srcset=\"https:\/\/obera.fr\/wp-content\/uploads\/2025\/05\/impact-environnemental-1024x1024.png 1024w, https:\/\/obera.fr\/wp-content\/uploads\/2025\/05\/impact-environnemental-300x300.png 300w, https:\/\/obera.fr\/wp-content\/uploads\/2025\/05\/impact-environnemental-150x150.png 150w, https:\/\/obera.fr\/wp-content\/uploads\/2025\/05\/impact-environnemental-768x768.png 768w, https:\/\/obera.fr\/wp-content\/uploads\/2025\/05\/impact-environnemental.png 1200w\" sizes=\"(max-width: 1024px) 100vw, 1024px\" \/><\/figure>\n<\/div>\n\n\n\n<div class=\"wp-block-column is-layout-flow wp-block-column-is-layout-flow\" style=\"flex-basis:66.66%\">\n<h3 class=\"wp-block-heading\">Ot\u00e1zky \u017eivotn\u00edho prost\u0159ed\u00ed a dodr\u017eov\u00e1n\u00ed pr\u016fmyslov\u00fdch norem<\/h3>\n\n\n\n<p>Plastik\u00e1\u0159sk\u00fd pr\u016fmysl podl\u00e9h\u00e1<strong> p\u0159\u00edsn\u00fdm p\u0159edpis\u016fm o emis\u00edch zne\u010di\u0161\u0165uj\u00edc\u00edch l\u00e1tek<\/strong>. Spole\u010dnosti mus\u00ed dodr\u017eovat ekologick\u00e9 normy, aby omezily sv\u016fj ekologick\u00fd dopad. Pou\u017eit\u00ed vysoce v\u00fdkonn\u00fdch odlu\u010dova\u010d\u016f prachu zachycuje a filtruje \u010d\u00e1stice p\u0159ed jejich vypu\u0161t\u011bn\u00edm do atmosf\u00e9ry, \u010d\u00edm\u017e pom\u00e1h\u00e1<strong> sni\u017eovat dopad na \u017eivotn\u00ed prost\u0159ed\u00ed.<\/strong>   <\/p>\n<\/div>\n<\/div>\n\n<p><\/p>\n\n<h3 class=\"wp-block-heading\">V\u00fdhody odlu\u010dova\u010d\u016f prachu v plastik\u00e1\u0159sk\u00e9m pr\u016fmyslu<\/h3>\n\n<ul class=\"wp-block-list\">\n<li><strong>\u00da\u010dinn\u00e9 \u0159\u00edzen\u00ed \u010d\u00e1stic a jemn\u00e9ho prachu<\/strong>, kter\u00e9 zaji\u0161\u0165uje \u010dist\u0161\u00ed vzduch ve v\u00fdrobn\u00edch prostor\u00e1ch;<\/li>\n\n\n\n<li>Zdrav\u011bj\u0161\u00ed pracovn\u00ed podm\u00ednky pro obsluhu, zv\u00fd\u0161en\u00ed jej\u00edho pohodl\u00ed a produktivity;<\/li>\n\n\n\n<li><strong>M\u00e9n\u011b dn\u016f pracovn\u00ed neschopnosti<\/strong> z d\u016fvodu nemoc\u00ed z povol\u00e1n\u00ed;<\/li>\n\n\n\n<li>Prodlou\u017een\u00ed \u017eivotnosti za\u0159\u00edzen\u00ed a zlep\u0161en\u00ed kvality vyr\u00e1b\u011bn\u00fdch produkt\u016f d\u00edky eliminaci \u0161kodliv\u00fdch n\u00e1nos\u016f;<\/li>\n\n\n\n<li>Sn\u00ed\u017een\u00ed n\u00e1klad\u016f na \u00fadr\u017ebu a prostoje.  <\/li>\n<\/ul>\n\n<h2 class=\"wp-block-heading\">Pr\u016fmyslov\u00e9 odlu\u010dova\u010de prachu: syst\u00e9my a mo\u017enosti pou\u017eit\u00ed v plastik\u00e1\u0159sk\u00e9m pr\u016fmyslu<\/h2>\n\n<h3 class=\"wp-block-heading\">R\u016fzn\u00e9 filtra\u010dn\u00ed technologie  <\/h3>\n\n<p>Pro plastik\u00e1\u0159sk\u00fd pr\u016fmysl je vhodn\u00fdch n\u011bkolik filtra\u010dn\u00edch technologi\u00ed:<\/p>\n\n<ul class=\"wp-block-list\">\n<li><strong>Kartu\u0161ov\u00e9 filtry<\/strong> jsou vysoce \u00fa\u010dinn\u00e9 p\u0159i filtrov\u00e1n\u00ed jemn\u00e9ho prachu;<\/li>\n\n\n\n<li><strong> Mobiln\u00ed syst\u00e9my,<\/strong> jako jsou kompaktn\u00ed odlu\u010dova\u010de prachu, jsou ide\u00e1ln\u00ed pro jednotliv\u00e1 pracovi\u0161t\u011b nebo oblasti vy\u017eaduj\u00edc\u00ed v\u011bt\u0161\u00ed flexibilitu;  <\/li>\n\n\n\n<li><strong>Centr\u00e1ln\u00ed ods\u00e1vac\u00ed jednotky<\/strong> zaji\u0161\u0165uj\u00ed nep\u0159etr\u017eit\u00e9 ods\u00e1v\u00e1n\u00ed pro v\u00fdrobn\u00ed za\u0159\u00edzen\u00ed a zaru\u010duj\u00ed optim\u00e1ln\u00ed filtraci vzduchu v cel\u00e9 d\u00edln\u011b.<\/li>\n<\/ul>\n\n<h3 class=\"wp-block-heading\">\u010cistic\u00ed roztoky  <\/h3>\n\n<p>Pro udr\u017een\u00ed \u00fa\u010dinnosti filtr\u016f jsou do odlu\u010dova\u010d\u016f prachu integrov\u00e1ny<strong> \u010distic\u00ed syst\u00e9my<\/strong>. Automatick\u00e9 \u010di\u0161t\u011bn\u00ed pomoc\u00ed proudu stla\u010den\u00e9ho vzduchu \u010dist\u00ed filtry bez p\u0159eru\u0161en\u00ed procesu, \u010d\u00edm\u017e maximalizuje jejich \u017eivotnost a sni\u017euje n\u00e1roky na \u00fadr\u017ebu. Tato funkce zaji\u0161\u0165uje konstantn\u00ed v\u00fdkonnost <strong>syst\u00e9mu sb\u011bru prachu<\/strong>, a to i p\u0159i intenzivn\u00edm pou\u017e\u00edv\u00e1n\u00ed. Je t\u0159eba poznamenat, \u017ee v\u0161echna za\u0159\u00edzen\u00ed OberA jsou vybavena automatick\u00fdm nebo ru\u010dn\u00edm syst\u00e9mem odkalov\u00e1n\u00ed v z\u00e1vislosti na typu sb\u011bra\u010de prachu.   <\/p>\n\n<h3 class=\"wp-block-heading\">Odlu\u010dova\u010de prachu vyu\u017e\u00edvaj\u00edc\u00ed odst\u0159edivou s\u00edlu<\/h3>\n\n<div class=\"wp-block-columns is-layout-flex wp-container-core-columns-is-layout-28f84493 wp-block-columns-is-layout-flex\">\n<div class=\"wp-block-column is-layout-flow wp-block-column-is-layout-flow\" style=\"flex-basis:66.66%\">\n<p><strong>Cykl\u00f3nov\u00e9 odlu\u010dova\u010de prachu<\/strong> vyu\u017e\u00edvaj\u00ed odst\u0159edivou s\u00edlu k odd\u011blen\u00ed pevn\u00fdch \u010d\u00e1stic od vzduchu. Vzduch s prachem je nas\u00e1v\u00e1n do v\u00e1lcov\u00e9 komory, kde se ot\u00e1\u010d\u00ed. P\u016fsoben\u00edm odst\u0159ediv\u00e9 s\u00edly jsou t\u011b\u017e\u0161\u00ed \u010d\u00e1stice vr\u017eeny proti st\u011bn\u00e1m a padaj\u00ed do sb\u011bra\u010de, zat\u00edmco vy\u010di\u0161t\u011bn\u00fd vzduch je odv\u00e1d\u011bn. Tato metoda je obzvl\u00e1\u0161t\u011b \u00fa\u010dinn\u00e1 pro <strong>hrub\u00fd prach<\/strong> a aplikace vy\u017eaduj\u00edc\u00ed p\u0159edb\u011b\u017en\u00e9 odd\u011blen\u00ed \u010d\u00e1stic p\u0159ed jemn\u011bj\u0161\u00ed filtrac\u00ed.   <\/p>\n\n\n\n<p><em>Hrot OberA: ide\u00e1ln\u00ed pro hrub\u00e9 a abrazivn\u00ed \u010d\u00e1stice emitovan\u00e9 v<\/em><strong><em> p\u0159i v\u00fdrob\u011b plastov\u00fdch v\u00fdrobk\u016f<\/em><\/strong><em>Cyklony slou\u017e\u00ed jako prim\u00e1rn\u00ed sb\u011bra\u010de prachu. Abyste vyhov\u011bli p\u0159edpis\u016fm o zne\u010di\u0161t\u011bn\u00ed ovzdu\u0161\u00ed a dlouhodob\u011b chr\u00e1nili sv\u00e9 t\u00fdmy, doporu\u010dujeme zvolit syst\u00e9my schopn\u00e9 filtrovat jemn\u00fd a hrub\u00fd prach i t\u011bkav\u00e9 organick\u00e9 l\u00e1tky. V\u011bt\u0161ina na\u0161ich    <\/em><a href=\"https:\/\/obera.fr\/cs\/produits\/depoussiereurs-industriels\/fixes\/\"><em>pevn\u00e9 odlu\u010dova\u010de prachu<\/em><\/a><strong><em> <\/em><\/strong><em>a<\/em><strong><em> mobiln\u00ed jednotky jsou v\u0161estrann\u00e9<\/em><\/strong><em>Porad\u00edme v\u00e1m s nejvhodn\u011bj\u0161\u00ed volbou na z\u00e1klad\u011b plochy va\u0161\u00ed d\u00edlny a objemu zne\u010di\u0161\u0165uj\u00edc\u00edch l\u00e1tek emitovan\u00fdch va\u0161imi pr\u016fmyslov\u00fdmi procesy.<\/em><\/p>\n<\/div>\n\n\n\n<div class=\"wp-block-column is-layout-flow wp-block-column-is-layout-flow\" style=\"flex-basis:33.33%\">\n<figure class=\"wp-block-image aligncenter size-large is-resized\"><img decoding=\"async\" width=\"1024\" height=\"1024\" src=\"https:\/\/obera.fr\/wp-content\/uploads\/2025\/05\/force-centrifuge-1024x1024.png\" alt=\"odst&#x159;ediv&#xE1; s&#xED;la\" class=\"wp-image-121176\" style=\"width:259px;height:auto\" srcset=\"https:\/\/obera.fr\/wp-content\/uploads\/2025\/05\/force-centrifuge-1024x1024.png 1024w, https:\/\/obera.fr\/wp-content\/uploads\/2025\/05\/force-centrifuge-300x300.png 300w, https:\/\/obera.fr\/wp-content\/uploads\/2025\/05\/force-centrifuge-150x150.png 150w, https:\/\/obera.fr\/wp-content\/uploads\/2025\/05\/force-centrifuge-768x768.png 768w, https:\/\/obera.fr\/wp-content\/uploads\/2025\/05\/force-centrifuge.png 1200w\" sizes=\"(max-width: 1024px) 100vw, 1024px\" \/><\/figure>\n<\/div>\n<\/div>\n\n<h2 class=\"wp-block-heading\">Pr\u016fmyslov\u00e9 odpra\u0161ovac\u00ed syst\u00e9my pro plastik\u00e1\u0159sk\u00fd pr\u016fmysl: na\u0161e rady<\/h2>\n\n<h3 class=\"wp-block-heading\">Kompatibilita se specifick\u00fdmi procesy: vst\u0159ikov\u00e1n\u00ed plast\u016f, vytla\u010dov\u00e1n\u00ed atd.<\/h3>\n\n<p>P\u0159i procesech, jako je<strong> vst\u0159ikov\u00e1n\u00ed plast\u016f nebo vytla\u010dov\u00e1n\u00ed<\/strong>, vznikaj\u00ed r\u016fzn\u00e9 druhy a mno\u017estv\u00ed prachu. Je d\u016fle\u017eit\u00e9 vybrat si odlu\u010dova\u010d prachu, kter\u00fd je kompatibiln\u00ed se specifiky va\u0161eho v\u00fdrobn\u00edho procesu. N\u011bkter\u00e1 za\u0159\u00edzen\u00ed jsou speci\u00e1ln\u011b navr\u017eena pro jemn\u00fd prach vznikaj\u00edc\u00ed p\u0159i vytla\u010dov\u00e1n\u00ed, zat\u00edmco jin\u00e1 jsou p\u0159izp\u016fsobena <strong>hrub\u0161\u00edm \u010d\u00e1stic\u00edm vznikaj\u00edc\u00edm <\/strong>p\u0159i vst\u0159ikov\u00e1n\u00ed. D\u016fkladn\u00e9 posouzen\u00ed va\u0161ich proces\u016f zajist\u00ed, \u017ee syst\u00e9m pro zachyt\u00e1v\u00e1n\u00ed prachu bude optim\u00e1ln\u011b \u00fa\u010dinn\u00fd.   <\/p>\n\n<h3 class=\"wp-block-heading\">Srovn\u00e1n\u00ed filtra\u010dn\u00edch syst\u00e9m\u016f  <\/h3>\n\n<p>Volba filtra\u010dn\u00edho syst\u00e9mu je pro zaji\u0161t\u011bn\u00ed optim\u00e1ln\u00edho zachycen\u00ed \u010d\u00e1stic v plastik\u00e1\u0159sk\u00e9m pr\u016fmyslu kl\u00ed\u010dov\u00e1. <strong>Patronov\u00e9 filtry jsou zn\u00e1m\u00e9 svou vysokou \u00fa\u010dinnost\u00ed<\/strong>, zejm\u00e9na p\u0159i filtraci vzduchu obsahuj\u00edc\u00edho jemn\u00fd prach. \u010casto se pou\u017e\u00edvaj\u00ed v aplikac\u00edch vy\u017eaduj\u00edc\u00edch p\u0159esnou filtraci a nen\u00e1ro\u010dnou \u00fadr\u017ebu.    <\/p>\n\n<p>S\u00e1\u010dkov\u00e9 filtry jsou naopak vhodn\u00e9 pro \u00fapravu velk\u00fdch objem\u016f vzduchu s hrub\u0161\u00edmi \u010d\u00e1sticemi. Nab\u00edzej\u00ed<strong> velkou filtra\u010dn\u00ed plochu<\/strong> a jsou \u00fa\u010dinn\u00e9 zejm\u00e9na v prost\u0159ed\u00ed s vysokou koncentrac\u00ed prachu. Jejich robustn\u00ed konstrukce zaji\u0161\u0165uje dlouhou \u017eivotnost a st\u00e1l\u00fd v\u00fdkon i v intenzivn\u00edch provozn\u00edch podm\u00ednk\u00e1ch.  <\/p>\n\n<p>Pro v\u00fdb\u011br<strong> nejvhodn\u011bj\u0161\u00edho filtra\u010dn\u00edho syst\u00e9mu<\/strong> je nezbytn\u00e9 posoudit specifick\u00e9 vlastnosti ka\u017ed\u00e9ho v\u00fdrobn\u00edho procesu. Hloubkov\u00e1 anal\u00fdza typ\u016f vznikaj\u00edc\u00edch zne\u010di\u0161\u0165uj\u00edc\u00edch l\u00e1tek, jejich koncentrace a omezen\u00ed d\u00edlny pom\u016f\u017ee ur\u010dit nej\u00fa\u010dinn\u011bj\u0161\u00ed \u0159e\u0161en\u00ed. <\/p>\n\n<p><em>Dobr\u00e9 v\u011bd\u011bt: N\u011bkter\u00e9 z na\u0161ich pr\u016fmyslov\u00fdch odlu\u010dova\u010d\u016f prachu lze upravit na m\u00edru. V z\u00e1vislosti na zne\u010di\u0161\u0165uj\u00edc\u00edch l\u00e1tk\u00e1ch vznikaj\u00edc\u00edch ve va\u0161\u00ed d\u00edln\u011b a jejich objemu m\u016f\u017eeme za\u0159adit n\u011bkolik filtra\u010dn\u00edch stup\u0148\u016f, kter\u00e9 jsou schopny <\/em><strong><em>  o\u0161et\u0159en\u00ed jemn\u00e9ho prachu<\/em><\/strong><em>Nab\u00edz\u00edme \u0161irokou \u0161k\u00e1lu produkt\u016f, kter\u00e9 spln\u00ed va\u0161e specifick\u00e9 pot\u0159eby, od hrub\u00e9ho prachu a\u017e po Covs a v\u00fdpary. Nev\u00e1hejte po\u017e\u00e1dat na\u0161e techniky o radu ohledn\u011b va\u0161ich specifick\u00fdch po\u017eadavk\u016f. <\/em><\/p>\n\n<h3 class=\"wp-block-heading\">Centr\u00e1ln\u00ed nebo mobiln\u00ed sb\u011br prachu?<\/h3>\n\n<p>Volba mezi<strong> centr\u00e1ln\u00edm <\/strong>nebo mobiln\u00edm<strong> syst\u00e9mem odpra\u0161ov\u00e1n\u00ed <\/strong>z\u00e1vis\u00ed na konkr\u00e9tn\u00edch pot\u0159eb\u00e1ch va\u0161\u00ed v\u00fdroby:<\/p>\n\n<ul class=\"wp-block-list\">\n<li><strong> Centralizovan\u00e9 syst\u00e9my<\/strong> jsou ide\u00e1ln\u00ed pro rozs\u00e1hl\u00e9 instalace, kde prach vznik\u00e1 na n\u011bkolika pracovi\u0161t\u00edch sou\u010dasn\u011b. Tyto syst\u00e9my jsou \u010dasto trvale integrovan\u00e9 a jsou navr\u017eeny tak, aby zvl\u00e1daly velk\u00e9 objemy vzduchu a \u010d\u00e1stic. <\/li>\n\n\n\n<li><a href=\"https:\/\/obera.fr\/cs\/produits\/depoussiereurs-industriels\/mobiles\/\">Mobiln\u00ed odlu\u010dova\u010de prachu<\/a> nab\u00edzej\u00ed v\u011bt\u0161\u00ed flexibilitu, co\u017e je v\u00fdhodn\u00e9 zejm\u00e9na v d\u00edln\u00e1ch, kde jsou zdroje prachu rozpt\u00fdlen\u00e9 nebo do\u010dasn\u00e9. Odsava\u010d Dustomat je nap\u0159\u00edklad schopen zpracov\u00e1vat jak prach, tak d\u0159ev\u011bn\u00e9, plastov\u00e9 a kovov\u00e9 hobliny. D\u00edky t\u00e9to mobilit\u011b lze odlu\u010dova\u010d prachu um\u00edstit co nejbl\u00ed\u017ee ke zdroji zne\u010di\u0161t\u011bn\u00ed, co\u017e optimalizuje \u00fa\u010dinnost ods\u00e1v\u00e1n\u00ed a usnad\u0148uje \u010di\u0161t\u011bn\u00ed v\u00fdrobn\u00edch prostor.  <\/li>\n<\/ul>\n\n<p>A\u0165 u\u017e se rozhodnete pro centralizovan\u00fd nebo mobiln\u00ed syst\u00e9m, je d\u016fle\u017eit\u00e9 vybrat <strong>za\u0159\u00edzen\u00ed, kter\u00e9 odpov\u00edd\u00e1 specifik\u016fm va\u0161\u00ed v\u00fdroby<\/strong>. \u0158e\u0161en\u00ed nab\u00edzen\u00e1 spole\u010dnost\u00ed OberA, jako je nap\u0159\u00edklad za\u0159\u00edzen\u00ed Dustomat, poskytuj\u00ed optim\u00e1ln\u00ed v\u00fdkon, aby spl\u0148ovala po\u017eadavky na odstra\u0148ov\u00e1n\u00ed prachu v odv\u011btv\u00ed zpracov\u00e1n\u00ed plast\u016f. <\/p>\n\n<p><\/p>\n","protected":false},"excerpt":{"rendered":"<p>Zpracov\u00e1n\u00ed plast\u016f, gum\u00e1rensk\u00fd pr\u016fmysl&#8230; P\u0159i v\u00fdrob\u011b plastov\u00fdch v\u00fdrobk\u016f jsou pracovn\u00edci vystaveni p\u016fsoben\u00ed chemick\u00fdch l\u00e1tek a \u0161kodliv\u00e9ho prachu.<\/p>\n","protected":false},"author":13,"featured_media":120892,"comment_status":"open","ping_status":"closed","sticky":false,"template":"","format":"standard","meta":{"_acf_changed":false,"_seopress_robots_primary_cat":"none","_seopress_titles_title":"Odlu\u010dova\u010d prachu v plastik\u00e1\u0159sk\u00e9m pr\u016fmyslu: na\u0161e rady","_seopress_titles_desc":"Chra\u0148te sv\u00e9 oper\u00e1tory a optimalizujte v\u00fdrobu plast\u016f pomoc\u00ed \u00fa\u010dinn\u00e9ho odlu\u010dova\u010de prachu: \u0159e\u0161en\u00ed pro \u0159\u00edzen\u00ed prachu, dodr\u017eov\u00e1n\u00ed pr\u016fmyslov\u00fdch p\u0159edpis\u016f a \u0159e\u0161en\u00ed OberA.","_seopress_robots_index":"","footnotes":""},"categories":[777],"tags":[530],"class_list":["post-103895","post","type-post","status-publish","format-standard","has-post-thumbnail","hentry","category-plasty-zpracovani-plastu-kompozitni-materialy","tag-odlucovace-prachu-cs","generate-columns","tablet-grid-50","mobile-grid-100","grid-parent","grid-50","no-featured-image-padding","resize-featured-image"],"acf":[],"_links":{"self":[{"href":"https:\/\/obera.fr\/cs\/wp-json\/wp\/v2\/posts\/103895","targetHints":{"allow":["GET"]}}],"collection":[{"href":"https:\/\/obera.fr\/cs\/wp-json\/wp\/v2\/posts"}],"about":[{"href":"https:\/\/obera.fr\/cs\/wp-json\/wp\/v2\/types\/post"}],"author":[{"embeddable":true,"href":"https:\/\/obera.fr\/cs\/wp-json\/wp\/v2\/users\/13"}],"replies":[{"embeddable":true,"href":"https:\/\/obera.fr\/cs\/wp-json\/wp\/v2\/comments?post=103895"}],"version-history":[{"count":5,"href":"https:\/\/obera.fr\/cs\/wp-json\/wp\/v2\/posts\/103895\/revisions"}],"predecessor-version":[{"id":123432,"href":"https:\/\/obera.fr\/cs\/wp-json\/wp\/v2\/posts\/103895\/revisions\/123432"}],"wp:featuredmedia":[{"embeddable":true,"href":"https:\/\/obera.fr\/cs\/wp-json\/wp\/v2\/media\/120892"}],"wp:attachment":[{"href":"https:\/\/obera.fr\/cs\/wp-json\/wp\/v2\/media?parent=103895"}],"wp:term":[{"taxonomy":"category","embeddable":true,"href":"https:\/\/obera.fr\/cs\/wp-json\/wp\/v2\/categories?post=103895"},{"taxonomy":"post_tag","embeddable":true,"href":"https:\/\/obera.fr\/cs\/wp-json\/wp\/v2\/tags?post=103895"}],"curies":[{"name":"wp","href":"https:\/\/api.w.org\/{rel}","templated":true}]}}