{"id":105322,"date":"2025-05-28T15:26:15","date_gmt":"2025-05-28T13:26:15","guid":{"rendered":"https:\/\/obera.fr\/nase-rada\/purificateur-gestion-dechets\/"},"modified":"2025-07-16T11:36:09","modified_gmt":"2025-07-16T09:36:09","slug":"purificateur-gestion-dechets","status":"publish","type":"post","link":"https:\/\/obera.fr\/cs\/recyklace\/purificateur-gestion-dechets\/","title":{"rendered":"\u010cisti\u010dky vzduchu v odv\u011btv\u00ed recyklace a nakl\u00e1d\u00e1n\u00ed s odpady"},"content":{"rendered":"\n<p>V <strong>odv\u011btv\u00ed recyklace<\/strong> m\u00e1 kvalita ovzdu\u0161\u00ed z\u00e1sadn\u00ed v\u00fdznam pro zdrav\u00ed pracovn\u00edk\u016f a dodr\u017eov\u00e1n\u00ed ekologick\u00fdch norem. Zne\u010di\u0161\u0165uj\u00edc\u00ed l\u00e1tky, jako jsou jemn\u00e9 \u010d\u00e1stice a <strong>nep\u0159\u00edjemn\u00e9 pachy, mohou negativn\u011b ovliv\u0148ovat pracovn\u00ed prost\u0159ed\u00ed<\/strong>.   <\/p>\n\n<p>Specialista na pr\u016fmyslovou \u00fapravu vzduchu, OberA<strong> <\/strong>nab\u00edz\u00ed inovativn\u00ed \u0159e\u0161en\u00ed p\u0159izp\u016fsoben\u00e1 pot\u0159eb\u00e1m recykla\u010dn\u00edho pr\u016fmyslu. A\u0165 u\u017e <strong>spravujete t\u0159\u00eddic\u00ed centrum nebo administrativn\u00ed kancel\u00e1\u0159e<\/strong>, jej\u00ed<a href=\"https:\/\/obera.fr\/cs\/produits\/purificateurs-air\/\"> vysoce v\u00fdkonn\u00e9 \u010disti\u010dky vzduchu <\/a>poskytuj\u00ed optim\u00e1ln\u00ed filtraci pro ochranu va\u0161ich zam\u011bstnanc\u016f a optimalizaci provozu. Zjist\u011bte, jak se spole\u010dnost\u00ed OberA zlep\u0161it kvalitu vzduchu ve va\u0161em prost\u0159ed\u00ed.  <\/p>\n\n<h2 class=\"wp-block-heading\">Probl\u00e9my s kvalitou ovzdu\u0161\u00ed v odv\u011btv\u00ed recyklace a \u00faloha \u010disti\u010dek vzduchu<\/h2>\n\n<div class=\"wp-block-columns is-layout-flex wp-container-core-columns-is-layout-28f84493 wp-block-columns-is-layout-flex\">\n<div class=\"wp-block-column is-layout-flow wp-block-column-is-layout-flow\" style=\"flex-basis:66.66%\">\n<p>V odv\u011btv\u00ed recyklace <strong>je kvalita ovzdu\u0161\u00ed v\u00fdznamn\u00fdm probl\u00e9mem,<\/strong> kter\u00fd m\u00e1 p\u0159\u00edm\u00fd dopad na zdrav\u00ed pracovn\u00edk\u016f, produktivitu a dodr\u017eov\u00e1n\u00ed ekologick\u00fdch norem. Jemn\u00fd prach, <strong>t\u011bkav\u00e9 organick\u00e9 slou\u010deniny (VOC<\/strong> ), nep\u0159\u00edjemn\u00e9 pachy&#8230; zne\u010di\u0161\u0165uj\u00edc\u00ed l\u00e1tky vznikaj\u00edc\u00ed p\u0159i zpracov\u00e1n\u00ed odpadu mohou t\u0159\u00eddic\u00ed centrum rychle prom\u011bnit v prost\u0159ed\u00ed, kter\u00e9 je obt\u00ed\u017en\u00e9 \u0159\u00eddit. <strong> <\/strong><\/p>\n\n\n\n<p>Tv\u00e1\u0159\u00ed v tv\u00e1\u0159 t\u011bmto v\u00fdzv\u00e1m jsou profesion\u00e1ln\u00ed \u010disti\u010dky vzduchu z\u00e1kladn\u00edm \u0159e\u0161en\u00edm pro<strong> zaji\u0161t\u011bn\u00ed zdrav\u011bj\u0161\u00edho<\/strong> pracovn\u00edho prost\u0159ed\u00ed, kter\u00e9 vyhovuje p\u0159edpis\u016fm. D\u00edky pokro\u010dil\u00fdm filtra\u010dn\u00edm technologi\u00edm, v\u010detn\u011b<a href=\"https:\/\/obera.fr\/cs\/nase-rady\/filtre-hepa-et-purificateur-d-air\/\"> filtr\u016f HEPA<\/a> a aktivn\u00edho uhl\u00ed, tato za\u0159\u00edzen\u00ed \u00fa\u010dinn\u011b odstra\u0148uj\u00ed jemn\u00e9 \u010d\u00e1stice a nep\u0159\u00edjemn\u00e9 pachy. <\/p>\n<\/div>\n\n\n\n<div class=\"wp-block-column is-layout-flow wp-block-column-is-layout-flow\" style=\"flex-basis:33.33%\">\n<figure class=\"wp-block-image aligncenter size-large is-resized\"><img decoding=\"async\" width=\"1024\" height=\"1024\" src=\"https:\/\/obera.fr\/wp-content\/uploads\/2025\/05\/qualite-de-lair-1024x1024.png\" alt=\"kvalita ovzdu&#x161;&#xED;\" class=\"wp-image-121586\" style=\"width:201px;height:auto\" srcset=\"https:\/\/obera.fr\/wp-content\/uploads\/2025\/05\/qualite-de-lair-1024x1024.png 1024w, https:\/\/obera.fr\/wp-content\/uploads\/2025\/05\/qualite-de-lair-300x300.png 300w, https:\/\/obera.fr\/wp-content\/uploads\/2025\/05\/qualite-de-lair-150x150.png 150w, https:\/\/obera.fr\/wp-content\/uploads\/2025\/05\/qualite-de-lair-768x768.png 768w, https:\/\/obera.fr\/wp-content\/uploads\/2025\/05\/qualite-de-lair.png 1200w\" sizes=\"(max-width: 1024px) 100vw, 1024px\" \/><\/figure>\n<\/div>\n<\/div>\n\n<h2 class=\"wp-block-heading\">Jak\u00e9 zne\u010di\u0161\u0165uj\u00edc\u00ed l\u00e1tky se uvol\u0148uj\u00ed p\u0159i sb\u011bru a recyklaci odpadu?<\/h2>\n\n<p>P\u0159i zpracov\u00e1n\u00ed a recyklaci odpad\u016f se uvol\u0148uje \u0159ada l\u00e1tek zne\u010di\u0161\u0165uj\u00edc\u00edch ovzdu\u0161\u00ed,<strong> v\u010detn\u011b jemn\u00fdch \u010d\u00e1stic,<\/strong> t\u011bkav\u00fdch organick\u00fdch slou\u010denin (VOC) a zap\u00e1chaj\u00edc\u00edch plyn\u016f. Tyto emise vznikaj\u00ed p\u0159i rozkladu materi\u00e1l\u016f, drcen\u00ed, lisov\u00e1n\u00ed a dal\u0161\u00edch mechanick\u00fdch procesech. <strong>Uvol\u0148ov\u00e1n\u00ed t\u011bkav\u00fdch organick\u00fdch l\u00e1tek<\/strong> \u010dasto zp\u016fsobuje nep\u0159\u00edjemn\u00fd z\u00e1pach, kter\u00fd m\u016f\u017ee p\u0159edstavovat i zdravotn\u00ed rizika.   \u200b <\/p>\n\n<p>Tyto zne\u010di\u0161\u0165uj\u00edc\u00ed l\u00e1tky p\u0159edstavuj\u00ed \u0159adu rizik, proto\u017ee jemn\u00e9 \u010d\u00e1stice suspendovan\u00e9 ve vzduchu mohou <strong>pronikat hluboko do d\u00fdchac\u00edho syst\u00e9mu<\/strong>. V\u00fdsledkem jsou zdravotn\u00ed probl\u00e9my, jako jsou plicn\u00ed onemocn\u011bn\u00ed, kardiovaskul\u00e1rn\u00ed probl\u00e9my a podr\u00e1\u017ed\u011bn\u00ed d\u00fdchac\u00edch cest. U pracovn\u00edk\u016f recykla\u010dn\u00edch center zvy\u0161uje dlouhodob\u00e9 vystaven\u00ed t\u011bmto zne\u010di\u0161\u0165uj\u00edc\u00edm l\u00e1tk\u00e1m riziko<strong> vzniku chronick\u00fdch onemocn\u011bn\u00ed<\/strong>. Nav\u00edc tyto \u010d\u00e1stice p\u0159isp\u00edvaj\u00ed ke zne\u010di\u0161t\u011bn\u00ed \u017eivotn\u00edho prost\u0159ed\u00ed, ovliv\u0148uj\u00ed kvalitu okoln\u00edho ovzdu\u0161\u00ed a mohou kontaminovat okoln\u00ed p\u016fdu a vodn\u00ed toky.   <\/p>\n\n<h2 class=\"wp-block-heading\">Jak funguj\u00ed \u010disti\u010dky vzduchu v t\u0159\u00eddic\u00edch centrech a administrativn\u00edch kancel\u00e1\u0159\u00edch<\/h2>\n\n<div class=\"wp-block-columns is-layout-flex wp-container-core-columns-is-layout-28f84493 wp-block-columns-is-layout-flex\">\n<div class=\"wp-block-column is-layout-flow wp-block-column-is-layout-flow\" style=\"flex-basis:33.33%\">\n<figure class=\"wp-block-image aligncenter size-large is-resized\"><img decoding=\"async\" width=\"1024\" height=\"1024\" src=\"https:\/\/obera.fr\/wp-content\/uploads\/2025\/05\/filtration-1024x1024.png\" alt=\"filtrace\" class=\"wp-image-121546\" style=\"width:267px;height:auto\" srcset=\"https:\/\/obera.fr\/wp-content\/uploads\/2025\/05\/filtration-1024x1024.png 1024w, https:\/\/obera.fr\/wp-content\/uploads\/2025\/05\/filtration-300x300.png 300w, https:\/\/obera.fr\/wp-content\/uploads\/2025\/05\/filtration-150x150.png 150w, https:\/\/obera.fr\/wp-content\/uploads\/2025\/05\/filtration-768x768.png 768w, https:\/\/obera.fr\/wp-content\/uploads\/2025\/05\/filtration.png 1200w\" sizes=\"(max-width: 1024px) 100vw, 1024px\" \/><\/figure>\n<\/div>\n\n\n\n<div class=\"wp-block-column is-layout-flow wp-block-column-is-layout-flow\" style=\"flex-basis:66.66%\">\n<h3 class=\"wp-block-heading\">Spr\u00e1vn\u00e9 filtra\u010dn\u00ed technologie: HEPA filtr, aktivn\u00ed uhl\u00ed a pokro\u010dil\u00e9 syst\u00e9my<\/h3>\n\n\n\n<p><strong> \u010cisti\u010dky vzduchu pro recykla\u010dn\u00ed prost\u0159ed\u00ed<\/strong> vyu\u017e\u00edvaj\u00ed pokro\u010dil\u00e9 filtra\u010dn\u00ed technologie k \u00fa\u010dinn\u00e9mu odstran\u011bn\u00ed zne\u010di\u0161\u0165uj\u00edc\u00edch l\u00e1tek:<\/p>\n\n\n\n<ul class=\"wp-block-list\">\n<li><strong>Filtry HEPA<\/strong> (High Efficiency Particulate Air) zachyt\u00ed a\u017e 99,995 % jemn\u00fdch \u010d\u00e1stic v\u010detn\u011b prachu a alergen\u016f.  <\/li>\n\n\n\n<li><strong>Aktivn\u00ed uhl\u00ed<\/strong> se pou\u017e\u00edv\u00e1 k adsorpci t\u011bkav\u00fdch organick\u00fdch l\u00e1tek a neutralizaci nep\u0159\u00edjemn\u00fdch pach\u016f.  <\/li>\n\n\n\n<li><strong>Pokro\u010dil\u00e9 syst\u00e9my, jako je monitorov\u00e1n\u00ed kvality vzduchu<\/strong> a ods\u00e1v\u00e1n\u00ed t\u011bkav\u00fdch organick\u00fdch l\u00e1tek u zdroje (ods\u00e1vac\u00ed digesto\u0159e), kombinuj\u00ed tyto technologie a nab\u00edzej\u00ed kompletn\u00ed \u010di\u0161t\u011bn\u00ed vzduchu.  <\/li>\n<\/ul>\n<\/div>\n<\/div>\n\n<p><\/p>\n\n<h3 class=\"wp-block-heading\">Velk\u00e9 a mal\u00e9 prostory: je pot\u0159eba jin\u00fd syst\u00e9m?<\/h3>\n\n<p>Ano, t\u0159\u00eddic\u00ed centra a kancel\u00e1\u0159e maj\u00ed odli\u0161n\u00e9 po\u017eadavky na <strong>\u00fapravu vzduchu<\/strong>. Pro velk\u00e9 prostory, jako jsou t\u0159\u00eddic\u00ed haly, se doporu\u010duj\u00ed velkokapacitn\u00ed pr\u016fmyslov\u00e9 \u010disti\u010dky, jako je nap\u0159\u00edklad ePUR 100 od spole\u010dnosti OberA. Tyto jednotky \u010dist\u00ed velk\u00e9 objemy vzduchu a jsou ur\u010deny pro nep\u0159etr\u017eit\u00fd provoz. Pro men\u0161\u00ed prostory, jako jsou kancel\u00e1\u0159e, nab\u00edzej\u00ed <strong>vhodn\u011bj\u0161\u00ed<\/strong> \u0159e\u0161en\u00ed <strong>kompaktn\u011bj\u0161\u00ed \u010disti\u010dky<\/strong>, jako je ePUR 05, ani\u017e by byla sn\u00ed\u017eena \u00fa\u010dinnost filtrace.    \u200b <\/p>\n\n<h2 class=\"wp-block-heading\">V\u00fdhody \u010disti\u010dek vzduchu pro recyklaci podle odborn\u00edk\u016f spole\u010dnosti OberA<\/h2>\n\n<p>\u010cisti\u010dky vzduchu spole\u010dnosti OberA nab\u00edzej\u00ed<strong> firm\u00e1m v odv\u011btv\u00ed recyklace mnoho v\u00fdhod<\/strong>. Integrac\u00ed pokro\u010dil\u00fdch filtra\u010dn\u00edch technologi\u00ed p\u0159izp\u016fsoben\u00fdch specifick\u00fdm pot\u0159eb\u00e1m pr\u016fmyslov\u00e9ho prost\u0159ed\u00ed zaru\u010duje spole\u010dnost OberA \u00fa\u010dinn\u00e1 a efektivn\u00ed \u0159e\u0161en\u00ed pro zlep\u0161en\u00ed kvality ovzdu\u0161\u00ed a ochranu pracovn\u00edk\u016f. <\/p>\n\n<ol class=\"wp-block-list\">\n<li><strong>Sn\u00ed\u017een\u00ed z\u00e1pachu a t\u011bkav\u00fdch zne\u010di\u0161\u0165uj\u00edc\u00edch l\u00e1tek <\/strong>: \u010disti\u010dky vzduchu OberA vybaven\u00e9 HEPA filtry a aktivn\u00edm uhl\u00edm \u00fa\u010dinn\u011b eliminuj\u00ed nep\u0159\u00edjemn\u00e9 pachy a t\u011bkav\u00e9 organick\u00e9 l\u00e1tky.<\/li>\n\n\n\n<li><strong>Zlep\u0161en\u00ed pracovn\u00edch podm\u00ednek <\/strong>: \u010cisti\u010dky vzduchu OberA odfiltrov\u00e1n\u00edm jemn\u00fdch \u010d\u00e1stic a dal\u0161\u00edch zne\u010di\u0161\u0165uj\u00edc\u00edch l\u00e1tek p\u0159\u00edmo p\u0159isp\u00edvaj\u00ed ke zlep\u0161en\u00ed pracovn\u00edch podm\u00ednek. T\u00edm se nejen sni\u017euje riziko respira\u010dn\u00edch onemocn\u011bn\u00ed, ale tak\u00e9 se zvy\u0161uje pohodl\u00ed a produktivita zam\u011bstnanc\u016f.   <\/li>\n\n\n\n<li><strong>Dodr\u017eov\u00e1n\u00ed ekologick\u00fdch a bezpe\u010dnostn\u00edch norem<\/strong>: Spole\u010dnost OberA zaji\u0161\u0165uje, aby jej\u00ed \u010disti\u010dky vzduchu spl\u0148ovaly nejp\u0159\u00edsn\u011bj\u0161\u00ed normy kvality vzduchu a bezpe\u010dnosti pr\u00e1ce. Pou\u017e\u00edv\u00e1n\u00ed t\u011bchto za\u0159\u00edzen\u00ed v\u00e1m pom\u016f\u017ee splnit z\u00e1konn\u00e9 povinnosti t\u00fdkaj\u00edc\u00ed se kvality vzduchu v pr\u016fmyslov\u00fdch prostor\u00e1ch. <\/li>\n<\/ol>\n\n<h2 class=\"wp-block-heading\">Jak\u00e1 jsou krit\u00e9ria pro v\u00fdb\u011br spr\u00e1vn\u00e9 \u010disti\u010dky vzduchu?<\/h2>\n\n<h3 class=\"wp-block-heading\">Kapacita \u010disti\u010dky podle plochy, kter\u00e1 m\u00e1 b\u00fdt vy\u010di\u0161t\u011bna.<\/h3>\n\n<p>Je nezbytn\u00e9 vybrat <strong>\u010disti\u010dku vzduchu s<\/strong> \u010distic\u00edm v\u00fdkonem, kter\u00fd odpov\u00edd\u00e1 objemu \u010di\u0161t\u011bn\u00e9ho prostoru. Modely ePUR nab\u00edzej\u00ed r\u016fzn\u00e9 kapacity, kter\u00e9 vyhovuj\u00ed r\u016fzn\u00fdm pot\u0159eb\u00e1m.  \u200b <\/p>\n\n<h3 class=\"wp-block-heading\">\u00da\u010dinn\u00e9 filtry pro zachycen\u00ed jemn\u00fdch \u010d\u00e1stic a neutralizaci z\u00e1pachu<\/h3>\n\n<p>Ujist\u011bte se, \u017ee <strong>je \u010disti\u010dka vybavena filtry HEPA,<\/strong> kter\u00e9 zachycuj\u00ed jemn\u00e9 \u010d\u00e1stice, a filtry s aktivn\u00edm uhl\u00edm, kter\u00e9 odstra\u0148uj\u00ed pachy a t\u011bkav\u00e9 organick\u00e9 l\u00e1tky. Kvalita filtr\u016f a <strong>certifikace<\/strong> jsou kl\u00ed\u010dov\u00fdmi ukazateli v\u00fdkonu.  \u200b <\/p>\n\n<h3 class=\"wp-block-heading\">Kompatibilita s va\u0161imi specifick\u00fdmi pot\u0159ebami: mobilita, robustnost a odolnost.<\/h3>\n\n<p>V z\u00e1vislosti na uspo\u0159\u00e1d\u00e1n\u00ed va\u0161\u00ed instalace m\u016f\u017ee b\u00fdt <strong>mobilita \u010disti\u010dky<\/strong> v\u00fdhodou pro zam\u011b\u0159en\u00ed na r\u016fzn\u00e9 oblasti. Pro zaji\u0161t\u011bn\u00ed spolehliv\u00e9ho v\u00fdkonu v <strong>n\u00e1ro\u010dn\u00e9m pr\u016fmyslov\u00e9m prost\u0159ed\u00ed <\/strong> je tak\u00e9 z\u00e1sadn\u00ed robustnost a odolnost.   <\/p>\n\n<p><em>Slovo odborn\u00edka: a\u0165 u\u017e pro velk\u00e1 recykla\u010dn\u00ed centra, nebo pro men\u0161\u00ed prostory<\/em><strong><em>, <\/em><\/strong><em>OberA<\/em><strong><em> nab\u00edz\u00ed \u010disti\u010dky vzduchu <\/em><\/strong> <em>p\u0159izp\u016fsoben\u00e9 v\u0161em konfigurac\u00edm pr\u016fmyslov\u00fdch za\u0159\u00edzen\u00ed. Nev\u00e1hejte po\u017e\u00e1dat na\u0161e t\u00fdmy o radu a veden\u00ed, p\u0159\u00edpadn\u011b o vyzkou\u0161en\u00ed \u0159e\u0161en\u00ed v re\u00e1ln\u00fdch podm\u00ednk\u00e1ch. <\/em><\/p>\n\n<h2 class=\"wp-block-heading\">Pr\u016fmyslov\u00e9 \u010disti\u010dky vzduchu: r\u016fzn\u00e9 \u0159ady OberA<\/h2>\n\n<p>Spole\u010dnost OberA nab\u00edz\u00ed<strong>ucelenou \u0159adu \u010disti\u010dek vzduchu<\/strong> navr\u017een\u00fdch tak, aby spl\u0148ovaly pot\u0159eby profesion\u00e1l\u016f v oblasti recyklace. Mezi na\u0161e st\u011b\u017eejn\u00ed modely pat\u0159\u00ed : <\/p>\n\n<ul class=\"wp-block-list\">\n<li><strong>ePUR CA<\/strong>: tato \u010disti\u010dka je ur\u010dena do pr\u016fmyslov\u00e9ho prost\u0159ed\u00ed a obsahuje HEPA filtry a filtra\u010dn\u00ed syst\u00e9m s aktivn\u00edm uhl\u00edm, kter\u00e9 nab\u00edzej\u00ed optim\u00e1ln\u00ed \u00fa\u010dinnost proti jemn\u00fdm \u010d\u00e1stic\u00edm a t\u011bkav\u00fdm organick\u00fdm slou\u010denin\u00e1m.<\/li>\n\n\n\n<li><strong>ePUR 100 <\/strong>: tato jednotka je vhodn\u00e1 pro velk\u00e9 prostory, jako jsou t\u0159\u00eddic\u00ed centra, a zaji\u0161\u0165uje rychlou \u00fapravu vzduchu p\u0159i zachov\u00e1n\u00ed n\u00edzk\u00e9 spot\u0159eby energie.<\/li>\n\n\n\n<li><strong>ePUR 05<\/strong>: ide\u00e1ln\u00ed pro kancel\u00e1\u0159e a mal\u00e9 prostory, poskytuje \u00fa\u010dinn\u00e9 \u010di\u0161t\u011bn\u00ed jako dopln\u011bk pr\u016fmyslov\u00fdch \u0159e\u0161en\u00ed.<\/li>\n<\/ul>\n\n<p>Tyto v\u00fdrobky jsou ur\u010deny pro intenzivn\u00ed pou\u017eit\u00ed a zaru\u010duj\u00ed v\u00fdrazn\u00e9 zlep\u0161en\u00ed kvality ovzdu\u0161\u00ed v<strong> recykla\u010dn\u00edch centrech<\/strong>. D\u00edky sv\u00e9 robustnosti a pokro\u010dil\u00e9 technologii zaji\u0161\u0165uj\u00ed dlouhodob\u00fd a spolehliv\u00fd v\u00fdkon<em>. dod\u00e1n\u00ed a podpora: Spole\u010dnost OberA nab\u00edz\u00ed rychl\u00e9 dod\u00e1n\u00ed a slu\u017ebu podpory, kter\u00e1 v\u00e1m pom\u016f\u017ee <\/em> vybrat \u010disti\u010dku vzduchu nejvhodn\u011bj\u0161\u00ed pro va\u0161e prost\u0159ed\u00ed. <strong><em>Pom\u016f\u017ee v\u00e1m vybrat \u010disti\u010dku vzduchu nejvhodn\u011bj\u0161\u00ed pro va\u0161e prost\u0159ed\u00ed.<\/em><\/strong> <em>. N\u00e1\u0161 t\u00fdm odborn\u00edk\u016f v\u00e1m porad\u00ed s instalac\u00ed a \u00fadr\u017ebou va\u0161eho za\u0159\u00edzen\u00ed, aby byla zaji\u0161t\u011bna jeho maxim\u00e1ln\u00ed \u00fa\u010dinnost v pr\u016fb\u011bhu \u010dasu.<\/em><\/p>\n","protected":false},"excerpt":{"rendered":"<p>V odv\u011btv\u00ed recyklace m\u00e1 kvalita ovzdu\u0161\u00ed z\u00e1sadn\u00ed v\u00fdznam pro zdrav\u00ed pracovn\u00edk\u016f a dodr\u017eov\u00e1n\u00ed ekologick\u00fdch norem.  <\/p>\n","protected":false},"author":13,"featured_media":113820,"comment_status":"open","ping_status":"closed","sticky":false,"template":"","format":"standard","meta":{"_acf_changed":false,"_seopress_robots_primary_cat":"none","_seopress_titles_title":"Pr\u016fmyslov\u00e9 \u010disti\u010dky vzduchu pro recyklaci","_seopress_titles_desc":"Chra\u0148te sv\u00e9 zam\u011bstnance a dodr\u017eujte ekologick\u00e9 normy s profesion\u00e1ln\u00edmi \u010disti\u010dkami vzduchu OberA, kter\u00e9 jsou ur\u010deny k eliminaci \u0161kodlivin v recykla\u010dn\u00edm sektoru.","_seopress_robots_index":"","footnotes":""},"categories":[765],"tags":[507],"class_list":["post-105322","post","type-post","status-publish","format-standard","has-post-thumbnail","hentry","category-recyklace","tag-cisticky","generate-columns","tablet-grid-50","mobile-grid-100","grid-parent","grid-50","no-featured-image-padding","resize-featured-image"],"acf":[],"_links":{"self":[{"href":"https:\/\/obera.fr\/cs\/wp-json\/wp\/v2\/posts\/105322","targetHints":{"allow":["GET"]}}],"collection":[{"href":"https:\/\/obera.fr\/cs\/wp-json\/wp\/v2\/posts"}],"about":[{"href":"https:\/\/obera.fr\/cs\/wp-json\/wp\/v2\/types\/post"}],"author":[{"embeddable":true,"href":"https:\/\/obera.fr\/cs\/wp-json\/wp\/v2\/users\/13"}],"replies":[{"embeddable":true,"href":"https:\/\/obera.fr\/cs\/wp-json\/wp\/v2\/comments?post=105322"}],"version-history":[{"count":6,"href":"https:\/\/obera.fr\/cs\/wp-json\/wp\/v2\/posts\/105322\/revisions"}],"predecessor-version":[{"id":123405,"href":"https:\/\/obera.fr\/cs\/wp-json\/wp\/v2\/posts\/105322\/revisions\/123405"}],"wp:featuredmedia":[{"embeddable":true,"href":"https:\/\/obera.fr\/cs\/wp-json\/wp\/v2\/media\/113820"}],"wp:attachment":[{"href":"https:\/\/obera.fr\/cs\/wp-json\/wp\/v2\/media?parent=105322"}],"wp:term":[{"taxonomy":"category","embeddable":true,"href":"https:\/\/obera.fr\/cs\/wp-json\/wp\/v2\/categories?post=105322"},{"taxonomy":"post_tag","embeddable":true,"href":"https:\/\/obera.fr\/cs\/wp-json\/wp\/v2\/tags?post=105322"}],"curies":[{"name":"wp","href":"https:\/\/api.w.org\/{rel}","templated":true}]}}