{"id":105381,"date":"2025-05-29T15:05:29","date_gmt":"2025-05-29T13:05:29","guid":{"rendered":"https:\/\/obera.fr\/nase-rada\/purificateur-textile\/"},"modified":"2025-07-16T11:25:44","modified_gmt":"2025-07-16T09:25:44","slug":"purificateur-textile","status":"publish","type":"post","link":"https:\/\/obera.fr\/cs\/textil\/purificateur-textile\/","title":{"rendered":"\u010cisti\u010dky vzduchu pro textiln\u00ed pr\u016fmysl"},"content":{"rendered":"\n<p>V textiln\u00edm pr\u016fmyslu mohou <strong>jemn\u00e9 \u010d\u00e1stice<\/strong>, prach a pachy nejen po\u0161kodit zdrav\u00ed zam\u011bstnanc\u016f, ale tak\u00e9 ovlivnit kvalitu hotov\u00fdch v\u00fdrobk\u016f. Spole\u010dnost OberA, specialista na \u0159e\u0161en\u00ed \u00fapravy vzduchu, nab\u00edz\u00ed <a href=\"https:\/\/obera.fr\/cs\/produits\/purificateurs-air\/\">pr\u016fmyslov\u00e9 \u010disti\u010dky vzduchu<\/a> p\u0159izp\u016fsoben\u00e9 pot\u0159eb\u00e1m <strong>textiln\u00edch<\/strong> d\u00edlen, sklad\u016f a <strong>obchod\u016f<\/strong>. <\/p>\n\n<h2 class=\"wp-block-heading\">Pro\u010d je \u010di\u0161t\u011bn\u00ed vzduchu v textiln\u00edm pr\u016fmyslu kl\u00ed\u010dov\u00e9?<\/h2>\n\n<h3 class=\"wp-block-heading\">Textiln\u00ed \u010d\u00e1stice a pachy: hlavn\u00ed v\u00fdzva pro kvalitu ovzdu\u0161\u00ed<\/h3>\n\n<div class=\"wp-block-columns is-layout-flex wp-container-core-columns-is-layout-28f84493 wp-block-columns-is-layout-flex\">\n<div class=\"wp-block-column is-layout-flow wp-block-column-is-layout-flow\" style=\"flex-basis:66.66%\">\n<p><strong> P\u0159i v\u00fdrob\u011b <\/strong>textilu a manipulaci s n\u00edm se uvol\u0148uj\u00ed r\u016fzn\u00e9 \u010d\u00e1stice a v\u00fdpary. Tyto zne\u010di\u0161\u0165uj\u00edc\u00ed l\u00e1tky se mohou hromadit ve vzduchu v d\u00edln\u00e1ch a skladovac\u00edch prostorech a vytv\u00e1\u0159et <strong>potenci\u00e1ln\u011b \u0161kodliv\u00e9 prost\u0159ed\u00ed pro <\/strong>pracovn\u00edky a ohro\u017eovat kvalitu tkanin. Pat\u0159\u00ed mezi n\u011b:  <\/p>\n\n\n\n<ul class=\"wp-block-list\">\n<li><strong>Jemn\u00e9 \u010d\u00e1stice textiln\u00edch vl\u00e1ken<\/strong> uvol\u0148ovan\u00e9 p\u0159i st\u0159\u00edh\u00e1n\u00ed, tkan\u00ed nebo dokon\u010dovac\u00edch operac\u00edch mohou b\u00fdt zam\u011bstnanci vdechov\u00e1ny a zp\u016fsobit podr\u00e1\u017ed\u011bn\u00ed d\u00fdchac\u00edch cest.  <\/li>\n\n\n\n<li><strong>Chemik\u00e1lie pou\u017e\u00edvan\u00e9 k \u00faprav\u011b tkanin<\/strong>, jako jsou barviva, prysky\u0159ice a zpomalova\u010de ho\u0159en\u00ed, uvol\u0148uj\u00ed t\u011bkav\u00e9 organick\u00e9 l\u00e1tky (VOC), kter\u00e9 zhor\u0161uj\u00ed ovzdu\u0161\u00ed v m\u00edstnosti a mohou zp\u016fsobovat bolesti hlavy nebo alergie.  <\/li>\n\n\n\n<li><strong>Z\u00e1pach z textili\u00ed<\/strong>, lepidel nebo rozpou\u0161t\u011bdel se uvol\u0148uje do prost\u0159ed\u00ed, tak\u017ee vzduch je t\u011b\u017ek\u00fd a nep\u0159\u00edjemn\u00fd.  <\/li>\n<\/ul>\n\n\n\n<p>Vlhkost v n\u011bkter\u00fdch <strong>skladovac\u00edch<\/strong> prostor\u00e1ch <strong>podporuje mno\u017een\u00ed pl\u00edsn\u00ed a bakteri\u00ed<\/strong>, kter\u00e9 po\u0161kozuj\u00ed tkaniny i zdrav\u00ed pracovn\u00edk\u016f.<\/p>\n<\/div>\n\n\n\n<div class=\"wp-block-column is-layout-flow wp-block-column-is-layout-flow\" style=\"flex-basis:33.33%\">\n<figure class=\"wp-block-image aligncenter size-large is-resized\"><img decoding=\"async\" width=\"1024\" height=\"1024\" src=\"https:\/\/obera.fr\/wp-content\/uploads\/2025\/05\/polluants-nocifs-1024x1024.png\" alt=\"&#x161;kodliv&#xE9; zne&#x10D;i&#x161;&#x165;uj&#xED;c&#xED; l&#xE1;tky\" class=\"wp-image-121106\" style=\"width:253px;height:auto\" srcset=\"https:\/\/obera.fr\/wp-content\/uploads\/2025\/05\/polluants-nocifs-1024x1024.png 1024w, https:\/\/obera.fr\/wp-content\/uploads\/2025\/05\/polluants-nocifs-300x300.png 300w, https:\/\/obera.fr\/wp-content\/uploads\/2025\/05\/polluants-nocifs-150x150.png 150w, https:\/\/obera.fr\/wp-content\/uploads\/2025\/05\/polluants-nocifs-768x768.png 768w, https:\/\/obera.fr\/wp-content\/uploads\/2025\/05\/polluants-nocifs.png 1200w\" sizes=\"(max-width: 1024px) 100vw, 1024px\" \/><\/figure>\n<\/div>\n<\/div>\n\n<h3 class=\"wp-block-heading\">Zne\u010di\u0161t\u011bn\u00ed ovzdu\u0161\u00ed v d\u00edln\u011b: jak\u00e1 jsou rizika pro va\u0161e zam\u011bstnance a va\u0161e textilie?<\/h3>\n\n<p>\u0160patn\u00e1 kvalita ovzdu\u0161\u00ed m\u016f\u017ee v\u00e9st ke <strong>zdravotn\u00edm probl\u00e9m\u016fm<\/strong> zam\u011bstnanc\u016f, nap\u0159\u00edklad k podr\u00e1\u017ed\u011bn\u00ed d\u00fdchac\u00edch cest a alergi\u00edm. Krom\u011b toho se \u010d\u00e1stice p\u0159en\u00e1\u0161en\u00e9 vzduchem mohou usazovat na textili\u00edch a ovliv\u0148ovat jejich \u010distotu a vzhled. <strong>Do v\u00fdrobk\u016f<\/strong> mohou tak\u00e9 <strong>pronikat<\/strong> p\u0159etrv\u00e1vaj\u00edc\u00ed pachy.  <\/p>\n\n<p>Ze v\u0161ech t\u011bchto d\u016fvod\u016f jsou \u010disti\u010dky vzduchu <strong>z\u00e1kladn\u00edm \u0159e\u0161en\u00edm pro zlep\u0161en\u00ed kvality vzduchu<\/strong> a pohody na pracovi\u0161ti. V p\u0159\u00edpad\u011b obchod\u016f p\u0159isp\u00edvaj\u00ed tak\u00e9 ke spokojenosti z\u00e1kazn\u00edk\u016f t\u00edm, \u017ee vytv\u00e1\u0159ej\u00ed p\u0159\u00edjemn\u00fd prostor a zaji\u0161\u0165uj\u00ed kvalitu textilu. <\/p>\n\n<h2 class=\"wp-block-heading\">Jak\u00e9 jsou v\u00fdhody \u010disti\u010dek vzduchu?<\/h2>\n\n<div class=\"wp-block-columns is-layout-flex wp-container-core-columns-is-layout-28f84493 wp-block-columns-is-layout-flex\">\n<div class=\"wp-block-column is-layout-flow wp-block-column-is-layout-flow\" style=\"flex-basis:33.33%\">\n<figure class=\"wp-block-image aligncenter size-large is-resized\"><img decoding=\"async\" width=\"1024\" height=\"1024\" src=\"https:\/\/obera.fr\/wp-content\/uploads\/2025\/05\/securite-1024x1024.png\" alt=\"zabezpe&#x10D;en&#xED;\" class=\"wp-image-121315\" style=\"width:282px;height:auto\" srcset=\"https:\/\/obera.fr\/wp-content\/uploads\/2025\/05\/securite-1024x1024.png 1024w, https:\/\/obera.fr\/wp-content\/uploads\/2025\/05\/securite-300x300.png 300w, https:\/\/obera.fr\/wp-content\/uploads\/2025\/05\/securite-150x150.png 150w, https:\/\/obera.fr\/wp-content\/uploads\/2025\/05\/securite-768x768.png 768w, https:\/\/obera.fr\/wp-content\/uploads\/2025\/05\/securite.png 1200w\" sizes=\"(max-width: 1024px) 100vw, 1024px\" \/><\/figure>\n<\/div>\n\n\n\n<div class=\"wp-block-column is-layout-flow wp-block-column-is-layout-flow\" style=\"flex-basis:66.66%\">\n<ul class=\"wp-block-list\">\n<li><strong> Zdrav\u011bj\u0161\u00ed vzduch pro va\u0161e zam\u011bstnance a va\u0161e textilie<\/strong>: \u00fa\u010dinnou eliminac\u00ed jemn\u00fdch \u010d\u00e1stic a ne\u010distot pom\u00e1haj\u00ed \u010disti\u010dky vzduchu vytv\u00e1\u0159et zdrav\u011bj\u0161\u00ed pracovn\u00ed prost\u0159ed\u00ed, sni\u017euj\u00ed zdravotn\u00ed rizika pro zam\u011bstnance a zlep\u0161uj\u00ed jejich pohodl\u00ed.<\/li>\n\n\n\n<li>Dejte sbohem<strong> <\/strong><strong> nep\u0159\u00edjemn\u00fdm pach\u016fm ve va\u0161ich d\u00edln\u00e1ch a skladech<\/strong>: pokro\u010dil\u00e9 filtra\u010dn\u00ed syst\u00e9my, nap\u0159\u00edklad ty s aktivn\u00edm uhl\u00edm, jsou obzvl\u00e1\u0161t\u011b \u00fa\u010dinn\u00e9 p\u0159i pohlcov\u00e1n\u00ed a neutralizaci p\u0159etrv\u00e1vaj\u00edc\u00edch pach\u016f a udr\u017euj\u00ed textilie sv\u011b\u017e\u00ed.<\/li>\n\n\n\n<li><strong>Ochrana textili\u00ed p\u0159ed pl\u00edsn\u011bmi a bakteriemi <\/strong>: \u010disti\u010dky vzduchu udr\u017euj\u00ed optim\u00e1ln\u00ed kvalitu vzduchu a pom\u00e1haj\u00ed p\u0159edch\u00e1zet nadm\u011brn\u00e9 vlhkosti a tvorb\u011b pl\u00edsn\u00ed, \u010d\u00edm\u017e chr\u00e1n\u00ed ulo\u017een\u00e9 textilie a prodlu\u017euj\u00ed jejich \u017eivotnost.<\/li>\n<\/ul>\n<\/div>\n<\/div>\n\n<h2 class=\"wp-block-heading\">Jak funguj\u00ed \u010disti\u010dky vzduchu v textiln\u00edm pr\u016fmyslu?<\/h2>\n\n<h3 class=\"wp-block-heading\">Pokro\u010dil\u00e1 filtra\u010dn\u00ed technologie pro nep\u0159etr\u017eit\u011b \u010di\u0161t\u011bn\u00fd vzduch<\/h3>\n\n<p><strong>Pr\u016fmyslov\u00e9 \u010disti\u010dky vzduchu spole\u010dnosti OberA <\/strong>vyu\u017e\u00edvaj\u00ed pokro\u010dil\u00e9 filtra\u010dn\u00ed syst\u00e9my k \u00fa\u010dinn\u00e9mu zpracov\u00e1n\u00ed zne\u010di\u0161\u0165uj\u00edc\u00edch l\u00e1tek specifick\u00fdch pro textiln\u00ed pr\u016fmysl. Nap\u0159\u00edklad model ePUR nas\u00e1v\u00e1 zne\u010di\u0161t\u011bn\u00fd vzduch z horn\u00ed \u010d\u00e1sti jednotky, proch\u00e1z\u00ed<strong> n\u011bkolika vrstvami filtrace<\/strong> a pot\u00e9 vypou\u0161t\u00ed vy\u010di\u0161t\u011bn\u00fd vzduch ze spodn\u00ed \u010d\u00e1sti, \u010d\u00edm\u017e vytv\u00e1\u0159\u00ed p\u0159irozen\u00fd \u010distic\u00ed pohyb. <\/p>\n\n<h3 class=\"wp-block-heading\">\u010cisti\u010dka vzduchu vs. \u0159e\u0161en\u00ed pro odstran\u011bn\u00ed z\u00e1pachu: jak\u00e1 je nejlep\u0161\u00ed volba?<\/h3>\n\n<p>Na rozd\u00edl od <strong>osv\u011b\u017eova\u010d\u016f vzduchu a dezinfek\u010dn\u00edch prost\u0159edk\u016f<\/strong>, kter\u00e9 do\u010dasn\u011b maskuj\u00ed pachy nebo odstra\u0148uj\u00ed choroboplodn\u00e9 z\u00e1rodky na povr\u0161\u00edch, \u010disti\u010dky vzduchu nep\u0159etr\u017eit\u011b upravuj\u00ed vzduch, zachycuj\u00ed \u010d\u00e1stice a neutralizuj\u00ed pachy p\u0159\u00edmo u zdroje. Tento proaktivn\u00ed p\u0159\u00edstup zaji\u0161\u0165uje st\u00e1lou kvalitu vzduchu a sni\u017euje pot\u0159ebu <strong>dal\u0161\u00edch chemick\u00fdch l\u00e1tek<\/strong>. <\/p>\n\n<h2 class=\"wp-block-heading\">Jak vybrat ide\u00e1ln\u00ed \u010disti\u010dku vzduchu pro va\u0161i firmu?<\/h2>\n\n<div class=\"wp-block-columns is-layout-flex wp-container-core-columns-is-layout-28f84493 wp-block-columns-is-layout-flex\">\n<div class=\"wp-block-column is-layout-flow wp-block-column-is-layout-flow\" style=\"flex-basis:33.33%\">\n<figure class=\"wp-block-image aligncenter size-large is-resized\"><img decoding=\"async\" width=\"1024\" height=\"1024\" src=\"https:\/\/obera.fr\/wp-content\/uploads\/2025\/01\/image-choix-1024x1024.jpg\" alt=\"v&#xFD;b&#x11B;r obr&#xE1;zku\" class=\"wp-image-57754\" style=\"width:145px;height:auto\" srcset=\"https:\/\/obera.fr\/wp-content\/uploads\/2025\/01\/image-choix-1024x1024.jpg 1024w, https:\/\/obera.fr\/wp-content\/uploads\/2025\/01\/image-choix-300x300.jpg 300w, https:\/\/obera.fr\/wp-content\/uploads\/2025\/01\/image-choix-150x150.jpg 150w, https:\/\/obera.fr\/wp-content\/uploads\/2025\/01\/image-choix-768x768.jpg 768w, https:\/\/obera.fr\/wp-content\/uploads\/2025\/01\/image-choix-400x400.jpg 400w, https:\/\/obera.fr\/wp-content\/uploads\/2025\/01\/image-choix-600x600.jpg 600w, https:\/\/obera.fr\/wp-content\/uploads\/2025\/01\/image-choix.jpg 1200w\" sizes=\"(max-width: 1024px) 100vw, 1024px\" \/><\/figure>\n<\/div>\n\n\n\n<div class=\"wp-block-column is-layout-flow wp-block-column-is-layout-flow\" style=\"flex-basis:66.66%\">\n<h3 class=\"wp-block-heading\">\u010cisti\u010dka p\u0159izp\u016fsoben\u00e1 velikosti va\u0161eho objektu<\/h3>\n\n\n\n<p>Je d\u016fle\u017eit\u00e9 vybrat <strong>\u010disti\u010dku vzduchu<\/strong>, kter\u00e1 je schopna \u00fa\u010dinn\u011b zpracovat objem vzduchu ve va\u0161em prostoru. Spole\u010dnost OberA nab\u00edz\u00ed \u0159e\u0161en\u00ed pro plochy od 20 m2 (jednotliv\u00e9 kancel\u00e1\u0159e) a\u017e po v\u00edce ne\u017e 1 000 m\u00b2 (velk\u00e9 sklady), co\u017e zaru\u010duje optim\u00e1ln\u00ed pokryt\u00ed ka\u017ed\u00e9ho prost\u0159ed\u00ed. <\/p>\n<\/div>\n<\/div>\n\n<div class=\"wp-block-columns is-layout-flex wp-container-core-columns-is-layout-28f84493 wp-block-columns-is-layout-flex\">\n<div class=\"wp-block-column is-layout-flow wp-block-column-is-layout-flow\" style=\"flex-basis:33.33%\">\n<figure class=\"wp-block-image aligncenter size-large is-resized\"><img decoding=\"async\" width=\"1024\" height=\"1024\" src=\"https:\/\/obera.fr\/wp-content\/uploads\/2025\/01\/image-choix-1024x1024.jpg\" alt=\"v&#xFD;b&#x11B;r obr&#xE1;zku\" class=\"wp-image-57754\" style=\"width:145px;height:auto\" srcset=\"https:\/\/obera.fr\/wp-content\/uploads\/2025\/01\/image-choix-1024x1024.jpg 1024w, https:\/\/obera.fr\/wp-content\/uploads\/2025\/01\/image-choix-300x300.jpg 300w, https:\/\/obera.fr\/wp-content\/uploads\/2025\/01\/image-choix-150x150.jpg 150w, https:\/\/obera.fr\/wp-content\/uploads\/2025\/01\/image-choix-768x768.jpg 768w, https:\/\/obera.fr\/wp-content\/uploads\/2025\/01\/image-choix-400x400.jpg 400w, https:\/\/obera.fr\/wp-content\/uploads\/2025\/01\/image-choix-600x600.jpg 600w, https:\/\/obera.fr\/wp-content\/uploads\/2025\/01\/image-choix.jpg 1200w\" sizes=\"(max-width: 1024px) 100vw, 1024px\" \/><\/figure>\n<\/div>\n\n\n\n<div class=\"wp-block-column is-layout-flow wp-block-column-is-layout-flow\" style=\"flex-basis:66.66%\">\n<h3 class=\"wp-block-heading\">Kombinujte \u010disti\u010dku s \u00fa\u010dinn\u00fdmi dezinfek\u010dn\u00edmi a dezodora\u010dn\u00edmi prost\u0159edky.<\/h3>\n\n\n\n<p>N\u011bkter\u00e9 \u010disti\u010dky vzduchu lze pou\u017e\u00edt ve <strong>spojen\u00ed s dezinfek\u010dn\u00edmi nebo dezodoriza\u010dn\u00edmi prost\u0159edky <\/strong>, aby se zv\u00fd\u0161ila \u00fa\u010dinnost \u00fapravy vzduchu. Pro zaji\u0161t\u011bn\u00ed optim\u00e1ln\u00ed sou\u010dinnosti je d\u016fle\u017eit\u00e9 zkontrolovat, zda je za\u0159\u00edzen\u00ed kompatibiln\u00ed. <\/p>\n<\/div>\n<\/div>\n\n<div class=\"wp-block-columns is-layout-flex wp-container-core-columns-is-layout-28f84493 wp-block-columns-is-layout-flex\">\n<div class=\"wp-block-column is-layout-flow wp-block-column-is-layout-flow\" style=\"flex-basis:33.33%\">\n<figure class=\"wp-block-image aligncenter size-large is-resized\"><img decoding=\"async\" width=\"1024\" height=\"1024\" src=\"https:\/\/obera.fr\/wp-content\/uploads\/2025\/01\/image-choix-1024x1024.jpg\" alt=\"v&#xFD;b&#x11B;r obr&#xE1;zku\" class=\"wp-image-57754\" style=\"width:145px;height:auto\" srcset=\"https:\/\/obera.fr\/wp-content\/uploads\/2025\/01\/image-choix-1024x1024.jpg 1024w, https:\/\/obera.fr\/wp-content\/uploads\/2025\/01\/image-choix-300x300.jpg 300w, https:\/\/obera.fr\/wp-content\/uploads\/2025\/01\/image-choix-150x150.jpg 150w, https:\/\/obera.fr\/wp-content\/uploads\/2025\/01\/image-choix-768x768.jpg 768w, https:\/\/obera.fr\/wp-content\/uploads\/2025\/01\/image-choix-400x400.jpg 400w, https:\/\/obera.fr\/wp-content\/uploads\/2025\/01\/image-choix-600x600.jpg 600w, https:\/\/obera.fr\/wp-content\/uploads\/2025\/01\/image-choix.jpg 1200w\" sizes=\"(max-width: 1024px) 100vw, 1024px\" \/><\/figure>\n<\/div>\n\n\n\n<div class=\"wp-block-column is-layout-flow wp-block-column-is-layout-flow\" style=\"flex-basis:66.66%\">\n<h3 class=\"wp-block-heading\">Filtra\u010dn\u00ed syst\u00e9m p\u0159izp\u016fsoben\u00fd va\u0161im specifick\u00fdm pot\u0159eb\u00e1m<\/h3>\n\n\n\n<p><strong>Po\u017eadavky na filtraci se mohou li\u0161it v <\/strong>z\u00e1vislosti na pou\u017eit\u00fdch <strong>procesech <\/strong>a materi\u00e1lech. Spole\u010dnost OberA nab\u00edz\u00ed \u0159adu filtr\u016f p\u0159izp\u016fsoben\u00fdch r\u016fzn\u00fdm typ\u016fm zne\u010di\u0161\u0165uj\u00edc\u00edch l\u00e1tek, kter\u00e9 se vyskytuj\u00ed v textiln\u00edm pr\u016fmyslu, a umo\u017e\u0148uje tak p\u0159izp\u016fsoben\u00ed podle konkr\u00e9tn\u00edch po\u017eadavk\u016f. <\/p>\n\n\n\n<p><em>V\u00fdhody spole\u010dnosti OberA: n\u011bkter\u00e9 z na\u0161ich <\/em><strong><em>jsou vybaveny filtra\u010dn\u00edmi syst\u00e9my. <\/em><\/strong> <em>v\u00edce\u00fa\u010delov\u00e9 jednotky, kter\u00e9 mohou kombinovat n\u011bkolik filtr\u016f. HEPA filtr, filtr s aktivn\u00edm uhl\u00edm, filtr t\u0159\u00eddy H14&#8230; V z\u00e1vislosti na va\u0161ich pot\u0159eb\u00e1ch m\u016f\u017eeme za\u0159\u00edzen\u00ed p\u0159izp\u016fsobit tak, aby \u00fa\u010dinn\u011b zpracov\u00e1valo t\u011bkav\u00e9 organick\u00e9 l\u00e1tky, pachy, rozpou\u0161t\u011bdla atd. <\/em><\/p>\n<\/div>\n<\/div>\n\n<p><\/p>\n\n<h3 class=\"wp-block-heading\">\u0158ada \u010disti\u010dek vzduchu OberA a jejich \u00fa\u010dinnost proti textiln\u00edm zne\u010di\u0161\u0165uj\u00edc\u00edm l\u00e1tk\u00e1m<\/h3>\n\n<h3 class=\"wp-block-heading\">\u0158e\u0161en\u00ed pro ka\u017edou pot\u0159ebu<\/h3>\n\n<p>Spole\u010dnost OberA nab\u00edz\u00ed <strong>n\u011bkolik \u0159ad \u010disti\u010dek vzduchu<\/strong> p\u0159izp\u016fsoben\u00fdch r\u016fzn\u00fdm po\u017eadavk\u016fm textiln\u00edho prost\u0159ed\u00ed. A\u0165 u\u017e se jedn\u00e1 o v\u00fdrobn\u00ed d\u00edlnu, sklad nebo prodejnu, existuje model navr\u017een\u00fd tak, aby vyhovoval va\u0161im specifick\u00fdm pot\u0159eb\u00e1m. Zde je stru\u010dn\u00fd<strong> p\u0159ehled \u0159e\u0161en\u00ed doporu\u010den\u00fdch pro<\/strong> textiln\u00ed sektor:  <\/p>\n\n<figure class=\"wp-block-table\"><table class=\"has-fixed-layout\"><tbody><tr><td><strong>Model<\/strong><\/td><td><strong>Popis<\/strong><\/td><td><strong>Aplikace<\/strong><\/td><\/tr><tr><td><a href=\"https:\/\/obera.fr\/cs\/produits\/purificateurs-air\/purificateur-rafraichisseur-epur150-fresh\/\"><strong>EPUR150 FRESH<\/strong><\/a><\/td><td>\u010cisti\u010dka kombinuj\u00edc\u00ed \u00fapravu jemn\u00fdch \u010d\u00e1stic a odpa\u0159ovac\u00ed chlazen\u00ed.<\/td><td>Tov\u00e1rny, skladovac\u00ed haly, prostory od 70 m\u00b2 do 250 m\u00b2.<\/td><\/tr><tr><td><a href=\"https:\/\/obera.fr\/cs\/produits\/purificateurs-air\/filtower\/\"><strong>FILTOWER<\/strong><\/a><\/td><td>V\u00fdkonn\u00e1 \u010disti\u010dka pro zpracov\u00e1n\u00ed prachu, kou\u0159e a olejov\u00e9 mlhy.<\/td><td>Velk\u00e9 pr\u016fmyslov\u00e9 are\u00e1ly, v\u00fdrobn\u00ed d\u00edlny.<\/td><\/tr><tr><td><a href=\"https:\/\/obera.fr\/cs\/produits\/purificateurs-air\/epur-b01-cisticka-vzduchu-ecoprime-na-prach\/\"><strong>EPUR B01 EcoPrime<\/strong><\/a><\/td><td>Diskr\u00e9tn\u00ed \u010disti\u010dka s HEPA a uhl\u00edkovou filtrac\u00ed, kter\u00e1 si porad\u00ed s jemn\u00fdm prachem, t\u011bkav\u00fdmi organick\u00fdmi l\u00e1tkami, viry a bakteriemi.<\/td><td>Kancel\u00e1\u0159e, mal\u00e9 otev\u0159en\u00e9 prostory o rozloze 20 a\u017e 60 m\u00b2.<\/td><\/tr><tr><td><a href=\"https:\/\/obera.fr\/cs\/produits\/purificateurs-air\/professionnel-epur-ca\/\"><strong>EPUR CA<\/strong><\/a><\/td><td>\u010cisti\u010dka ur\u010den\u00e1 k odstran\u011bn\u00ed z\u00e1pachu pomoc\u00ed filtr\u016f s aktivn\u00edm uhl\u00edm.<\/td><td>Prostory o rozloze nad 1 000 m\u00b2, sklady, supermarkety.<\/td><\/tr><\/tbody><\/table><\/figure>\n\n<h2 class=\"wp-block-heading\">Jak\u00e1 jsou dopl\u0148kov\u00e1 \u0159e\u0161en\u00ed k \u010disti\u010dk\u00e1m vzduchu?<\/h2>\n\n<h3 class=\"wp-block-heading\">Deodoranty textili\u00ed  <\/h3>\n\n<p>Jako dopln\u011bk k \u010disti\u010dk\u00e1m vzduchu m\u016f\u017ee pou\u017eit\u00ed <strong>textiln\u00edch deodorant\u016f <\/strong>pomoci udr\u017eet p\u0159\u00edjemnou sv\u011b\u017eest v\u00fdrobk\u016f. Tyto v\u00edce\u00fa\u010delov\u00e9 v\u00fdrobky p\u016fsob\u00ed jako dezinfek\u010dn\u00ed i \u010distic\u00ed prost\u0159edky a nab\u00edzej\u00ed<strong> komplexn\u00ed \u0159e\u0161en\u00ed p\u00e9\u010de o textil<\/strong>. <\/p>\n\n<h3 class=\"wp-block-heading\">Jak\u00e1 jsou nejlep\u0161\u00ed \u0159e\u0161en\u00ed: eukalyptus, b\u011blidlo a p\u0159\u00edrodn\u00ed alternativy?<\/h3>\n\n<p><strong>Osv\u011b\u017eova\u010de vzduchu na b\u00e1zi eukalyptu<\/strong> jsou cen\u011bny pro svou sv\u011b\u017e\u00ed v\u016fni a p\u0159\u00edrodn\u00ed antibakteri\u00e1ln\u00ed vlastnosti. Podobn\u011b \u00fa\u010dinn\u00e9 dezinfek\u010dn\u00ed prost\u0159edky na b\u00e1zi b\u011blidel. Existuj\u00ed tak\u00e9 p\u0159\u00edrodn\u00ed, ekologicky \u0161etrn\u00e9 mo\u017enosti, kter\u00e9 odpov\u00eddaj\u00ed rostouc\u00edm ekologick\u00fdm obav\u00e1m.  <\/p>\n\n<h3 class=\"wp-block-heading\">Volte ekologick\u00e1 a \u00fasporn\u00e1 \u0159e\u0161en\u00ed<\/h3>\n\n<p><strong>Firmy, kter\u00e9 se zaj\u00edmaj\u00ed o sv\u016fj dopad na \u017eivotn\u00ed prost\u0159ed\u00ed,<\/strong> si mohou vybrat deodoranty a \u010distic\u00ed prost\u0159edky v \u00fasporn\u00fdch balen\u00edch s ekozna\u010dkami, kter\u00e9 zaru\u010duj\u00ed odpov\u011bdn\u00e9 pou\u017e\u00edv\u00e1n\u00ed <strong>chemick\u00fdch l\u00e1tek<\/strong>.<br\/><em>Slovo odborn\u00edka: integrac\u00ed vysoce v\u00fdkonn\u00fdch <\/em><strong><em>\u010disti\u010dek vzduchu<\/em><\/strong><em>  a p\u0159ijet\u00edm vhodn\u00fdch dopl\u0148kov\u00fdch \u0159e\u0161en\u00ed m\u016f\u017eete zajistit zdrav\u00e9 a p\u0159\u00edjemn\u00e9 pracovn\u00ed prost\u0159ed\u00ed pro sv\u00e9 zam\u011bstnance a z\u00e1rove\u0148 zachovat kvalitu a integritu sv\u00fdch textili\u00ed. Spole\u010dnost OberA je v\u00e1m k dispozici pro podporu v n\u00e1sleduj\u00edc\u00edch oblastech   <\/em><strong><em>v\u00fdb\u011br nejvhodn\u011bj\u0161\u00edho vybaven\u00ed<\/em><\/strong><em> pro va\u0161e konkr\u00e9tn\u00ed pot\u0159eby.<\/em><\/p>\n","protected":false},"excerpt":{"rendered":"<p>V textiln\u00edm pr\u016fmyslu mohou jemn\u00e9 \u010d\u00e1stice, prach a pachy nejen po\u0161kodit zdrav\u00ed zam\u011bstnanc\u016f, ale tak\u00e9 ovlivnit kvalitu hotov\u00fdch v\u00fdrobk\u016f.<\/p>\n","protected":false},"author":13,"featured_media":113843,"comment_status":"open","ping_status":"closed","sticky":false,"template":"","format":"standard","meta":{"_acf_changed":false,"_seopress_robots_primary_cat":"none","_seopress_titles_title":"\u010cisti\u010dky vzduchu pro textiln\u00ed pr\u016fmysl","_seopress_titles_desc":"Objevte \u010disti\u010dky vzduchu OberA vhodn\u00e9 pro d\u00edlny, sklady a textiln\u00ed obchody. Chra\u0148te sv\u00e9 zam\u011bstnance a zachovejte kvalitu sv\u00fdch textili\u00ed pomoc\u00ed pokro\u010dil\u00fdch filtra\u010dn\u00edch \u0159e\u0161en\u00ed, kter\u00e1 eliminuj\u00ed jemn\u00fd prach, pachy a zne\u010di\u0161\u0165uj\u00edc\u00ed l\u00e1tky. ","_seopress_robots_index":"","footnotes":""},"categories":[689],"tags":[507],"class_list":["post-105381","post","type-post","status-publish","format-standard","has-post-thumbnail","hentry","category-textil","tag-cisticky","generate-columns","tablet-grid-50","mobile-grid-100","grid-parent","grid-50","no-featured-image-padding","resize-featured-image"],"acf":[],"_links":{"self":[{"href":"https:\/\/obera.fr\/cs\/wp-json\/wp\/v2\/posts\/105381","targetHints":{"allow":["GET"]}}],"collection":[{"href":"https:\/\/obera.fr\/cs\/wp-json\/wp\/v2\/posts"}],"about":[{"href":"https:\/\/obera.fr\/cs\/wp-json\/wp\/v2\/types\/post"}],"author":[{"embeddable":true,"href":"https:\/\/obera.fr\/cs\/wp-json\/wp\/v2\/users\/13"}],"replies":[{"embeddable":true,"href":"https:\/\/obera.fr\/cs\/wp-json\/wp\/v2\/comments?post=105381"}],"version-history":[{"count":4,"href":"https:\/\/obera.fr\/cs\/wp-json\/wp\/v2\/posts\/105381\/revisions"}],"predecessor-version":[{"id":123207,"href":"https:\/\/obera.fr\/cs\/wp-json\/wp\/v2\/posts\/105381\/revisions\/123207"}],"wp:featuredmedia":[{"embeddable":true,"href":"https:\/\/obera.fr\/cs\/wp-json\/wp\/v2\/media\/113843"}],"wp:attachment":[{"href":"https:\/\/obera.fr\/cs\/wp-json\/wp\/v2\/media?parent=105381"}],"wp:term":[{"taxonomy":"category","embeddable":true,"href":"https:\/\/obera.fr\/cs\/wp-json\/wp\/v2\/categories?post=105381"},{"taxonomy":"post_tag","embeddable":true,"href":"https:\/\/obera.fr\/cs\/wp-json\/wp\/v2\/tags?post=105381"}],"curies":[{"name":"wp","href":"https:\/\/api.w.org\/{rel}","templated":true}]}}