{"id":105502,"date":"2025-05-30T14:57:00","date_gmt":"2025-05-30T12:57:00","guid":{"rendered":"https:\/\/obera.fr\/nase-rada\/purificateur-plastique\/"},"modified":"2025-07-16T11:39:04","modified_gmt":"2025-07-16T09:39:04","slug":"purificateur-plastique","status":"publish","type":"post","link":"https:\/\/obera.fr\/cs\/plasty-zpracovani-plastu-kompozitni-materialy\/purificateur-plastique\/","title":{"rendered":"\u010cisti\u010dka vzduchu pro plastik\u00e1\u0159sk\u00fd pr\u016fmysl"},"content":{"rendered":"\n<p>V plastik\u00e1\u0159sk\u00e9m pr\u016fmyslu je <strong>kvalita vzduchu<\/strong> d\u016fle\u017eit\u00fdm faktorem pro zaji\u0161t\u011bn\u00ed zdrav\u00ed zam\u011bstnanc\u016f a optimalizaci v\u00fdrobn\u00edch proces\u016f. Profesion\u00e1ln\u00ed \u010disti\u010dky vzduchu, jako jsou ty, kter\u00e9 nab\u00edz\u00ed spole\u010dnost OberA, poskytuj\u00ed \u00fa\u010dinn\u00e1 \u0159e\u0161en\u00ed pro odstran\u011bn\u00ed \u0161kodliv\u00fdch \u010d\u00e1stic a <strong>chemick\u00fdch pach\u016f specifick\u00fdch pro toto odv\u011btv\u00ed<\/strong>.<\/p>\n\n<h2 class=\"wp-block-heading\">Plastik\u00e1\u0159sk\u00fd pr\u016fmysl: pro\u010d si koupit \u010disti\u010dku vzduchu?<\/h2>\n\n<h3 class=\"wp-block-heading\">Plastov\u00e9 \u010d\u00e1stice: \u0161kodliv\u00e9 \u00fa\u010dinky  <\/h3>\n\n<div class=\"wp-block-columns is-layout-flex wp-container-core-columns-is-layout-28f84493 wp-block-columns-is-layout-flex\">\n<div class=\"wp-block-column is-layout-flow wp-block-column-is-layout-flow\" style=\"flex-basis:66.66%\">\n<p>P\u0159i v\u00fdrob\u011b plast\u016f vznikaj\u00ed r\u016fzn\u00e9 zne\u010di\u0161\u0165uj\u00edc\u00ed l\u00e1tky, v\u010detn\u011b :<\/p>\n\n\n\n<ul class=\"wp-block-list\">\n<li><strong>Jemn\u00e9 \u010d\u00e1stice (PM10) a ultrajemn\u00e9 \u010d\u00e1stice (PM2,5 a PM0,1)<\/strong> vznikaj\u00edc\u00ed p\u0159i zpracov\u00e1n\u00ed plast\u016f, jako je vst\u0159ikov\u00e1n\u00ed, vytla\u010dov\u00e1n\u00ed a tepeln\u00e9 tvarov\u00e1n\u00ed. Tyto vzdu\u0161n\u00e9 mikro\u010d\u00e1stice mohou b\u00fdt vdechov\u00e1ny hluboko do plic a zp\u016fsobovat d\u00fdchac\u00ed pot\u00ed\u017ee nebo chronick\u00e9 z\u00e1n\u011bty.   <\/li>\n\n\n\n<li><strong>T\u011bkav\u00e9 organick\u00e9 l\u00e1tky (VOC)<\/strong> uvol\u0148ovan\u00e9 p\u0159i zah\u0159\u00edv\u00e1n\u00ed, \u0159ez\u00e1n\u00ed a sva\u0159ov\u00e1n\u00ed plast\u016f. Styren, formaldehyd, ftal\u00e1ty&#8230; Tolik pouh\u00fdm okem neviditeln\u00fdch slou\u010denin, kter\u00e9 mohou zp\u016fsobovat podr\u00e1\u017ed\u011bn\u00ed, neurologick\u00e9 poruchy nebo p\u016fsobit jako endokrinn\u00ed disruptory u obsluhy. <\/li>\n\n\n\n<li>P\u0159i zpracov\u00e1n\u00ed nebo ne\u00famysln\u00e9m spalov\u00e1n\u00ed n\u011bkter\u00fdch plast\u016f se uvol\u0148uj\u00ed<strong> toxick\u00e9 v\u00fdpary a plyny<\/strong>. Pat\u0159\u00ed mezi n\u011b chlorovod\u00edk a kyanovod\u00edk, kter\u00e9 jsou p\u0159i vdechov\u00e1n\u00ed dr\u00e1\u017ediv\u00e9 a toxick\u00e9. <\/li>\n<\/ul>\n\n\n\n<p>K tomu se p\u0159id\u00e1v\u00e1 plastov\u00fd prach, kter\u00fd se m\u016f\u017ee hromadit v plic\u00edch, a <strong>chemick\u00e9 pachy, kter\u00e9 mohou b\u00fdt dr\u00e1\u017ediv\u00e9<\/strong>. Tyto zne\u010di\u0161\u0165uj\u00edc\u00ed l\u00e1tky jsou nebezpe\u010dn\u00e9 nejen pro zdrav\u00ed pracovn\u00edk\u016f, ale tak\u00e9 pro kvalitu ovzdu\u0161\u00ed v interi\u00e9ru a pr\u016fmyslovou bezpe\u010dnost, proto\u017ee n\u011bkter\u00e9 v\u00fdpary jsou ho\u0159lav\u00e9 nebo v\u00fdbu\u0161n\u00e9. Bez <strong>odpov\u00eddaj\u00edc\u00ed filtrace<\/strong> z\u016fst\u00e1vaj\u00ed tyto l\u00e1tky suspendov\u00e1ny ve vzduchu a ohro\u017euj\u00ed kvalitu pracovn\u00edho prost\u0159ed\u00ed.  <\/p>\n\n\n\n<blockquote class=\"wp-block-quote is-layout-flow wp-block-quote-is-layout-flow\">\n<p><em>Tip OberA: pou\u017eijte <\/em><a href=\"https:\/\/obera.fr\/cs\/produits\/purificateurs-air\/\"><em>pr\u016fmyslovou \u010disti\u010dku vzduchu<\/em><\/a><em> vybaven\u00e9ho HEPA filtry a aktivn\u00edm uhl\u00edm se doporu\u010duje tyto \u0161kodliviny zachytit a neutralizovat.<\/em><\/p>\n<\/blockquote>\n<\/div>\n\n\n\n<div class=\"wp-block-column is-layout-flow wp-block-column-is-layout-flow\" style=\"flex-basis:33.33%\">\n<figure class=\"wp-block-image aligncenter size-large\"><img decoding=\"async\" width=\"1024\" height=\"1024\" src=\"https:\/\/obera.fr\/wp-content\/uploads\/2025\/05\/polluants-nocifs-1024x1024.png\" alt=\"&#x161;kodliv&#xE9; zne&#x10D;i&#x161;&#x165;uj&#xED;c&#xED; l&#xE1;tky\" class=\"wp-image-121106\" srcset=\"https:\/\/obera.fr\/wp-content\/uploads\/2025\/05\/polluants-nocifs-1024x1024.png 1024w, https:\/\/obera.fr\/wp-content\/uploads\/2025\/05\/polluants-nocifs-300x300.png 300w, https:\/\/obera.fr\/wp-content\/uploads\/2025\/05\/polluants-nocifs-150x150.png 150w, https:\/\/obera.fr\/wp-content\/uploads\/2025\/05\/polluants-nocifs-768x768.png 768w, https:\/\/obera.fr\/wp-content\/uploads\/2025\/05\/polluants-nocifs.png 1200w\" sizes=\"(max-width: 1024px) 100vw, 1024px\" \/><\/figure>\n<\/div>\n<\/div>\n\n<h3 class=\"wp-block-heading\">Nesporn\u00e9 v\u00fdhody \u010disti\u010dek vzduchu pro plastik\u00e1\u0159sk\u00fd pr\u016fmysl<\/h3>\n\n<div class=\"wp-block-columns is-layout-flex wp-container-core-columns-is-layout-28f84493 wp-block-columns-is-layout-flex\">\n<div class=\"wp-block-column is-layout-flow wp-block-column-is-layout-flow\" style=\"flex-basis:66.66%\">\n<p>Investice do \u010disti\u010dky vzduchu pro<strong>plastik\u00e1\u0159sk\u00fd pr\u016fmysl<\/strong> je v\u00edce ne\u017e jen preventivn\u00ed opat\u0159en\u00ed: je to nutnost pro zaji\u0161t\u011bn\u00ed zdrav\u00e9ho pracovn\u00edho prost\u0159ed\u00ed, kter\u00e9 odpov\u00edd\u00e1 bezpe\u010dnostn\u00edm norm\u00e1m. Zachycov\u00e1n\u00edm jemn\u00fdch \u010d\u00e1stic, <a href=\"https:\/\/obera.fr\/cs\/produits\/traitement-cov\/\">t\u011bkav\u00fdch organick\u00fdch slou\u010denin (VOC)<\/a> a <strong>chemick\u00fdch pach\u016f<\/strong> chr\u00e1n\u00ed tato za\u0159\u00edzen\u00ed zdrav\u00ed zam\u011bstnanc\u016f, kte\u0159\u00ed jsou denn\u011b vystaveni p\u016fsoben\u00ed \u0161kodlivin z plast\u016f. Lep\u0161\u00ed kvalita vzduchu v interi\u00e9ru sni\u017euje riziko respira\u010dn\u00edch onemocn\u011bn\u00ed, zvy\u0161uje pracovn\u00ed komfort a omezuje absenci, co\u017e je <strong>kl\u00ed\u010dov\u00fd faktor produktivity<\/strong> va\u0161\u00ed spole\u010dnosti.  <\/p>\n\n\n\n<p>Krom\u011b ochrany pracovn\u00edk\u016f <strong>p\u0159isp\u00edv\u00e1 \u010disti\u010dka vzduchu k dlouh\u00e9 \u017eivotnosti za\u0159\u00edzen\u00ed<\/strong> a optimalizaci pr\u016fmyslov\u00fdch proces\u016f. P\u0159\u00edtomnost prachu a zne\u010di\u0161\u0165uj\u00edc\u00edch l\u00e1tek m\u016f\u017ee zan\u00e1\u0161et stroje, po\u0161kozovat materi\u00e1ly a sni\u017eovat p\u0159esnost operac\u00ed. Integrac\u00ed \u00fa\u010dinn\u00e9ho \u0159e\u0161en\u00ed \u010di\u0161t\u011bn\u00ed m\u016f\u017eete zajistit \u010dist\u0161\u00ed pracovn\u00ed prost\u0159ed\u00ed,<strong> sn\u00ed\u017eit n\u00e1klady na \u00fadr\u017ebu<\/strong> a zlep\u0161it celkov\u00fd v\u00fdkon d\u00edlny nebo v\u00fdrobn\u00ed jednotky.  <\/p>\n<\/div>\n\n\n\n<div class=\"wp-block-column is-layout-flow wp-block-column-is-layout-flow\" style=\"flex-basis:33.33%\">\n<figure class=\"wp-block-image aligncenter size-large is-resized\"><img decoding=\"async\" width=\"1024\" height=\"1024\" src=\"https:\/\/obera.fr\/wp-content\/uploads\/2025\/01\/image-avantages-1024x1024.jpg\" alt=\"v&#xFD;hody obr&#xE1;zku\" class=\"wp-image-57732\" style=\"width:289px;height:auto\" srcset=\"https:\/\/obera.fr\/wp-content\/uploads\/2025\/01\/image-avantages-1024x1024.jpg 1024w, https:\/\/obera.fr\/wp-content\/uploads\/2025\/01\/image-avantages-300x300.jpg 300w, https:\/\/obera.fr\/wp-content\/uploads\/2025\/01\/image-avantages-150x150.jpg 150w, https:\/\/obera.fr\/wp-content\/uploads\/2025\/01\/image-avantages-768x768.jpg 768w, https:\/\/obera.fr\/wp-content\/uploads\/2025\/01\/image-avantages-400x400.jpg 400w, https:\/\/obera.fr\/wp-content\/uploads\/2025\/01\/image-avantages-600x600.jpg 600w, https:\/\/obera.fr\/wp-content\/uploads\/2025\/01\/image-avantages.jpg 1200w\" sizes=\"(max-width: 1024px) 100vw, 1024px\" \/><\/figure>\n<\/div>\n<\/div>\n\n<p><\/p>\n\n<h2 class=\"wp-block-heading\">Jak si \u010disti\u010dky vzduchu porad\u00ed se zne\u010di\u0161\u0165uj\u00edc\u00edmi l\u00e1tkami vypou\u0161t\u011bn\u00fdmi plasty?<\/h2>\n\n<h3 class=\"wp-block-heading\">HEPA filtry, filtry s aktivn\u00edm uhl\u00edm, iontov\u00e9 syst\u00e9my&#8230; pokro\u010dil\u00e9 technologie<\/h3>\n\n<p><strong>\u010cisti\u010dky vzduchu pro<\/strong> plastik\u00e1\u0159sk\u00fd pr\u016fmysl vyu\u017e\u00edvaj\u00ed n\u011bkolik filtra\u010dn\u00edch technologi\u00ed.<\/p>\n\n<ul class=\"wp-block-list\">\n<li><strong>Filtry HEPA (High Efficiency Particulate Air) <\/strong>: tyto filtry zachyt\u00ed a\u017e 99,995 % suspendovan\u00fdch jemn\u00fdch \u010d\u00e1stic a zajist\u00ed \u00fa\u010dinn\u00e9 \u010di\u0161t\u011bn\u00ed vzduchu;  <\/li>\n\n\n\n<li><strong>Filtry s aktivn\u00edm uhl\u00edm<\/strong>: pohlcuj\u00ed t\u011bkav\u00e9 organick\u00e9 l\u00e1tky a chemick\u00e9 pachy.<\/li>\n\n\n\n<li><strong>Iontov\u00e9 syst\u00e9my<\/strong>: tato za\u0159\u00edzen\u00ed neutralizuj\u00ed \u010d\u00e1stice jejich elektrick\u00fdm nab\u00edjen\u00edm, co\u017e usnad\u0148uje jejich zachycen\u00ed filtry.<\/li>\n<\/ul>\n\n<h3 class=\"wp-block-heading\">Rozd\u00edly mezi profesion\u00e1ln\u00edmi a dom\u00e1c\u00edmi \u010disti\u010dkami odpadn\u00edch vod<\/h3>\n\n<p>Pr\u016fmyslov\u00e9 \u010disti\u010dky vzduchu jsou ur\u010deny k<strong> \u010di\u0161t\u011bn\u00ed velk\u00fdch objem\u016f vzduchu<\/strong> a k odstran\u011bn\u00ed vysok\u00fdch koncentrac\u00ed zne\u010di\u0161\u0165uj\u00edc\u00edch l\u00e1tek specifick\u00fdch pro pr\u016fmysl. Nab\u00edzej\u00ed v\u011bt\u0161\u00ed odolnost a \u00fa\u010dinnost ne\u017e dom\u00e1c\u00ed modely, kter\u00e9 jsou vhodn\u00e9 pro m\u00e9n\u011b n\u00e1ro\u010dn\u00e9 prost\u0159ed\u00ed. <\/p>\n\n<h2 class=\"wp-block-heading\">Jak vybrat spr\u00e1vnou \u010disti\u010dku vzduchu pro plastik\u00e1\u0159sk\u00fd pr\u016fmysl?<\/h2>\n\n<p>Pro zaji\u0161t\u011bn\u00ed zdrav\u00e9ho vzduchu, kter\u00fd odpov\u00edd\u00e1 pr\u016fmyslov\u00fdm norm\u00e1m, je t\u0159eba zohlednit \u0159adu krit\u00e9ri\u00ed: <strong>filtra\u010dn\u00ed kapacitu, kompatibilitu s r\u016fzn\u00fdmi pracovn\u00edmi prost\u0159ed\u00edmi<\/strong> (d\u00edlny, kancel\u00e1\u0159e, skladovac\u00ed prostory) a snadnou \u00fadr\u017ebu a mobilitu.<\/p>\n\n<h3 class=\"wp-block-heading\">Filtra\u010dn\u00ed kapacita  <\/h3>\n\n<p>Je nezbytn\u00e9 <strong>vybrat \u010disti\u010dku, kter\u00e1<\/strong> si porad\u00ed s typy zne\u010di\u0161\u0165uj\u00edc\u00edch l\u00e1tek p\u0159\u00edtomn\u00fdch ve va\u0161em pracovn\u00edm prost\u0159ed\u00ed, s p\u0159ihl\u00e9dnut\u00edm k HEPA filtr\u016fm pro jemn\u00e9 \u010d\u00e1stice a <a href=\"https:\/\/obera.fr\/cs\/nase-rady\/solutions-pour-traiter-solvants-adsorption-charbon-actif\/\">filtr\u016fm s aktivn\u00edm uhl\u00edm pro<\/a> t\u011bkav\u00e9 organick\u00e9 l\u00e1tky a pachy. <\/p>\n\n<h3 class=\"wp-block-heading\">Kompatibilita s r\u016fzn\u00fdmi pracovn\u00edmi prost\u0159ed\u00edmi<\/h3>\n\n<p><strong> Mobiln\u00ed \u010disti\u010dky<\/strong> nab\u00edzej\u00ed v\u011bt\u0161\u00ed flexibilitu a umo\u017e\u0148uj\u00ed snadn\u00e9 p\u0159emis\u0165ov\u00e1n\u00ed mezi r\u016fzn\u00fdmi prostory podle pot\u0159eby. Tato p\u0159izp\u016fsobivost je v\u00fdhodn\u00e1 zejm\u00e9na v d\u00edln\u00e1ch, kde se mohou m\u011bnit <strong>zdroje zne\u010di\u0161t\u011bn\u00ed<\/strong>. <\/p>\n\n<h3 class=\"wp-block-heading\">Snadn\u00e1 \u00fadr\u017eba a mobilita<\/h3>\n\n<p>\u00da\u010dinn\u00e1 \u010disti\u010dka vzduchu se mus\u00ed snadno udr\u017eovat, aby byl<strong> zaji\u0161t\u011bn jej\u00ed dlouhodob\u00fd optim\u00e1ln\u00ed v\u00fdkon<\/strong>. Vyberte si model se snadno vym\u011bniteln\u00fdmi filtry a indik\u00e1tory nasycen\u00ed pro preventivn\u00ed \u00fadr\u017ebu. Kl\u00ed\u010dov\u00fdm krit\u00e9riem je tak\u00e9 mobilita: d\u00edky kole\u010dk\u016fm nebo kompaktn\u00edmu proveden\u00ed m\u016f\u017eete p\u0159\u00edstroj p\u0159emis\u0165ovat mezi <strong>r\u016fzn\u00fdmi pracovn\u00edmi prostory<\/strong> a optimalizovat tak \u010di\u0161t\u011bn\u00ed vzduchu tam, kde je to nejv\u00edce pot\u0159eba.  <\/p>\n\n<p><em>Sv\u011b\u0159te se do rukou odborn\u00edk\u016f spole\u010dnosti OberA: na\u0161i technici se specializuj\u00ed na \u00fapravu vzduchu v pr\u016fmyslov\u00e9m prost\u0159ed\u00ed a porad\u00ed v\u00e1m, jak nejl\u00e9pe vy\u010distit vzduch. <\/em><strong><em>model \u010disti\u010dky vzduchu<\/em><\/strong><em>  nejvhodn\u011bj\u0161\u00ed pro zpracov\u00e1n\u00ed plastov\u00fdch \u010d\u00e1stic. V p\u0159\u00edpad\u011b pochybnost\u00ed m\u016f\u017eete vyu\u017e\u00edt n\u011bkolikat\u00fddenn\u00ed zku\u0161ebn\u00ed f\u00e1zi k ov\u011b\u0159en\u00ed spr\u00e1vnosti \u0159e\u0161en\u00ed. <\/em><\/p>\n\n<h2 class=\"wp-block-heading\">\u0158e\u0161en\u00ed OberA pro optim\u00e1ln\u00ed kvalitu vzduchu v pr\u016fmyslov\u00e9m prost\u0159ed\u00ed  <\/h2>\n\n<p>Pr\u016fmyslov\u00e9 \u010disti\u010dky vzduchu OberA vynikaj\u00ed svou v\u0161estrannost\u00ed a \u00fa\u010dinnost\u00ed p\u0159i likvidaci plastov\u00fdch zne\u010di\u0161\u0165uj\u00edc\u00edch l\u00e1tek. Jsou navr\u017eeny tak, aby spl\u0148ovaly <strong>po\u017eadavky pr\u016fmyslov\u00e9ho prost\u0159ed\u00ed,<\/strong> a kombinuj\u00ed HEPA filtry, filtry s aktivn\u00edm uhl\u00edm a pokro\u010dil\u00e9 technologie, kter\u00e9 eliminuj\u00ed jemn\u00e9 \u010d\u00e1stice i t\u011bkav\u00e9 organick\u00e9 l\u00e1tky a chemick\u00e9 pachy.   <\/p>\n\n<p>Spole\u010dnost OberA nab\u00edz\u00ed<strong> \u0159adu pr\u016fmyslov\u00fdch \u010disti\u010dek vzduchu <\/strong>p\u0159izp\u016fsoben\u00fdch specifick\u00fdm pot\u0159eb\u00e1m plastik\u00e1\u0159sk\u00e9ho pr\u016fmyslu.<\/p>\n\n<ul class=\"wp-block-list\">\n<li><strong>ePUR:<\/strong> tento v\u0161estrann\u00fd model vyu\u017e\u00edv\u00e1 n\u011bkolik vrstev filtrace, v\u010detn\u011b HEPA filtr\u016f, k \u00fa\u010dinn\u00e9mu odstran\u011bn\u00ed jemn\u00fdch \u010d\u00e1stic a chemick\u00fdch \u0161kodlivin. \u200b <\/li>\n\n\n\n<li><strong>ePUR CA<\/strong>: je vybaven filtry s aktivn\u00edm uhl\u00edm a je obzvl\u00e1\u0161t\u011b \u00fa\u010dinn\u00fd p\u0159i pohlcov\u00e1n\u00ed t\u011bkav\u00fdch organick\u00fdch l\u00e1tek a pach\u016f specifick\u00fdch pro procesy v\u00fdroby plast\u016f. \u200b <\/li>\n\n\n\n<li><strong>Filtra\u010dn\u00ed v\u011b\u017e<\/strong>: tato \u010disti\u010dka je ur\u010dena pro velk\u00e9 prostory, zvl\u00e1d\u00e1 vysok\u00e9 pr\u016ftoky vzduchu a je ide\u00e1ln\u00ed pro velk\u00e9 d\u00edlny. \u200b <\/li>\n\n\n\n<li><strong>EPUR150 FRESH<\/strong>: v\u0161estrann\u00fd model s v\u00edce stupni filtrace (G4\/F8) a technologi\u00ed odpa\u0159ovac\u00edho chlazen\u00ed pro ochlazov\u00e1n\u00ed hork\u00fdch m\u00edst.<\/li>\n<\/ul>\n\n<p><\/p>\n","protected":false},"excerpt":{"rendered":"<p>V plastik\u00e1\u0159sk\u00e9m pr\u016fmyslu je kvalita vzduchu d\u016fle\u017eit\u00fdm faktorem pro zaji\u0161t\u011bn\u00ed zdrav\u00ed zam\u011bstnanc\u016f a optimalizaci v\u00fdrobn\u00edch proces\u016f.<\/p>\n","protected":false},"author":4,"featured_media":113797,"comment_status":"open","ping_status":"closed","sticky":false,"template":"","format":"standard","meta":{"_acf_changed":false,"_seopress_robots_primary_cat":"none","_seopress_titles_title":"Plastov\u00e1 \u010disti\u010dka vzduchu: odstra\u0148uje zne\u010di\u0161\u0165uj\u00edc\u00ed l\u00e1tky a z\u00e1pachy","_seopress_titles_desc":"Chra\u0148te sv\u00e9 zam\u011bstnance a zlep\u0161ete kvalitu vzduchu pomoc\u00ed \u010disti\u010dek vzduchu OberA. \u00da\u010dinn\u00fd proti jemn\u00fdm \u010d\u00e1stic\u00edm a plastov\u00fdm zne\u010di\u0161\u0165uj\u00edc\u00edm l\u00e1tk\u00e1m. Rychl\u00e9 dod\u00e1n\u00ed zdarma.","_seopress_robots_index":"","footnotes":""},"categories":[777],"tags":[507],"class_list":["post-105502","post","type-post","status-publish","format-standard","has-post-thumbnail","hentry","category-plasty-zpracovani-plastu-kompozitni-materialy","tag-cisticky","generate-columns","tablet-grid-50","mobile-grid-100","grid-parent","grid-50","no-featured-image-padding","resize-featured-image"],"acf":[],"_links":{"self":[{"href":"https:\/\/obera.fr\/cs\/wp-json\/wp\/v2\/posts\/105502","targetHints":{"allow":["GET"]}}],"collection":[{"href":"https:\/\/obera.fr\/cs\/wp-json\/wp\/v2\/posts"}],"about":[{"href":"https:\/\/obera.fr\/cs\/wp-json\/wp\/v2\/types\/post"}],"author":[{"embeddable":true,"href":"https:\/\/obera.fr\/cs\/wp-json\/wp\/v2\/users\/4"}],"replies":[{"embeddable":true,"href":"https:\/\/obera.fr\/cs\/wp-json\/wp\/v2\/comments?post=105502"}],"version-history":[{"count":5,"href":"https:\/\/obera.fr\/cs\/wp-json\/wp\/v2\/posts\/105502\/revisions"}],"predecessor-version":[{"id":123491,"href":"https:\/\/obera.fr\/cs\/wp-json\/wp\/v2\/posts\/105502\/revisions\/123491"}],"wp:featuredmedia":[{"embeddable":true,"href":"https:\/\/obera.fr\/cs\/wp-json\/wp\/v2\/media\/113797"}],"wp:attachment":[{"href":"https:\/\/obera.fr\/cs\/wp-json\/wp\/v2\/media?parent=105502"}],"wp:term":[{"taxonomy":"category","embeddable":true,"href":"https:\/\/obera.fr\/cs\/wp-json\/wp\/v2\/categories?post=105502"},{"taxonomy":"post_tag","embeddable":true,"href":"https:\/\/obera.fr\/cs\/wp-json\/wp\/v2\/tags?post=105502"}],"curies":[{"name":"wp","href":"https:\/\/api.w.org\/{rel}","templated":true}]}}