{"id":105613,"date":"2025-06-02T10:04:00","date_gmt":"2025-06-02T08:04:00","guid":{"rendered":"https:\/\/obera.fr\/nase-rada\/bien-choisir-masque-poussiere\/"},"modified":"2025-06-16T15:01:37","modified_gmt":"2025-06-16T13:01:37","slug":"bien-choisir-masque-poussiere","status":"publish","type":"post","link":"https:\/\/obera.fr\/cs\/nase-rady\/bien-choisir-masque-poussiere\/","title":{"rendered":"V\u00fdb\u011br spr\u00e1vn\u00e9 masky nesta\u010d\u00ed: pro\u010d je d\u016fle\u017eit\u00e9 zachytit prach u zdroje?"},"content":{"rendered":"\n<p>Jemn\u00fd prach je ve stavebnictv\u00ed, kamenictv\u00ed a pr\u016fmyslu v\u0161udyp\u0159\u00edtomn\u00fd. P\u0159esto\u017ee se no\u0161en\u00ed ochrann\u00e9 masky stalo v mnoha podnic\u00edch samoz\u0159ejmost\u00ed, samo o sob\u011b nen\u00ed dostate\u010dnou z\u00e1rukou \u00fapln\u00e9 ochrany. Ve spole\u010dnosti <strong>OberA<\/strong> prosazujeme glob\u00e1ln\u00ed p\u0159\u00edstup k prevenci: <strong>p\u016fsobit u zdroje a neutralizovat nebezpe\u010d\u00ed d\u0159\u00edve, ne\u017e se roz\u0161\u00ed\u0159\u00ed<\/strong>.    <\/p>\n\n<h2 class=\"wp-block-heading\">Masky: p\u0159ek\u00e1\u017eka, nikoli jedin\u00e9 \u0159e\u0161en\u00ed  <\/h2>\n\n<p>Respir\u00e1tor je nezbytnou sou\u010d\u00e1st\u00ed osobn\u00edho vybaven\u00ed, zejm\u00e9na pokud je dob\u0159e zvolen, dob\u0159e nasazen a udr\u017eov\u00e1n. Ale i ty nej\u00fa\u010dinn\u011bj\u0161\u00ed modely maj\u00ed sv\u00e9 limity:   <\/p>\n\n<ul class=\"wp-block-list\">\n<li>Chr\u00e1n\u00ed <strong>pouze nositele<\/strong>.  <\/li>\n\n\n\n<li><strong>P\u0159i nespr\u00e1vn\u00e9m no\u0161en\u00ed <\/strong> se st\u00e1vaj\u00ed <strong>ne\u00fa\u010dinn\u00fdmi <\/strong>(vousy, st\u0159ih, vlhkost). &#8211; <strong>Nepotla\u010duj\u00ed pra\u0161nost v <\/strong>pracovn\u00edm <strong>prost\u0159ed\u00ed <\/strong>. Jin\u00fdmi slovy, maska je <strong>posledn\u00ed,<\/strong> nikoliv prvn\u00ed <strong>obrannou lini\u00ed<\/strong>.    <\/li>\n<\/ul>\n\n<h2 class=\"wp-block-heading\">Zachycen\u00ed u zdroje: nejlep\u0161\u00ed preventivn\u00ed strategie  <\/h2>\n\n<p>Zachycov\u00e1n\u00ed u zdroje spo\u010d\u00edv\u00e1 v ods\u00e1v\u00e1n\u00ed nebo zadr\u017eov\u00e1n\u00ed prachu v <strong>okam\u017eiku jeho vzniku<\/strong>. Je to zdrav\u00fd p\u0159\u00edstup, kter\u00fd je v\u0161ak st\u00e1le p\u0159\u00edli\u0161 \u010dasto zanedb\u00e1v\u00e1n. P\u0159itom m\u00e1 mnoho v\u00fdhod:    <\/p>\n\n<ul class=\"wp-block-list\">\n<li><strong>Okam\u017eit\u00e9 sn\u00ed\u017een\u00ed koncentrace prachu v okoln\u00edm ovzdu\u0161\u00ed<\/strong>.  <\/li>\n\n\n\n<li><strong>Zv\u00fd\u0161en\u00e1 kolektivn\u00ed ochrana <\/strong>: \u010dist\u0161\u00ed ovzdu\u0161\u00ed je p\u0159\u00ednosem pro v\u0161echny zam\u011bstnance, i pro ty, kte\u0159\u00ed nejsou p\u0159\u00edmo vystaveni jeho vlivu.  <\/li>\n\n\n\n<li><strong>Konzervace za\u0159\u00edzen\u00ed <\/strong>(stroje, senzory, filtry, ventila\u010dn\u00ed syst\u00e9my). &#8211; <strong>Zlep\u0161en\u00ed \u010distoty pracovn\u00edch m\u00edst,<\/strong> co\u017e vede ke zlep\u0161en\u00ed produktivity a image. <strong>Ve spole\u010dnosti OberA je zachycov\u00e1n\u00ed u zdroje na\u0161\u00ed specialitou. <\/strong>  <\/li>\n<\/ul>\n\n<p>N\u00e1\u0161 t\u00fdm navrhuje a instaluje <strong>ods\u00e1vac\u00ed syst\u00e9my p\u0159izp\u016fsoben\u00e9 ka\u017ed\u00e9mu pracovi\u0161ti <\/strong>: ods\u00e1vac\u00ed ramena, ods\u00e1vac\u00ed stoly, integrovan\u00e9 ods\u00e1vac\u00ed sk\u0159\u00edn\u011b, uzav\u0159en\u00e9 kabiny atd. Prov\u00e1d\u00edme tak\u00e9 audity, abychom identifikovali kritick\u00e1 m\u00edsta a navrhli <strong>spolehliv\u00e1, udr\u017eiteln\u00e1 a ergonomick\u00e1<\/strong> technick\u00e1 \u0159e\u0161en\u00ed.   <\/p>\n\n<p>Krom\u011b technick\u00fdch aspekt\u016f jsou v\u0161ak d\u016fle\u017eit\u00e9 i na\u0161e <strong>hlubok\u00e9 znalosti manu\u00e1ln\u00edch a pr\u016fmyslov\u00fdch \u0159emesel <\/strong>. V\u00edme, \u017ee efektivn\u00ed \u0159e\u0161en\u00ed je takov\u00e9, kter\u00e9 je <strong>praktick\u00e9, p\u0159ijateln\u00e9 a pou\u017e\u00edvan\u00e9 v praxi<\/strong>.   <\/p>\n\n<h2 class=\"wp-block-heading\"><strong>Prevence je \u0159et\u011bz: ka\u017ed\u00fd \u010dl\u00e1nek se po\u010d\u00edt\u00e1  <\/strong><\/h2>\n\n<p>Masky, v\u011btr\u00e1n\u00ed, zachycov\u00e1n\u00ed, \u010di\u0161t\u011bn\u00ed&#8230; Ochrana proti jemn\u00e9mu prachu je zalo\u017eena na glob\u00e1ln\u00ed strategii. Pokud v\u0161ak existuje <strong>jedna priorita<\/strong>, je to <strong>sb\u011br u zdroje<\/strong>. M\u00e9n\u011b emitovan\u00e9ho prachu = m\u00e9n\u011b prachu k d\u00fdch\u00e1n\u00ed.  <\/p>\n\n<p><strong>Spole\u010dnost OberA <\/strong>v\u00e1s p\u0159i tomto z\u00e1sadn\u00edm p\u0159echodu podporuje s jedin\u00fdm c\u00edlem: zajistit, aby va\u0161i zam\u011bstnanci pracovali v bezpe\u010dn\u011bj\u0161\u00edm, \u010dist\u0161\u00edm a klidn\u011bj\u0161\u00edm prost\u0159ed\u00ed.<\/p>\n\n<p>\u00a0<\/p>\n\n<p>Pot\u0159ebujete diagn\u00f3zu nebo \u0159e\u0161en\u00ed na m\u00edru?  <\/p>\n\n<p><strong>Kontakt OberA: prevence ur\u010den\u00e1 pro profesion\u00e1ly, navr\u017een\u00e1 s ohledem na n\u011b.<\/strong><\/p>\n\n<p><\/p>\n","protected":false},"excerpt":{"rendered":"<p>Jemn\u00fd prach je ve stavebnictv\u00ed, kamenictv\u00ed a pr\u016fmyslu v\u0161udyp\u0159\u00edtomn\u00fd. P\u0159esto\u017ee se no\u0161en\u00ed ochrann\u00e9 masky stalo v mnoha podnic\u00edch samoz\u0159ejmost\u00ed, samo o sob\u011b nen\u00ed dostate\u010dnou z\u00e1rukou \u00fapln\u00e9 ochrany. <\/p>\n","protected":false},"author":13,"featured_media":112313,"comment_status":"open","ping_status":"closed","sticky":false,"template":"","format":"standard","meta":{"_acf_changed":false,"_seopress_robots_primary_cat":"none","_seopress_titles_title":"Capter la poussi\u00e8re \u00e0 la source : une pr\u00e9vention essentielle \u2013 OberA","_seopress_titles_desc":"Le masque ne suffit pas : capter la poussi\u00e8re \u00e0 la source prot\u00e8ge mieux vos \u00e9quipes. D\u00e9couvrez notre approche globale de la pr\u00e9vention avec OberA.","_seopress_robots_index":"","footnotes":""},"categories":[310],"tags":[],"class_list":["post-105613","post","type-post","status-publish","format-standard","has-post-thumbnail","hentry","category-nase-rady","generate-columns","tablet-grid-50","mobile-grid-100","grid-parent","grid-50","no-featured-image-padding","resize-featured-image"],"acf":[],"_links":{"self":[{"href":"https:\/\/obera.fr\/cs\/wp-json\/wp\/v2\/posts\/105613","targetHints":{"allow":["GET"]}}],"collection":[{"href":"https:\/\/obera.fr\/cs\/wp-json\/wp\/v2\/posts"}],"about":[{"href":"https:\/\/obera.fr\/cs\/wp-json\/wp\/v2\/types\/post"}],"author":[{"embeddable":true,"href":"https:\/\/obera.fr\/cs\/wp-json\/wp\/v2\/users\/13"}],"replies":[{"embeddable":true,"href":"https:\/\/obera.fr\/cs\/wp-json\/wp\/v2\/comments?post=105613"}],"version-history":[{"count":1,"href":"https:\/\/obera.fr\/cs\/wp-json\/wp\/v2\/posts\/105613\/revisions"}],"predecessor-version":[{"id":105619,"href":"https:\/\/obera.fr\/cs\/wp-json\/wp\/v2\/posts\/105613\/revisions\/105619"}],"wp:featuredmedia":[{"embeddable":true,"href":"https:\/\/obera.fr\/cs\/wp-json\/wp\/v2\/media\/112313"}],"wp:attachment":[{"href":"https:\/\/obera.fr\/cs\/wp-json\/wp\/v2\/media?parent=105613"}],"wp:term":[{"taxonomy":"category","embeddable":true,"href":"https:\/\/obera.fr\/cs\/wp-json\/wp\/v2\/categories?post=105613"},{"taxonomy":"post_tag","embeddable":true,"href":"https:\/\/obera.fr\/cs\/wp-json\/wp\/v2\/tags?post=105613"}],"curies":[{"name":"wp","href":"https:\/\/api.w.org\/{rel}","templated":true}]}}