{"id":108502,"date":"2025-06-03T15:30:44","date_gmt":"2025-06-03T13:30:44","guid":{"rendered":"https:\/\/obera.fr\/nase-rada\/rafraichisseur-atelier-usinage\/"},"modified":"2025-11-20T15:54:55","modified_gmt":"2025-11-20T13:54:55","slug":"rafraichisseur-atelier-usinage","status":"publish","type":"post","link":"https:\/\/obera.fr\/cs\/obrabeni-soustruzeni-tyci-a-povrchova-uprava\/rafraichisseur-atelier-usinage\/","title":{"rendered":"Obr\u00e1b\u011bc\u00ed d\u00edlna: chladi\u010de vzduchu pro n\u00e1ro\u010dn\u00e9 pr\u016fmyslov\u00e9 prost\u0159ed\u00ed"},"content":{"rendered":"\n<p>V <strong>pr\u016fmyslov\u00e9m prost\u0159ed\u00ed,<\/strong> nap\u0159\u00edklad ve stroj\u00edrensk\u00fdch d\u00edln\u00e1ch, je regulace teploty nezbytn\u00e1 pro zaji\u0161t\u011bn\u00ed v\u00fdkonu za\u0159\u00edzen\u00ed a pohody pracovn\u00edk\u016f. Spole\u010dnost OberA, specialista na pr\u016fmyslovou \u00fapravu vzduchu, nab\u00edz\u00ed \u0159e\u0161en\u00ed pro <strong> <\/strong><a href=\"https:\/\/obera.fr\/cs\/produits\/rafraichisseurs-air\/\">p\u0159izp\u016fsoben\u00e9 specifick\u00fdm pot\u0159eb\u00e1m<\/a> t\u011bchto n\u00e1ro\u010dn\u00fdch prost\u0159ed\u00ed.<\/p>\n\n<h2 class=\"wp-block-heading\">Tepeln\u00e9 probl\u00e9my ve stroj\u00edrensk\u00fdch d\u00edln\u00e1ch<\/h2>\n\n<p>P\u0159i obr\u00e1b\u011bn\u00ed vznik\u00e1 velk\u00e9 mno\u017estv\u00ed tepla, zejm\u00e9na v d\u016fsledku :  <\/p>\n\n<ul class=\"wp-block-list\">\n<li>Obsluha obr\u00e1b\u011bc\u00edch stroj\u016f;  <\/li>\n\n\n\n<li>T\u0159en\u00ed mezi d\u00edly ;  <\/li>\n\n\n\n<li>Pou\u017e\u00edv\u00e1n\u00ed plynu a jin\u00fdch zdroj\u016f tepla.  <\/li>\n<\/ul>\n\n<p>Tato akumulace tepla m\u016f\u017ee zp\u016fsobit<strong> p\u0159eh\u0159\u00e1t\u00ed za\u0159\u00edzen\u00ed<\/strong> a sn\u00ed\u017eit jeho \u00fa\u010dinnost a \u017eivotnost. P\u0159edev\u0161\u00edm v\u0161ak vysok\u00e9 teploty ovliv\u0148uj\u00ed soust\u0159ed\u011bn\u00ed a bezpe\u010dnost pracovn\u00edk\u016f, zvy\u0161uj\u00ed riziko nehod a sni\u017euj\u00ed produktivitu. <\/p>\n\n<p>Spole\u010dnost OberA v\u00e1m nab\u00edz\u00ed<strong> inovativn\u00ed \u0159e\u0161en\u00ed chlazen\u00ed vzduchem<\/strong> speci\u00e1ln\u011b navr\u017een\u00e1 pro tato n\u00e1ro\u010dn\u00e1 prost\u0159ed\u00ed, abyste mohli \u0159\u00eddit tepeln\u00e9 prost\u0159ed\u00ed ve va\u0161ich v\u00fdrobn\u00edch a obr\u00e1b\u011bc\u00edch d\u00edln\u00e1ch. Za\u0159\u00edzen\u00ed navr\u017een\u00e1 tak, aby \u00fa\u010dinn\u011b a p\u0159irozen\u011b sni\u017eovala teploty.   <\/p>\n\n<h2 class=\"wp-block-heading\">Provoz odpa\u0159ovac\u00edch chladi\u010d\u016f vzduchu pro obr\u00e1b\u011bn\u00ed<\/h2>\n\n<h3 class=\"wp-block-heading\">Jak funguj\u00ed chladi\u010de vzduchu<\/h3>\n\n<div class=\"wp-block-columns is-layout-flex wp-container-core-columns-is-layout-28f84493 wp-block-columns-is-layout-flex\">\n<div class=\"wp-block-column is-layout-flow wp-block-column-is-layout-flow\" style=\"flex-basis:66.66%\">\n<p>Adiabatick\u00e9 chlazen\u00ed je zalo\u017eeno na jednoduch\u00e9m principu: <a href=\"https:\/\/obera.fr\/cs\/produits\/rafraichisseurs-air\/rafraichisseurs-par-evaporation-ic\/\">odpa\u0159ov\u00e1n\u00ed vody<\/a>. Hork\u00fd vzduch je nas\u00e1v\u00e1n a proch\u00e1z\u00ed p\u0159es zvlh\u010den\u00e9 panely, kde se ochlad\u00ed, ne\u017e je rozpt\u00fdlen do prost\u0159ed\u00ed. Tento syst\u00e9m pou\u017e\u00edv\u00e1 jako chladic\u00ed m\u00e9dium vodu bez pou\u017eit\u00ed chladic\u00edch plyn\u016f, co\u017e ho \u010din\u00ed ekologick\u00fdm a ekonomick\u00fdm.<\/p>\n\n\n\n<p>Pr\u016fmyslov\u00e9 chladi\u010de vzduchu se vyr\u00e1b\u011bj\u00ed ve dvou typech:<\/p>\n\n\n\n<ul class=\"wp-block-list\">\n<li>Mobiln\u00ed: snadno se p\u0159emis\u0165uj\u00ed, poskytuj\u00ed <strong>c\u00edlen\u00e9, flexibiln\u00ed chlazen\u00ed<\/strong>, ide\u00e1ln\u00ed pro jednor\u00e1zov\u00e9 po\u017eadavky nebo m\u011bn\u00edc\u00ed se konfigurace.<\/li>\n\n\n\n<li>Pevn\u00e9: trvale instalovan\u00e9, zaji\u0161\u0165uj\u00ed konstantn\u00ed chlazen\u00ed na velk\u00fdch ploch\u00e1ch.<\/li>\n<\/ul>\n<\/div>\n\n\n\n<div class=\"wp-block-column is-layout-flow wp-block-column-is-layout-flow\" style=\"flex-basis:33.33%\">\n<figure class=\"wp-block-image aligncenter size-full is-resized\"><img decoding=\"async\" width=\"1000\" height=\"1000\" src=\"https:\/\/obera.fr\/wp-content\/uploads\/2022\/03\/Rafraichisseur-dair-par-evaporation.jpg\" alt=\"odpa&#x159;ovac&#xED; chladi&#x10D; vzduchu\" class=\"wp-image-13253\" style=\"width:238px;height:auto\" srcset=\"https:\/\/obera.fr\/wp-content\/uploads\/2022\/03\/Rafraichisseur-dair-par-evaporation.jpg 1000w, https:\/\/obera.fr\/wp-content\/uploads\/2022\/03\/Rafraichisseur-dair-par-evaporation-300x300.jpg 300w, https:\/\/obera.fr\/wp-content\/uploads\/2022\/03\/Rafraichisseur-dair-par-evaporation-150x150.jpg 150w, https:\/\/obera.fr\/wp-content\/uploads\/2022\/03\/Rafraichisseur-dair-par-evaporation-768x768.jpg 768w\" sizes=\"(max-width: 1000px) 100vw, 1000px\" \/><\/figure>\n<\/div>\n<\/div>\n\n<h3 class=\"wp-block-heading\">Mobiln\u00ed chladi\u010de vzduchu: flexibiln\u00ed, vysoce v\u00fdkonn\u00e9 \u0159e\u0161en\u00ed OberA<\/h3>\n\n<p>Ve spole\u010dnosti OberA jsme se strategicky rozhodli nab\u00edzet pouze <strong>mobiln\u00ed chladi\u010de pro pr\u016fmyslov\u00e9 d\u00edlny<\/strong>, proto\u017ee tato flexibilita je v dynamick\u00e9m v\u00fdrobn\u00edm prost\u0159ed\u00ed velkou v\u00fdhodou.<\/p>\n\n<p><em>N\u00e1zor odborn\u00edka: Na\u0161e chladi\u010de IC lze d\u00edky jejich mobilit\u011b rychle p\u0159em\u00edstit do nejteplej\u0161\u00edch prostor va\u0161\u00ed d\u00edlny, co\u017e v\u00e1m umo\u017en\u00ed<\/em><strong><em> p\u0159esn\u00e9 zac\u00edlen\u00ed chlazen\u00ed<\/em><\/strong><em>. T\u00edm se vyhnete nutnosti n\u00e1kladn\u00fdch a nepru\u017en\u00fdch pevn\u00fdch instalac\u00ed a z\u00e1rove\u0148 zajist\u00edte optim\u00e1ln\u00ed komfort a efektivn\u00ed provoz.<\/em><br\/><\/p>\n\n<h2 class=\"wp-block-heading\">V\u00fdhody vzduchov\u00fdch chladi\u010d\u016f p\u0159i obr\u00e1b\u011bn\u00ed<\/h2>\n\n<div class=\"wp-block-columns is-layout-flex wp-container-core-columns-is-layout-28f84493 wp-block-columns-is-layout-flex\">\n<div class=\"wp-block-column is-layout-flow wp-block-column-is-layout-flow\" style=\"flex-basis:66.66%\">\n<h3 class=\"wp-block-heading\">C\u00edlen\u00e9 chlazen\u00ed v pracovn\u00edch prostorech<\/h3>\n\n\n\n<p>Mobiln\u00ed chladi\u010de vzduchu mohou v\u00fdrazn\u011b sn\u00ed\u017eit <strong>okoln\u00ed teplotu<\/strong>, a t\u00edm zlep\u0161it pohodl\u00ed pracovn\u00edk\u016f a v\u00fdkon stroje.<\/p>\n\n\n\n<h3 class=\"wp-block-heading\">V\u00fdrazn\u00e1 \u00faspora energie bez omezen\u00ed v\u00fdkonu<\/h3>\n\n\n\n<p>Na rozd\u00edl od <a href=\"https:\/\/obera.fr\/cs\/nase-rady\/differences-entre-rafraichisseur-climatiseur\/\">tradi\u010dn\u00edch klimatiza\u010dn\u00edch syst\u00e9m\u016f<\/a> spot\u0159ebov\u00e1vaj\u00ed adiabatick\u00e9 chladi\u010de m\u00e9n\u011b energie (a\u017e 80% \u00faspora energie), co\u017e sni\u017euje provozn\u00ed n\u00e1klady.<\/p>\n\n\n\n<h3 class=\"wp-block-heading\">Zlep\u0161en\u00e9 pracovn\u00ed prost\u0159ed\u00ed pro vy\u0161\u0161\u00ed bezpe\u010dnost a produktivitu<\/h3>\n\n\n\n<p>Chladn\u011bj\u0161\u00ed pracovn\u00ed prost\u0159ed\u00ed pom\u00e1h\u00e1 pracovn\u00edk\u016fm soust\u0159edit se a sni\u017euje riziko chyb a nehod.<\/p>\n<\/div>\n\n\n\n<div class=\"wp-block-column is-layout-flow wp-block-column-is-layout-flow\" style=\"flex-basis:33.33%\">\n<figure class=\"wp-block-image aligncenter size-large is-resized\"><img decoding=\"async\" width=\"1024\" height=\"1024\" src=\"https:\/\/obera.fr\/wp-content\/uploads\/2025\/05\/securite-1024x1024.png\" alt=\"zabezpe&#x10D;en&#xED;\" class=\"wp-image-121315\" style=\"width:296px;height:auto\" srcset=\"https:\/\/obera.fr\/wp-content\/uploads\/2025\/05\/securite-1024x1024.png 1024w, https:\/\/obera.fr\/wp-content\/uploads\/2025\/05\/securite-300x300.png 300w, https:\/\/obera.fr\/wp-content\/uploads\/2025\/05\/securite-150x150.png 150w, https:\/\/obera.fr\/wp-content\/uploads\/2025\/05\/securite-768x768.png 768w, https:\/\/obera.fr\/wp-content\/uploads\/2025\/05\/securite.png 1200w\" sizes=\"(max-width: 1024px) 100vw, 1024px\" \/><\/figure>\n<\/div>\n<\/div>\n\n<h3 class=\"wp-block-heading\">Jak si vybrat mobiln\u00ed osv\u011b\u017eova\u010d vzduchu OberA? Kl\u00ed\u010dov\u00e1 krit\u00e9ria <\/h3>\n\n<p>P\u0159i v\u00fdb\u011bru chladi\u010de vzduchu je t\u0159eba zohlednit \u0159adu krit\u00e9ri\u00ed:<\/p>\n\n<ul class=\"wp-block-list\">\n<li><strong>Kapacita n\u00e1dr\u017ee a autonomie<\/strong>: velk\u00e1 kapacita zaji\u0161\u0165uje del\u0161\u00ed autonomii a sni\u017euje pot\u0159ebu dopl\u0148ov\u00e1n\u00ed paliva. \u0158ada IC OberA nab\u00edz\u00ed chladi\u010de s velkorys\u00fdmi n\u00e1dr\u017eemi, kter\u00e9 zaji\u0161\u0165uj\u00ed n\u011bkolik hodin nep\u0159etr\u017eit\u00e9 autonomie, \u010d\u00edm\u017e se sni\u017euje pot\u0159eba \u00fadr\u017eby. <\/li>\n\n\n\n<li><strong>Spr\u00e1vn\u00fd pr\u016ftok vzduchu<\/strong>: Pro optim\u00e1ln\u00ed \u00fa\u010dinnost mus\u00ed pr\u016ftok vzduchu odpov\u00eddat plo\u0161e, kter\u00e1 m\u00e1 b\u00fdt ochlazov\u00e1na. Ka\u017ed\u00fd model OberA je kalibrov\u00e1n pro optim\u00e1ln\u00ed mno\u017estv\u00ed vzduchu, co\u017e zaru\u010duje rovnom\u011brn\u00e9 pokryt\u00ed velk\u00fdch ploch. <\/li>\n\n\n\n<li><strong>Robustnost a odolnost<\/strong>: za\u0159\u00edzen\u00ed mus\u00ed b\u00fdt navr\u017eeno pro intenzivn\u00ed pr\u016fmyslov\u00e9 pou\u017eit\u00ed, s pou\u017eit\u00edm odoln\u00fdch a trvanliv\u00fdch materi\u00e1l\u016f. Na\u0161e <strong>chladi\u010de IC, <\/strong>vyroben\u00e9 z odoln\u00fdch materi\u00e1l\u016f, vydr\u017e\u00ed intenzivn\u00ed pou\u017e\u00edv\u00e1n\u00ed v d\u00edln\u011b a jejich \u00fadr\u017eba je rychl\u00e1 a snadn\u00e1. <br\/><\/li>\n<\/ul>\n\n<h2 class=\"wp-block-heading\">V\u00fdrobky a \u0159e\u0161en\u00ed na m\u00edru<\/h2>\n\n<p>Spole\u010dnost OberA nab\u00edz\u00ed <strong>\u0159adu mobiln\u00edch pr\u016fmyslov\u00fdch osv\u011b\u017eova\u010d\u016f vzduchu<\/strong> vyroben\u00fdch ve Francii, kter\u00e9 jsou vhodn\u00e9 pro stroj\u00edrensk\u00e9 provozy:<\/p>\n\n<figure class=\"wp-block-table\"><table class=\"has-fixed-layout\"><tbody><tr><td><strong>Model<\/strong><\/td><td><strong>Kryt\u00e1 plocha (m\u00b2)<\/strong><\/td><td><strong>Pr\u016ftok vzduchu (m\u00b3\/h)<\/strong><\/td><td><strong>Objem n\u00e1dr\u017ee (L)<\/strong><\/td><td><strong>Spot\u0159eba vody (l\/h)<\/strong><\/td><\/tr><tr><td><strong>IC12<\/strong><\/td><td>80 &#8211; 150<\/td><td>12 000<\/td><td>70<\/td><td>8 \u00e0 10<\/td><\/tr><tr><td><strong>IC22<\/strong><\/td><td>150 &#8211; 250<\/td><td>22 000<\/td><td>130<\/td><td>10 \u00e0 15<\/td><\/tr><tr><td><strong>IC30<\/strong><\/td><td>250 &#8211; 400<\/td><td>30 000<\/td><td>280<\/td><td>20 \u00e0 30<\/td><\/tr><\/tbody><\/table><\/figure>\n\n<h3 class=\"wp-block-heading\">PureFlow: inovace spole\u010dnosti OberA pro \u010dist\u0161\u00ed vzduch a udr\u017eiteln\u011bj\u0161\u00ed za\u0159\u00edzen\u00ed<\/h3>\n\n<div class=\"wp-block-columns is-layout-flex wp-container-core-columns-is-layout-28f84493 wp-block-columns-is-layout-flex\">\n<div class=\"wp-block-column is-layout-flow wp-block-column-is-layout-flow\" style=\"flex-basis:66.66%\">\n<p>Spole\u010dnost OberA vyvinula patentovanou technologii <strong>p\u0159edfiltrace<\/strong> PureFlow, <strong>kter\u00e1 v\u00fdrazn\u011b zlep\u0161uje v\u00fdkon a \u017eivotnost<\/strong> mobiln\u00edch osv\u011b\u017eova\u010d\u016f vzduchu.<\/p>\n\n\n\n<p>Na rozd\u00edl od standardn\u00edch syst\u00e9m\u016f jsou jednotky vybaven\u00e9 PureFlow integrov\u00e1ny s vysoce v\u00fdkonn\u00fdmi filtry a UV lampou pro zaji\u0161t\u011bn\u00ed <strong>\u010di\u0161t\u011bn\u00ed vzduchu<\/strong> a zv\u00fd\u0161en\u00e9 ochrany proti kontaminant\u016fm. Tato inovace zaru\u010duje nejen zdrav\u011bj\u0161\u00ed vzduch pro oper\u00e1tory, ale tak\u00e9 <strong>prodlou\u017eenou \u017eivotnost za\u0159\u00edzen\u00ed<\/strong>, \u010d\u00edm\u017e se sni\u017euj\u00ed n\u00e1roky na \u00fadr\u017ebu a souvisej\u00edc\u00ed n\u00e1klady. <\/p>\n<\/div>\n\n\n\n<div class=\"wp-block-column is-layout-flow wp-block-column-is-layout-flow\" style=\"flex-basis:33.33%\">\n<figure class=\"wp-block-image aligncenter size-large is-resized\"><img decoding=\"async\" width=\"1024\" height=\"1024\" src=\"https:\/\/obera.fr\/wp-content\/uploads\/2025\/06\/ic-pureflow-1024x1024.png\" alt=\"ic pureflow\" class=\"wp-image-112651\" style=\"width:272px;height:auto\" srcset=\"https:\/\/obera.fr\/wp-content\/uploads\/2025\/06\/ic-pureflow-1024x1024.png 1024w, https:\/\/obera.fr\/wp-content\/uploads\/2025\/06\/ic-pureflow-300x300.png 300w, https:\/\/obera.fr\/wp-content\/uploads\/2025\/06\/ic-pureflow-150x150.png 150w, https:\/\/obera.fr\/wp-content\/uploads\/2025\/06\/ic-pureflow-768x768.png 768w, https:\/\/obera.fr\/wp-content\/uploads\/2025\/06\/ic-pureflow.png 1200w\" sizes=\"(max-width: 1024px) 100vw, 1024px\" \/><\/figure>\n<\/div>\n<\/div>\n","protected":false},"excerpt":{"rendered":"<p>V pr\u016fmyslov\u00e9m prost\u0159ed\u00ed, nap\u0159\u00edklad ve stroj\u00edrensk\u00fdch d\u00edln\u00e1ch, je regulace teploty nezbytn\u00e1 pro zaji\u0161t\u011bn\u00ed v\u00fdkonu za\u0159\u00edzen\u00ed a pohody pracovn\u00edk\u016f.<\/p>\n","protected":false},"author":13,"featured_media":114007,"comment_status":"open","ping_status":"closed","sticky":false,"template":"","format":"standard","meta":{"_acf_changed":false,"_seopress_robots_primary_cat":"none","_seopress_titles_title":"Obr\u00e1b\u011bc\u00ed d\u00edlny: pr\u016fmyslov\u00e9 chladi\u010de vzduchu","_seopress_titles_desc":"Optimalizujte sv\u00e9 pracovn\u00ed podm\u00ednky s mobiln\u00edmi chladi\u010di vzduchu OberA. V\u00fdkonn\u00fd pr\u016ftok, velk\u00fd z\u00e1sobn\u00edk a odpa\u0159ovac\u00ed chlazen\u00ed pro ochranu va\u0161eho vybaven\u00ed a pracovn\u00edk\u016f. ","_seopress_robots_index":"","footnotes":""},"categories":[694],"tags":[406],"class_list":["post-108502","post","type-post","status-publish","format-standard","has-post-thumbnail","hentry","category-obrabeni-soustruzeni-tyci-a-povrchova-uprava","tag-chladice","generate-columns","tablet-grid-50","mobile-grid-100","grid-parent","grid-50","no-featured-image-padding","resize-featured-image"],"acf":[],"_links":{"self":[{"href":"https:\/\/obera.fr\/cs\/wp-json\/wp\/v2\/posts\/108502","targetHints":{"allow":["GET"]}}],"collection":[{"href":"https:\/\/obera.fr\/cs\/wp-json\/wp\/v2\/posts"}],"about":[{"href":"https:\/\/obera.fr\/cs\/wp-json\/wp\/v2\/types\/post"}],"author":[{"embeddable":true,"href":"https:\/\/obera.fr\/cs\/wp-json\/wp\/v2\/users\/13"}],"replies":[{"embeddable":true,"href":"https:\/\/obera.fr\/cs\/wp-json\/wp\/v2\/comments?post=108502"}],"version-history":[{"count":8,"href":"https:\/\/obera.fr\/cs\/wp-json\/wp\/v2\/posts\/108502\/revisions"}],"predecessor-version":[{"id":133604,"href":"https:\/\/obera.fr\/cs\/wp-json\/wp\/v2\/posts\/108502\/revisions\/133604"}],"wp:featuredmedia":[{"embeddable":true,"href":"https:\/\/obera.fr\/cs\/wp-json\/wp\/v2\/media\/114007"}],"wp:attachment":[{"href":"https:\/\/obera.fr\/cs\/wp-json\/wp\/v2\/media?parent=108502"}],"wp:term":[{"taxonomy":"category","embeddable":true,"href":"https:\/\/obera.fr\/cs\/wp-json\/wp\/v2\/categories?post=108502"},{"taxonomy":"post_tag","embeddable":true,"href":"https:\/\/obera.fr\/cs\/wp-json\/wp\/v2\/tags?post=108502"}],"curies":[{"name":"wp","href":"https:\/\/api.w.org\/{rel}","templated":true}]}}