{"id":108534,"date":"2025-06-03T15:50:35","date_gmt":"2025-06-03T13:50:35","guid":{"rendered":"https:\/\/obera.fr\/nase-rada\/rafraichisseur-ferroviaire\/"},"modified":"2025-11-20T15:55:59","modified_gmt":"2025-11-20T13:55:59","slug":"rafraichisseur-ferroviaire","status":"publish","type":"post","link":"https:\/\/obera.fr\/cs\/rail\/rafraichisseur-ferroviaire\/","title":{"rendered":"Optimalizace chlazen\u00ed v \u017eelezni\u010dn\u00edm sektoru: \u0159e\u0161en\u00ed OberA"},"content":{"rendered":"\n<p>V \u017eelezni\u010dn\u00edm pr\u016fmyslu je<strong> tepeln\u00fd management <\/strong>kl\u00ed\u010dov\u00fd pro zaji\u0161t\u011bn\u00ed bezpe\u010dnosti person\u00e1lu a spolehlivosti za\u0159\u00edzen\u00ed&#8230; \u017delezni\u010dn\u00ed prost\u0159ed\u00ed, kter\u00e9 je \u010dasto vystaveno vysok\u00e9mu tepeln\u00e9mu nam\u00e1h\u00e1n\u00ed, vy\u017eaduje \u00fa\u010dinn\u00e1 a vhodn\u00e1 \u0159e\u0161en\u00ed chlazen\u00ed. Spole\u010dnost OberA, <strong>specialista na pr\u016fmyslovou \u00fapravu vzduchu<\/strong>, nab\u00edz\u00ed inovativn\u00ed \u0159e\u0161en\u00ed, kter\u00e1 spl\u0148uj\u00ed specifick\u00e9 po\u017eadavky \u017eelezni\u010dn\u00edho sektoru.<\/p>\n\n<figure class=\"wp-block-image alignright size-large is-resized\"><img decoding=\"async\" width=\"1024\" height=\"705\" src=\"https:\/\/obera.fr\/wp-content\/uploads\/2025\/06\/train-1-1024x705.jpg\" alt=\"vlak\" class=\"wp-image-111888\" style=\"width:427px;height:auto\" srcset=\"https:\/\/obera.fr\/wp-content\/uploads\/2025\/06\/train-1-1024x705.jpg 1024w, https:\/\/obera.fr\/wp-content\/uploads\/2025\/06\/train-1-300x207.jpg 300w, https:\/\/obera.fr\/wp-content\/uploads\/2025\/06\/train-1-768x529.jpg 768w, https:\/\/obera.fr\/wp-content\/uploads\/2025\/06\/train-1-1536x1058.jpg 1536w, https:\/\/obera.fr\/wp-content\/uploads\/2025\/06\/train-1-2048x1411.jpg 2048w\" sizes=\"(max-width: 1024px) 100vw, 1024px\" \/><\/figure>\n\n<h2 class=\"wp-block-heading\">Tepeln\u00e9 probl\u00e9my specifick\u00e9 pro \u017eelezni\u010dn\u00ed pr\u016fmysl<\/h2>\n\n<p>V \u017eelezni\u010dn\u00edm pr\u016fmyslu se<strong> tepeln\u00e9 probl\u00e9my <\/strong>t\u00fdkaj\u00ed p\u0159edev\u0161\u00edm technick\u00e9ho pracovn\u00edho prost\u0159ed\u00ed: d\u00edlen \u00fadr\u017eby, dep, signaliza\u010dn\u00edch kabin, elektrick\u00fdch m\u00edstnost\u00ed, se\u0159a\u010fovac\u00edch n\u00e1dra\u017e\u00ed a transform\u00e1torov\u00fdch stanic. Tyto prostory jsou \u010dasto \u0161patn\u011b v\u011btran\u00e9, vystaven\u00e9 vysok\u00e9 \u00farovni letn\u00edho tepla nebo <strong>vnit\u0159n\u00edm tepeln\u00fdm emis\u00edm <\/strong>(m\u011bni\u010de, elektrick\u00e9 sk\u0159\u00edn\u011b, statick\u00e9 stroje nebo stroje pod z\u00e1t\u011b\u017e\u00ed). To p\u0159edstavuje pro v\u00fdrobce \u0159adu probl\u00e9m\u016f:    <\/p>\n\n<h3 class=\"wp-block-heading\">Ochrana t\u00fdm\u016f v hork\u00fdch pracovn\u00edch oblastech<\/h3>\n\n<p>Servisn\u00ed <strong>pracovn\u00edci a technici<\/strong> pravideln\u011b pracuj\u00ed v uzav\u0159en\u00fdch prostor\u00e1ch, v bl\u00edzkosti za\u0159\u00edzen\u00ed, kter\u00e1 vytv\u00e1\u0159ej\u00ed velk\u00e9 mno\u017estv\u00ed tepla. Vysok\u00e1 okoln\u00ed teplota : <\/p>\n\n<ul class=\"wp-block-list\">\n<li>Sni\u017euje bd\u011blost a soust\u0159ed\u011bn\u00ed,<\/li>\n\n\n\n<li>Zvy\u0161uje riziko \u00fanavy, chyb nebo nehod,<\/li>\n\n\n\n<li>Zpomaluje produktivitu nebo dokonce blokuje n\u011bkter\u00e9 operace.<br\/><\/li>\n<\/ul>\n\n<p>Mobiln\u00ed <a href=\"https:\/\/obera.fr\/cs\/produits\/rafraichisseurs-air\/\">\u0159e\u0161en\u00ed pro ochlazov\u00e1n\u00ed vzduchu<\/a>, jako je \u0159ada IC od spole\u010dnosti OberA, umo\u017e\u0148uj\u00ed c\u00edlit na kritick\u00e9 z\u00f3ny vh\u00e1n\u011bn\u00edm chladn\u011bj\u0161\u00edho vzduchu p\u0159\u00edmo na pracovn\u00ed stanovi\u0161t\u011b. Tyto lehk\u00e9 a mobiln\u00ed syst\u00e9my, kter\u00e9 nevy\u017eaduj\u00ed slo\u017eitou instalaci, poskytuj\u00ed okam\u017eitou a lokalizovanou tepelnou podporu, <strong>dokonale p\u0159izp\u016fsobenou<\/strong> <strong>\u017eelezni\u010dn\u00edmu<\/strong> prost\u0159ed\u00ed.<\/p>\n\n<h3 class=\"wp-block-heading\">Zaji\u0161t\u011bn\u00ed spolehlivosti technick\u00e9ho a elektrick\u00e9ho vybaven\u00ed<\/h3>\n\n<p>Krom\u011b pohodl\u00ed je pro bezprobl\u00e9mov\u00fd provoz \u017eelezni\u010dn\u00edch za\u0159\u00edzen\u00ed<strong> z\u00e1sadn\u00ed tak\u00e9 tepeln\u00e1 stabilita<\/strong>. Elektrick\u00e9 sk\u0159\u00edn\u011b, signaliza\u010dn\u00ed prostory, \u0159\u00eddic\u00ed stanice a m\u011bni\u010de energie jsou <strong>citliv\u00e9 na teplotn\u00ed v\u00fdkyvy a \u0161pi\u010dky<\/strong>. <\/p>\n\n<p><em>P\u0159eh\u0159\u00e1t\u00ed m\u016f\u017ee v\u00e9st k selh\u00e1n\u00ed elektroniky, v\u00fdpadk\u016fm nap\u00e1jen\u00ed, sn\u00ed\u017een\u00ed v\u00fdkonu a dokonce k po\u017e\u00e1ru elektrick\u00e9ho za\u0159\u00edzen\u00ed. Chlazen\u00ed proto spl\u0148uje provozn\u00ed i bezpe\u010dnostn\u00ed po\u017eadavky. <\/em><\/p>\n\n<p>\u00da\u010dinn\u00e9 chlazen\u00ed t\u011bchto za\u0159\u00edzen\u00ed z\u00e1vis\u00ed na c\u00edlen\u00fdch a p\u0159izp\u016fsobiv\u00fdch \u0159e\u0161en\u00edch, v\u010detn\u011b<strong> pr\u016fmyslov\u00fdch chladi\u010d\u016f vzduchu, kter\u00e9 <\/strong>jsou schopny pracovat bez kompresor\u016f a chladiv s minim\u00e1ln\u00ed spot\u0159ebou energie. Zejm\u00e9na modely OberA zaji\u0161\u0165uj\u00ed dobrou cirkulaci vzduchu d\u00edky v\u00fdkonn\u00e9mu integrovan\u00e9mu ventil\u00e1toru a syst\u00e9mu <a href=\"https:\/\/obera.fr\/cs\/produits\/rafraichisseurs-air\/rafraichisseurs-par-evaporation-ic\/\">chlazen\u00ed odpa\u0159ov\u00e1n\u00edm vody,<\/a> \u010d\u00edm\u017e omezuj\u00ed vznik hork\u00fdch m\u00edst v okol\u00ed kritick\u00fdch za\u0159\u00edzen\u00ed. <\/p>\n\n<figure class=\"wp-block-image alignleft size-large is-resized\"><img decoding=\"async\" width=\"1024\" height=\"1024\" src=\"https:\/\/obera.fr\/wp-content\/uploads\/2025\/06\/chaleur-1024x1024.png\" alt=\"teplo\" class=\"wp-image-111912\" style=\"width:232px;height:auto\" srcset=\"https:\/\/obera.fr\/wp-content\/uploads\/2025\/06\/chaleur-1024x1024.png 1024w, https:\/\/obera.fr\/wp-content\/uploads\/2025\/06\/chaleur-300x300.png 300w, https:\/\/obera.fr\/wp-content\/uploads\/2025\/06\/chaleur-150x150.png 150w, https:\/\/obera.fr\/wp-content\/uploads\/2025\/06\/chaleur-768x768.png 768w, https:\/\/obera.fr\/wp-content\/uploads\/2025\/06\/chaleur.png 1080w\" sizes=\"(max-width: 1024px) 100vw, 1024px\" \/><\/figure>\n\n<h3 class=\"wp-block-heading\">Zachov\u00e1n\u00ed kontinuity provozu v extr\u00e9mn\u00edch podm\u00ednk\u00e1ch<\/h3>\n\n<p>\u017delezni\u010dn\u00ed lokality jsou vystaveny <strong>extr\u00e9mn\u00edm klimatick\u00fdm podm\u00ednk\u00e1m<\/strong>, zejm\u00e9na v l\u00e9t\u011b nebo v oblastech s velk\u00fdmi v\u00fdkyvy teplot. N\u011bkter\u00e1 depa nebo prostory \u00fadr\u017eby nejsou klimatizov\u00e1ny ani vybaveny st\u00e1lou ventilac\u00ed. Horko proto m\u016f\u017ee m\u00edt vliv na :  <\/p>\n\n<ul class=\"wp-block-list\">\n<li>\u00dadr\u017eba kolejov\u00fdch vozidel,<\/li>\n\n\n\n<li>Provoz mont\u00e1\u017en\u00edch nebo kontroln\u00edch linek,<\/li>\n\n\n\n<li>Pevn\u00e9 nap\u00e1jec\u00ed a \u0159\u00eddic\u00ed instalace.<br\/><\/li>\n<\/ul>\n\n<p>V t\u00e9to souvislosti nab\u00edzej\u00ed <strong>mobiln\u00ed chladic\u00ed syst\u00e9my<\/strong> velkou flexibilitu pou\u017eit\u00ed: lze je nasadit ad hoc v omezen\u00e9 oblasti, p\u0159em\u00edstit z jednoho m\u00edsta na druh\u00e9 nebo pou\u017e\u00edt v p\u0159\u00edpad\u011b v\u00fdpadku centr\u00e1ln\u00ed klimatizace. Jedn\u00e1 se o robustn\u00ed \u0159e\u0161en\u00ed, kter\u00e9 se rychle nasazuje a m\u00e1 dlouhou \u017eivotnost. <\/p>\n\n<h2 class=\"wp-block-heading\">P\u0159ehled \u0159e\u0161en\u00ed chlazen\u00ed<\/h2>\n\n<h3 class=\"wp-block-heading\">Nalezen\u00ed vhodn\u00e9 reakce na tepeln\u00e9 v\u00fdzvy<\/h3>\n\n<p><strong> \u0158e\u0161en\u00ed chlazen\u00ed nab\u00edzen\u00e1 spole\u010dnost\u00ed OberA<\/strong>, zejm\u00e9na \u0159ada IC, p\u0159edstavuj\u00ed \u0159e\u0161en\u00ed p\u0159izp\u016fsoben\u00e9 po\u017eadavk\u016fm \u017eelezni\u010dn\u00edho pr\u016fmyslu. D\u00edky sv\u00e9 \u00fa\u010dinnosti, mobilit\u011b a n\u00edzk\u00e9 spot\u0159eb\u011b energie jsou tato za\u0159\u00edzen\u00ed <strong>moudrou volbou pro profesion\u00e1ly v<\/strong> \u017eelezni\u010dn\u00edm sektoru. <\/p>\n\n<h3 class=\"wp-block-heading\">Provoz odpa\u0159ovac\u00edch chladi\u010d\u016f vzduchu (adiabatick\u00fdch chladi\u010d\u016f)  <\/h3>\n\n<p><strong>Mobiln\u00ed chladi\u010de vzduchu \u0159ady IC spole\u010dnosti OberA<\/strong> vyu\u017e\u00edvaj\u00ed ke sn\u00ed\u017een\u00ed teploty vzduchu princip odpa\u0159ov\u00e1n\u00ed. Tato technologie, zn\u00e1m\u00e1 tak\u00e9 jako adiabatick\u00e9 chlazen\u00ed, je obzvl\u00e1\u0161t\u011b \u00fa\u010dinn\u00e1 v pr\u016fmyslov\u00e9m prost\u0159ed\u00ed. <\/p>\n\n<p>V\u00fdhod je cel\u00e1 \u0159ada:<\/p>\n\n<ul class=\"wp-block-list\">\n<li>Mobilita: snadn\u00e9 p\u0159emis\u0165ov\u00e1n\u00ed podle pot\u0159eby;<\/li>\n\n\n\n<li>Energetick\u00e1 \u00fa\u010dinnost: sn\u00ed\u017een\u00ed spot\u0159eby elekt\u0159iny ;<\/li>\n\n\n\n<li>Jednoduch\u00e1 instalace: nen\u00ed t\u0159eba prov\u00e1d\u011bt \u017e\u00e1dn\u00e9 v\u011bt\u0161\u00ed pr\u00e1ce.<br\/><\/li>\n<\/ul>\n\n<h3 class=\"wp-block-heading\">Co palubn\u00ed klimatizace?<\/h3>\n\n<p><strong>Klimatiza\u010dn\u00ed syst\u00e9my<\/strong> zabudovan\u00e9 ve vlac\u00edch a tramvaj\u00edch jsou navr\u017eeny tak, aby ve vozidlech udr\u017eovaly p\u0159\u00edjemnou teplotu. Vy\u017eaduj\u00ed pravidelnou \u00fadr\u017ebu a zvl\u00e1\u0161tn\u00ed pozornost v\u011bnovanou<strong>energetick\u00e9 \u00fa\u010dinnosti<\/strong>. V otev\u0159en\u00fdch nebo \u010d\u00e1ste\u010dn\u011b otev\u0159en\u00fdch prostor\u00e1ch, jako jsou d\u00edlny, depa nebo technick\u00e9 stanice, se doporu\u010duj\u00ed zejm\u00e9na adiabatick\u00e9 chladi\u010de. Poskytuj\u00ed <strong>okam\u017eit\u00e9 chlazen\u00ed bez v\u011bt\u0161\u00edch prac\u00ed nebo instalace<\/strong> a jejich provoz stoj\u00ed 15kr\u00e1t m\u00e9n\u011b ne\u017e tradi\u010dn\u00ed klimatizace.     <\/p>\n\n<p><em>Slovo odborn\u00edka: odpa\u0159ovac\u00ed chladi\u010de jsou tak\u00e9 ekologi\u010dt\u011bj\u0161\u00ed alternativou. Nespot\u0159ebov\u00e1vaj\u00ed \u017e\u00e1dn\u00e9   <\/em><strong><em>\u0161kodliv\u00e9 chladivo<\/em><\/strong><em>  jako jsou klimatizace. Jejich spot\u0159eba elekt\u0159iny je 10kr\u00e1t ni\u017e\u0161\u00ed ne\u017e u klimatizace. <\/em><\/p>\n\n<h3 class=\"wp-block-heading\">Chlazen\u00ed citliv\u00fdch za\u0159\u00edzen\u00ed<\/h3>\n\n<p>Elektrick\u00e9 rozv\u00e1d\u011b\u010de a <strong>dal\u0161\u00ed<\/strong> kritick\u00e1 <strong>elektronick\u00e1 za\u0159\u00edzen\u00ed<\/strong> vy\u017eaduj\u00ed pro sv\u016fj optim\u00e1ln\u00ed provoz neust\u00e1l\u00e9 chlazen\u00ed. K udr\u017een\u00ed odpov\u00eddaj\u00edc\u00ed teploty se pou\u017e\u00edvaj\u00ed specifick\u00e1 \u0159e\u0161en\u00ed, jako jsou<strong> pr\u016fmyslov\u00e9 ventil\u00e1tory a lok\u00e1ln\u00ed chladic\u00ed syst\u00e9my<\/strong>. <\/p>\n\n<figure class=\"wp-block-image alignright size-full is-resized\"><img decoding=\"async\" width=\"608\" height=\"567\" src=\"https:\/\/obera.fr\/wp-content\/uploads\/2025\/03\/fraicheur.png\" alt=\"&#x10D;erstvost\" class=\"wp-image-76310\" style=\"width:156px;height:auto\" srcset=\"https:\/\/obera.fr\/wp-content\/uploads\/2025\/03\/fraicheur.png 608w, https:\/\/obera.fr\/wp-content\/uploads\/2025\/03\/fraicheur-300x280.png 300w\" sizes=\"(max-width: 608px) 100vw, 608px\" \/><\/figure>\n\n<h2 class=\"wp-block-heading\">Pro\u010d zvolit syst\u00e9m p\u0159izp\u016fsoben\u00fd pro \u017eelezni\u010dn\u00ed pr\u016fmysl?<\/h2>\n\n<ul class=\"wp-block-list\">\n<li>Zv\u00fd\u0161en\u00e1 spolehlivost: m\u00e9n\u011b poruch z d\u016fvodu p\u0159eh\u0159\u00e1t\u00ed ;<\/li>\n\n\n\n<li>Prodlou\u017een\u00e1 \u017eivotnost: za\u0159\u00edzen\u00ed pracuje za optim\u00e1ln\u00edch podm\u00ednek;<\/li>\n\n\n\n<li>Zv\u00fd\u0161en\u00fd komfort: pro zam\u011bstnance ;<\/li>\n\n\n\n<li>Energetick\u00e1 \u00fa\u010dinnost: ni\u017e\u0161\u00ed spot\u0159eba, ni\u017e\u0161\u00ed dopad na \u017eivotn\u00ed prost\u0159ed\u00ed.<\/li>\n<\/ul>\n\n<h2 class=\"wp-block-heading\">V\u00fdb\u011br spr\u00e1vn\u00e9ho syst\u00e9mu chlazen\u00ed kolejnic: na\u0161e rady<\/h2>\n\n<h3 class=\"wp-block-heading\">4 tipy spole\u010dnosti OberA<\/h3>\n\n<p>T\u00fdmy spole\u010dnosti OberA, <strong>specialist\u00e9 na \u00fapravu vzduchu v pr\u016fmyslov\u00e9m prost\u0159ed\u00ed<\/strong>, doporu\u010duj\u00ed p\u0159\u00edstup zalo\u017een\u00fd na v\u00fdkonu, snadn\u00e9m pou\u017eit\u00ed a p\u0159izp\u016fsobivosti provozn\u00edm podm\u00ednk\u00e1m.<\/p>\n\n<p>Prvn\u00edm krokem je spr\u00e1vn\u00e9 <strong>ur\u010den\u00ed velikosti chladic\u00edho v\u00fdkonu<\/strong>. To zahrnuje zohledn\u011bn\u00ed objemu, kter\u00fd m\u00e1 b\u00fdt o\u0161et\u0159en, vnit\u0159n\u00edch zdroj\u016f tepla (elektrick\u00e9 za\u0159\u00edzen\u00ed, strojn\u00ed za\u0159\u00edzen\u00ed) a podm\u00ednek v\u011btr\u00e1n\u00ed nebo oslun\u011bn\u00ed. <\/p>\n\n<p><strong>Z\u00e1sadn\u00ed je tak\u00e9 jednoduchost instalace<\/strong>, zejm\u00e9na v prost\u0159ed\u00ed, kde m\u00e1 ka\u017ed\u00e1 technick\u00e1 zast\u00e1vka vliv na produktivitu. Mobiln\u00ed chladic\u00ed za\u0159\u00edzen\u00ed lze nainstalovat rychle, bez pr\u00e1ce a slo\u017eit\u00e9ho p\u0159ipojov\u00e1n\u00ed, a lze jej snadno p\u0159em\u00edstit z jedn\u00e9 oblasti do druh\u00e9. <\/p>\n\n<p>Syst\u00e9my mus\u00ed tak\u00e9 spl\u0148ovat po\u017eadavky \u017eelezni\u010dn\u00edho sektoru: robustnost, odolnost v\u016f\u010di prachu, vlhkosti nebo teplotn\u00edm v\u00fdkyv\u016fm. <strong>Dobr\u00e9 za\u0159\u00edzen\u00ed mus\u00ed b\u00fdt schopno pracovat bez p\u0159eru\u0161en\u00ed<\/strong> i za zhor\u0161en\u00fdch podm\u00ednek. <\/p>\n\n<p>Rozhoduj\u00edc\u00edmi v\u00fdhodami jsou energetick\u00e1 \u00fa\u010dinnost a snadn\u00e1 \u00fadr\u017eba. <a href=\"https:\/\/obera.fr\/cs\/produits\/rafraichisseurs-air\/\">Adiabatick\u00e9 chladi\u010de OberA<\/a> maj\u00ed malou spot\u0159ebu, nevy\u017eaduj\u00ed chladic\u00ed plyny a jejich \u00fadr\u017eba je snadn\u00e1 d\u00edky pravideln\u00e9mu \u010di\u0161t\u011bn\u00ed. <\/p>\n\n<h3 class=\"wp-block-heading\">Na co pamatovat p\u0159i v\u00fdb\u011bru chladic\u00edho syst\u00e9mu :<\/h3>\n\n<ul class=\"wp-block-list\">\n<li><strong>dimenzov\u00e1n\u00ed chladic\u00edho v\u00fdkonu <\/strong>podle objemu a zdroj\u016f tepla;<\/li>\n\n\n\n<li><strong>Vyberte si mobiln\u00ed syst\u00e9my,<\/strong> kter\u00e9 se snadno instaluj\u00ed a p\u0159emis\u0165uj\u00ed;<\/li>\n\n\n\n<li><strong>Zkontrolujte odolnost a soulad s podm\u00ednkami na \u017eeleznici<\/strong> (prach, vlhkost, ot\u0159esy);<\/li>\n\n\n\n<li><strong>Vyberte si energeticky \u00fasporn\u00e9 za\u0159\u00edzen\u00ed<\/strong> bez emis\u00ed sklen\u00edkov\u00fdch plyn\u016f;<\/li>\n\n\n\n<li><strong>Zvolte \u0159e\u0161en\u00ed s n\u00edzk\u00fdmi n\u00e1roky na \u00fadr\u017ebu, kter\u00e9<\/strong> zaru\u010d\u00ed nep\u0159etr\u017eit\u00fd provoz.<\/li>\n<\/ul>\n\n<h2 class=\"wp-block-heading\">\u0158e\u0161en\u00ed OberA: odborn\u00e9 znalosti, v\u00fdkon a mobilita<\/h2>\n\n<p>Spole\u010dnost OberA nab\u00edz\u00ed \u0159adu mobiln\u00edch chladi\u010d\u016f vzduchu: \u0159adu IC. Tato za\u0159\u00edzen\u00ed jsou navr\u017eena tak, aby vyhovovala <strong>pot\u0159eb\u00e1m n\u00e1ro\u010dn\u00e9ho pr\u016fmyslov\u00e9ho prost\u0159ed\u00ed,<\/strong> a nab\u00edzej\u00ed \u00fa\u010dinn\u00e9, \u00fasporn\u00e9 a ekologick\u00e9 \u0159e\u0161en\u00ed chlazen\u00ed. <\/p>\n\n<figure class=\"wp-block-image alignright size-large is-resized\"><img decoding=\"async\" width=\"1024\" height=\"856\" src=\"https:\/\/obera.fr\/wp-content\/uploads\/2024\/11\/gamme-ic-1-1024x856.png\" alt=\"rozsah ic\" class=\"wp-image-49129\" style=\"width:246px;height:auto\" srcset=\"https:\/\/obera.fr\/wp-content\/uploads\/2024\/11\/gamme-ic-1-1024x856.png 1024w, https:\/\/obera.fr\/wp-content\/uploads\/2024\/11\/gamme-ic-1-300x251.png 300w, https:\/\/obera.fr\/wp-content\/uploads\/2024\/11\/gamme-ic-1-768x642.png 768w, https:\/\/obera.fr\/wp-content\/uploads\/2024\/11\/gamme-ic-1.png 1200w\" sizes=\"(max-width: 1024px) 100vw, 1024px\" \/><\/figure>\n\n<h3 class=\"wp-block-heading\">Vlastnosti \u0159ady IC :<\/h3>\n\n<ul class=\"wp-block-list\">\n<li>Dostupn\u00e9 modely: IC 12, IC 22, IC 30 ;<\/li>\n\n\n\n<li>Pr\u016ftok vzduchu: a\u017e 30 000 m\u00b3\/h ;<\/li>\n\n\n\n<li>Spot\u0159eba energie: n\u00edzk\u00e1 d\u00edky absenci kompresor\u016f;<\/li>\n\n\n\n<li>Mobilita: konstrukce na kole\u010dk\u00e1ch pro snadn\u00fd pohyb;<\/li>\n\n\n\n<li>Rychl\u00e1 instalace: uveden\u00ed do provozu bez v\u011bt\u0161\u00edch prac\u00ed;<\/li>\n\n\n\n<li>Je vybaven technologi\u00ed p\u0159edfiltrace Pureflow (zlep\u0161uje v\u00fdkon a \u017eivotnost za\u0159\u00edzen\u00ed).<\/li>\n<\/ul>\n\n<h3 class=\"wp-block-heading\">Srovn\u00e1n\u00ed \u0159e\u0161en\u00ed dostupn\u00fdch na trhu<\/h3>\n\n<figure class=\"wp-block-table\"><table class=\"has-fixed-layout\"><tbody><tr><td><strong>Krit\u00e9ria<\/strong><\/td><td><strong>\u0158ada integrovan\u00fdch obvod\u016f OberA<\/strong><\/td><td><strong>Tradi\u010dn\u00ed klimatizace<\/strong><\/td><td><strong>Pr\u016fmyslov\u00fd ventil\u00e1tor<\/strong><\/td><\/tr><tr><td><strong>Princip fungov\u00e1n\u00ed<\/strong><\/td><td>P\u0159irozen\u00e9 odpa\u0159ov\u00e1n\u00ed<\/td><td>Komprese chladic\u00edho plynu<\/td><td>Cirkulace vzduchu<\/td><\/tr><tr><td><strong>Spot\u0159eba energie<\/strong><\/td><td>N\u00edzk\u00e1<\/td><td>Vysok\u00e1<\/td><td>N\u00edzk\u00e1<\/td><\/tr><tr><td><strong>Instalace<\/strong><\/td><td>Jednoduch\u00e9, mobiln\u00ed<\/td><td>Komplexn\u00ed, pevn\u00e9<\/td><td>Jednoduch\u00e9, mobiln\u00ed<\/td><\/tr><tr><td><strong>\u00da\u010dinnost chlazen\u00ed<\/strong><\/td><td>Vysok\u00e1<\/td><td>Velmi vysok\u00e1<\/td><td>N\u00edzk\u00e1<\/td><\/tr><tr><td><strong>Dopad na \u017eivotn\u00ed prost\u0159ed\u00ed<\/strong><\/td><td>N\u00edzk\u00e1<\/td><td>Vysok\u00e1<\/td><td>N\u00edzk\u00e1<\/td><\/tr><\/tbody><\/table><\/figure>\n\n<p><em>Nejste si jisti, kter\u00e9 \u0159e\u0161en\u00ed je pro va\u0161e pot\u0159eby nejvhodn\u011bj\u0161\u00ed? Spole\u010dnost OberA v\u00e1m d\u00e1v\u00e1 k dispozici sv\u00e9 odborn\u00e9 znalosti v oblasti pr\u016fmyslu, abyste mohli <\/em><strong><em>  porad\u00ed v\u00e1m a otestuje nejvhodn\u011bj\u0161\u00ed \u0159e\u0161en\u00ed chlazen\u00ed.<\/em><\/strong><em>  va\u0161im specifick\u00fdm pot\u0159eb\u00e1m. Na\u0161e t\u00fdmy v\u00e1s podpo\u0159\u00ed od diagnostiky a\u017e po uveden\u00ed do provozu a zaru\u010d\u00ed v\u00e1m v\u00fdkon a spolehlivost na m\u00edst\u011b. Pro v\u011bt\u0161\u00ed flexibilitu jsou na\u0161e mobiln\u00ed chladic\u00ed za\u0159\u00edzen\u00ed k dispozici k pron\u00e1jmu nebo ke koupi, v z\u00e1vislosti na va\u0161ich provozn\u00edch omezen\u00edch.  <\/em><\/p>\n","protected":false},"excerpt":{"rendered":"<p>V \u017eelezni\u010dn\u00edm pr\u016fmyslu je tepeln\u00fd management kl\u00ed\u010dov\u00fd pro zaji\u0161t\u011bn\u00ed bezpe\u010dnosti person\u00e1lu a spolehlivosti za\u0159\u00edzen\u00ed&#8230; Prost\u0159ed\u00ed \u017eeleznice je \u010dasto vystaveno vysok\u00e9mu tepeln\u00e9mu nam\u00e1h\u00e1n\u00ed a vy\u017eaduje \u00fa\u010dinn\u00e1 a vhodn\u00e1 \u0159e\u0161en\u00ed chlazen\u00ed.<\/p>\n","protected":false},"author":13,"featured_media":111867,"comment_status":"open","ping_status":"closed","sticky":false,"template":"","format":"standard","meta":{"_acf_changed":false,"_seopress_robots_primary_cat":"none","_seopress_titles_title":"Pr\u016fvodce n\u00e1kupem chlazen\u00ed kolejnic","_seopress_titles_desc":"Optimalizujte teplotu ve sv\u00fdch \u017eelezni\u010dn\u00edch d\u00edln\u00e1ch pomoc\u00ed mobiln\u00edch \u0159e\u0161en\u00ed spole\u010dnosti OberA. K dispozici je odborn\u00e9 poradenstv\u00ed, testov\u00e1n\u00ed na m\u00edst\u011b a mo\u017enost n\u00e1kupu nebo pron\u00e1jmu. ","_seopress_robots_index":"","footnotes":""},"categories":[814],"tags":[406],"class_list":["post-108534","post","type-post","status-publish","format-standard","has-post-thumbnail","hentry","category-rail","tag-chladice","generate-columns","tablet-grid-50","mobile-grid-100","grid-parent","grid-50","no-featured-image-padding","resize-featured-image"],"acf":[],"_links":{"self":[{"href":"https:\/\/obera.fr\/cs\/wp-json\/wp\/v2\/posts\/108534","targetHints":{"allow":["GET"]}}],"collection":[{"href":"https:\/\/obera.fr\/cs\/wp-json\/wp\/v2\/posts"}],"about":[{"href":"https:\/\/obera.fr\/cs\/wp-json\/wp\/v2\/types\/post"}],"author":[{"embeddable":true,"href":"https:\/\/obera.fr\/cs\/wp-json\/wp\/v2\/users\/13"}],"replies":[{"embeddable":true,"href":"https:\/\/obera.fr\/cs\/wp-json\/wp\/v2\/comments?post=108534"}],"version-history":[{"count":6,"href":"https:\/\/obera.fr\/cs\/wp-json\/wp\/v2\/posts\/108534\/revisions"}],"predecessor-version":[{"id":133622,"href":"https:\/\/obera.fr\/cs\/wp-json\/wp\/v2\/posts\/108534\/revisions\/133622"}],"wp:featuredmedia":[{"embeddable":true,"href":"https:\/\/obera.fr\/cs\/wp-json\/wp\/v2\/media\/111867"}],"wp:attachment":[{"href":"https:\/\/obera.fr\/cs\/wp-json\/wp\/v2\/media?parent=108534"}],"wp:term":[{"taxonomy":"category","embeddable":true,"href":"https:\/\/obera.fr\/cs\/wp-json\/wp\/v2\/categories?post=108534"},{"taxonomy":"post_tag","embeddable":true,"href":"https:\/\/obera.fr\/cs\/wp-json\/wp\/v2\/tags?post=108534"}],"curies":[{"name":"wp","href":"https:\/\/api.w.org\/{rel}","templated":true}]}}