{"id":108584,"date":"2025-06-04T10:29:29","date_gmt":"2025-06-04T08:29:29","guid":{"rendered":"https:\/\/obera.fr\/nase-rada\/purificateur-traitement-papier\/"},"modified":"2025-08-29T10:05:58","modified_gmt":"2025-08-29T08:05:58","slug":"purificateur-traitement-papier","status":"publish","type":"post","link":"https:\/\/obera.fr\/cs\/papir-lepenka\/purificateur-traitement-papier\/","title":{"rendered":"\u010cisti\u010dka vzduchu pro \u00fapravu pap\u00edrov\u00fdch \u010d\u00e1stic"},"content":{"rendered":"\n<p>V <strong>profesion\u00e1ln\u00edch prost\u0159ed\u00edch, kde se pou\u017e\u00edv\u00e1 pap\u00edr,<\/strong> jako jsou tisk\u00e1rny, vaza\u010dsk\u00e9 d\u00edlny nebo administrativn\u00ed kancel\u00e1\u0159e, je kvalita vzduchu rozhoduj\u00edc\u00edm faktorem pro zaji\u0161t\u011bn\u00ed pohody zam\u011bstnanc\u016f a v\u00fdkonnosti za\u0159\u00edzen\u00ed. Pou\u017eit\u00ed <a href=\"https:\/\/obera.fr\/cs\/produits\/purificateurs-air\/\">vhodn\u00fdch \u010disti\u010dek vzduchu<\/a> \u00fa\u010dinn\u011b zpracov\u00e1v\u00e1 \u010d\u00e1stice pap\u00edru,<strong> prach a v\u00fdpary z barev<\/strong>, \u010d\u00edm\u017e p\u0159isp\u00edv\u00e1 ke zdrav\u00e9mu a produktivn\u00edmu pracovn\u00edmu prost\u0159ed\u00ed. <\/p>\n\n<h2 class=\"wp-block-heading\">Pro\u010d pou\u017e\u00edvat \u010disti\u010dku vzduchu v pap\u00edrov\u00e9m prost\u0159ed\u00ed?<\/h2>\n\n<h3 class=\"wp-block-heading\">\u010c\u00e1stice pap\u00edru, prach, barvy&#8230; V\u00fdzvy, kter\u00fdm \u010del\u00ed tisk\u00e1rny a d\u00edlny<\/h3>\n\n<p>P\u0159i \u010dinnostech zahrnuj\u00edc\u00edch <strong>intenzivn\u00ed manipulaci s pap\u00edrem<\/strong> nevyhnuteln\u011b vznikaj\u00ed jemn\u00e9 \u010d\u00e1stice a prach. Tyto mikro\u010d\u00e1stice mohou poch\u00e1zet z \u0159ez\u00e1n\u00ed, skl\u00e1d\u00e1n\u00ed nebo tisku a rozptyluj\u00ed se do okoln\u00edho ovzdu\u0161\u00ed. Krom\u011b toho mohou barvy pou\u017e\u00edvan\u00e9 p\u0159i tisku uvol\u0148ovat<strong> t\u011bkav\u00e9 organick\u00e9 slou\u010deniny (VOC)<\/strong>, kter\u00e9 jsou potenci\u00e1ln\u011b \u0161kodliv\u00e9 pro zdrav\u00ed zam\u011bstnanc\u016f. Dlouhodob\u00e9 vdechov\u00e1n\u00ed t\u011bchto l\u00e1tek m\u016f\u017ee v\u00e9st k d\u00fdchac\u00edm pot\u00ed\u017e\u00edm, podr\u00e1\u017ed\u011bn\u00ed nebo alergi\u00edm s n\u00e1sledn\u00fdm dopadem na produktivitu a zv\u00fd\u0161enou absenci.   <\/p>\n\n<h3 class=\"wp-block-heading\">Probl\u00e9my s kvalitou ovzdu\u0161\u00ed v kancel\u00e1\u0159\u00edch<\/h3>\n\n<p>V kancel\u00e1\u0159sk\u00e9m prost\u0159ed\u00ed m\u016f\u017ee <strong>\u0161patn\u00e1 kvalita vzduchu<\/strong> zp\u016fsoben\u00e1 hromad\u011bn\u00edm prachu a pap\u00edrov\u00fdch \u010d\u00e1stic zp\u016fsobovat nepohodl\u00ed, bolesti hlavy a zv\u00fd\u0161enou \u00fanavu zam\u011bstnanc\u016f. Instalace \u010disti\u010dek vzduchu pom\u00e1h\u00e1 <strong>udr\u017eovat zdrav\u00e9 prost\u0159ed\u00ed<\/strong> a podporuje pohodu, soust\u0159ed\u011bn\u00ed a v\u00fdkonnost zam\u011bstnanc\u016f. <\/p>\n\n<h2 class=\"wp-block-heading\">Tisk\u00e1rny, d\u00edlny, kancel\u00e1\u0159e: v\u00fdhody \u010disti\u010dek vzduchu  <\/h2>\n\n<div class=\"wp-block-columns is-layout-flex wp-container-core-columns-is-layout-28f84493 wp-block-columns-is-layout-flex\">\n<div class=\"wp-block-column is-layout-flow wp-block-column-is-layout-flow\" style=\"flex-basis:33.33%\">\n<figure class=\"wp-block-image aligncenter size-large is-resized\"><img decoding=\"async\" width=\"1024\" height=\"1024\" src=\"https:\/\/obera.fr\/wp-content\/uploads\/2025\/01\/image-avantages-1024x1024.jpg\" alt=\"v&#xFD;hody obr&#xE1;zku\" class=\"wp-image-57732\" style=\"width:104px;height:auto\" srcset=\"https:\/\/obera.fr\/wp-content\/uploads\/2025\/01\/image-avantages-1024x1024.jpg 1024w, https:\/\/obera.fr\/wp-content\/uploads\/2025\/01\/image-avantages-300x300.jpg 300w, https:\/\/obera.fr\/wp-content\/uploads\/2025\/01\/image-avantages-150x150.jpg 150w, https:\/\/obera.fr\/wp-content\/uploads\/2025\/01\/image-avantages-768x768.jpg 768w, https:\/\/obera.fr\/wp-content\/uploads\/2025\/01\/image-avantages-400x400.jpg 400w, https:\/\/obera.fr\/wp-content\/uploads\/2025\/01\/image-avantages-600x600.jpg 600w, https:\/\/obera.fr\/wp-content\/uploads\/2025\/01\/image-avantages.jpg 1200w\" sizes=\"(max-width: 1024px) 100vw, 1024px\" \/><\/figure>\n<\/div>\n\n\n\n<div class=\"wp-block-column is-layout-flow wp-block-column-is-layout-flow\" style=\"flex-basis:66.66%\">\n<h3 class=\"wp-block-heading\">Odstran\u011bn\u00ed prachu a pap\u00edrov\u00fdch \u010d\u00e1stic<\/h3>\n\n\n\n<p>\u010cisti\u010dky vzduchu <strong>vybaven\u00e9 filtry HEPA (High Efficiency Particulate Air)<\/strong> jsou obzvl\u00e1\u0161t\u011b \u00fa\u010dinn\u00e9 p\u0159i zachycov\u00e1n\u00ed jemn\u00fdch \u010d\u00e1stic p\u0159en\u00e1\u0161en\u00fdch vzduchem, v\u010detn\u011b \u010d\u00e1stic z pap\u00edru. Tyto filtry zachyt\u00ed a\u017e 99,97 % \u010d\u00e1stic o velikosti pouh\u00fdch 0,3 mikrometru a zaji\u0161\u0165uj\u00ed optim\u00e1ln\u00ed \u010di\u0161t\u011bn\u00ed okoln\u00edho vzduchu. <\/p>\n<\/div>\n<\/div>\n\n<div class=\"wp-block-columns is-layout-flex wp-container-core-columns-is-layout-28f84493 wp-block-columns-is-layout-flex\">\n<div class=\"wp-block-column is-layout-flow wp-block-column-is-layout-flow\" style=\"flex-basis:33.33%\">\n<figure class=\"wp-block-image aligncenter size-large is-resized\"><img decoding=\"async\" width=\"1024\" height=\"1024\" src=\"https:\/\/obera.fr\/wp-content\/uploads\/2025\/01\/image-avantages-1024x1024.jpg\" alt=\"v&#xFD;hody obr&#xE1;zku\" class=\"wp-image-57732\" style=\"width:104px;height:auto\" srcset=\"https:\/\/obera.fr\/wp-content\/uploads\/2025\/01\/image-avantages-1024x1024.jpg 1024w, https:\/\/obera.fr\/wp-content\/uploads\/2025\/01\/image-avantages-300x300.jpg 300w, https:\/\/obera.fr\/wp-content\/uploads\/2025\/01\/image-avantages-150x150.jpg 150w, https:\/\/obera.fr\/wp-content\/uploads\/2025\/01\/image-avantages-768x768.jpg 768w, https:\/\/obera.fr\/wp-content\/uploads\/2025\/01\/image-avantages-400x400.jpg 400w, https:\/\/obera.fr\/wp-content\/uploads\/2025\/01\/image-avantages-600x600.jpg 600w, https:\/\/obera.fr\/wp-content\/uploads\/2025\/01\/image-avantages.jpg 1200w\" sizes=\"(max-width: 1024px) 100vw, 1024px\" \/><\/figure>\n<\/div>\n\n\n\n<div class=\"wp-block-column is-layout-flow wp-block-column-is-layout-flow\" style=\"flex-basis:66.66%\">\n<h3 class=\"wp-block-heading\">Sn\u00ed\u017een\u00ed usazov\u00e1n\u00ed prachu<\/h3>\n\n\n\n<p><strong>Hromad\u011bn\u00ed prachu<\/strong> m\u016f\u017ee ovlivnit spr\u00e1vnou funkci elektronick\u00fdch a mechanick\u00fdch za\u0159\u00edzen\u00ed a nakonec zp\u016fsobit poruchy nebo p\u0159ed\u010dasn\u00e9 opot\u0159eben\u00ed. Krom\u011b toho se mohou ulo\u017een\u00e9 dokumenty v p\u0159\u00edtomnosti prachu rychleji znehodnotit. Pou\u017e\u00edv\u00e1n\u00ed \u010disti\u010dek vzduchu sni\u017euje tato rizika nejen t\u00edm, \u017ee udr\u017euje \u010dist\u00e9 prost\u0159ed\u00ed, ale tak\u00e9 t\u00edm, \u017ee<strong> prodlu\u017euje \u017eivotnost za\u0159\u00edzen\u00ed<\/strong> a zachov\u00e1v\u00e1 integritu dokument\u016f.  <\/p>\n<\/div>\n<\/div>\n\n<div class=\"wp-block-columns is-layout-flex wp-container-core-columns-is-layout-28f84493 wp-block-columns-is-layout-flex\">\n<div class=\"wp-block-column is-layout-flow wp-block-column-is-layout-flow\" style=\"flex-basis:33.33%\">\n<figure class=\"wp-block-image aligncenter size-large is-resized\"><img decoding=\"async\" width=\"1024\" height=\"1024\" src=\"https:\/\/obera.fr\/wp-content\/uploads\/2025\/01\/image-avantages-1024x1024.jpg\" alt=\"v&#xFD;hody obr&#xE1;zku\" class=\"wp-image-57732\" style=\"width:104px;height:auto\" srcset=\"https:\/\/obera.fr\/wp-content\/uploads\/2025\/01\/image-avantages-1024x1024.jpg 1024w, https:\/\/obera.fr\/wp-content\/uploads\/2025\/01\/image-avantages-300x300.jpg 300w, https:\/\/obera.fr\/wp-content\/uploads\/2025\/01\/image-avantages-150x150.jpg 150w, https:\/\/obera.fr\/wp-content\/uploads\/2025\/01\/image-avantages-768x768.jpg 768w, https:\/\/obera.fr\/wp-content\/uploads\/2025\/01\/image-avantages-400x400.jpg 400w, https:\/\/obera.fr\/wp-content\/uploads\/2025\/01\/image-avantages-600x600.jpg 600w, https:\/\/obera.fr\/wp-content\/uploads\/2025\/01\/image-avantages.jpg 1200w\" sizes=\"(max-width: 1024px) 100vw, 1024px\" \/><\/figure>\n<\/div>\n\n\n\n<div class=\"wp-block-column is-layout-flow wp-block-column-is-layout-flow\" style=\"flex-basis:66.66%\">\n<h3 class=\"wp-block-heading\">\u010cist\u0161\u00ed vzduch ve va\u0161ich prostor\u00e1ch<\/h3>\n\n\n\n<p>Vy\u010di\u0161t\u011bn\u00fd vzduch sni\u017euje <strong>nep\u0159\u00edjemn\u00e9 pachy a vytv\u00e1\u0159\u00ed p\u0159\u00edjemn\u011bj\u0161\u00ed atmosf\u00e9ru<\/strong>, co\u017e p\u0159\u00edmo p\u0159isp\u00edv\u00e1 k pohodl\u00ed t\u00fdmu. M\u016f\u017ee tak\u00e9 p\u0159isp\u011bt ke zlep\u0161en\u00ed image spole\u010dnosti, p\u0159i\u010dem\u017e d\u016fle\u017eit\u00fdm krit\u00e9riem je z\u00e1vazek k zaji\u0161t\u011bn\u00ed pohody a zdrav\u00ed na pracovi\u0161ti. <\/p>\n<\/div>\n<\/div>\n\n<h3 class=\"wp-block-heading\">Jak funguj\u00ed \u010disti\u010dky vzduchu na zpracov\u00e1n\u00ed pap\u00edrov\u00fdch \u010d\u00e1stic<\/h3>\n\n<h3 class=\"wp-block-heading\">Nejmodern\u011bj\u0161\u00ed filtra\u010dn\u00ed syst\u00e9my<\/h3>\n\n<p><strong> \u010cisti\u010dky vzduchu pro kancel\u00e1\u0159e<\/strong>, tisk\u00e1rny a pap\u00edrny obvykle pou\u017e\u00edvaj\u00ed n\u011bkolik \u00farovn\u00ed filtrace k zaji\u0161t\u011bn\u00ed optim\u00e1ln\u00edho \u010di\u0161t\u011bn\u00ed:<\/p>\n\n<div class=\"wp-block-columns is-layout-flex wp-container-core-columns-is-layout-28f84493 wp-block-columns-is-layout-flex\">\n<div class=\"wp-block-column is-layout-flow wp-block-column-is-layout-flow\" style=\"flex-basis:66.66%\">\n<h4 class=\"wp-block-heading\">HEPA filtr: vysoce \u00fa\u010dinn\u00e1 bari\u00e9ra proti jemn\u00fdm \u010d\u00e1stic\u00edm<\/h4>\n\n\n\n<p><strong>Filtr HEPA<\/strong> (High Efficiency Particulate Air) je kl\u00ed\u010dov\u00fdm prvkem \u010disti\u010dek ur\u010den\u00fdch pro prost\u0159ed\u00ed s vysok\u00fdm obsahem pap\u00edrov\u00e9ho prachu. Zachyt\u00ed a\u017e 99,97 % suspendovan\u00fdch \u010d\u00e1stic. <strong> <\/strong>z<strong> <\/strong>0,3 mikronu, v\u010detn\u011b :<\/p>\n\n\n\n<ul class=\"wp-block-list\">\n<li><strong>Pap\u00edrov\u00fd prach vznikaj\u00edc\u00ed p\u0159i \u0159ez\u00e1n\u00ed<\/strong> a manipulaci s dokumenty;<\/li>\n\n\n\n<li>\u010c\u00e1stice z laserov\u00fdch tisk\u00e1ren a kop\u00edrek;<\/li>\n\n\n\n<li>Alergeny, rozto\u010di a pyly ve vzduchu.<\/li>\n<\/ul>\n\n\n\n<p>D\u00edky <strong>hust\u011b tkan\u00e9 struktu\u0159e vl\u00e1ken<\/strong><a href=\"https:\/\/obera.fr\/cs\/nase-rady\/filtre-hepa-et-purificateur-d-air\/\"> HEPA filtr tyto ne\u010distoty zachycuje <\/a>a zabra\u0148uje jejich rozptylu, \u010d\u00edm\u017e zlep\u0161uje kvalitu vzduchu, kter\u00fd zam\u011bstnanci d\u00fdchaj\u00ed.<\/p>\n\n\n\n<h4 class=\"wp-block-heading\">Filtr s aktivn\u00edm uhl\u00edm: neutralizuje pachy a chemick\u00e9 v\u00fdpary<\/h4>\n\n\n\n<p>Z<strong> tiskov\u00fdch barev <\/strong>a toner\u016f se uvol\u0148uj\u00ed t\u011bkav\u00e9 organick\u00e9 l\u00e1tky (VOC), kter\u00e9 mohou b\u00fdt zdrav\u00ed \u0161kodliv\u00e9. Filtr s aktivn\u00edm uhl\u00edm je nezbytn\u00fd pro absorpci t\u011bchto l\u00e1tek a eliminaci : <\/p>\n\n\n\n<ul class=\"wp-block-list\">\n<li>Chemick\u00e9 pachy z barev a rozpou\u0161t\u011bdel;<\/li>\n\n\n\n<li>D\u00fdmy a \u0161kodliv\u00e9 v\u00fdpary vznikaj\u00edc\u00ed v n\u011bkter\u00fdch v\u00fdrobn\u00edch stroj\u00edch;<\/li>\n\n\n\n<li>Zne\u010di\u0161\u0165uj\u00edc\u00ed plyny, jako je formaldehyd a benzen, kter\u00e9 jsou \u010dasto p\u0159\u00edtomny v kancel\u00e1\u0159\u00edch vybaven\u00fdch laserov\u00fdmi tisk\u00e1rnami.<\/li>\n<\/ul>\n\n\n\n<p>Aktivn\u00ed uhl\u00ed funguje na principu<strong> adsorpce <\/strong>: molekuly zne\u010di\u0161\u0165uj\u00edc\u00edch l\u00e1tek se zachyt\u00ed na por\u00e9zn\u00edm povrchu filtru a zabr\u00e1n\u00ed jejich uvol\u0148ov\u00e1n\u00ed do vnit\u0159n\u00edho ovzdu\u0161\u00ed.<\/p>\n<\/div>\n\n\n\n<div class=\"wp-block-column is-layout-flow wp-block-column-is-layout-flow\" style=\"flex-basis:33.33%\">\n<figure class=\"wp-block-image size-large\"><img decoding=\"async\" width=\"1024\" height=\"1024\" src=\"https:\/\/obera.fr\/wp-content\/uploads\/2025\/05\/filtration-1024x1024.png\" alt=\"filtrace\" class=\"wp-image-121546\" srcset=\"https:\/\/obera.fr\/wp-content\/uploads\/2025\/05\/filtration-1024x1024.png 1024w, https:\/\/obera.fr\/wp-content\/uploads\/2025\/05\/filtration-300x300.png 300w, https:\/\/obera.fr\/wp-content\/uploads\/2025\/05\/filtration-150x150.png 150w, https:\/\/obera.fr\/wp-content\/uploads\/2025\/05\/filtration-768x768.png 768w, https:\/\/obera.fr\/wp-content\/uploads\/2025\/05\/filtration.png 1200w\" sizes=\"(max-width: 1024px) 100vw, 1024px\" \/><\/figure>\n<\/div>\n<\/div>\n\n<p><\/p>\n\n<h3 class=\"wp-block-heading\">Pokro\u010dil\u00e9 mo\u017enosti a technologie \u00fapravy vzduchu<\/h3>\n\n<p>N\u011bkter\u00e9 \u010disti\u010dky vzduchu pro kancel\u00e1\u0159e a d\u00edlny, nap\u0159\u00edklad \u0159ada OberA, nab\u00edzej\u00ed krom\u011b <strong>b\u011b\u017en\u00fdch filtra\u010dn\u00edch syst\u00e9m\u016f<\/strong> i dal\u0161\u00ed funkce, kter\u00e9 maximalizuj\u00ed \u00fa\u010dinnost \u00fapravy vzduchu:<\/p>\n\n<ul class=\"wp-block-list\">\n<li><strong>Ionizace vzduchu <\/strong>: n\u011bkter\u00e9 modely vyza\u0159uj\u00ed z\u00e1porn\u00e9 ionty, kter\u00e9 se nav\u00e1\u017e\u00ed na pap\u00edrov\u00e9 prachov\u00e9 \u010d\u00e1stice a usnadn\u00ed tak jejich zachycen\u00ed HEPA filtrem;<\/li>\n\n\n\n<li><strong>Eliminace vir\u016f a bakteri\u00ed <\/strong>: Technologie UV-C zabudovan\u00e9 v n\u011bkter\u00fdch \u010disti\u010dk\u00e1ch mohou zni\u010dit patogeny p\u0159\u00edtomn\u00e9 ve vzduchu;<\/li>\n\n\n\n<li><strong>Tich\u00fd re\u017eim<\/strong>: ide\u00e1ln\u00ed pro kancel\u00e1\u0159sk\u00e9 prostory, tento re\u017eim sni\u017euje hluk ventil\u00e1toru p\u0159i zachov\u00e1n\u00ed \u00fa\u010dinn\u00e9 filtrace.<\/li>\n<\/ul>\n\n<h2 class=\"wp-block-heading\">Jak vybrat spr\u00e1vnou \u010disti\u010dku vzduchu pro va\u0161i d\u00edlnu nebo kancel\u00e1\u0159?<\/h2>\n\n<h3 class=\"wp-block-heading\">Kapacita \u010disti\u010dky vzduchu<\/h3>\n\n<p>Je d\u016fle\u017eit\u00e9 <strong>vybrat \u010disti\u010dku vzduchu,<\/strong> jej\u00ed\u017e v\u00fdkon odpov\u00edd\u00e1 velikosti m\u00edstnosti. Poddimenzovan\u00fd p\u0159\u00edstroj nebude \u00fa\u010dinn\u00fd, zat\u00edmco p\u0159edimenzovan\u00fd model m\u016f\u017ee v\u00e9st ke zbyte\u010dn\u00e9 spot\u0159eb\u011b energie. V katalogov\u00fdch listech v\u00fdrobk\u016f se <strong>obvykle<\/strong> uv\u00e1d\u00ed <strong>doporu\u010den\u00e1 plocha<\/strong> pro optim\u00e1ln\u00ed v\u00fdkon v m3\/h (metrech krychlov\u00fdch za hodinu). Nap\u0159\u00edklad pro individu\u00e1ln\u00ed kancel\u00e1\u0159 o rozloze 20 m2 bude sta\u010dit pr\u016ftok 200 m3\/h. Pro otev\u0159enou kancel\u00e1\u0159 o rozloze 50 m2 bude zapot\u0159eb\u00ed pr\u016ftok 700 m3\/h.    <\/p>\n\n<h3 class=\"wp-block-heading\">Filtra\u010dn\u00ed syst\u00e9m  <\/h3>\n\n<p>Ujist\u011bte se, \u017ee<strong> vybran\u00e1 \u010disti\u010dka je vybavena filtry, kter\u00e9 jsou<\/strong> p\u0159izp\u016fsobeny zne\u010di\u0161\u0165uj\u00edc\u00edm l\u00e1tk\u00e1m p\u0159\u00edtomn\u00fdm ve va\u0161em prost\u0159ed\u00ed. Na\u0161e \u010disti\u010dky OberA maj\u00ed p\u0159edfiltra\u010dn\u00ed stupe\u0148 a jemn\u00e9 filtry. V\u011bt\u0161ina na\u0161ich model\u016f obsahuje stupe\u0148 HEPA a je kompatibiln\u00ed s pou\u017eit\u00edm uhl\u00edkov\u00fdch filtr\u016f.  <\/p>\n\n<p>Dostupnost a cena n\u00e1hradn\u00edch filtr\u016f jsou <strong>tak\u00e9 faktory, kter\u00e9 je t\u0159eba zv\u00e1\u017eit <\/strong>, aby byla zaji\u0161t\u011bna snadn\u00e1 a ekonomick\u00e1 \u00fadr\u017eba.<\/p>\n\n<blockquote class=\"wp-block-quote is-layout-flow wp-block-quote-is-layout-flow\">\n<p><em>Slovo odborn\u00edka: ve spole\u010dnosti OberA je na\u0161e <\/em><strong><em>jsou \u010disti\u010dky vzduchu ur\u010deny pro profesion\u00e1ln\u00ed prost\u0159ed\u00ed.<\/em><\/strong><em>zejm\u00e9na ty, kter\u00e9 jsou spojen\u00e9 s pap\u00edrem. Jsou vybaveny pokro\u010dilou technologi\u00ed, kter\u00e1 \u00fa\u010dinn\u011b zachycuje a eliminuje jemn\u00e9 \u010d\u00e1stice, prach a t\u011bkav\u00e9 organick\u00e9 slou\u010deniny (VOC) uvol\u0148ovan\u00e9 inkousty. <\/em><\/p>\n<\/blockquote>\n\n<h3 class=\"wp-block-heading\">Design a funk\u010dnost za\u0159\u00edzen\u00ed<\/h3>\n\n<p>Design za\u0159\u00edzen\u00ed by m\u011bl harmonicky zapadat do va\u0161eho pracovn\u00edho prostoru. Kompaktn\u00ed, b\u00edl\u00e9 modely jsou pro svou diskr\u00e9tnost \u010dasto preferov\u00e1ny pro kancel\u00e1\u0159e. Nav\u00edc n\u011bkter\u00e9 funkce, jako jsou <strong>indik\u00e1tory kvality vzduchu<\/strong>, tich\u00e9 re\u017eimy nebo programov\u00e1n\u00ed \u010dasova\u010de, mohou zlep\u0161it u\u017eivatelsk\u00fd komfort a \u00fa\u010dinnost \u010disti\u010dky.  <\/p>\n","protected":false},"excerpt":{"rendered":"<p>V profesion\u00e1ln\u00edch prost\u0159ed\u00edch, kde se pou\u017e\u00edv\u00e1 pap\u00edr, jako jsou tisk\u00e1rny, kniha\u0159sk\u00e9 d\u00edlny nebo administrativn\u00ed kancel\u00e1\u0159e, je kvalita vzduchu rozhoduj\u00edc\u00edm faktorem pro zaji\u0161t\u011bn\u00ed pohody zam\u011bstnanc\u016f a v\u00fdkonnosti za\u0159\u00edzen\u00ed.<\/p>\n","protected":false},"author":13,"featured_media":113984,"comment_status":"open","ping_status":"closed","sticky":false,"template":"","format":"standard","meta":{"_acf_changed":false,"_seopress_robots_primary_cat":"none","_seopress_titles_title":"Eliminujte pap\u00edrov\u00fd prach pomoc\u00ed na\u0161ich profesion\u00e1ln\u00edch \u010disti\u010dek vzduchu","_seopress_titles_desc":"Zlep\u0161ete kvalitu vzduchu pomoc\u00ed profesion\u00e1ln\u00edch \u010disti\u010dek vzduchu pro kancel\u00e1\u0159e a d\u00edlny. Objevte filtry HEPA a filtry s aktivn\u00edm uhl\u00edm, kter\u00e9 odstra\u0148uj\u00ed pap\u00edrov\u00e9 \u010d\u00e1stice a chr\u00e1n\u00ed va\u0161e za\u0159\u00edzen\u00ed. Rychl\u00e9 dod\u00e1n\u00ed na Obera.fr.  ","_seopress_robots_index":"","footnotes":""},"categories":[792],"tags":[507],"class_list":["post-108584","post","type-post","status-publish","format-standard","has-post-thumbnail","hentry","category-papir-lepenka","tag-cisticky","generate-columns","tablet-grid-50","mobile-grid-100","grid-parent","grid-50","no-featured-image-padding","resize-featured-image"],"acf":[],"_links":{"self":[{"href":"https:\/\/obera.fr\/cs\/wp-json\/wp\/v2\/posts\/108584","targetHints":{"allow":["GET"]}}],"collection":[{"href":"https:\/\/obera.fr\/cs\/wp-json\/wp\/v2\/posts"}],"about":[{"href":"https:\/\/obera.fr\/cs\/wp-json\/wp\/v2\/types\/post"}],"author":[{"embeddable":true,"href":"https:\/\/obera.fr\/cs\/wp-json\/wp\/v2\/users\/13"}],"replies":[{"embeddable":true,"href":"https:\/\/obera.fr\/cs\/wp-json\/wp\/v2\/comments?post=108584"}],"version-history":[{"count":10,"href":"https:\/\/obera.fr\/cs\/wp-json\/wp\/v2\/posts\/108584\/revisions"}],"predecessor-version":[{"id":128023,"href":"https:\/\/obera.fr\/cs\/wp-json\/wp\/v2\/posts\/108584\/revisions\/128023"}],"wp:featuredmedia":[{"embeddable":true,"href":"https:\/\/obera.fr\/cs\/wp-json\/wp\/v2\/media\/113984"}],"wp:attachment":[{"href":"https:\/\/obera.fr\/cs\/wp-json\/wp\/v2\/media?parent=108584"}],"wp:term":[{"taxonomy":"category","embeddable":true,"href":"https:\/\/obera.fr\/cs\/wp-json\/wp\/v2\/categories?post=108584"},{"taxonomy":"post_tag","embeddable":true,"href":"https:\/\/obera.fr\/cs\/wp-json\/wp\/v2\/tags?post=108584"}],"curies":[{"name":"wp","href":"https:\/\/api.w.org\/{rel}","templated":true}]}}