{"id":109133,"date":"2025-06-09T10:00:00","date_gmt":"2025-06-09T08:00:00","guid":{"rendered":"https:\/\/obera.fr\/nase-rada\/esperance-vie-conditions-travail-metiers-pierre\/"},"modified":"2025-06-16T14:54:19","modified_gmt":"2025-06-16T12:54:19","slug":"esperance-vie-conditions-travail-metiers-pierre","status":"publish","type":"post","link":"https:\/\/obera.fr\/cs\/nase-rady\/esperance-vie-conditions-travail-metiers-pierre\/","title":{"rendered":"Pr\u016fm\u011brn\u00e1 d\u00e9lka \u017eivota a pracovn\u00ed podm\u00ednky v kamenn\u00e9m pr\u016fmyslu: jak\u00e1 je realita?"},"content":{"rendered":"\n<p>Kamenick\u00e9 profese pat\u0159\u00ed k neju\u0161lechtilej\u0161\u00edm a nejn\u00e1ro\u010dn\u011bj\u0161\u00edm ve sv\u011bt\u011b \u0159emesel a pr\u016fmyslu. Kamenosocha\u0159i, rytci, mramor\u00e1\u0159i, socha\u0159i a pracovn\u00edci v lomech uplat\u0148uj\u00ed sv\u00e9 neoceniteln\u00e9 dovednosti&#8230; \u010dasto v n\u00e1ro\u010dn\u00fdch podm\u00ednk\u00e1ch. Mnoho lid\u00ed si neuv\u011bdomuje, \u017ee tyto podm\u00ednky mohou m\u00edt <strong>skute\u010dn\u00fd vliv na zdrav\u00ed,<\/strong> a dokonce i na d\u00e9lku \u017eivota.    <\/p>\n\n<figure class=\"wp-block-image alignright size-large is-resized\"><img decoding=\"async\" width=\"768\" height=\"1024\" src=\"https:\/\/obera.fr\/wp-content\/uploads\/2025\/06\/20250131_105634-768x1024.jpg\" alt=\"20250131 105634\" class=\"wp-image-111959\" style=\"width:335px;height:auto\" srcset=\"https:\/\/obera.fr\/wp-content\/uploads\/2025\/06\/20250131_105634-768x1024.jpg 768w, https:\/\/obera.fr\/wp-content\/uploads\/2025\/06\/20250131_105634-225x300.jpg 225w, https:\/\/obera.fr\/wp-content\/uploads\/2025\/06\/20250131_105634-1152x1536.jpg 1152w, https:\/\/obera.fr\/wp-content\/uploads\/2025\/06\/20250131_105634-1536x2048.jpg 1536w, https:\/\/obera.fr\/wp-content\/uploads\/2025\/06\/20250131_105634-scaled.jpg 1920w\" sizes=\"(max-width: 768px) 100vw, 768px\" \/><\/figure>\n\n<h2 class=\"wp-block-heading\"><strong>  V\u00e1\u0161niv\u00e9, ale rizikov\u00e9 povol\u00e1n\u00ed  <\/strong><\/h2>\n\n<p>Pr\u00e1ce s kamenem zahrnuje :  <\/p>\n\n<ul class=\"wp-block-list\">\n<li>intenzivn\u00ed fyzick\u00e1 n\u00e1maha,  <\/li>\n\n\n\n<li>nep\u0159\u00edjemn\u00e9 pozice,  <\/li>\n\n\n\n<li>v\u00fdrazn\u00fd okoln\u00ed hluk,  <\/li>\n\n\n\n<li>a p\u0159edev\u0161\u00edm <strong>chronickou expozici k\u0159emi\u010dit\u00e9mu prachu<\/strong>.  <\/li>\n<\/ul>\n\n<p>Tento extr\u00e9mn\u011b jemn\u00fd prach vznik\u00e1 p\u0159i \u0159ez\u00e1n\u00ed, brou\u0161en\u00ed nebo le\u0161t\u011bn\u00ed kamene. Pouh\u00fdm okem je neviditeln\u00fd, ale pronik\u00e1 hluboko do d\u00fdchac\u00edch cest a z dlouhodob\u00e9ho hlediska m\u016f\u017ee zp\u016fsobit <strong>z\u00e1va\u017en\u00e1 onemocn\u011bn\u00ed <\/strong>: silik\u00f3zu, chronickou bronchitidu, CHOPN a dokonce rakovinu plic.   <\/p>\n\n<h2 class=\"wp-block-heading\"><strong>  Krat\u0161\u00ed pr\u016fm\u011brn\u00e1 d\u00e9lka \u017eivota  <\/strong><\/h2>\n\n<p>Podle \u0159ady studi\u00ed je <strong>pr\u016fm\u011brn\u00e1 d\u00e9lka \u017eivota <\/strong>pracovn\u00edk\u016f ve stavebnictv\u00ed a kamenictv\u00ed <strong>o n\u011bkolik let krat\u0161\u00ed <\/strong>ne\u017e u jin\u00fdch profes\u00ed. Je to zp\u016fsobeno fyzick\u00fdm opot\u0159eben\u00edm, ale tak\u00e9 <strong>dlouhodob\u00fdm p\u016fsoben\u00edm neviditeln\u00fdch \u0161kodlivin<\/strong>.   <\/p>\n\n<p>A pr\u00e1v\u011b to, co nevid\u00edme &#8211; kvalita ovzdu\u0161\u00ed &#8211; je jedn\u00edm z nejz\u00e1sadn\u011bj\u0161\u00edch probl\u00e9m\u016f, kter\u00fdm dnes toto odv\u011btv\u00ed \u010del\u00ed.  <\/p>\n\n<h2 class=\"wp-block-heading\"><strong>  Spr\u00e1vn\u00e9 vybaven\u00ed: praktick\u00e9 a okam\u017eit\u00e9 \u0159e\u0161en\u00ed  <\/strong><\/h2>\n\n<p>V t\u00e9to situaci je nutn\u00e9 jednat. A jednou z nej\u00fa\u010dinn\u011bj\u0161\u00edch reakc\u00ed je <strong>spr\u00e1vn\u00e9 vybaven\u00ed<\/strong>. Pr\u00e1v\u011b zde p\u0159ich\u00e1zej\u00ed na \u0159adu <strong>\u0159e\u0161en\u00ed spole\u010dnosti OberA<\/strong>, kter\u00e1 jsou navr\u017eena speci\u00e1ln\u011b pro po\u017eadavky kamenick\u00fdch d\u00edlen a pracovi\u0161\u0165.    <\/p>\n\n<h3 class=\"wp-block-heading\"><strong>  \u0158e\u0161en\u00ed OberA zahrnuj\u00ed :  <\/strong><\/h3>\n\n<ul class=\"wp-block-list\">\n<li><strong>Pr\u016fmyslov\u00e9 odlu\u010dova\u010de prachu <\/strong>: zachycuj\u00ed prach p\u0159\u00edmo u zdroje, co nejbl\u00ed\u017ee n\u00e1stroj\u016fm a emisn\u00edm z\u00f3n\u00e1m.  <\/li>\n\n\n\n<li><strong>\u010cisti\u010dky vzduchu <\/strong>: k \u00faprav\u011b okoln\u00edho vzduchu v d\u00edln\u011b a sn\u00ed\u017een\u00ed koncentrace suspendovan\u00fdch \u010d\u00e1stic.  <\/li>\n\n\n\n<li><strong>Mobiln\u00ed t\u011b\u017eebn\u00ed jednotky <\/strong>: flexibiln\u00ed \u0159e\u0161en\u00ed pro jednor\u00e1zov\u00e9 operace nebo oblasti bez pevn\u00e9ho t\u011b\u017eebn\u00edho za\u0159\u00edzen\u00ed, kter\u00e9 umo\u017e\u0148uje efektivn\u00ed m\u00edstn\u00ed z\u00e1sah.<\/li>\n<\/ul>\n\n<p>Toto za\u0159\u00edzen\u00ed hraje aktivn\u00ed roli p\u0159i <strong>sni\u017eov\u00e1n\u00ed expozice pracovn\u00edk\u016f prachu<\/strong> v souladu s po\u017eadavky p\u0159edpis\u016f a doporu\u010den\u00edmi preventivn\u00edch slu\u017eeb.  <\/p>\n\n<div class=\"wp-block-columns is-layout-flex wp-container-core-columns-is-layout-28f84493 wp-block-columns-is-layout-flex\">\n<div class=\"wp-block-column is-layout-flow wp-block-column-is-layout-flow\">\n<figure class=\"wp-block-image aligncenter size-large is-resized\"><img decoding=\"async\" width=\"1024\" height=\"724\" src=\"https:\/\/obera.fr\/wp-content\/uploads\/2025\/05\/depoussiereur-mobile-2-1024x724.png\" alt=\"mobiln&#xED; odlu&#x10D;ova&#x10D; prachu (2)\" class=\"wp-image-104459\" style=\"width:295px;height:auto\" srcset=\"https:\/\/obera.fr\/wp-content\/uploads\/2025\/05\/depoussiereur-mobile-2-1024x724.png 1024w, https:\/\/obera.fr\/wp-content\/uploads\/2025\/05\/depoussiereur-mobile-2-300x212.png 300w, https:\/\/obera.fr\/wp-content\/uploads\/2025\/05\/depoussiereur-mobile-2-768x543.png 768w, https:\/\/obera.fr\/wp-content\/uploads\/2025\/05\/depoussiereur-mobile-2-1536x1086.png 1536w, https:\/\/obera.fr\/wp-content\/uploads\/2025\/05\/depoussiereur-mobile-2.png 2000w\" sizes=\"(max-width: 1024px) 100vw, 1024px\" \/><figcaption class=\"wp-element-caption\"><strong>Odlu\u010dova\u010de prachu<\/strong><\/figcaption><\/figure>\n<\/div>\n\n\n\n<div class=\"wp-block-column is-layout-flow wp-block-column-is-layout-flow\">\n<figure class=\"wp-block-image aligncenter size-full is-resized\"><img decoding=\"async\" width=\"440\" height=\"440\" src=\"https:\/\/obera.fr\/wp-content\/uploads\/2024\/05\/purificateurs-dair-min.png\" alt=\"&#x10D;isti&#x10D;ky vzduchu obera\" class=\"wp-image-30667\" style=\"width:204px;height:auto\" srcset=\"https:\/\/obera.fr\/wp-content\/uploads\/2024\/05\/purificateurs-dair-min.png 440w, https:\/\/obera.fr\/wp-content\/uploads\/2024\/05\/purificateurs-dair-min-300x300.png 300w, https:\/\/obera.fr\/wp-content\/uploads\/2024\/05\/purificateurs-dair-min-150x150.png 150w\" sizes=\"(max-width: 440px) 100vw, 440px\" \/><figcaption class=\"wp-element-caption\"><strong>\u010cisti\u010dky<\/strong><\/figcaption><\/figure>\n<\/div>\n\n\n\n<div class=\"wp-block-column is-layout-flow wp-block-column-is-layout-flow\">\n<figure class=\"wp-block-image aligncenter size-large is-resized\"><img decoding=\"async\" width=\"1024\" height=\"1024\" src=\"https:\/\/obera.fr\/wp-content\/uploads\/2024\/05\/epurbox-brs-1024x1024.png\" alt=\"epurbox brs\" class=\"wp-image-30328\" style=\"width:204px;height:auto\" srcset=\"https:\/\/obera.fr\/wp-content\/uploads\/2024\/05\/epurbox-brs-1024x1024.png 1024w, https:\/\/obera.fr\/wp-content\/uploads\/2024\/05\/epurbox-brs-300x300.png 300w, https:\/\/obera.fr\/wp-content\/uploads\/2024\/05\/epurbox-brs-150x150.png 150w, https:\/\/obera.fr\/wp-content\/uploads\/2024\/05\/epurbox-brs-768x768.png 768w, https:\/\/obera.fr\/wp-content\/uploads\/2024\/05\/epurbox-brs.png 1200w\" sizes=\"(max-width: 1024px) 100vw, 1024px\" \/><figcaption class=\"wp-element-caption\"><strong>Mobiln\u00ed podstavce<\/strong><\/figcaption><\/figure>\n<\/div>\n<\/div>\n\n<h3 class=\"wp-block-heading\"><strong>  Dustlight: m\u011b\u0159en\u00ed je kontrola  <\/strong><\/h3>\n\n<p>Vybaven\u00ed d\u00edlny v\u0161ak nesta\u010d\u00ed: mus\u00edte tak\u00e9 <strong>pr\u016fb\u011b\u017en\u011b m\u011b\u0159it kvalitu vzduchu, <\/strong>abyste se ujistili, \u017ee se pohybujete v bezpe\u010dn\u00e9 z\u00f3n\u011b.  <\/p>\n\n<p>To je \u00faloha na\u0161eho inteligentn\u00edho analyz\u00e1toru vzduchu <strong>Dustlight<\/strong>.  <\/p>\n\n<p>Kompaktn\u00ed, robustn\u00ed a snadno pou\u017eiteln\u00fd p\u0159\u00edstroj Dustlight <strong>m\u011b\u0159\u00ed koncentrace jemn\u00fdch \u010d\u00e1stic (PM1, PM2,5, PM10) v re\u00e1ln\u00e9m \u010dase <\/strong>a upozor\u0148uje na p\u0159ekro\u010den\u00ed prahov\u00fdch hodnot.  <\/p>\n\n<p>D\u00edky p\u0159ipojen\u00e9mu rozhran\u00ed umo\u017e\u0148uje <strong>p\u0159esn\u00e9 a dokumentovan\u00e9 monitorov\u00e1n\u00ed expozice<\/strong> pro mistry v d\u00edln\u00e1ch, mana\u017eery BOZP nebo \u0159emesln\u00edky, kte\u0159\u00ed dbaj\u00ed na sv\u00e9 zdrav\u00ed.  <\/p>\n\n<h2 class=\"wp-block-heading\"><strong>  Pr\u00e1ce s kamenem bez po\u0161kozen\u00ed zdrav\u00ed  <\/strong><\/h2>\n\n<p>Ochrana profesion\u00e1l\u016f v tomto odv\u011btv\u00ed vy\u017eaduje ucelenou vizi: <strong>\u2192 zachycen\u00ed prachu, \u010di\u0161t\u011bn\u00ed vzduchu, vys\u00e1v\u00e1n\u00ed u zdroje pomoc\u00ed \u0159e\u0161en\u00ed OberA<\/strong>, <strong>\u2192 a kontrola expozice pomoc\u00ed Dustlight <\/strong>.  <\/p>\n\n<p>Zachov\u00e1n\u00ed zdrav\u00ed znamen\u00e1 tak\u00e9 zachov\u00e1n\u00ed gest, p\u0159enosu a kvality dob\u0159e odveden\u00e9 pr\u00e1ce.  <\/p>\n\n<p><strong>Proto\u017ee za ka\u017ed\u00fdm kamenn\u00fdm d\u00edlem se skr\u00fdv\u00e1 ruka odborn\u00edka, dop\u0159ejme mu trochu vzduchu, kter\u00fd stoj\u00ed za to d\u00fdchat.<\/strong><\/p>\n","protected":false},"excerpt":{"rendered":"<p>Kamenick\u00e9 profese pat\u0159\u00ed k neju\u0161lechtilej\u0161\u00edm a nejn\u00e1ro\u010dn\u011bj\u0161\u00edm ve sv\u011bt\u011b \u0159emesel a pr\u016fmyslu. Kamen\u00edci, rytci, \u0159ezb\u00e1\u0159i mramoru, socha\u0159i a pracovn\u00edci v lomech uplat\u0148uj\u00ed sv\u00e9 vz\u00e1cn\u00e9 dovednosti, \u010dasto v n\u00e1ro\u010dn\u00fdch podm\u00ednk\u00e1ch.   <\/p>\n","protected":false},"author":13,"featured_media":112240,"comment_status":"open","ping_status":"closed","sticky":false,"template":"","format":"standard","meta":{"_acf_changed":false,"_seopress_robots_primary_cat":"none","_seopress_titles_title":"M\u00e9tiers de la pierre : pr\u00e9server la sant\u00e9 face aux poussi\u00e8res \u2013 OberA","_seopress_titles_desc":"Exposition \u00e0 la silice, p\u00e9nibilit\u00e9, esp\u00e9rance de vie r\u00e9duite : OberA agit pour un air sain et s\u00e9curis\u00e9 dans les m\u00e9tiers de la pierre. Prot\u00e9gez vos \u00e9quipes.","_seopress_robots_index":"","footnotes":""},"categories":[310],"tags":[],"class_list":["post-109133","post","type-post","status-publish","format-standard","has-post-thumbnail","hentry","category-nase-rady","generate-columns","tablet-grid-50","mobile-grid-100","grid-parent","grid-50","no-featured-image-padding","resize-featured-image"],"acf":[],"_links":{"self":[{"href":"https:\/\/obera.fr\/cs\/wp-json\/wp\/v2\/posts\/109133","targetHints":{"allow":["GET"]}}],"collection":[{"href":"https:\/\/obera.fr\/cs\/wp-json\/wp\/v2\/posts"}],"about":[{"href":"https:\/\/obera.fr\/cs\/wp-json\/wp\/v2\/types\/post"}],"author":[{"embeddable":true,"href":"https:\/\/obera.fr\/cs\/wp-json\/wp\/v2\/users\/13"}],"replies":[{"embeddable":true,"href":"https:\/\/obera.fr\/cs\/wp-json\/wp\/v2\/comments?post=109133"}],"version-history":[{"count":2,"href":"https:\/\/obera.fr\/cs\/wp-json\/wp\/v2\/posts\/109133\/revisions"}],"predecessor-version":[{"id":112006,"href":"https:\/\/obera.fr\/cs\/wp-json\/wp\/v2\/posts\/109133\/revisions\/112006"}],"wp:featuredmedia":[{"embeddable":true,"href":"https:\/\/obera.fr\/cs\/wp-json\/wp\/v2\/media\/112240"}],"wp:attachment":[{"href":"https:\/\/obera.fr\/cs\/wp-json\/wp\/v2\/media?parent=109133"}],"wp:term":[{"taxonomy":"category","embeddable":true,"href":"https:\/\/obera.fr\/cs\/wp-json\/wp\/v2\/categories?post=109133"},{"taxonomy":"post_tag","embeddable":true,"href":"https:\/\/obera.fr\/cs\/wp-json\/wp\/v2\/tags?post=109133"}],"curies":[{"name":"wp","href":"https:\/\/api.w.org\/{rel}","templated":true}]}}