{"id":109254,"date":"2025-06-11T11:10:04","date_gmt":"2025-06-11T09:10:04","guid":{"rendered":"https:\/\/obera.fr\/nase-rada\/rafraichisseur-secteur-evenementiel\/"},"modified":"2025-07-16T10:50:10","modified_gmt":"2025-07-16T08:50:10","slug":"rafraichisseur-secteur-evenementiel","status":"publish","type":"post","link":"https:\/\/obera.fr\/cs\/umeni-zabava-a-rekreace\/rafraichisseur-secteur-evenementiel\/","title":{"rendered":"Chladi\u010d vzduchu pro sektor ud\u00e1lost\u00ed"},"content":{"rendered":"\n<p>V <strong>oblasti po\u0159\u00e1d\u00e1n\u00ed akc\u00ed<\/strong> je zaji\u0161t\u011bn\u00ed tepeln\u00e9ho komfortu pro va\u0161e t\u00fdmy a \u00fa\u010dastn\u00edky z\u00e1sadn\u00ed pro \u00fasp\u011bch va\u0161ich akc\u00ed. Spole\u010dnost OberA, uzn\u00e1van\u00fd specialista na pr\u016fmyslovou \u00fapravu vzduchu, nab\u00edz\u00ed vysoce v\u00fdkonn\u00e1 a ekologick\u00e1 <a href=\"https:\/\/obera.fr\/cs\/produits\/rafraichisseurs-air\/\">mobiln\u00ed adiabatick\u00e1 chladic\u00ed<\/a> \u0159e\u0161en\u00ed p\u0159izp\u016fsoben\u00e1 po\u017eadavk\u016fm do\u010dasn\u00fdch akc\u00ed.<\/p>\n\n<h2 class=\"wp-block-heading\">Pro\u010d si pro sv\u00e9 akce vybrat chladi\u010d vzduchu?<\/h2>\n\n<h3 class=\"wp-block-heading\">Zvl\u00e1d\u00e1n\u00ed horka, v\u00fdzva pro v\u00fdkonnost ud\u00e1losti<\/h3>\n\n<p>A\u0165 u\u017e se jedn\u00e1 o veletrh <strong>pod stanem<\/strong>, festival na slunci nebo svatbu pod \u0161ir\u00fdm nebem, okoln\u00ed teplota hraje z\u00e1sadn\u00ed roli v z\u00e1\u017eitc\u00edch \u00fa\u010dastn\u00edk\u016f. Dusn\u00e1 atmosf\u00e9ra zhor\u0161uje atmosf\u00e9ru, podporuje \u00fanavu a v m\u00edstech s vysokou hustotou lid\u00ed m\u016f\u017ee dokonce ohrozit bezpe\u010dnost. Nav\u00edc se akce vystaven\u00e1 nadm\u011brn\u00e9mu horku m\u016f\u017ee rychle zm\u011bnit v nep\u0159\u00edjemn\u00fd z\u00e1\u017eitek, kdy <strong>\u00fa\u010dastn\u00edci zkr\u00e1t\u00ed svou n\u00e1v\u0161t\u011bvu<\/strong>, klesne n\u00e1v\u0161t\u011bvnost st\u00e1nk\u016f a dojde k celkov\u00e9mu nepohodl\u00ed.  <\/p>\n\n<p><\/p>\n\n<p>Na druhou stranu zaji\u0161t\u011bn\u00ed <strong>\u00fa\u010dinn\u00fdch,<\/strong> dob\u0159e v\u011btran\u00fdch a p\u0159\u00edjemn\u00fdch <strong>chladic\u00edch z\u00f3n<\/strong> prodlu\u017euje dobu n\u00e1v\u0161t\u011bvnosti, podporuje interakci a dod\u00e1v\u00e1 va\u0161\u00ed organizaci kvalitn\u00ed image. Stru\u010dn\u011b \u0159e\u010deno, <strong>pr\u016fmyslov\u00e9 osv\u011b\u017eova\u010de vzduchu<\/strong> jsou mnohem v\u00edc ne\u017e jen komfort: jsou to p\u00e1ky pro v\u00fdkonnost akce. <\/p>\n\n<h3 class=\"wp-block-heading\">Chladi\u010de vzduchu: ide\u00e1ln\u00ed \u0159e\u0161en\u00ed pro prost\u0159ed\u00ed akc\u00ed<\/h3>\n\n<p>Vodou chlazen\u00e9 chladi\u010de vzduchu, zn\u00e1m\u00e9 tak\u00e9 jako <strong>adiabatick\u00e9 chladi\u010de<\/strong>, jsou ide\u00e1ln\u00edm \u0159e\u0161en\u00edm pro vytvo\u0159en\u00ed temperovan\u00e9ho prost\u0159ed\u00ed bez n\u00e1ro\u010dn\u00e9 instalace a nadm\u011brn\u00e9 spot\u0159eby energie. Na rozd\u00edl od b\u011b\u017en\u00fdch klimatizac\u00ed nevy\u017eaduj\u00ed chladic\u00ed okruh, nespot\u0159ebov\u00e1vaj\u00ed olej ani plyn a nevyh\u00e1n\u00ed hork\u00fd vzduch ven. Jedn\u00e1 se o p\u0159\u00edrodn\u00ed technologii zalo\u017eenou na jednoduch\u00e9m, ale \u00fa\u010dinn\u00e9m principu:<strong>odpa\u0159ov\u00e1n\u00ed vody <\/strong>sni\u017euje okoln\u00ed teplotu rychle, hospod\u00e1rn\u011b a ekologicky.  <\/p>\n\n<p><\/p>\n\n<div class=\"wp-block-columns is-layout-flex wp-container-core-columns-is-layout-28f84493 wp-block-columns-is-layout-flex\">\n<div class=\"wp-block-column is-layout-flow wp-block-column-is-layout-flow\" style=\"flex-basis:66.66%\">\n<h3 class=\"wp-block-heading\">Vybaven\u00ed ur\u010den\u00e9 pro n\u00e1ro\u010dn\u00e9 akce<\/h3>\n\n\n\n<p><strong>Chladi\u010de vzduchu nab\u00edzen\u00e9 spole\u010dnost\u00ed OberA<\/strong> byly speci\u00e1ln\u011b vybr\u00e1ny tak, aby spl\u0148ovaly po\u017eadavky do\u010dasn\u00e9ho prost\u0159ed\u00ed: kompaktnost, v\u00fdkon, mobilita na kole\u010dk\u00e1ch, dlouh\u00e1 autonomie d\u00edky integrovan\u00fdm n\u00e1dr\u017e\u00edm na vodu a p\u0159edev\u0161\u00edm osv\u011bd\u010den\u00e1 \u00fa\u010dinnost chlazen\u00ed.<\/p>\n\n\n\n<blockquote class=\"wp-block-quote is-layout-flow wp-block-quote-is-layout-flow\">\n<p><em>P\u0159irozen\u011b chladn\u011bj\u0161\u00ed vzduch bez technick\u00fdch omezen\u00ed: mobiln\u00ed osv\u011b\u017eova\u010de vzduchu OberA poskytuj\u00ed<\/em><strong><em> okam\u017eit\u00e9 osv\u011b\u017een\u00ed<\/em><\/strong><em>Jejich instalace je jednoduch\u00e1, bez pot\u0159eby naddimenzovan\u00fdch elektrick\u00fdch s\u00edt\u00ed nebo slo\u017eit\u00e9 \u00fadr\u017eby.<\/em><\/p>\n<\/blockquote>\n\n\n\n<p>Lze je pou\u017e\u00edt na v\u0161ech typech akc\u00ed, od st\u00e1nku s ob\u010derstven\u00edm na no\u010dn\u00edm trhu po VIP z\u00f3nu na koncert\u011b nebo v uli\u010dk\u00e1ch na veletrhu. Jejich <strong>pou\u017eit\u00ed je rychl\u00e9 a snadn\u00e9<\/strong>, tak\u017ee se organiz\u00e1to\u0159i mohou soust\u0159edit na to, co je d\u016fle\u017eit\u00e9: zajistit hladk\u00fd pr\u016fb\u011bh akce. <\/p>\n\n\n\n<h2 class=\"wp-block-heading\">Jak\u00e9 ud\u00e1losti vy\u017eaduj\u00ed chladi\u010d vzduchu?<\/h2>\n\n\n\n<ul class=\"wp-block-list\">\n<li><strong>Venkovn\u00ed akce <\/strong>(svatby, festivaly, koncerty, trhy): v otev\u0159en\u00e9m prost\u0159ed\u00ed mohou osv\u011b\u017eova\u010de vzduchu vytvo\u0159it chladn\u00e9 z\u00f3ny a poskytnout \u00fa\u010dastn\u00edk\u016fm \u00fato\u010di\u0161t\u011b p\u0159ed horkem.<\/li>\n\n\n\n<li><strong>Akce pod stany nebo v uzav\u0159en\u00fdch prostor\u00e1ch<\/strong> (veletrhy, v\u00fdstavy, konference): v uzav\u0159en\u00fdch prostor\u00e1ch tyto jednotky cirkuluj\u00ed \u010derstv\u00fd vzduch, \u010d\u00edm\u017e zlep\u0161uj\u00ed kvalitu vzduchu a tepeln\u00fd komfort.<\/li>\n\n\n\n<li><strong>Specifick\u00e9 prostory<\/strong> (VIP prostory, p\u00f3dia, tribuny, prostory pro ob\u010derstven\u00ed): chladi\u010de vzduchu lze strategicky um\u00edstit tak, aby se zam\u011b\u0159ily na konkr\u00e9tn\u00ed prostory vy\u017eaduj\u00edc\u00ed zvl\u00e1\u0161tn\u00ed chlazen\u00ed.<\/li>\n<\/ul>\n\n\n\n<p><\/p>\n<\/div>\n\n\n\n<div class=\"wp-block-column is-layout-flow wp-block-column-is-layout-flow\" style=\"flex-basis:33.33%\">\n<figure class=\"wp-block-image aligncenter size-large is-resized\"><img decoding=\"async\" width=\"1024\" height=\"681\" src=\"https:\/\/obera.fr\/wp-content\/uploads\/2025\/07\/mva-samedi-16-1024x681.jpg\" alt=\"mva sobota 16\" class=\"wp-image-119364\" style=\"width:242px;height:auto\" srcset=\"https:\/\/obera.fr\/wp-content\/uploads\/2025\/07\/mva-samedi-16-1024x681.jpg 1024w, https:\/\/obera.fr\/wp-content\/uploads\/2025\/07\/mva-samedi-16-300x200.jpg 300w, https:\/\/obera.fr\/wp-content\/uploads\/2025\/07\/mva-samedi-16-768x511.jpg 768w, https:\/\/obera.fr\/wp-content\/uploads\/2025\/07\/mva-samedi-16-1536x1022.jpg 1536w, https:\/\/obera.fr\/wp-content\/uploads\/2025\/07\/mva-samedi-16-2048x1363.jpg 2048w\" sizes=\"(max-width: 1024px) 100vw, 1024px\" \/><\/figure>\n\n\n\n<p><\/p>\n\n\n\n<figure class=\"wp-block-image aligncenter size-large is-resized\"><img decoding=\"async\" width=\"1024\" height=\"1024\" src=\"https:\/\/obera.fr\/wp-content\/uploads\/2025\/06\/4-2-1024x1024.png\" alt=\"Festival Visual 2.0\" class=\"wp-image-115927\" style=\"width:249px;height:auto\" srcset=\"https:\/\/obera.fr\/wp-content\/uploads\/2025\/06\/4-2-1024x1024.png 1024w, https:\/\/obera.fr\/wp-content\/uploads\/2025\/06\/4-2-300x300.png 300w, https:\/\/obera.fr\/wp-content\/uploads\/2025\/06\/4-2-150x150.png 150w, https:\/\/obera.fr\/wp-content\/uploads\/2025\/06\/4-2-768x768.png 768w, https:\/\/obera.fr\/wp-content\/uploads\/2025\/06\/4-2.png 1200w\" sizes=\"(max-width: 1024px) 100vw, 1024px\" \/><\/figure>\n\n\n\n<p><\/p>\n\n\n\n<figure class=\"wp-block-image aligncenter size-large is-resized\"><img decoding=\"async\" width=\"1024\" height=\"683\" src=\"https:\/\/obera.fr\/wp-content\/uploads\/2025\/07\/gk8a2996-2-1024x683.jpg\" alt=\"gk8a2996 2\" class=\"wp-image-119249\" style=\"width:243px;height:auto\" srcset=\"https:\/\/obera.fr\/wp-content\/uploads\/2025\/07\/gk8a2996-2-1024x683.jpg 1024w, https:\/\/obera.fr\/wp-content\/uploads\/2025\/07\/gk8a2996-2-300x200.jpg 300w, https:\/\/obera.fr\/wp-content\/uploads\/2025\/07\/gk8a2996-2-768x512.jpg 768w, https:\/\/obera.fr\/wp-content\/uploads\/2025\/07\/gk8a2996-2-1536x1024.jpg 1536w, https:\/\/obera.fr\/wp-content\/uploads\/2025\/07\/gk8a2996-2-2048x1365.jpg 2048w\" sizes=\"(max-width: 1024px) 100vw, 1024px\" \/><\/figure>\n<\/div>\n<\/div>\n\n<h2 class=\"wp-block-heading\">Jak osv\u011b\u017eova\u010de vzduchu funguj\u00ed?<\/h2>\n\n<h3 class=\"wp-block-heading\">Princip odpa\u0159ov\u00e1n\u00ed vody: p\u0159\u00edrodn\u00ed a \u00fa\u010dinn\u00e1 technologie<\/h3>\n\n<p><strong>Osv\u011b\u017eova\u010de vzduchu nab\u00edzen\u00e9 spole\u010dnost\u00ed OberA<\/strong> vyu\u017e\u00edvaj\u00ed adiabatick\u00fd princip, kdy je tepl\u00fd vzduch nas\u00e1v\u00e1n a proch\u00e1z\u00ed zvlh\u010den\u00fdmi filtra\u010dn\u00edmi m\u00e9dii. Odpa\u0159ov\u00e1n\u00edm vody se teplo pohlcuje a vznik\u00e1 chladn\u011bj\u0161\u00ed vzduch, kter\u00fd se rozptyluje po cel\u00e9m prostoru. <\/p>\n\n<h3 class=\"wp-block-heading\">Jak\u00fd je rozd\u00edl mezi ventil\u00e1tory a klimatizac\u00ed?<\/h3>\n\n<p>Na rozd\u00edl od ventil\u00e1tor\u016f, kter\u00e9 jednodu\u0161e<strong> <\/strong>D\u00edky tomu, \u017ee osv\u011b\u017eova\u010de vzduchu <a href=\"https:\/\/obera.fr\/cs\/nase-rady\/rafraichisseur-air-basse-temperature\/\">rozv\u00ed\u0159\u00ed tepl\u00fd vzduch, ani\u017e by zm\u011bnily jeho teplotu<\/a>, sni\u017euj\u00ed okoln\u00ed teplotu d\u00edky odpa\u0159ovac\u00edmu ml\u017en\u00e9mu syst\u00e9mu. Vytv\u00e1\u0159ej\u00ed okam\u017eit\u00fd, p\u0159irozen\u00fd pocit sv\u011b\u017eesti, a to i venku nebo v do\u010dasn\u00fdch objektech, kde jsou ventil\u00e1tory ne\u00fa\u010dinn\u00e9. <\/p>\n\n<p><\/p>\n\n<p>Na druhou stranu klimatizace <strong>vy\u017eaduj\u00ed pevnou instalaci<\/strong>, v\u00fdkonn\u00fd zdroj energie a syst\u00e9m odvodu hork\u00e9ho vzduchu. Jsou \u00fa\u010dinn\u00e9, ale nejsou p\u0159\u00edli\u0161 vhodn\u00e9 pro jednor\u00e1zov\u00e9 akce, akce pod \u0161ir\u00fdm nebem nebo akce pod stanem. Chladi\u010de jsou jednodu\u0161\u0161\u00ed na instalaci, spot\u0159ebov\u00e1vaj\u00ed m\u00e9n\u011b energie a nespot\u0159ebov\u00e1vaj\u00ed plyn ani olej. Nab\u00edzej\u00ed mobiln\u00ed, ekonomickou a ekologickou alternativu. Pr\u00e1v\u011b tato <strong>jedine\u010dn\u00e1 kombinace \u00fa\u010dinnosti<\/strong>, jednoduchosti a flexibility \u010din\u00ed ze vzduchov\u00fdch chladi\u010d\u016f nejvhodn\u011bj\u0161\u00ed \u0159e\u0161en\u00ed pro zaji\u0161t\u011bn\u00ed komfortu a sv\u011b\u017eesti na va\u0161ich akc\u00edch.    <br\/><\/p>\n\n<h2 class=\"wp-block-heading\">V\u00fdhody chladi\u010d\u016f vzduchu pro akce<\/h2>\n\n<div class=\"wp-block-columns is-layout-flex wp-container-core-columns-is-layout-28f84493 wp-block-columns-is-layout-flex\">\n<div class=\"wp-block-column is-layout-flow wp-block-column-is-layout-flow\" style=\"flex-basis:33.33%\">\n<figure class=\"wp-block-image aligncenter size-large is-resized\"><img decoding=\"async\" width=\"1024\" height=\"1024\" src=\"https:\/\/obera.fr\/wp-content\/uploads\/2025\/01\/image-avantages-1024x1024.jpg\" alt=\"v&#xFD;hody obr&#xE1;zku\" class=\"wp-image-57732\" style=\"width:167px;height:auto\" srcset=\"https:\/\/obera.fr\/wp-content\/uploads\/2025\/01\/image-avantages-1024x1024.jpg 1024w, https:\/\/obera.fr\/wp-content\/uploads\/2025\/01\/image-avantages-300x300.jpg 300w, https:\/\/obera.fr\/wp-content\/uploads\/2025\/01\/image-avantages-150x150.jpg 150w, https:\/\/obera.fr\/wp-content\/uploads\/2025\/01\/image-avantages-768x768.jpg 768w, https:\/\/obera.fr\/wp-content\/uploads\/2025\/01\/image-avantages-400x400.jpg 400w, https:\/\/obera.fr\/wp-content\/uploads\/2025\/01\/image-avantages-600x600.jpg 600w, https:\/\/obera.fr\/wp-content\/uploads\/2025\/01\/image-avantages.jpg 1200w\" sizes=\"(max-width: 1024px) 100vw, 1024px\" \/><\/figure>\n<\/div>\n\n\n\n<div class=\"wp-block-column is-layout-flow wp-block-column-is-layout-flow\" style=\"flex-basis:66.66%\">\n<ul class=\"wp-block-list\">\n<li><strong>Okam\u017eit\u00e9 sn\u00ed\u017een\u00ed teploty<\/strong> v otev\u0159en\u00fdch nebo polootev\u0159en\u00fdch prostor\u00e1ch;<\/li>\n\n\n\n<li>Nen\u00ed pot\u0159eba plyn, olej ani slo\u017eit\u00e1 instalace;<\/li>\n\n\n\n<li>N\u00edzk\u00e1 spot\u0159eba energie, ide\u00e1ln\u00ed pro m\u00edsta s omezen\u00fdm nap\u00e1jen\u00edm;<\/li>\n\n\n\n<li>\u00dapln\u00e1 mobilita: snadn\u00e9 p\u0159em\u00edst\u011bn\u00ed z jednoho prostoru do druh\u00e9ho;<\/li>\n\n\n\n<li>Jednoduch\u00e1 obsluha, \u017e\u00e1dn\u00e1 n\u00e1ro\u010dn\u00e1 \u00fadr\u017eba ;<\/li>\n\n\n\n<li>Ekologick\u00e9 \u0159e\u0161en\u00ed zalo\u017een\u00e9 na p\u0159irozen\u00e9m vyu\u017e\u00edv\u00e1n\u00ed vody.<\/li>\n<\/ul>\n<\/div>\n<\/div>\n\n<p><em>Slovo odborn\u00edka: spot\u0159ebuje a\u017e 10kr\u00e1t m\u00e9n\u011b elekt\u0159iny ne\u017e klasick\u00e1 klimatizace, OberA<\/em><strong><em> Osv\u011b\u017eova\u010de vzduchu OberA jsou ekologickou alternativou<\/em><\/strong><em>D\u00edky absenci emis\u00ed sklen\u00edkov\u00fdch plyn\u016f se dokonale hod\u00ed pro pot\u0159eby sektoru po\u0159\u00e1d\u00e1n\u00ed akc\u00ed.<\/em><\/p>\n\n<p><\/p>\n\n<h2 class=\"wp-block-heading\">Jak vybrat chladi\u010d vzduchu na akci?<\/h2>\n\n<p>Ka\u017ed\u00e1 akce m\u00e1 sv\u00e1 <strong>specifick\u00e1 omezen\u00ed<\/strong>: plochu, konfiguraci, d\u00e9lku trv\u00e1n\u00ed, hustotu publika atd. Pro zaji\u0161t\u011bn\u00ed optim\u00e1ln\u00ed \u00fa\u010dinnosti a st\u00e1l\u00e9ho komfortu je nezbytn\u00e9 zvolit model, kter\u00fd je p\u0159izp\u016fsoben va\u0161im skute\u010dn\u00fdm pot\u0159eb\u00e1m. Zde jsou hlavn\u00ed krit\u00e9ria, kter\u00e1 je t\u0159eba zv\u00e1\u017eit. <\/p>\n\n<h3 class=\"wp-block-heading\">Chladic\u00ed v\u00fdkon a pr\u016ftok vzduchu<\/h3>\n\n<p>Je nezbytn\u00e9 vybrat jednotku s pr\u016ftokem vzduchu <strong>odpov\u00eddaj\u00edc\u00edm velikosti ochlazovan\u00e9ho prostoru<\/strong>. Nap\u0159\u00edklad <a href=\"https:\/\/obera.fr\/cs\/produits\/rafraichisseurs-air\/rafraichisseurs-par-evaporation-ic\/\">model IC30 od spole\u010dnosti OberA<\/a> nab\u00edz\u00ed pr\u016ftok vzduchu 30 000 m\u00b3\/h, co\u017e je vhodn\u00e9 pro plochy od 200 do 400 m\u00b2. <\/p>\n\n<h3 class=\"wp-block-heading\">Autonomie a kapacita n\u00e1dr\u017ee<\/h3>\n\n<p><strong> Velkokapacitn\u00ed<\/strong> n\u00e1dr\u017e<strong> zaru\u010duje del\u0161\u00ed autonomii<\/strong>. Z na\u0161\u00ed nab\u00eddky chladi\u010d\u016f m\u00e1 nap\u0159\u00edklad model IC30 n\u00e1dr\u017e o objemu 280 l, kter\u00e1 poskytuje 7 hodin autonomie. <\/p>\n\n<h3 class=\"wp-block-heading\">Snadn\u00e1 p\u0159eprava, instalace a \u00fadr\u017eba<\/h3>\n\n<p>Chladi\u010de OberA jsou <strong>kompaktn\u00ed mobiln\u00ed jednotky<\/strong> navr\u017een\u00e9 pro rychlou instalaci a zjednodu\u0161enou \u00fadr\u017ebu. D\u00edky sv\u00e9 konstrukci jsou ide\u00e1ln\u00ed pro do\u010dasn\u00e9 pou\u017eit\u00ed. <\/p>\n\n<h3 class=\"wp-block-heading\">Vybaven\u00ed OberA p\u0159izp\u016fsoben\u00e9 ud\u00e1lostem<\/h3>\n\n<p>Spole\u010dnost OberA nab\u00edz\u00ed \u0161irokou \u0161k\u00e1lu chladi\u010d\u016f vzduchu, kter\u00e9 spl\u0148uj\u00ed specifick\u00e9 pot\u0159eby ka\u017ed\u00e9 akce.<\/p>\n\n<ul class=\"wp-block-list\">\n<li>IC12: kompaktn\u00ed a mobiln\u00ed, ide\u00e1ln\u00ed pro plochy do 100 m\u00b2.<br\/><\/li>\n\n\n\n<li>IC22: univerz\u00e1ln\u00ed, vhodn\u00fd pro prostory o rozloze 100 a\u017e 200 m\u00b2.<br\/><\/li>\n\n\n\n<li>IC30: vysok\u00fd v\u00fdkon, ur\u010den\u00fd pro plochy o rozloze 200 a\u017e 400 m\u00b2.<br\/><\/li>\n<\/ul>\n\n<blockquote class=\"wp-block-quote is-layout-flow wp-block-quote-is-layout-flow\">\n<p><em>Siln\u00e9 str\u00e1nky spole\u010dnosti OberA: na\u0161e \u0159e\u0161en\u00ed jsou navr\u017eena tak, aby se p\u0159izp\u016fsobila va\u0161im specifick\u00fdm pot\u0159eb\u00e1m, a\u0165 u\u017e jde o pron\u00e1jem nebo n\u00e1kup. Pro   <\/em><strong><em>zaji\u0161t\u011bn\u00ed \u00fasp\u011bchu va\u0161ich akc\u00ed<\/em><\/strong><em>Va\u0161e vybaven\u00ed v\u00e1m doru\u010d\u00edme rychle a p\u0159\u00edmo na m\u00edsto kon\u00e1n\u00ed akce. V neposledn\u00ed \u0159ad\u011b poskytujeme technickou podporu p\u0159i instalaci a \u00fadr\u017eb\u011b va\u0161eho za\u0159\u00edzen\u00ed. <\/em><br\/><\/p>\n<\/blockquote>\n\n<h2 class=\"wp-block-heading\">Srovn\u00e1vac\u00ed tabulka \u0159e\u0161en\u00ed OberA<\/h2>\n\n<figure class=\"wp-block-table\"><table class=\"has-fixed-layout\"><tbody><tr><td>Model<\/td><td>Pr\u016ftok vzduchu (m\u00b3\/h)<\/td><td>Kryt\u00e1 plocha (m\u00b2)<\/td><td>Objem n\u00e1dr\u017ee (L)<\/td><td>Autonomie (v hodin\u00e1ch)<\/td><td>Hladina hluku (dB)<\/td><\/tr><tr><td>IC12<\/td><td>12 000 m\u00b3\/h<\/td><td>80 a\u017e 150 m\u00b2 podlahov\u00e9 plochy<\/td><td>70 L<\/td><td>8h<\/td><td>63 dB<\/td><\/tr><tr><td>IC22<\/td><td>22 000 m\u00b3\/h<\/td><td>A\u017e 250 m\u00b2 podlahov\u00e9 plochy<\/td><td>130 L<\/td><td>8h<\/td><td>68 dB<\/td><\/tr><tr><td>IC30<\/td><td>30 000 m\u00b3\/h<\/td><td>200 a\u017e 400 m\u00b2 podlahov\u00e9 plochy<\/td><td>280 L<\/td><td>7h<\/td><td>70 dB<\/td><\/tr><\/tbody><\/table><\/figure>\n\n<h2 class=\"wp-block-heading\">Pro\u010d si pro sv\u00e9 akce vybrat spole\u010dnost OberA?<\/h2>\n\n<ul class=\"wp-block-list\">\n<li><strong>V\u00fdrobky osv\u011bd\u010den\u00e9<\/strong> v nejn\u00e1ro\u010dn\u011bj\u0161\u00edch prost\u0159ed\u00edch (pr\u016fmysl, staveni\u0161t\u011b, akce);<br\/><\/li>\n\n\n\n<li><strong>Rychl\u00e1 reakce na va\u0161e po\u017eadavky s dod\u00e1n\u00edm<\/strong> na m\u00edsto do 24 a\u017e 72 hodin v z\u00e1vislosti na oblasti;<br\/><\/li>\n\n\n\n<li><strong>Odborn\u00e1 podpora od definov\u00e1n\u00ed<\/strong> va\u0161ich pot\u0159eb a\u017e po implementaci \u0159e\u0161en\u00ed;<br\/><\/li>\n<\/ul>\n\n<p>Ochotn\u00fd z\u00e1kaznick\u00fd servis, kter\u00fd je kdykoli k dispozici e-mailem nebo telefonicky.<\/p>\n","protected":false},"excerpt":{"rendered":"<p>V oblasti po\u0159\u00e1d\u00e1n\u00ed akc\u00ed je zaji\u0161t\u011bn\u00ed tepeln\u00e9ho komfortu pro va\u0161e t\u00fdmy a \u00fa\u010dastn\u00edky z\u00e1sadn\u00ed pro \u00fasp\u011bch va\u0161ich akc\u00ed.  <\/p>\n","protected":false},"author":13,"featured_media":113682,"comment_status":"open","ping_status":"closed","sticky":false,"template":"","format":"standard","meta":{"_acf_changed":false,"_seopress_robots_primary_cat":"none","_seopress_titles_title":"Chladi\u010d vzduchu na akci Zakoup\u00edm a pronajmu","_seopress_titles_desc":"Vyberte si pro sv\u00e9 akce osv\u011b\u017eova\u010de vzduchu pr\u016fmyslov\u00e9 t\u0159\u00eddy: mobiln\u00ed, v\u00fdkonn\u00e9, \u00fasporn\u00e9. Rychl\u00e9 dod\u00e1n\u00ed, konkurenceschopn\u00e9 ceny, poradenstv\u00ed na m\u00edru.","_seopress_robots_index":"","footnotes":""},"categories":[451],"tags":[406],"class_list":["post-109254","post","type-post","status-publish","format-standard","has-post-thumbnail","hentry","category-umeni-zabava-a-rekreace","tag-chladice","generate-columns","tablet-grid-50","mobile-grid-100","grid-parent","grid-50","no-featured-image-padding","resize-featured-image"],"acf":[],"_links":{"self":[{"href":"https:\/\/obera.fr\/cs\/wp-json\/wp\/v2\/posts\/109254","targetHints":{"allow":["GET"]}}],"collection":[{"href":"https:\/\/obera.fr\/cs\/wp-json\/wp\/v2\/posts"}],"about":[{"href":"https:\/\/obera.fr\/cs\/wp-json\/wp\/v2\/types\/post"}],"author":[{"embeddable":true,"href":"https:\/\/obera.fr\/cs\/wp-json\/wp\/v2\/users\/13"}],"replies":[{"embeddable":true,"href":"https:\/\/obera.fr\/cs\/wp-json\/wp\/v2\/comments?post=109254"}],"version-history":[{"count":2,"href":"https:\/\/obera.fr\/cs\/wp-json\/wp\/v2\/posts\/109254\/revisions"}],"predecessor-version":[{"id":122231,"href":"https:\/\/obera.fr\/cs\/wp-json\/wp\/v2\/posts\/109254\/revisions\/122231"}],"wp:featuredmedia":[{"embeddable":true,"href":"https:\/\/obera.fr\/cs\/wp-json\/wp\/v2\/media\/113682"}],"wp:attachment":[{"href":"https:\/\/obera.fr\/cs\/wp-json\/wp\/v2\/media?parent=109254"}],"wp:term":[{"taxonomy":"category","embeddable":true,"href":"https:\/\/obera.fr\/cs\/wp-json\/wp\/v2\/categories?post=109254"},{"taxonomy":"post_tag","embeddable":true,"href":"https:\/\/obera.fr\/cs\/wp-json\/wp\/v2\/tags?post=109254"}],"curies":[{"name":"wp","href":"https:\/\/api.w.org\/{rel}","templated":true}]}}