{"id":109448,"date":"2025-06-12T10:23:50","date_gmt":"2025-06-12T08:23:50","guid":{"rendered":"https:\/\/obera.fr\/nase-rada\/local-compresseur-surchauffe\/"},"modified":"2025-06-16T14:50:08","modified_gmt":"2025-06-16T12:50:08","slug":"local-compresseur-surchauffe","status":"publish","type":"post","link":"https:\/\/obera.fr\/cs\/nase-rady\/local-compresseur-surchauffe\/","title":{"rendered":"P\u0159eh\u0159\u00e1t\u00e1 kompresorovna: jak \u0159e\u0161en\u00ed spole\u010dnosti OberA zachr\u00e1nilo v\u00fdrobu?"},"content":{"rendered":"\n<h2 class=\"wp-block-heading\">Zji\u0161t\u011bn\u00ed: Kompresorovna o rozloze 100 m\u00b2, kterou nelze pou\u017e\u00edvat v hork\u00e9m po\u010das\u00ed.<\/h2>\n\n<p>S p\u0159\u00edchodem l\u00e9ta se na n\u00e1s nal\u00e9hav\u011b obr\u00e1til pr\u016fmyslov\u00fd z\u00e1kazn\u00edk. Jeho kompresorovna o <strong>rozloze 100 m\u00b2<\/strong> se m\u011bnila v pec, jakmile venkovn\u00ed teplota stoupla nad 30 \u00b0C. V d\u016fsledku toho se <strong>kompresory<\/strong> kv\u016fli okoln\u00edmu teplu vyp\u00ednaly, co\u017e zcela zastavilo v\u00fdrobu.  <\/p>\n\n<p>Jedn\u00e1 se o typick\u00fd p\u0159\u00edpad: v pr\u016fmyslu jsou technick\u00e9 m\u00edstnosti \u010dasto \u0161patn\u011b v\u011btran\u00e9, bez speci\u00e1ln\u00ed klimatizace. P\u0159esto je v nich um\u00edst\u011bno kritick\u00e9 za\u0159\u00edzen\u00ed, kter\u00e9 vyd\u00e1v\u00e1 obrovsk\u00e9 mno\u017estv\u00ed tepla. <\/p>\n\n<p><\/p>\n\n<div class=\"wp-block-columns is-layout-flex wp-container-core-columns-is-layout-28f84493 wp-block-columns-is-layout-flex\">\n<div class=\"wp-block-column is-layout-flow wp-block-column-is-layout-flow\">\n<figure class=\"wp-block-image aligncenter size-full is-resized\"><img decoding=\"async\" width=\"1000\" height=\"1000\" src=\"https:\/\/obera.fr\/wp-content\/uploads\/2025\/06\/panneau-indication-local-compresseur.webp\" alt=\"zna&#x10D;ka kompresorovny\" class=\"wp-image-109536\" style=\"width:364px;height:auto\" srcset=\"https:\/\/obera.fr\/wp-content\/uploads\/2025\/06\/panneau-indication-local-compresseur.webp 1000w, https:\/\/obera.fr\/wp-content\/uploads\/2025\/06\/panneau-indication-local-compresseur-300x300.webp 300w, https:\/\/obera.fr\/wp-content\/uploads\/2025\/06\/panneau-indication-local-compresseur-150x150.webp 150w, https:\/\/obera.fr\/wp-content\/uploads\/2025\/06\/panneau-indication-local-compresseur-768x768.webp 768w\" sizes=\"(max-width: 1000px) 100vw, 1000px\" \/><\/figure>\n<\/div>\n\n\n\n<div class=\"wp-block-column is-layout-flow wp-block-column-is-layout-flow\">\n<figure class=\"wp-block-image aligncenter size-large is-resized\"><img decoding=\"async\" width=\"683\" height=\"1024\" src=\"https:\/\/obera.fr\/wp-content\/uploads\/2025\/06\/chatgpt-image-12-juin-2025-12_16_27-683x1024.png\" alt=\"Kompresorovna\" class=\"wp-image-109513\" style=\"width:376px;height:auto\" srcset=\"https:\/\/obera.fr\/wp-content\/uploads\/2025\/06\/chatgpt-image-12-juin-2025-12_16_27-683x1024.png 683w, https:\/\/obera.fr\/wp-content\/uploads\/2025\/06\/chatgpt-image-12-juin-2025-12_16_27-200x300.png 200w, https:\/\/obera.fr\/wp-content\/uploads\/2025\/06\/chatgpt-image-12-juin-2025-12_16_27-768x1152.png 768w, https:\/\/obera.fr\/wp-content\/uploads\/2025\/06\/chatgpt-image-12-juin-2025-12_16_27.png 1024w\" sizes=\"(max-width: 683px) 100vw, 683px\" \/><\/figure>\n<\/div>\n<\/div>\n<div class=\"gb-container gb-container-9290c18d\">\n\n<h2 class=\"wp-block-heading\">Odpov\u011b\u010f spole\u010dnosti OberA: Na\u0161e mobiln\u00ed adiabatick\u00e9 chladi\u010de IC.<\/h2>\n\n\n\n<p>Pro rychl\u00e9 obnoven\u00ed kontrolovan\u00e9 teploty jsme doporu\u010dili najmout chladi\u010d IC 22, <strong>patentovan\u00fd mobiln\u00ed adiabatick\u00fd chladi\u010d OberA<\/strong>, <strong>vyroben\u00fd ve Francii<\/strong> a speci\u00e1ln\u011b navr\u017een\u00fd pro pr\u016fmyslov\u00e9 prost\u0159ed\u00ed.<\/p>\n\n<\/div>\n<div class=\"wp-block-columns is-layout-flex wp-container-core-columns-is-layout-28f84493 wp-block-columns-is-layout-flex\">\n<div class=\"wp-block-column is-layout-flow wp-block-column-is-layout-flow\" style=\"flex-basis:50%\">\n<div class=\"wp-block-buttons is-layout-flex wp-block-buttons-is-layout-flex\">\n<div class=\"wp-block-button\"><a class=\"wp-block-button__link has-text-align-center wp-element-button\" href=\"https:\/\/obera.fr\/location-appareil-industriel\/\">Pod\u00edvejte se na na\u0161e nab\u00eddky pron\u00e1jmu osv\u011b\u017eova\u010d\u016f vzduchu  <\/a><\/div>\n<\/div>\n<\/div>\n<\/div>\n\n<p><\/p>\n\n<p><\/p>\n\n<div class=\"wp-block-columns is-layout-flex wp-container-core-columns-is-layout-28f84493 wp-block-columns-is-layout-flex\">\n<div class=\"wp-block-column is-layout-flow wp-block-column-is-layout-flow\" style=\"flex-basis:50%\">\n<h2 class=\"wp-block-heading\">Pro\u010d je IC22 ide\u00e1ln\u00ed pro kompresorovnu?<\/h2>\n\n\n\n<ul class=\"wp-block-list\">\n<li> <strong>\u00da\u010dinnost chlazen\u00ed 22 kW<\/strong><\/li>\n\n\n\n<li><strong>Pr\u016ftok vzduchu 4 500 m\u00b3\/h<\/strong> k rozproud\u011bn\u00ed stagnuj\u00edc\u00edho vzduchu<\/li>\n\n\n\n<li><strong>Instalace bez pr\u00e1ce<\/strong>: Plug &amp; Play, p\u0159ipraveno k pou\u017eit\u00ed b\u011bhem n\u011bkolika minut<\/li>\n\n\n\n<li>Mo\u017enost <strong>lok\u00e1ln\u00edho chlazen\u00ed<\/strong> v okol\u00ed kompresor\u016f<\/li>\n\n\n\n<li><strong>100% vzduchov\u00fd provoz &#8211; bez chladiva<\/strong><\/li>\n<\/ul>\n\n\n\n<p>Na rozd\u00edl od b\u011b\u017en\u00e9 klimatizace <a href=\"https:\/\/obera.fr\/conseils\/le-principe-de-fonctionnement-du-refroidissement-adiabatique-air-eau-evaporation\/\">funguje adiabatick\u00fd chladi\u010d na principu odpa\u0159ov\u00e1n\u00ed vody<\/a>, tak\u017ee je z\u00e1rove\u0148 :<\/p>\n\n\n\n<ul class=\"wp-block-list\">\n<li>\u00dasporn\u011bj\u0161\u00ed pou\u017e\u00edv\u00e1n\u00ed<\/li>\n\n\n\n<li>\u0160etrn\u011bj\u0161\u00ed k \u017eivotn\u00edmu prost\u0159ed\u00ed<\/li>\n\n\n\n<li>V\u011bt\u0161\u00ed odolnost v pr\u016fmyslov\u00fdch podm\u00ednk\u00e1ch<\/li>\n<\/ul>\n<\/div>\n\n\n\n<div class=\"wp-block-column is-layout-flow wp-block-column-is-layout-flow\" style=\"flex-basis:50%\">\n<h2 class=\"wp-block-heading\">V\u00fdsledek: Teplota obnovena, kompresory znovu spu\u0161t\u011bny.<\/h2>\n\n\n\n<p>IC 22 byl dod\u00e1n a nainstalov\u00e1n za m\u00e9n\u011b ne\u017e 48 hodin.<\/p>\n\n\n\n<p>Teplota v m\u00edstnosti sn\u00ed\u017eena pod 30 \u00b0C<br\/>Od instalace nedo\u0161lo k vypnut\u00ed kompresoru<br\/>V\u00fdroba byla znovu spu\u0161t\u011bna bez \u00fapravy m\u00edstnosti.<\/p>\n\n\n\n<p><\/p>\n\n\n\n<h2 class=\"wp-block-heading\">Pro\u010d byste nem\u011bli zanedb\u00e1vat sv\u00e9 kompresorovny?<\/h2>\n\n\n\n<ul class=\"wp-block-list\">\n<li>Jedn\u00e1 se o <strong>oblasti s vysokou tepelnou z\u00e1t\u011b\u017e\u00ed<\/strong>.<\/li>\n\n\n\n<li>B\u011b\u017en\u00e9 v\u011btr\u00e1n\u00ed je <strong>v l\u00e9t\u011b nedostate\u010dn\u00e9<\/strong>.<\/li>\n\n\n\n<li>Zastaven\u00ed kompresoru znamen\u00e1 <strong>zastaven\u00ed v\u00fdroby<\/strong> &#8211; a tedy i n\u00e1klady.<\/li>\n<\/ul>\n<\/div>\n<\/div>\n\n<figure class=\"wp-block-image aligncenter size-large is-resized\"><img decoding=\"async\" width=\"788\" height=\"1024\" src=\"https:\/\/obera.fr\/wp-content\/uploads\/2025\/05\/ic22-made-in-france-1-788x1024.png\" alt=\"ic22 made in france\" class=\"wp-image-103987\" style=\"width:350px;height:auto\" srcset=\"https:\/\/obera.fr\/wp-content\/uploads\/2025\/05\/ic22-made-in-france-1-788x1024.png 788w, https:\/\/obera.fr\/wp-content\/uploads\/2025\/05\/ic22-made-in-france-1-231x300.png 231w, https:\/\/obera.fr\/wp-content\/uploads\/2025\/05\/ic22-made-in-france-1-768x998.png 768w, https:\/\/obera.fr\/wp-content\/uploads\/2025\/05\/ic22-made-in-france-1.png 1000w\" sizes=\"(max-width: 788px) 100vw, 788px\" \/><figcaption class=\"wp-element-caption\"><strong>Model IC 22<\/strong><\/figcaption><\/figure>\n\n<h2 class=\"wp-block-heading\">OberA: Praktick\u00e1 \u0159e\u0161en\u00ed pro pr\u016fmysl<\/h2>\n\n<p>Na\u0161e IC22 je <strong>100% mobiln\u00ed, 100% pr\u016fmyslov\u00e9<\/strong> \u0159e\u0161en\u00ed, kter\u00e9 bylo navr\u017eeno a vyrobeno ve Francii, aby spl\u0148ovalo skute\u010dn\u00e1 omezen\u00ed va\u0161ich provoz\u016f.<\/p>\n\n<h3 class=\"wp-block-heading\">Doch\u00e1z\u00ed v kompresorovn\u011b k p\u0159eh\u0159\u00edv\u00e1n\u00ed?<\/h3>\n\n<p>Kontaktujte n\u00e1s: na\u0161e t\u00fdmy mohou rychle zas\u00e1hnout kdekoli ve Francii. Se spole\u010dnost\u00ed OberA m\u00e1te sv\u00e9 za\u0159\u00edzen\u00ed pod kontrolou &#8211; i p\u0159i teplot\u011b 40 \u00b0C. <\/p>\n\n<div class=\"wp-block-buttons is-content-justification-center is-layout-flex wp-container-core-buttons-is-layout-a89b3969 wp-block-buttons-is-layout-flex\">\n<div class=\"wp-block-button\"><a class=\"wp-block-button__link has-text-align-center wp-element-button\" href=\"https:\/\/obera.fr\/cs\/contact\/\">Kontaktujte n\u00e1s<\/a><\/div>\n<\/div>\n\n<p><\/p>\n","protected":false},"excerpt":{"rendered":"<p>S p\u0159\u00edchodem l\u00e9ta se na n\u00e1s nal\u00e9hav\u011b obr\u00e1til pr\u016fmyslov\u00fd z\u00e1kazn\u00edk. Jeho kompresorovna o rozloze 100 m\u00b2 se stala pec\u00ed, jakmile venkovn\u00ed teplota stoupla nad 30 \u00b0C. <\/p>\n","protected":false},"author":13,"featured_media":112199,"comment_status":"open","ping_status":"closed","sticky":false,"template":"","format":"standard","meta":{"_acf_changed":false,"_seopress_robots_primary_cat":"none","_seopress_titles_title":"Local compresseur surchauff\u00e9 : solution mobile OberA IC22 efficace","_seopress_titles_desc":"Local \u00e0 40\u00b0C ? L\u2019IC22 OberA, rafra\u00eechisseur adiabatique mobile, baisse la temp\u00e9rature en 48h sans travaux. Production relanc\u00e9e, z\u00e9ro arr\u00eat de compresseur.","_seopress_robots_index":"","footnotes":""},"categories":[310],"tags":[],"class_list":["post-109448","post","type-post","status-publish","format-standard","has-post-thumbnail","hentry","category-nase-rady","generate-columns","tablet-grid-50","mobile-grid-100","grid-parent","grid-50","no-featured-image-padding","resize-featured-image"],"acf":[],"_links":{"self":[{"href":"https:\/\/obera.fr\/cs\/wp-json\/wp\/v2\/posts\/109448","targetHints":{"allow":["GET"]}}],"collection":[{"href":"https:\/\/obera.fr\/cs\/wp-json\/wp\/v2\/posts"}],"about":[{"href":"https:\/\/obera.fr\/cs\/wp-json\/wp\/v2\/types\/post"}],"author":[{"embeddable":true,"href":"https:\/\/obera.fr\/cs\/wp-json\/wp\/v2\/users\/13"}],"replies":[{"embeddable":true,"href":"https:\/\/obera.fr\/cs\/wp-json\/wp\/v2\/comments?post=109448"}],"version-history":[{"count":13,"href":"https:\/\/obera.fr\/cs\/wp-json\/wp\/v2\/posts\/109448\/revisions"}],"predecessor-version":[{"id":110400,"href":"https:\/\/obera.fr\/cs\/wp-json\/wp\/v2\/posts\/109448\/revisions\/110400"}],"wp:featuredmedia":[{"embeddable":true,"href":"https:\/\/obera.fr\/cs\/wp-json\/wp\/v2\/media\/112199"}],"wp:attachment":[{"href":"https:\/\/obera.fr\/cs\/wp-json\/wp\/v2\/media?parent=109448"}],"wp:term":[{"taxonomy":"category","embeddable":true,"href":"https:\/\/obera.fr\/cs\/wp-json\/wp\/v2\/categories?post=109448"},{"taxonomy":"post_tag","embeddable":true,"href":"https:\/\/obera.fr\/cs\/wp-json\/wp\/v2\/tags?post=109448"}],"curies":[{"name":"wp","href":"https:\/\/api.w.org\/{rel}","templated":true}]}}