{"id":109587,"date":"2025-06-12T12:20:50","date_gmt":"2025-06-12T10:20:50","guid":{"rendered":"https:\/\/obera.fr\/nase-rada\/rafraichisseur-secteur-logistique\/"},"modified":"2025-07-16T11:32:32","modified_gmt":"2025-07-16T09:32:32","slug":"rafraichisseur-secteur-logistique","status":"publish","type":"post","link":"https:\/\/obera.fr\/cs\/doprava-a-skladovani-logistika\/rafraichisseur-secteur-logistique\/","title":{"rendered":"Chladi\u010de vzduchu ur\u010den\u00e9 pro pot\u0159eby logistick\u00e9ho sektoru"},"content":{"rendered":"\n<p>Ve st\u00e1le n\u00e1ro\u010dn\u011bj\u0161\u00edm logistick\u00e9m prost\u0159ed\u00ed se <strong>kontrola teploty<\/strong> ve skladovac\u00edch prostorech st\u00e1v\u00e1 strategickou p\u00e1kou. D\u00edky sv\u00fdm \u0159e\u0161en\u00edm <a href=\"https:\/\/obera.fr\/cs\/produits\/rafraichisseurs-air\/\">adiabatick\u00e9ho chlazen\u00ed<\/a> pom\u00e1h\u00e1 spole\u010dnost OberA firm\u00e1m optimalizovat <strong>pracovn\u00ed a skladovac\u00ed podm\u00ednky<\/strong> a z\u00e1rove\u0148 \u0159\u00eddit spot\u0159ebu energie.<\/p>\n\n<h2 class=\"wp-block-heading\">\u0158\u00edzen\u00ed tepla v logistice: strategick\u00e1 v\u00fdzva<\/h2>\n\n<p>V logistick\u00fdch skladech je nadm\u011brn\u00e9 teplo mnohem v\u00edc ne\u017e jen nep\u0159\u00edjemnost: p\u0159edstavuje <strong>rizikov\u00fd faktor pro kvalitu v\u00fdrobk\u016f<\/strong>, bezpe\u010dnost zam\u011bstnanc\u016f a celkovou v\u00fdkonnost podniku. Zjist\u011bte v\u00edce. <\/p>\n\n<h3 class=\"wp-block-heading\">Zbo\u017e\u00ed vystaven\u00e9 kritick\u00fdm v\u00fdkyv\u016fm teploty<\/h3>\n\n<p>V\u011bt\u0161ina<strong> logistick\u00fdch budov nen\u00ed izolovan\u00e1 ani klimatizovan\u00e1<\/strong>. Vlivem plechov\u00fdch st\u0159ech a prosklen\u00fdch ploch m\u016f\u017ee teplota uvnit\u0159 v l\u00e9t\u011b snadno p\u0159ekro\u010dit 35 \u00b0C. To p\u0159edstavuje skute\u010dn\u00e9 nebezpe\u010d\u00ed pro :  <\/p>\n\n<ul class=\"wp-block-list\">\n<li><strong>nechlazen\u00e9 potraviny<\/strong>, jejich\u017e kvalita se m\u016f\u017ee rychle zhor\u0161it;<\/li>\n\n\n\n<li><strong>Farmaceutick\u00e9 nebo kosmetick\u00e9 v\u00fdrobky<\/strong> citliv\u00e9 na teplo;<\/li>\n\n\n\n<li><strong>Elektronick\u00e9 nebo plastov\u00e9 sou\u010d\u00e1stky<\/strong>, kter\u00e9 se mohou m\u011bnit p\u0159i teplot\u00e1ch nad 30 \u00b0C.<\/li>\n<\/ul>\n\n<p>I obalov\u00e9 materi\u00e1ly (f\u00f3lie, lepidla, lepenka) mohou ztratit svou \u00fa\u010dinnost nebo se deformovat, \u010d\u00edm\u017e vznikaj\u00ed nep\u0159\u00edm\u00e9 ztr\u00e1ty.<\/p>\n\n<div class=\"wp-block-columns is-layout-flex wp-container-core-columns-is-layout-28f84493 wp-block-columns-is-layout-flex\">\n<div class=\"wp-block-column is-layout-flow wp-block-column-is-layout-flow\" style=\"flex-basis:66.66%\">\n<h3 class=\"wp-block-heading\">Sn\u00ed\u017een\u00e1 produktivita a zv\u00fd\u0161en\u00e1 rizika pro provozovatele<\/h3>\n\n\n\n<p><strong> Vysok\u00e9 teploty<\/strong> v p\u0159\u00edpravn\u00e1ch nebo skladovac\u00edch prostor\u00e1ch maj\u00ed p\u0159\u00edm\u00fd vliv na v\u00fdkonnost t\u00fdmu. Horko zp\u016fsobuje pokles koncentrace, zv\u00fd\u0161enou \u00fanavu a vy\u0161\u0161\u00ed riziko muskuloskelet\u00e1ln\u00edch poruch nebo nepohodl\u00ed. <\/p>\n\n\n\n<p><strong>Hork\u00e9 prost\u0159ed\u00ed <\/strong>m\u00e1 tak\u00e9 dopad na produktivitu t\u00fdmu, co\u017e vede k prodlou\u017een\u00ed doby zpracov\u00e1n\u00ed, vy\u0161\u0161\u00ed chybovosti a zhor\u0161en\u00ed kvality slu\u017eeb.<\/p>\n\n\n\n<h3 class=\"wp-block-heading\">Testov\u00e1n\u00ed za\u0159\u00edzen\u00ed a syst\u00e9m\u016f<\/h3>\n\n\n\n<p>Vedle vlivu na lidsk\u00e9 zdroje m\u00e1 teplo vliv tak\u00e9 na bezprobl\u00e9mov\u00fd provoz logistick\u00fdch za\u0159\u00edzen\u00ed:<strong> zaklada\u010d\u016f, dopravn\u00edk\u016f, automatizovan\u00fdch t\u0159\u00eddic\u00edch syst\u00e9m\u016f<\/strong>atd. U t\u011bchto stroj\u016f, kter\u00e9 jsou navr\u017eeny pro m\u00edrn\u00e9 teplotn\u00ed rozmez\u00ed, m\u016f\u017ee v hork\u00e9m prost\u0159ed\u00ed doj\u00edt k p\u0159ed\u010dasn\u00fdm odst\u00e1vk\u00e1m nebo poruch\u00e1m.<\/p>\n<\/div>\n\n\n\n<div class=\"wp-block-column is-layout-flow wp-block-column-is-layout-flow\" style=\"flex-basis:33.33%\">\n<figure class=\"wp-block-image aligncenter size-large is-resized\"><img decoding=\"async\" width=\"1024\" height=\"1024\" src=\"https:\/\/obera.fr\/wp-content\/uploads\/2024\/05\/1-1024x1024.jpg\" alt=\"Pracovn&#xED;ci trp&#xED;c&#xED; horkem v pr&#x16F;myslu\" class=\"wp-image-31002\" style=\"width:291px;height:auto\" srcset=\"https:\/\/obera.fr\/wp-content\/uploads\/2024\/05\/1-1024x1024.jpg 1024w, https:\/\/obera.fr\/wp-content\/uploads\/2024\/05\/1-300x300.jpg 300w, https:\/\/obera.fr\/wp-content\/uploads\/2024\/05\/1-150x150.jpg 150w, https:\/\/obera.fr\/wp-content\/uploads\/2024\/05\/1-768x768.jpg 768w, https:\/\/obera.fr\/wp-content\/uploads\/2024\/05\/1.jpg 1200w\" sizes=\"(max-width: 1024px) 100vw, 1024px\" \/><\/figure>\n<\/div>\n<\/div>\n\n<p><em>N\u00e1zor znalce: v t\u00e9to souvislosti se st\u00e1v\u00e1 <\/em><strong><em>strategick\u00e9 nasazen\u00ed chladic\u00edho syst\u00e9mu<\/em><\/strong><em>  schopn\u00e9 stabilizovat vnit\u0159n\u00ed teplotu na p\u0159ijateln\u00e9 \u00farovni, ani\u017e by se zv\u00fd\u0161ily n\u00e1klady na energii nebo zm\u011bnila architektura objektu. K tomu slou\u017e\u00ed chladi\u010de vzduchu OberA. Ur\u010deno pro    <\/em><strong><em>pr\u016fmyslov\u00e9 pot\u0159eby<\/em><\/strong><em>Tato \u0159e\u0161en\u00ed jsou energeticky \u00fa\u010dinn\u00e1 a p\u0159irozen\u011b sni\u017euj\u00ed teplotu.<\/em><\/p>\n\n<p><\/p>\n\n<h2 class=\"wp-block-heading\">Adiabatick\u00e9 chlazen\u00ed: spolehliv\u00e1 a \u00fasporn\u00e1 technologie<\/h2>\n\n<h3 class=\"wp-block-heading\">Fyzik\u00e1ln\u00ed technologie<\/h3>\n\n<div class=\"wp-block-columns is-layout-flex wp-container-core-columns-is-layout-28f84493 wp-block-columns-is-layout-flex\">\n<div class=\"wp-block-column is-layout-flow wp-block-column-is-layout-flow\" style=\"flex-basis:66.66%\">\n<p><a href=\"https:\/\/obera.fr\/cs\/nase-rady\/comment-fonctionne-un-rafraichisseur-adiabatique\/\">Princip adiabatick\u00e9ho chlazen\u00ed<\/a>, zn\u00e1m\u00e9ho tak\u00e9 jako odpa\u0159ovac\u00ed chlazen\u00ed, je zalo\u017een na jednoduch\u00e9m fyzik\u00e1ln\u00edm jevu: kdy\u017e se voda odpa\u0159uje, absorbuje energii ve form\u011b tepla.<strong> Chladi\u010de vyu\u017e\u00edvaj\u00ed tohoto p\u0159irozen\u00e9ho procesu ke<\/strong> sn\u00ed\u017een\u00ed teploty okoln\u00edho vzduchu bez pou\u017eit\u00ed chladic\u00edch plyn\u016f nebo energeticky n\u00e1ro\u010dn\u00fdch kompresor\u016f. <\/p>\n\n\n\n<p>V praxi to znamen\u00e1, \u017ee tepl\u00fd venkovn\u00ed vzduch je nas\u00e1v\u00e1n za\u0159\u00edzen\u00edm, proch\u00e1z\u00ed zvlh\u010dovac\u00ed podlo\u017ekou nebo panelem (tzv. alveol\u00e1rn\u00edm m\u00e9diem) a vych\u00e1z\u00ed ochlazen\u00fd, ne\u017e je rozveden po budov\u011b. Tento typ syst\u00e9mu umo\u017e\u0148uje <strong>efektivn\u011b chladit velk\u00e9 objemy<\/strong> vzduchu p\u0159i velmi n\u00edzk\u00e9 spot\u0159eb\u011b elektrick\u00e9 energie. <\/p>\n<\/div>\n\n\n\n<div class=\"wp-block-column is-layout-flow wp-block-column-is-layout-flow\" style=\"flex-basis:33.33%\">\n<figure class=\"wp-block-image aligncenter size-full is-resized\"><img decoding=\"async\" width=\"1000\" height=\"1000\" src=\"https:\/\/obera.fr\/wp-content\/uploads\/2022\/03\/Rafraichisseur-dair-par-evaporation.jpg\" alt=\"odpa&#x159;ovac&#xED; chladi&#x10D; vzduchu\" class=\"wp-image-13253\" style=\"width:221px;height:auto\" srcset=\"https:\/\/obera.fr\/wp-content\/uploads\/2022\/03\/Rafraichisseur-dair-par-evaporation.jpg 1000w, https:\/\/obera.fr\/wp-content\/uploads\/2022\/03\/Rafraichisseur-dair-par-evaporation-300x300.jpg 300w, https:\/\/obera.fr\/wp-content\/uploads\/2022\/03\/Rafraichisseur-dair-par-evaporation-150x150.jpg 150w, https:\/\/obera.fr\/wp-content\/uploads\/2022\/03\/Rafraichisseur-dair-par-evaporation-768x768.jpg 768w\" sizes=\"(max-width: 1000px) 100vw, 1000px\" \/><\/figure>\n<\/div>\n<\/div>\n\n<h3 class=\"wp-block-heading\">Chytr\u00e1 alternativa k b\u011b\u017en\u00fdm klimatizac\u00edm<\/h3>\n\n<div class=\"wp-block-columns is-layout-flex wp-container-core-columns-is-layout-28f84493 wp-block-columns-is-layout-flex\">\n<div class=\"wp-block-column is-layout-flow wp-block-column-is-layout-flow\" style=\"flex-basis:66.66%\">\n<p>Na <strong>rozd\u00edl od klimatizac\u00ed, kter\u00e9<\/strong> vy\u017eaduj\u00ed prakticky hermeticky uzav\u0159en\u00e9 prostory, jsou adiabatick\u00e9 chladi\u010de vhodn\u00e9 zejm\u00e9na pro otev\u0159en\u00e9 budovy, jako jsou sklady, nakl\u00e1dac\u00ed rampy nebo pr\u016fmyslov\u00e9 d\u00edlny.<strong> Zlep\u0161uj\u00ed tak\u00e9 kvalitu vzduchu v interi\u00e9ru<\/strong> t\u00edm, \u017ee odstra\u0148uj\u00ed suspendovan\u00fd prach a \u010d\u00e1stice. <\/p>\n\n\n\n<p>Zde jsou uvedeny n\u011bkter\u00e9 konkr\u00e9tn\u00ed v\u00fdhody adiabatick\u00fdch chladi\u010d\u016f:<\/p>\n\n\n\n<ul class=\"wp-block-list\">\n<li><strong>Snadn\u00e1 instalace<\/strong>: nen\u00ed nutn\u00e1 \u017e\u00e1dn\u00e1 chladic\u00ed s\u00ed\u0165 ani v\u011bt\u0161\u00ed pr\u00e1ce;<\/li>\n\n\n\n<li><strong>Kompatibilita s otev\u0159en\u00fdm prost\u0159ed\u00edm<\/strong>: optim\u00e1ln\u00ed provoz s vysokou rychlost\u00ed obnovy vzduchu;<\/li>\n\n\n\n<li><strong>\u00daspora energie<\/strong>: jedin\u00fd motor pro cirkulaci vzduchu a \u010derp\u00e1n\u00ed vody;<\/li>\n\n\n\n<li><strong>Nen\u00e1ro\u010dn\u00e1 \u00fadr\u017eba<\/strong>: pravideln\u00e9 \u010di\u0161t\u011bn\u00ed, \u017e\u00e1dn\u00e9 slo\u017eit\u00e9 d\u00edly;<\/li>\n\n\n\n<li><strong>Trvanlivost<\/strong>: jednoduch\u00e9 mechanick\u00e9 sou\u010d\u00e1sti, dlouh\u00e1 \u017eivotnost odpa\u0159ovac\u00edch panel\u016f.<br\/><\/li>\n<\/ul>\n\n\n\n<p>\u0158ada OberA je vybavena velkokapacitn\u00edmi n\u00e1dr\u017eemi na vodu, kter\u00e9 zaru\u010duj\u00ed del\u0161\u00ed autonomii. N\u011bkter\u00e9 modely jsou vybaveny UV lampami, kter\u00e9 zabra\u0148uj\u00ed <strong>mno\u017een\u00ed bakteri\u00ed v hydraulick\u00e9m okruhu<\/strong>. Vysok\u00fd pr\u016ftok vzduchu v kombinaci s velkou plochou m\u00e9dia zaji\u0161\u0165uje rychl\u00e9 a rovnom\u011brn\u00e9 chlazen\u00ed i p\u0159i velk\u00fdch objemech.  <\/p>\n<\/div>\n\n\n\n<div class=\"wp-block-column is-layout-flow wp-block-column-is-layout-flow\" style=\"flex-basis:33.33%\">\n<figure class=\"wp-block-image aligncenter size-large is-resized\"><img decoding=\"async\" width=\"1024\" height=\"1024\" src=\"https:\/\/obera.fr\/wp-content\/uploads\/2025\/06\/31-1024x1024.png\" alt=\"31\" class=\"wp-image-111671\" style=\"width:277px;height:auto\" srcset=\"https:\/\/obera.fr\/wp-content\/uploads\/2025\/06\/31-1024x1024.png 1024w, https:\/\/obera.fr\/wp-content\/uploads\/2025\/06\/31-300x300.png 300w, https:\/\/obera.fr\/wp-content\/uploads\/2025\/06\/31-150x150.png 150w, https:\/\/obera.fr\/wp-content\/uploads\/2025\/06\/31-768x768.png 768w, https:\/\/obera.fr\/wp-content\/uploads\/2025\/06\/31.png 1200w\" sizes=\"(max-width: 1024px) 100vw, 1024px\" \/><\/figure>\n<\/div>\n<\/div>\n\n<p><\/p>\n\n<h3 class=\"wp-block-heading\">Optimalizov\u00e1no pro pr\u016fmyslov\u00e9 prost\u0159ed\u00ed<\/h3>\n\n<p>Chladi\u010de OberA jsou navr\u017eeny pro <strong>efektivn\u00ed<\/strong> provoz <strong>v n\u00e1ro\u010dn\u00fdch podm\u00ednk\u00e1ch<\/strong>: prach, vysok\u00e9 teploty, vlhkost. D\u00edky sv\u00e9 robustn\u00ed konstrukci (podvozek z pozinkovan\u00e9 oceli, zes\u00edlen\u00e1 kola, odoln\u00fd pl\u00e1\u0161\u0165) se ide\u00e1ln\u011b hod\u00ed pro po\u017eadavky logistick\u00e9ho a pr\u016fmyslov\u00e9ho sektoru. <\/p>\n\n<p>Na rozd\u00edl od jednoduch\u00fdch \u0159e\u0161en\u00ed v\u011btr\u00e1n\u00ed nebo klimatizace nav\u00edc <strong>adiabatick\u00e9 chlazen\u00ed umo\u017e\u0148uje sladit tepelnou \u00fa\u010dinnost<\/strong>, \u00fasporu energie a ohleduplnost k \u017eivotn\u00edmu prost\u0159ed\u00ed: dal\u0161\u00ed argument pro spole\u010dnosti, kter\u00e9 se zav\u00e1zaly k soci\u00e1ln\u00ed odpov\u011bdnosti podnik\u016f nebo se zaj\u00edmaj\u00ed o sn\u00ed\u017een\u00ed sv\u00e9 uhl\u00edkov\u00e9 stopy.<\/p>\n\n<h2 class=\"wp-block-heading\">Konkr\u00e9tn\u00ed v\u00fdhody pro va\u0161i logistickou platformu<\/h2>\n\n<h3 class=\"wp-block-heading\">Chra\u0148te sv\u00e9 citliv\u00e9 zbo\u017e\u00ed<\/h3>\n\n<p>Tepeln\u011b citliv\u00e9 v\u00fdrobky mohou b\u00fdt ovlivn\u011bny ji\u017e p\u0159i teplot\u00e1ch 25-30 \u00b0C. \u0158e\u0161en\u00ed odpa\u0159ovac\u00edho chlazen\u00ed spole\u010dnosti OberA umo\u017e\u0148uj\u00ed <strong>udr\u017eovat stabiln\u00ed teplotu ve skladovac\u00edch prostor\u00e1ch<\/strong> bez nutnosti pou\u017eit\u00ed drah\u00fdch nebo slo\u017eit\u00fdch syst\u00e9m\u016f. <\/p>\n\n<h3 class=\"wp-block-heading\">Nab\u00eddn\u011bte sv\u00fdm oper\u00e1tor\u016fm tepeln\u00fd komfort<\/h3>\n\n<p>M\u00edrn\u00e9 teploty zlep\u0161uj\u00ed koncentraci a sni\u017euj\u00ed \u00fanavu t\u00fdmu. D\u00edky chlazen\u00e9mu a filtrovan\u00e9mu vzduchu <strong>m\u016f\u017eete zaru\u010dit zdrav\u00e9 prost\u0159ed\u00ed, kter\u00e9<\/strong> p\u0159isp\u00edv\u00e1 k lep\u0161\u00edmu v\u00fdkonu v ter\u00e9nu. <\/p>\n\n<h3 class=\"wp-block-heading\">Sn\u00ed\u017een\u00ed provozn\u00edch n\u00e1klad\u016f souvisej\u00edc\u00edch s chlazen\u00edm<\/h3>\n\n<p>D\u00edky spot\u0159eb\u011b energie a\u017e o 80 % ni\u017e\u0161\u00ed ne\u017e u b\u011b\u017en\u00fdch klimatizac\u00ed p\u0159edstavuj\u00ed adiabatick\u00e9 chladi\u010de OberA <a href=\"https:\/\/obera.fr\/cs\/nase-rady\/solution-refroidissement-efficacite-energetique\/\">udr\u017eiteln\u00e9 ekonomick\u00e9 \u0159e\u0161en\u00ed<\/a>. M\u00e9n\u011b elekt\u0159iny, \u017e\u00e1dn\u00fd chladic\u00ed plyn, c\u00edlen\u00e1 \u00fa\u010dinnost. <\/p>\n\n<h2 class=\"wp-block-heading\">V\u00fdb\u011br chladic\u00edho boxu na m\u00edru va\u0161im logistick\u00fdm omezen\u00edm<\/h2>\n\n<p>Plocha, kterou je t\u0159eba pokr\u00fdt, rychlost proud\u011bn\u00ed vzduchu, autonomie: <strong>n\u011bkolik faktor\u016f rozhoduje o tom,<\/strong> jak\u00fd model je vhodn\u00e9 pou\u017e\u00edt ve skladu. Vezm\u011bte v \u00favahu : <\/p>\n\n<ul class=\"wp-block-list\">\n<li>Pr\u016ftok (m\u00b3\/h) p\u0159izp\u016fsoben\u00fd plo\u0161e povrchu a m\u00ed\u0159e vystaven\u00ed slunci ;<\/li>\n\n\n\n<li>Autonomie n\u00e1dr\u017ee na vodu pro dlouhodob\u00e9 pou\u017e\u00edv\u00e1n\u00ed bez p\u0159eru\u0161en\u00ed ;<\/li>\n\n\n\n<li>Mobilita, pokud pot\u0159ebujete p\u0159emis\u0165ovat za\u0159\u00edzen\u00ed podle pot\u0159eb obsluhy (nakl\u00e1dac\u00ed z\u00f3ny, z\u00f3ny vychyst\u00e1v\u00e1n\u00ed atd.);<\/li>\n\n\n\n<li>Snadn\u00e1 \u00fadr\u017eba: modely OberA jsou navr\u017eeny pro rychl\u00e9 \u010di\u0161t\u011bn\u00ed, maj\u00ed p\u0159\u00edstupn\u00e9 \u010d\u00e1sti a odoln\u00e9 materi\u00e1ly.<\/li>\n<\/ul>\n\n<h2 class=\"wp-block-heading\">\u0158e\u0161en\u00ed OberA pro optim\u00e1ln\u00ed logistick\u00e9 chlazen\u00ed<\/h2>\n\n<p>Spole\u010dnost OberA<strong> nab\u00edz\u00ed \u0159adu mobiln\u00edch pr\u016fmyslov\u00fdch chladi\u010d\u016f<\/strong>, kter\u00e9 vyhov\u00ed va\u0161im technick\u00fdm a prostorov\u00fdm omezen\u00edm:<\/p>\n\n<ul class=\"wp-block-list\">\n<li>IC 12: pro mal\u00e9 plochy (do 150 m\u00b2), 12 000 m\u00b3\/h, n\u00e1dr\u017e 70 l;<\/li>\n\n\n\n<li>IC 22 : do 250 m\u00b2, 22 000 m\u00b3\/h, n\u00e1dr\u017e 130 l ;<\/li>\n\n\n\n<li>IC 30: pro plochy do 400 m\u00b2, 30 000 m\u00b3\/h, n\u00e1dr\u017e 280 l.<\/li>\n<\/ul>\n\n<p>V\u0161echny mobiln\u00ed modely jsou namontov\u00e1ny na snadno pohybliv\u00fdch kole\u010dk\u00e1ch a maj\u00ed voliteln\u00e9 p\u0159\u00edm\u00e9 p\u0159ipojen\u00ed na vodu pro nep\u0159etr\u017eit\u00e9 pou\u017eit\u00ed.<\/p>\n\n<h2 class=\"wp-block-heading\">Shrnut\u00ed model\u016f OberA<\/h2>\n\n<figure class=\"wp-block-table\"><table class=\"has-fixed-layout\"><tbody><tr><td>Model<\/td><td>Pr\u016ftok vzduchu (m\u00b3\/h)<\/td><td>Kryt\u00e1 plocha (m\u00b2)<\/td><td>Objem n\u00e1dr\u017ee (L)<\/td><td>Typ<\/td><\/tr><tr><td>IC 12<\/td><td>12 000<\/td><td>A\u017e 150<\/td><td>70<\/td><td>Mobiln\u00ed<\/td><\/tr><tr><td>IC 22<\/td><td>22 000<\/td><td>A\u017e 250<\/td><td>130<\/td><td>Mobiln\u00ed<\/td><\/tr><tr><td>IC 30<\/td><td>30 000<\/td><td>A\u017e 400<\/td><td>280<\/td><td>Mobiln\u00ed<\/td><\/tr><tr><td><\/td><td><\/td><td><\/td><td><\/td><td><\/td><\/tr><\/tbody><\/table><\/figure>\n\n<h2 class=\"wp-block-heading\">Podpora spole\u010dnosti OberA: krom\u011b produktu i \u0159e\u0161en\u00ed na kl\u00ed\u010d<\/h2>\n\n<p>Se spole\u010dnost\u00ed OberA z\u00edsk\u00e1te <strong>spolehliv\u00e9 vybaven\u00ed a komplexn\u00ed podporu<\/strong>:<\/p>\n\n<ul class=\"wp-block-list\">\n<li>Pronajm\u011bte si nebo kupte \u0159e\u0161en\u00ed, kter\u00e9 vyhovuje va\u0161emu rozpo\u010dtu a dob\u011b pou\u017e\u00edv\u00e1n\u00ed;<\/li>\n\n\n\n<li>Instalace a uveden\u00ed do provozu na\u0161imi techniky na m\u00edst\u011b;<\/li>\n\n\n\n<li>Smlouvy o \u00fadr\u017eb\u011b pro zaji\u0161t\u011bn\u00ed optim\u00e1ln\u00edho provozu po cel\u00fd rok.<\/li>\n<\/ul>\n","protected":false},"excerpt":{"rendered":"<p>Ve st\u00e1le n\u00e1ro\u010dn\u011bj\u0161\u00edm logistick\u00e9m prost\u0159ed\u00ed se kontrola teploty ve skladovac\u00edch prostorech st\u00e1v\u00e1 strategickou p\u00e1kou.  <\/p>\n","protected":false},"author":13,"featured_media":113866,"comment_status":"open","ping_status":"closed","sticky":false,"template":"","format":"standard","meta":{"_acf_changed":false,"_seopress_robots_primary_cat":"none","_seopress_titles_title":"Logistick\u00e9 chladi\u010de vzduchu I Mobiln\u00ed \u0159e\u0161en\u00ed OberA","_seopress_titles_desc":"P\u0159ijm\u011bte udr\u017eiteln\u00e9 \u0159e\u0161en\u00ed chlazen\u00ed pomoc\u00ed adiabatick\u00fdch chladi\u010d\u016f OberA. Odpa\u0159ovac\u00ed chlazen\u00ed, vysok\u00fd pr\u016ftok, mobilita a \u00faspora energie pro pr\u016fmyslov\u00e9 prost\u0159ed\u00ed. ","_seopress_robots_index":"","footnotes":""},"categories":[731],"tags":[406],"class_list":["post-109587","post","type-post","status-publish","format-standard","has-post-thumbnail","hentry","category-doprava-a-skladovani-logistika","tag-chladice","generate-columns","tablet-grid-50","mobile-grid-100","grid-parent","grid-50","no-featured-image-padding","resize-featured-image"],"acf":[],"_links":{"self":[{"href":"https:\/\/obera.fr\/cs\/wp-json\/wp\/v2\/posts\/109587","targetHints":{"allow":["GET"]}}],"collection":[{"href":"https:\/\/obera.fr\/cs\/wp-json\/wp\/v2\/posts"}],"about":[{"href":"https:\/\/obera.fr\/cs\/wp-json\/wp\/v2\/types\/post"}],"author":[{"embeddable":true,"href":"https:\/\/obera.fr\/cs\/wp-json\/wp\/v2\/users\/13"}],"replies":[{"embeddable":true,"href":"https:\/\/obera.fr\/cs\/wp-json\/wp\/v2\/comments?post=109587"}],"version-history":[{"count":4,"href":"https:\/\/obera.fr\/cs\/wp-json\/wp\/v2\/posts\/109587\/revisions"}],"predecessor-version":[{"id":123348,"href":"https:\/\/obera.fr\/cs\/wp-json\/wp\/v2\/posts\/109587\/revisions\/123348"}],"wp:featuredmedia":[{"embeddable":true,"href":"https:\/\/obera.fr\/cs\/wp-json\/wp\/v2\/media\/113866"}],"wp:attachment":[{"href":"https:\/\/obera.fr\/cs\/wp-json\/wp\/v2\/media?parent=109587"}],"wp:term":[{"taxonomy":"category","embeddable":true,"href":"https:\/\/obera.fr\/cs\/wp-json\/wp\/v2\/categories?post=109587"},{"taxonomy":"post_tag","embeddable":true,"href":"https:\/\/obera.fr\/cs\/wp-json\/wp\/v2\/tags?post=109587"}],"curies":[{"name":"wp","href":"https:\/\/api.w.org\/{rel}","templated":true}]}}