{"id":113605,"date":"2025-06-19T13:06:21","date_gmt":"2025-06-19T11:06:21","guid":{"rendered":"https:\/\/obera.fr\/nase-rada\/rafraichisseur-industrie-bois\/"},"modified":"2025-07-16T11:03:15","modified_gmt":"2025-07-16T09:03:15","slug":"rafraichisseur-industrie-bois","status":"publish","type":"post","link":"https:\/\/obera.fr\/cs\/drevo-cs\/rafraichisseur-industrie-bois\/","title":{"rendered":"D\u0159evozpracuj\u00edc\u00ed pr\u016fmysl: v\u00fdb\u011br profesion\u00e1ln\u00edch chladi\u010d\u016f vzduchu"},"content":{"rendered":"\n<div class=\"wp-block-columns is-layout-flex wp-container-core-columns-is-layout-28f84493 wp-block-columns-is-layout-flex\">\n<div class=\"wp-block-column is-layout-flow wp-block-column-is-layout-flow\" style=\"flex-basis:66.66%\">\n<p>V d\u0159evozpracuj\u00edc\u00edm pr\u016fmyslu hraj\u00ed <strong>klimatick\u00e9 podm\u00ednky<\/strong> rozhoduj\u00edc\u00ed roli v ka\u017ed\u00e9 f\u00e1zi v\u00fdroby. Aby byla zaru\u010dena st\u00e1l\u00e1 kvalita, ochrana materi\u00e1l\u016f a bezpe\u010dn\u00e9 pracovn\u00ed prost\u0159ed\u00ed, st\u00e1v\u00e1 se kontrola okoln\u00edho vzduchu skute\u010dnou hnac\u00ed silou v\u00fdkonu.<\/p>\n\n\n\n<p>Jako specialista na \u00fapravu vzduchu v pr\u016fmyslov\u00e9m prost\u0159ed\u00ed nab\u00edz\u00ed spole\u010dnost OberA \u0159e\u0161en\u00ed <a href=\"https:\/\/obera.fr\/cs\/produits\/rafraichisseurs-air\/\">adiabatick\u00e9ho chlazen\u00ed<\/a>, kter\u00e1 jsou dokonale p\u0159izp\u016fsobena specifick\u00fdm omezen\u00edm d\u0159eva\u0159sk\u00e9ho pr\u016fmyslu. D\u00edky p\u0159irozen\u00e9, \u00fasporn\u00e9 a \u00fa\u010dinn\u00e9 technologii umo\u017e\u0148uj\u00ed na\u0161e syst\u00e9my regulaci teploty a vlhkosti a z\u00e1rove\u0148 spl\u0148uj\u00ed ekonomick\u00e9,<strong> technick\u00e9 a ekologick\u00e9<\/strong> po\u017eadavky<strong> profesion\u00e1l\u016f v d\u0159evozpracuj\u00edc\u00edm pr\u016fmyslu<\/strong>. <\/p>\n<\/div>\n\n\n\n<div class=\"wp-block-column is-layout-flow wp-block-column-is-layout-flow\" style=\"flex-basis:33.33%\">\n<figure class=\"wp-block-image aligncenter size-large is-resized\"><img decoding=\"async\" width=\"1024\" height=\"1024\" src=\"https:\/\/obera.fr\/wp-content\/uploads\/2025\/06\/industrie-du-bois-1-1024x1024.png\" alt=\"d&#x159;eva&#x159;sk&#xFD; pr&#x16F;mysl\" class=\"wp-image-122079\" style=\"width:187px;height:auto\" srcset=\"https:\/\/obera.fr\/wp-content\/uploads\/2025\/06\/industrie-du-bois-1-1024x1024.png 1024w, https:\/\/obera.fr\/wp-content\/uploads\/2025\/06\/industrie-du-bois-1-300x300.png 300w, https:\/\/obera.fr\/wp-content\/uploads\/2025\/06\/industrie-du-bois-1-150x150.png 150w, https:\/\/obera.fr\/wp-content\/uploads\/2025\/06\/industrie-du-bois-1-768x768.png 768w, https:\/\/obera.fr\/wp-content\/uploads\/2025\/06\/industrie-du-bois-1.png 1200w\" sizes=\"(max-width: 1024px) 100vw, 1024px\" \/><\/figure>\n<\/div>\n<\/div>\n\n<h2 class=\"wp-block-heading\">Pro\u010d zvolit chladi\u010d vzduchu v d\u0159evozpracuj\u00edc\u00edm pr\u016fmyslu?<\/h2>\n\n<p>V d\u0159evozpracuj\u00edc\u00edm pr\u016fmyslu je<strong>pou\u017e\u00edv\u00e1n\u00ed chladi\u010d\u016f vzduchu<\/strong> (nebo syst\u00e9m\u016f chlazen\u00ed vzduchu, jako jsou odpa\u0159ovac\u00ed chladi\u010de) nezbytn\u00e9 z \u0159ady technick\u00fdch, lidsk\u00fdch a ekonomick\u00fdch d\u016fvod\u016f. Zde je podrobn\u00e9 vysv\u011btlen\u00ed, v\u010detn\u011b dopadu<strong>rostouc\u00edch teplot<\/strong> v tomto specifick\u00e9m odv\u011btv\u00ed: <\/p>\n\n<h3 class=\"wp-block-heading\">1. Konzervace suroviny (d\u0159eva)<\/h3>\n\n<p>V d\u0159eva\u0159sk\u00e9m pr\u016fmyslu hraj\u00ed <strong>okoln\u00ed<\/strong> <strong>teplota a vlhkost<\/strong> z\u00e1sadn\u00ed roli pro stabilitu materi\u00e1lu. Proto\u017ee je d\u0159evo hygroskopick\u00e9, reaguje siln\u011b na zm\u011bny teploty, zejm\u00e9na nadm\u011brnou ztr\u00e1tou vlhkosti p\u0159i p\u0159\u00edli\u0161 vysok\u00fdch teplot\u00e1ch. To m\u016f\u017ee v\u00e9st k vad\u00e1m, jako jsou praskliny, deformace nebo nepravideln\u00e9 smr\u0161\u0165ov\u00e1n\u00ed, co\u017e ohro\u017euje kvalitu hotov\u00fdch v\u00fdrobk\u016f. <strong>Udr\u017eov\u00e1n\u00ed \u0159\u00edzen\u00e9ho klimatu<\/strong> pomoc\u00ed chladi\u010d\u016f vzduchu proto pom\u00e1h\u00e1 zachovat celistvost a rozm\u011brovou st\u00e1lost d\u0159eva b\u011bhem cel\u00e9ho procesu p\u0159em\u011bny.  <\/p>\n\n<h3 class=\"wp-block-heading\">2. Pohodl\u00ed a bezpe\u010dnost pracovn\u00edk\u016f<\/h3>\n\n<p><strong>D\u0159evozpracuj\u00edc\u00ed d\u00edlny <\/strong>jsou \u010dasto vystaveny teplu, hluku a prachu, co\u017e vytv\u00e1\u0159\u00ed n\u00e1ro\u010dn\u00e9 pracovn\u00ed podm\u00ednky. V horku m\u016f\u017ee obsluha trp\u011bt \u00fanavou, sn\u00ed\u017eenou koncentrac\u00ed a dokonce i tepeln\u00fdm stresem, co\u017e zvy\u0161uje riziko nehod.<strong>Pou\u017eit\u00ed chladi\u010d\u016f vzduchu<\/strong> umo\u017e\u0148uje udr\u017eovat snesiteln\u011bj\u0161\u00ed okoln\u00ed teplotu, ani\u017e by na rozd\u00edl od tradi\u010dn\u00ed klimatizace doch\u00e1zelo k vysou\u0161en\u00ed vzduchu. To podporuje pohodu zam\u011bstnanc\u016f a zvy\u0161uje bezpe\u010dnost na pracovi\u0161ti.   <\/p>\n\n<h3 class=\"wp-block-heading\">3. Sn\u00ed\u017een\u00ed hromad\u011bn\u00ed ho\u0159lav\u00e9ho prachu<\/h3>\n\n<p>D\u0159ev\u011bn\u00fd prach je vysoce ho\u0159lav\u00fd a v <strong>pr\u016fmyslov\u00e9m prost\u0159ed\u00ed<\/strong> p\u0159edstavuje skute\u010dn\u00e9 nebezpe\u010d\u00ed. Zlep\u0161en\u00edm cirkulace vzduchu osv\u011b\u017eova\u010de l\u00e9pe sm\u011bruj\u00ed jemn\u00e9 \u010d\u00e1stice k ods\u00e1vac\u00edm a v\u011btrac\u00edm syst\u00e9m\u016fm, \u010d\u00edm\u017e sni\u017euj\u00ed jejich koncentraci v okoln\u00edm vzduchu. To pom\u00e1h\u00e1 p\u0159edch\u00e1zet riziku v\u00fdbuchu nebo po\u017e\u00e1ru a z\u00e1rove\u0148 zaji\u0161\u0165uje <strong>zdrav\u011bj\u0161\u00ed pracovn\u00ed prost\u0159ed\u00ed <\/strong>.  <\/p>\n\n<h3 class=\"wp-block-heading\">4. \u00da\u010dinnost stroje a \u00faspora energie<\/h3>\n\n<p>Nadm\u011brn\u00e9 teplo m\u016f\u017ee tak\u00e9 ovlivnit v\u00fdkonnost obr\u00e1b\u011bc\u00edch stroj\u016f t\u00edm, \u017ee urychluje jejich zah\u0159\u00edv\u00e1n\u00ed a opot\u0159eben\u00ed.<strong> M\u00edrn\u00e9 teploty<\/strong> udr\u017euj\u00ed za\u0159\u00edzen\u00ed v optim\u00e1ln\u00edm provozu, omezuj\u00ed prostoje kv\u016fli \u00fadr\u017eb\u011b a prodlu\u017euj\u00ed jeho \u017eivotnost.<strong> Chladi\u010de vzduchu <\/strong>z\u00e1rove\u0148 spot\u0159ebov\u00e1vaj\u00ed m\u00e9n\u011b energie ne\u017e b\u011b\u017en\u00e9 klimatiza\u010dn\u00ed syst\u00e9my, co\u017e umo\u017e\u0148uje sladit technickou \u00fa\u010dinnost s \u00fasporami energie &#8211; co\u017e je v <a href=\"https:\/\/obera.fr\/cs\/nase-rady\/solution-refroidissement-efficacite-energetique\/\">tak energeticky n\u00e1ro\u010dn\u00e9m odv\u011btv\u00ed<\/a> d\u016fle\u017eit\u00e1 v\u00fdhoda.  <\/p>\n\n<h3 class=\"wp-block-heading\">5. \u00davahy o \u017eivotn\u00edm prost\u0159ed\u00ed<\/h3>\n\n<p>A kone\u010dn\u011b, z ekologick\u00e9ho hlediska<strong> maj\u00ed osv\u011b\u017eova\u010de vzduchu v\u00fdznamnou v\u00fdhodu<\/strong>. Funguj\u00ed na principu odpa\u0159ov\u00e1n\u00ed a na rozd\u00edl od b\u011b\u017en\u00fdch klimatizac\u00ed nevy\u017eaduj\u00ed chladic\u00ed plyny ani vysokou spot\u0159ebu energie. Tento zp\u016fsob chlazen\u00ed je proto \u0161etrn\u011bj\u0161\u00ed k \u017eivotn\u00edmu prost\u0159ed\u00ed a hod\u00ed se zejm\u00e9na do otev\u0159en\u00fdch nebo <strong>velk\u00fdch<\/strong> d\u00edlen <strong>typick\u00fdch pro d\u0159evozpracuj\u00edc\u00ed pr\u016fmysl<\/strong>, kter\u00e9 vy\u017eaduj\u00ed vysoce v\u00fdkonn\u00e1, \u00fasporn\u00e1 a udr\u017eiteln\u00e1 \u0159e\u0161en\u00ed.  <\/p>\n\n<h2 class=\"wp-block-heading\">Jak funguj\u00ed adiabatick\u00e9 chladi\u010de<\/h2>\n\n<h3 class=\"wp-block-heading\">P\u0159irozen\u00fd princip \u0159\u00edzen\u00e9 teploty<\/h3>\n\n<div class=\"wp-block-columns is-layout-flex wp-container-core-columns-is-layout-28f84493 wp-block-columns-is-layout-flex\">\n<div class=\"wp-block-column is-layout-flow wp-block-column-is-layout-flow\" style=\"flex-basis:66.66%\">\n<p><strong>Fungov\u00e1n\u00ed adiabatick\u00e9ho chladi\u010de<\/strong> je zalo\u017eeno na jednoduch\u00e9m, p\u0159irozen\u00e9m fyzik\u00e1ln\u00edm procesu: tepl\u00fd okoln\u00ed vzduch je nas\u00e1v\u00e1n a pot\u00e9 proch\u00e1z\u00ed vlhk\u00fdm m\u00e9diem, obvykle vo\u0161tinovou strukturou napu\u0161t\u011bnou vodou. P\u0159i pr\u016fchodu t\u00edmto m\u00e9diem odevzd\u00e1v\u00e1 vzduch \u010d\u00e1st sv\u00e9ho tepla vod\u011b odpa\u0159ov\u00e1n\u00edm, co\u017e vede k okam\u017eit\u00e9mu poklesu teploty vh\u00e1n\u011bn\u00e9ho vzduchu. <\/p>\n\n\n\n<p>Na rozd\u00edl od<strong> tradi\u010dn\u00ed klimatizace<\/strong> tento syst\u00e9m nepou\u017e\u00edv\u00e1 chladic\u00ed plyn ani kompresory, co\u017e v\u00fdrazn\u011b sni\u017euje energetickou n\u00e1ro\u010dnost instalace.<\/p>\n<\/div>\n\n\n\n<div class=\"wp-block-column is-layout-flow wp-block-column-is-layout-flow\" style=\"flex-basis:33.33%\">\n<figure class=\"wp-block-image aligncenter size-full is-resized\"><img decoding=\"async\" width=\"1000\" height=\"1000\" src=\"https:\/\/obera.fr\/wp-content\/uploads\/2022\/03\/Rafraichisseur-dair-par-evaporation.jpg\" alt=\"odpa&#x159;ovac&#xED; chladi&#x10D; vzduchu\" class=\"wp-image-13253\" style=\"width:191px;height:auto\" srcset=\"https:\/\/obera.fr\/wp-content\/uploads\/2022\/03\/Rafraichisseur-dair-par-evaporation.jpg 1000w, https:\/\/obera.fr\/wp-content\/uploads\/2022\/03\/Rafraichisseur-dair-par-evaporation-300x300.jpg 300w, https:\/\/obera.fr\/wp-content\/uploads\/2022\/03\/Rafraichisseur-dair-par-evaporation-150x150.jpg 150w, https:\/\/obera.fr\/wp-content\/uploads\/2022\/03\/Rafraichisseur-dair-par-evaporation-768x768.jpg 768w\" sizes=\"(max-width: 1000px) 100vw, 1000px\" \/><\/figure>\n<\/div>\n<\/div>\n\n<h3 class=\"wp-block-heading\">V\u00fdhody pro d\u0159eva\u0159sk\u00e9 d\u00edlny  <\/h3>\n\n<ul class=\"wp-block-list\">\n<li>\u00da\u010dinn\u00e9 <strong>chlazen\u00ed <\/strong>i ve velk\u00fdch otev\u0159en\u00fdch nebo polootev\u0159en\u00fdch prostor\u00e1ch;<\/li>\n\n\n\n<li>Udr\u017euje <strong>stabiln\u00ed<\/strong> \u00farove\u0148 <strong>vlhkosti,<\/strong> \u010d\u00edm\u017e zabra\u0148uje deformaci nebo smr\u0161\u0165ov\u00e1n\u00ed d\u0159eva;<\/li>\n\n\n\n<li>Lep\u0161\u00ed tepeln\u00fd komfort pro obsluhu bez vysu\u0161ov\u00e1n\u00ed vzduchu;<\/li>\n\n\n\n<li>Sn\u00ed\u017een\u00ed rizik spojen\u00fdch s teplem (nehody, \u00fanava, ztr\u00e1ta koncentrace) ;<\/li>\n\n\n\n<li>Lep\u0161\u00ed rozptyl <strong>jemn\u00e9ho prachu<\/strong> a omezen\u00ed jeho hromad\u011bn\u00ed;<\/li>\n\n\n\n<li>N\u00edzk\u00e1 spot\u0159eba energie, jednoduch\u00e1 instalace a omezen\u00e1 \u00fadr\u017eba.<br\/><\/li>\n<\/ul>\n\n<blockquote class=\"wp-block-quote is-layout-flow wp-block-quote-is-layout-flow\">\n<p><em>Slovo OberA: na\u0161e syst\u00e9my jsou navr\u017eeny tak, aby se p\u0159izp\u016fsobily konkr\u00e9tn\u00edm <\/em><strong><em>specifick\u00fdm omezen\u00edm<\/em><\/strong><em>  ka\u017ed\u00e9ho m\u00edsta: proud\u011bn\u00ed vzduchu, objem budovy, typ \u010dinnosti a druh d\u0159eva, se kter\u00fdm se pracuje. Spole\u010dnost OberA podporuje odborn\u00edky na d\u0159evo v jejich \u00fasil\u00ed o dosa\u017een\u00ed vysoce v\u00fdkonn\u00e9ho a udr\u017eiteln\u00e9ho tepeln\u00e9ho hospod\u00e1\u0159stv\u00ed. <\/em><\/p>\n<\/blockquote>\n\n<h2 class=\"wp-block-heading\">Na\u0161e rady pro v\u00fdb\u011br chladic\u00edho za\u0159\u00edzen\u00ed, kter\u00e9 spl\u0148uje po\u017eadavky d\u0159evozpracuj\u00edc\u00edho pr\u016fmyslu<\/h2>\n\n<ul class=\"wp-block-list\">\n<li>Zhodno\u0165te objem, kter\u00fd m\u00e1 b\u00fdt o\u0161et\u0159en: vyberte spot\u0159ebi\u010d vhodn\u00fd pro velikost a v\u00fd\u0161ku budovy, zejm\u00e9na v otev\u0159en\u00fdch d\u00edln\u00e1ch.<\/li>\n\n\n\n<li><strong>Analyzujte pot\u0159ebu v\u00fdm\u011bny vzduchu<\/strong>: zvolte dostate\u010dn\u00fd pr\u016ftok vzduchu pro \u00fa\u010dinn\u00fd odvod tepla a prachu.<\/li>\n\n\n\n<li><strong>Zajist\u011bte spr\u00e1vnou rovnov\u00e1hu vlhkosti<\/strong>: vyberte si adiabatick\u00fd chladi\u010d, kter\u00fd udr\u017euje stabiln\u00ed \u00farove\u0148 vlhkosti, co\u017e d\u0159evu prosp\u00edv\u00e1.<\/li>\n\n\n\n<li><strong>Zkontrolujte spot\u0159ebu vody a energie<\/strong>: vyberte energeticky \u00fasporn\u00fd model, zejm\u00e9na pokud mus\u00ed spot\u0159ebi\u010d b\u011b\u017eet nep\u0159etr\u017eit\u011b.<\/li>\n\n\n\n<li>Myslete <strong>na \u00fadr\u017ebu<\/strong>: vyberte si syst\u00e9m, kter\u00fd se snadno \u010dist\u00ed a m\u00e1 snadno p\u0159\u00edstupn\u00e9 filtry a m\u00e9dia.<\/li>\n\n\n\n<li><strong>Zkontrolujte \u00farove\u0148 hluku<\/strong>: pokud se jedn\u00e1 o citliv\u00e9 pracovn\u00ed stanice nebo p\u0159esnou pr\u00e1ci, zvolte tich\u00fd model.<\/li>\n\n\n\n<li><strong>Spolehn\u011bte se na odborn\u00edka na vzduchotechniku <\/strong>: obra\u0165te se na specializovan\u00e9ho poskytovatele slu\u017eeb, kter\u00fd v\u00e1m p\u0159izp\u016fsob\u00ed velikost a instalaci.<\/li>\n<\/ul>\n\n<h2 class=\"wp-block-heading\">\u0158ada IC: chladi\u010de vzduchu pro d\u0159evozpracuj\u00edc\u00ed pr\u016fmysl<\/h2>\n\n<p>\u0158ada <a href=\"https:\/\/obera.fr\/cs\/produits\/rafraichisseurs-air\/rafraichisseurs-par-evaporation-ic\/\">chladi\u010d\u016f vzduchu IC OberA<\/a> je navr\u017eena tak, aby spl\u0148ovala po\u017eadavky <strong>n\u00e1ro\u010dn\u00e9ho pr\u016fmyslov\u00e9ho prost\u0159ed\u00ed,<\/strong> a nab\u00edz\u00ed robustn\u00ed a cenov\u011b v\u00fdhodn\u00e9 \u0159e\u0161en\u00ed, kter\u00e9 se dokonale hod\u00ed do d\u0159evozpracuj\u00edc\u00edch d\u00edlen.<\/p>\n\n<p>Modely IC jsou navr\u017eeny pro provoz v otev\u0159en\u00e9m nebo polootev\u0159en\u00e9m prost\u0159ed\u00ed a poskytuj\u00ed \u00fa\u010dinn\u00e9 odpa\u0159ovac\u00ed chlazen\u00ed a z\u00e1rove\u0148 <strong>zaru\u010duj\u00ed optim\u00e1ln\u00ed \u00farove\u0148 vlhkosti pro ochranu d\u0159eva<\/strong>. Jejich zes\u00edlen\u00e1 konstrukce, vysok\u00e1 rychlost proud\u011bn\u00ed vzduchu a n\u00edzk\u00e1 spot\u0159eba energie z nich \u010din\u00ed strategickou volbu pro profesion\u00e1ly, kte\u0159\u00ed se sna\u017e\u00ed skloubit kvalitu v\u00fdroby, pracovn\u00ed komfort a kontrolu n\u00e1klad\u016f. <\/p>\n\n<p>V\u00fdhody \u0159ady IC :<\/p>\n\n<ul class=\"wp-block-list\">\n<li>V\u00fdkonn\u00fd pr\u016ftok vzduchu a\u017e 30 000 m\u00b3\/h ;<\/li>\n\n\n\n<li>P\u0159irozen\u00e9 adiabatick\u00e9 chlazen\u00ed bez chladiva ;<\/li>\n\n\n\n<li>Materi\u00e1ly odoln\u00e9 proti prachu a vlhkosti ;<\/li>\n\n\n\n<li>Jednoduch\u00e1 st\u0159e\u0161n\u00ed, fas\u00e1dn\u00ed nebo mobiln\u00ed instalace v z\u00e1vislosti na omezen\u00edch na m\u00edst\u011b;<\/li>\n\n\n\n<li>Sn\u00ed\u017een\u00e1 \u00fadr\u017eba d\u00edky snadn\u00e9mu p\u0159\u00edstupu k m\u00e9di\u00edm a vnit\u0159n\u00edm sou\u010d\u00e1stem ;<\/li>\n\n\n\n<li>Ru\u010dn\u00ed nebo automatick\u00e9 ovl\u00e1d\u00e1n\u00ed v z\u00e1vislosti na po\u017eadavc\u00edch regulace ;<\/li>\n\n\n\n<li>Navrhn\u011bte vybaven\u00ed, kter\u00e9 se snadno vejde do va\u0161ich d\u00edlen.<br\/><\/li>\n<\/ul>\n\n<p>S \u0159adou IC nab\u00edz\u00ed spole\u010dnost OberA konkr\u00e9tn\u00ed odpov\u011b\u010f na tepeln\u00e9 probl\u00e9my <strong>specifick\u00e9 pro d\u0159evozpracuj\u00edc\u00ed pr\u016fmysl<\/strong>. Na\u0161i odborn\u00edci v\u00e1s podpo\u0159\u00ed od technick\u00e9 studie a\u017e po instalaci, abyste z\u00edskali na m\u00edru \u0161it\u00e9, udr\u017eiteln\u00e9 a roz\u0161i\u0159iteln\u00e9 \u0159e\u0161en\u00ed. <\/p>\n\n<p><\/p>\n","protected":false},"excerpt":{"rendered":"<p>V d\u0159evozpracuj\u00edc\u00edm pr\u016fmyslu hraj\u00ed klimatick\u00e9 podm\u00ednky rozhoduj\u00edc\u00ed roli v ka\u017ed\u00e9 f\u00e1zi v\u00fdroby.<\/p>\n","protected":false},"author":13,"featured_media":113751,"comment_status":"open","ping_status":"closed","sticky":false,"template":"","format":"standard","meta":{"_acf_changed":false,"_seopress_robots_primary_cat":"none","_seopress_titles_title":"Adiabatick\u00e9 chladi\u010de pro d\u0159eva\u0159sk\u00e9 d\u00edlny","_seopress_titles_desc":"Objevte \u0159adu IC od spole\u010dnosti OberA: adiabatick\u00e9 chladi\u010de vzduchu ur\u010den\u00e9 pro d\u0159evozpracuj\u00edc\u00ed d\u00edlny. V\u00fdkon, \u0159\u00edzen\u00e1 vlhkost a trval\u00fd tepeln\u00fd komfort. ","_seopress_robots_index":"","footnotes":""},"categories":[529],"tags":[406],"class_list":["post-113605","post","type-post","status-publish","format-standard","has-post-thumbnail","hentry","category-drevo-cs","tag-chladice","generate-columns","tablet-grid-50","mobile-grid-100","grid-parent","grid-50","no-featured-image-padding","resize-featured-image"],"acf":[],"_links":{"self":[{"href":"https:\/\/obera.fr\/cs\/wp-json\/wp\/v2\/posts\/113605","targetHints":{"allow":["GET"]}}],"collection":[{"href":"https:\/\/obera.fr\/cs\/wp-json\/wp\/v2\/posts"}],"about":[{"href":"https:\/\/obera.fr\/cs\/wp-json\/wp\/v2\/types\/post"}],"author":[{"embeddable":true,"href":"https:\/\/obera.fr\/cs\/wp-json\/wp\/v2\/users\/13"}],"replies":[{"embeddable":true,"href":"https:\/\/obera.fr\/cs\/wp-json\/wp\/v2\/comments?post=113605"}],"version-history":[{"count":4,"href":"https:\/\/obera.fr\/cs\/wp-json\/wp\/v2\/posts\/113605\/revisions"}],"predecessor-version":[{"id":122839,"href":"https:\/\/obera.fr\/cs\/wp-json\/wp\/v2\/posts\/113605\/revisions\/122839"}],"wp:featuredmedia":[{"embeddable":true,"href":"https:\/\/obera.fr\/cs\/wp-json\/wp\/v2\/media\/113751"}],"wp:attachment":[{"href":"https:\/\/obera.fr\/cs\/wp-json\/wp\/v2\/media?parent=113605"}],"wp:term":[{"taxonomy":"category","embeddable":true,"href":"https:\/\/obera.fr\/cs\/wp-json\/wp\/v2\/categories?post=113605"},{"taxonomy":"post_tag","embeddable":true,"href":"https:\/\/obera.fr\/cs\/wp-json\/wp\/v2\/tags?post=113605"}],"curies":[{"name":"wp","href":"https:\/\/api.w.org\/{rel}","templated":true}]}}