{"id":114163,"date":"2025-06-03T14:43:38","date_gmt":"2025-06-03T12:43:38","guid":{"rendered":"https:\/\/obera.fr\/nase-rada\/rafraichisseur-metallurgie\/"},"modified":"2025-07-16T11:51:49","modified_gmt":"2025-07-16T09:51:49","slug":"rafraichisseur-metallurgie","status":"publish","type":"post","link":"https:\/\/obera.fr\/cs\/hutnictvi-zpracovani-kovu\/rafraichisseur-metallurgie\/","title":{"rendered":"Pr\u016fvodce n\u00e1kupem: v\u00fdb\u011br nejlep\u0161\u00edho pr\u016fmyslov\u00e9ho chladi\u010de vzduchu pro va\u0161i d\u00edlnu na obr\u00e1b\u011bn\u00ed kov\u016f"},"content":{"rendered":"\n<p>V <strong>kovod\u011bln\u00fdch d\u00edln\u00e1ch<\/strong> je teplo neust\u00e1l\u00fdm probl\u00e9mem. Pece, sva\u0159ov\u00e1n\u00ed, stroje b\u011b\u017e\u00edc\u00ed na pln\u00e9 obr\u00e1tky&#8230; vzduch se rychle st\u00e1v\u00e1 ned\u00fdchateln\u00fdm. P\u0159i zv\u00fd\u0161en\u00ed teploty kles\u00e1 produktivita, zvy\u0161uj\u00ed se rizika a m\u016f\u017ee doj\u00edt k po\u0161kozen\u00ed za\u0159\u00edzen\u00ed. Spole\u010dnost OberA nab\u00edz\u00ed <a href=\"https:\/\/obera.fr\/cs\/nase-rady\/refroidissement-adiabatique-indirect\/\">profesion\u00e1ln\u00ed \u0159e\u0161en\u00ed adiabatick\u00e9ho chlazen\u00ed<\/a> pro tato n\u00e1ro\u010dn\u00e1 prost\u0159ed\u00ed. Mobiln\u00ed \u0159ada IC kombinuje snadn\u00e9 pou\u017eit\u00ed, okam\u017eitou \u00fa\u010dinnost a dlouhotrvaj\u00edc\u00ed v\u00fdkon, k pron\u00e1jmu nebo ke koupi.  <\/p>\n\n<h2 class=\"wp-block-heading\">Tepeln\u00fd management v metalurgick\u00e9m pr\u016fmyslu: hlavn\u00ed pr\u016fmyslov\u00e1 v\u00fdzva<\/h2>\n\n<div class=\"wp-block-columns is-layout-flex wp-container-core-columns-is-layout-28f84493 wp-block-columns-is-layout-flex\">\n<div class=\"wp-block-column is-layout-flow wp-block-column-is-layout-flow\" style=\"flex-basis:66.66%\">\n<p>V hutn\u00ed d\u00edln\u011b je mnoho <strong>zdroj\u016f tepla<\/strong>:  <\/p>\n\n\n\n<ul class=\"wp-block-list\">\n<li>Tavic\u00ed a tepeln\u011b zpracovatelsk\u00e9 pece ;<\/li>\n\n\n\n<li>Sva\u0159ovac\u00ed a plazmov\u00e9 \u0159ezac\u00ed stroje ;<\/li>\n\n\n\n<li>nep\u0159etr\u017eit\u011b b\u011b\u017e\u00edc\u00ed stroje ve \u0161patn\u011b v\u011btran\u00e9m prostoru.<\/li>\n<\/ul>\n\n\n\n<p>Tato za\u0159\u00edzen\u00ed vyza\u0159uj\u00ed velk\u00e9 mno\u017estv\u00ed tepla, kter\u00e9 v \u010dasto otev\u0159en\u00fdch budov\u00e1ch zp\u016fsobuje <strong>rychl\u00fd n\u00e1r\u016fst okoln\u00ed teploty<\/strong>.<\/p>\n\n\n\n<p>Tato situace nen\u00ed bez n\u00e1sledk\u016f. Extr\u00e9mn\u00ed horko m\u00e1 p\u0159\u00edm\u00fd vliv na bezpe\u010dnost a pohodu obsluhy. Dlouhodob\u00e9 vystaven\u00ed hork\u00e9mu vzduchu m\u016f\u017ee v\u00e9st k nepohodl\u00ed, \u00fanav\u011b a poruch\u00e1m souvisej\u00edc\u00edm s teplem. V l\u00e9t\u011b se zvy\u0161uje po\u010det pracovn\u00edch neschopnost\u00ed a \u010dasto je nutn\u00e9 upravit v\u00fdrobn\u00ed tempo. P\u0159ed\u010dasn\u011b se tak\u00e9 opot\u0159ebov\u00e1vaj\u00ed za\u0159\u00edzen\u00ed, zejm\u00e9na elektronick\u00e9 komponenty citliv\u00e9 na teplo.    <\/p>\n<\/div>\n\n\n\n<div class=\"wp-block-column is-layout-flow wp-block-column-is-layout-flow\" style=\"flex-basis:33.33%\">\n<figure class=\"wp-block-image size-large\"><img decoding=\"async\" width=\"1024\" height=\"181\" src=\"https:\/\/obera.fr\/wp-content\/uploads\/2025\/05\/industrie-metal-1024x181.png\" alt=\"kovopr&#x16F;mysl\" class=\"wp-image-114215\" srcset=\"https:\/\/obera.fr\/wp-content\/uploads\/2025\/05\/industrie-metal-1024x181.png 1024w, https:\/\/obera.fr\/wp-content\/uploads\/2025\/05\/industrie-metal-300x53.png 300w, https:\/\/obera.fr\/wp-content\/uploads\/2025\/05\/industrie-metal-768x136.png 768w, https:\/\/obera.fr\/wp-content\/uploads\/2025\/05\/industrie-metal-1536x272.png 1536w, https:\/\/obera.fr\/wp-content\/uploads\/2025\/05\/industrie-metal.png 1980w\" sizes=\"(max-width: 1024px) 100vw, 1024px\" \/><\/figure>\n\n\n\n<p><\/p>\n\n\n\n<p><\/p>\n\n\n\n<p><\/p>\n\n\n\n<p><\/p>\n\n\n\n<p><\/p>\n\n\n\n<figure class=\"wp-block-image size-large\"><img decoding=\"async\" width=\"1024\" height=\"181\" src=\"https:\/\/obera.fr\/wp-content\/uploads\/2025\/06\/metallurgie-1024x181.png\" alt=\"metalurgie\" class=\"wp-image-113912\" srcset=\"https:\/\/obera.fr\/wp-content\/uploads\/2025\/06\/metallurgie-1024x181.png 1024w, https:\/\/obera.fr\/wp-content\/uploads\/2025\/06\/metallurgie-300x53.png 300w, https:\/\/obera.fr\/wp-content\/uploads\/2025\/06\/metallurgie-768x136.png 768w, https:\/\/obera.fr\/wp-content\/uploads\/2025\/06\/metallurgie-1536x272.png 1536w, https:\/\/obera.fr\/wp-content\/uploads\/2025\/06\/metallurgie.png 1980w\" sizes=\"(max-width: 1024px) 100vw, 1024px\" \/><\/figure>\n<\/div>\n<\/div>\n\n<p><em>Stanovisko OberA: navzdory slo\u017eitosti<\/em><strong><em> tepeln\u00e9ho hospod\u00e1\u0159stv\u00ed v hutn\u00edch d\u00edln\u00e1ch<\/em><\/strong><em>Vhodn\u00fdmi \u0159e\u0161en\u00edmi je v\u0161ak mo\u017en\u00e9 tyto v\u00fdzvy zvl\u00e1dnout. Pr\u016fmyslov\u00e9 chladi\u010de vzduchu p\u0159edstavuj\u00ed \u00fa\u010dinnou a pragmatickou odpov\u011b\u010f na sn\u00ed\u017een\u00ed teploty, ochranu pracovn\u00edk\u016f a optimalizaci v\u00fdroby. Navr\u017eeny pro n\u00e1ro\u010dn\u00e1 prost\u0159ed\u00ed, nap\u0159.    <\/em><strong><em>pr\u016fmyslov\u00e9 chladi\u010de vzduchu <\/em><\/strong><em>nab\u00edzej\u00ed v odv\u011btv\u00ed obr\u00e1b\u011bn\u00ed kov\u016f skute\u010dnou p\u0159\u00edle\u017eitost k dlouhodob\u00e9mu zlep\u0161en\u00ed pracovn\u00edch podm\u00ednek a celkov\u00e9 v\u00fdkonnosti d\u00edlny.<\/em><\/p>\n\n<h2 class=\"wp-block-heading\">Pro\u010d se rozhodnout pro adiabatick\u00e9 nebo odpa\u0159ovac\u00ed chladi\u010de vzduchu?<\/h2>\n\n<h3 class=\"wp-block-heading\">Tradi\u010dn\u00ed klimatizace vs. adiabatick\u00e9 chladi\u010de<\/h3>\n\n<p>Na rozd\u00edl od <strong>tradi\u010dn\u00ed klimatizace<\/strong> pracuje adiabatick\u00fd nebo odpa\u0159ovac\u00ed chladi\u010d bez kompresoru nebo chladic\u00edho plynu. Vyu\u017e\u00edv\u00e1 vodu jako p\u0159irozen\u00e9 chladic\u00ed m\u00e9dium. Tepl\u00fd vzduch je nas\u00e1v\u00e1n, proch\u00e1z\u00ed zvlh\u010denou deskou a vych\u00e1z\u00ed z<strong>pracovn\u00edho prost\u0159ed\u00ed<\/strong> chladn\u011bj\u0161\u00ed.  <\/p>\n\n<p>Tato metoda je vhodn\u00e1 zejm\u00e9na pro otev\u0159en\u00e9 nebo polootev\u0159en\u00e9 prost\u0159ed\u00ed, jako jsou kovod\u011bln\u00e9 d\u00edlny. Nevy\u017eaduje n\u00e1ro\u010dnou instalaci, spot\u0159ebov\u00e1v\u00e1 m\u00e1lo energie a pracuje s vodou. Z hlediska n\u00e1klad\u016f jsou \u00faspory v porovn\u00e1n\u00ed s <strong>centr\u00e1ln\u00edm<\/strong> \u0159e\u0161en\u00edm <strong>klimatizace zna\u010dn\u00e9, a to<\/strong> jak z hlediska po\u0159izovac\u00edch, tak provozn\u00edch n\u00e1klad\u016f.  <\/p>\n\n<p>Modely nab\u00edzen\u00e9 spole\u010dnost\u00ed OberA jsou robustn\u00ed, snadno se nasazuj\u00ed a nevy\u017eaduj\u00ed velkou \u00fadr\u017ebu. Mohou pracovat nep\u0159etr\u017eit\u011b s integrovanou n\u00e1dr\u017e\u00ed nebo mohou b\u00fdt p\u0159ipojeny k <strong>p\u0159\u00edvodu vody pro maxim\u00e1ln\u00ed autonomii<\/strong>. <\/p>\n\n<h3 class=\"wp-block-heading\">V\u00fdhody chladi\u010d\u016f vzduchu pro kovod\u00edlny<\/h3>\n\n<div class=\"wp-block-columns is-layout-flex wp-container-core-columns-is-layout-28f84493 wp-block-columns-is-layout-flex\">\n<div class=\"wp-block-column is-layout-flow wp-block-column-is-layout-flow\" style=\"flex-basis:66.66%\">\n<p>I v extr\u00e9mn\u00edch podm\u00ednk\u00e1ch je<strong> <\/strong><a href=\"https:\/\/obera.fr\/cs\/nase-rady\/rafraichisseur-air-basse-temperature\/\">adiabatick\u00fd chladi\u010d sn\u00ed\u017e\u00ed vn\u00edmanou teplotu<\/a> o 5 a\u017e 10 \u00b0C, ani\u017e by do\u0161lo k vysu\u0161en\u00ed vzduchu. Toto okam\u017eit\u00e9 zlep\u0161en\u00ed tepeln\u00e9 pohody znamen\u00e1, \u017ee na citliv\u00fdch pracovi\u0161t\u00edch, zejm\u00e9na p\u0159i sva\u0159ov\u00e1n\u00ed a sl\u00e9v\u00e1rensk\u00fdch prac\u00edch, lze udr\u017eet vysokou \u00farove\u0148 bd\u011blosti. <\/p>\n\n\n\n<p>Tato technologie je tak\u00e9 dlouhodob\u011b ekonomick\u00e1. N\u00edzk\u00e1 spot\u0159eba energie, \u017e\u00e1dn\u00e9 chladivo, nen\u00e1ro\u010dn\u00e1 \u00fadr\u017eba:<strong>po\u010d\u00e1te\u010dn\u00ed investice se rychle vr\u00e1t\u00ed<\/strong>. P\u0159i pron\u00e1jmu jsou tyto jednotky cenov\u011b v\u00fdhodn\u00e9 zejm\u00e9na pro zvl\u00e1d\u00e1n\u00ed sez\u00f3nn\u00edch tepeln\u00fdch \u0161pi\u010dek.  <\/p>\n\n\n\n<p>Z lidsk\u00e9ho hlediska jsou v\u00fdhody jasn\u00e9: m\u00e9n\u011b v\u00fdpadk\u016f zp\u016fsoben\u00fdch horkem, lep\u0161\u00ed koncentrace t\u00fdmu a zdrav\u011bj\u0161\u00ed prost\u0159ed\u00ed. Pro vedouc\u00ed d\u00edlen je to tak\u00e9 zp\u016fsob, jak<strong> zv\u00fd\u0161it kvalitu pracovn\u00edch podm\u00ednek<\/strong> a zatraktivnit podnik. <\/p>\n<\/div>\n\n\n\n<div class=\"wp-block-column is-layout-flow wp-block-column-is-layout-flow\" style=\"flex-basis:33.33%\">\n<figure class=\"wp-block-image aligncenter size-large is-resized\"><img decoding=\"async\" width=\"1024\" height=\"1024\" src=\"https:\/\/obera.fr\/wp-content\/uploads\/2025\/06\/baisse-temperature-1024x1024.png\" alt=\"pokles teploty\" class=\"wp-image-121825\" style=\"width:222px;height:auto\" srcset=\"https:\/\/obera.fr\/wp-content\/uploads\/2025\/06\/baisse-temperature-1024x1024.png 1024w, https:\/\/obera.fr\/wp-content\/uploads\/2025\/06\/baisse-temperature-300x300.png 300w, https:\/\/obera.fr\/wp-content\/uploads\/2025\/06\/baisse-temperature-150x150.png 150w, https:\/\/obera.fr\/wp-content\/uploads\/2025\/06\/baisse-temperature-768x768.png 768w, https:\/\/obera.fr\/wp-content\/uploads\/2025\/06\/baisse-temperature.png 1200w\" sizes=\"(max-width: 1024px) 100vw, 1024px\" \/><\/figure>\n<\/div>\n<\/div>\n\n<h2 class=\"wp-block-heading\">Jak vybrat spr\u00e1vn\u00fd pr\u016fmyslov\u00fd chladi\u010d vzduchu?<\/h2>\n\n<p>Volba z\u00e1vis\u00ed p\u0159edev\u0161\u00edm na plo\u0161e, kterou je t\u0159eba o\u0161et\u0159it, objemu budovy a pr\u016ftoku vzduchu pot\u0159ebn\u00e9ho k dosa\u017een\u00ed \u00fa\u010dinn\u00e9ho v\u011btr\u00e1n\u00ed. <strong>P\u0159\u00edli\u0161 mal\u00e1 jednotka bude neefektivn\u00ed<\/strong>, zat\u00edmco p\u0159edimenzovan\u00fd model povede ke zbyte\u010dn\u00fdm dodate\u010dn\u00fdm n\u00e1klad\u016fm. &#8220; <em>\u010castou chybou je poddimenzov\u00e1n\u00ed za\u0159\u00edzen\u00ed. Ve spole\u010dnosti OberA prov\u00e1d\u00edme p\u0159ed ka\u017edou instalac\u00ed posouzen\u00ed na m\u00edst\u011b, abychom zaru\u010dili p\u0159\u00edzniv\u00e9 \u00fa\u010dinky na\u0161ich za\u0159\u00edzen\u00ed. <\/em>&#8222;vysv\u011btluje technik spole\u010dnosti OberA, kter\u00fd \u010dasto pracuje v <strong>kovod\u011bln\u00fdch d\u00edln\u00e1ch<\/strong>. Dobr\u00e9 dimenzov\u00e1n\u00ed z\u00e1vis\u00ed na : <\/p>\n\n<ul class=\"wp-block-list\">\n<li>O\u0161et\u0159ovan\u00e1 plocha (v m\u00b2),<\/li>\n\n\n\n<li>Vysok\u00e9 stropy,<\/li>\n\n\n\n<li>\u00darove\u0148 vnit\u0159n\u00edho tepla.<\/li>\n<\/ul>\n\n<p>Kl\u00ed\u010dov\u00fdm krit\u00e9riem je tak\u00e9 flexibilita. Mobiln\u00ed modely jsou vhodn\u011bj\u0161\u00ed pro zam\u011b\u0159en\u00ed na konkr\u00e9tn\u00ed pracovn\u00ed oblast nebo pro monitorov\u00e1n\u00ed do\u010dasn\u00e9ho provozu. Jejich mobilita tak\u00e9 usnad\u0148uje jejich sd\u00edlen\u00ed mezi n\u011bkolika d\u00edlnami.  <\/p>\n\n<p>V neposledn\u00ed \u0159ad\u011b je v<strong>pra\u0161n\u00e9m a kovov\u00e9m prost\u0159ed\u00ed<\/strong> d\u016fle\u017eit\u00e1 odolnost. Podvozek mus\u00ed b\u00fdt odoln\u00fd, filtry \u00fa\u010dinn\u00e9 proti \u010d\u00e1stic\u00edm a komponenty chr\u00e1n\u011bn\u00e9 proti vlhkosti a teplu. <\/p>\n\n<blockquote class=\"wp-block-quote is-layout-flow wp-block-quote-is-layout-flow\">\n<p><em>N\u00e1zor odborn\u00edka: V metalurgii nen\u00ed chlazen\u00ed vzduchem luxus, ale nutnost. D\u00edky sv\u00e9mu <\/em><strong><em>  adiabatick\u00e9 mobiln\u00ed chladi\u010de<\/em><\/strong><em>  OberA nab\u00edz\u00ed spolehliv\u00e9, \u00fasporn\u00e9 a okam\u017eit\u011b \u00fa\u010dinn\u00e9 \u0159e\u0161en\u00ed. A\u0165 u\u017e jde o zlep\u0161en\u00ed pracovn\u00edch podm\u00ednek, ochranu za\u0159\u00edzen\u00ed nebo udr\u017een\u00ed produktivity, \u0159ada mobiln\u00edch IC je navr\u017eena tak, aby   <\/em><strong><em>spl\u0148uj\u00ed po\u017eadavky t\u011bch nejextr\u00e9mn\u011bj\u0161\u00edch<\/em><\/strong><em> prost\u0159ed\u00ed.<\/em><\/p>\n<\/blockquote>\n\n<h2 class=\"wp-block-heading\">\u0158e\u0161en\u00ed OberA pro metalurgii<\/h2>\n\n<p>Spole\u010dnost OberA nab\u00edz\u00ed kompletn\u00ed \u0159adu profesion\u00e1ln\u00edch chladi\u010d\u016f vzduchu s modely navr\u017een\u00fdmi tak, aby<strong> odolaly specifick\u00fdm omezen\u00edm kovozpracuj\u00edc\u00edch d\u00edlen<\/strong>. Mobiln\u00ed \u0159ada IC kombinuje chladic\u00ed v\u00fdkon, autonomii a snadn\u00e9 pou\u017eit\u00ed. <\/p>\n\n<p>Zde je srovn\u00e1vac\u00ed p\u0159ehled vlajkov\u00fdch model\u016f \u0159ady IC:<\/p>\n\n<figure class=\"wp-block-table\"><table class=\"has-fixed-layout\"><tbody><tr><td><strong>Model<\/strong><\/td><td><strong>Pr\u016ftok (m\u00b3\/h)<\/strong><\/td><td><strong>Doporu\u010den\u00fd povrch<\/strong><\/td><td><strong>Objem n\u00e1dr\u017ee<\/strong><\/td><td><strong>Pou\u017eijte<\/strong><\/td><\/tr><tr><td><strong>IC 12<\/strong><\/td><td>12 000<\/td><td>A\u017e 150 m\u00b2 na spot\u0159ebi\u010d<\/td><td>70 L<\/td><td>St\u0159edn\u011b velk\u00e9 v\u00fdrobn\u00ed plochy<\/td><\/tr><tr><td><strong>IC 22<\/strong><\/td><td>22 000<\/td><td>A\u017e 250 m\u00b2 na spot\u0159ebi\u010d<\/td><td>130 L<\/td><td>Roz\u0161\u00ed\u0159en\u00e9 v\u00fdrobn\u00ed linky<\/td><\/tr><tr><td><strong>IC 30<\/strong><\/td><td>30 000<\/td><td>A\u017e 400 m\u00b2 na spot\u0159ebi\u010d<\/td><td>280 L<\/td><td>Velk\u00e9 a t\u011b\u017ek\u00e9 d\u00edlny<\/td><\/tr><\/tbody><\/table><\/figure>\n\n<p>Tato za\u0159\u00edzen\u00ed je mo\u017en\u00e9 zakoupit pro trval\u00e9 \u0159e\u0161en\u00ed nebo si je pronajmout pro<strong> sez\u00f3nn\u00ed nebo jednor\u00e1zov\u00e9 po\u017eadavky na spr\u00e1vu<\/strong>. V\u0161echny modely se snadno instaluj\u00ed, lze je pou\u017e\u00edvat v interi\u00e9ru nebo \u010d\u00e1ste\u010dn\u011b v exteri\u00e9ru a jsou okam\u017eit\u011b funk\u010dn\u00ed. <\/p>\n\n<h3 class=\"wp-block-heading\">N\u00e1kup nebo pron\u00e1jem: flexibilita podle va\u0161ich pot\u0159eb<\/h3>\n\n<p>Nejvhodn\u011bj\u0161\u00ed \u0159e\u0161en\u00ed z\u00e1vis\u00ed na zp\u016fsobu pou\u017eit\u00ed. N\u00e1kup <strong>za\u0159\u00edzen\u00ed je nezbytn\u00fd<\/strong>, pokud p\u0159i va\u0161\u00ed \u010dinnosti vznik\u00e1 teplo po cel\u00fd rok, jako je tomu v p\u0159\u00edpad\u011b <a href=\"https:\/\/obera.fr\/cs\/nase-rady\/rafraichisseur-air-metallurgie\/\">kovozpracuj\u00edc\u00edch d\u00edlen<\/a>. Pron\u00e1jem je naopak ide\u00e1ln\u00ed pro do\u010dasn\u00e1 pracovi\u0161t\u011b, letn\u00ed tepeln\u00e9 \u0161pi\u010dky nebo pro testov\u00e1n\u00ed<strong>\u00fa\u010dinnosti syst\u00e9mu p\u0159ed investic\u00ed<\/strong>. Technick\u00fd mana\u017eer spole\u010dnosti OberA vysv\u011btluje:   <\/p>\n\n<blockquote class=\"wp-block-quote is-layout-flow wp-block-quote-is-layout-flow\">\n<p>&#8222;<em>Zjistili jsme, \u017ee v\u011bt\u0161ina na\u0161ich z\u00e1kazn\u00edk\u016f, kte\u0159\u00ed se zab\u00fdvaj\u00ed obr\u00e1b\u011bn\u00edm kov\u016f, si v l\u00e9t\u011b naj\u00edm\u00e1 jeden nebo dva modely IC. Po m\u011bs\u00edci pou\u017e\u00edv\u00e1n\u00ed se v\u011bt\u0161ina z nich rozhodne, \u017ee se stanou trvalou sou\u010d\u00e1st\u00ed jejich vybaven\u00ed. <\/em>.&#8220;<\/p>\n<\/blockquote>\n","protected":false},"excerpt":{"rendered":"<p>V kovod\u011bln\u00fdch d\u00edln\u00e1ch je teplo neust\u00e1l\u00fdm probl\u00e9mem. Pece, sva\u0159ov\u00e1n\u00ed, stroje b\u011b\u017e\u00edc\u00ed na pln\u00e9 obr\u00e1tky&#8230; vzduch se rychle st\u00e1v\u00e1 ned\u00fdchateln\u00fdm. <\/p>\n","protected":false},"author":13,"featured_media":113915,"comment_status":"open","ping_status":"closed","sticky":false,"template":"","format":"standard","meta":{"_acf_changed":false,"_seopress_robots_primary_cat":"none","_seopress_titles_title":"Pr\u016fmyslov\u00e9 chladi\u010de vzduchu pro kovopr\u016fmysl","_seopress_titles_desc":"Produktivita, bezpe\u010dnost, pohodl\u00ed: po\u0159i\u010fte si spr\u00e1vn\u00fd chladi\u010d pro sv\u00e9 kovoobr\u00e1b\u011bc\u00ed d\u00edlny se spole\u010dnost\u00ed OberA. Mobiln\u00ed \u0159ada IC, vysok\u00fd pr\u016ftok vzduchu, n\u00edzk\u00e1 spot\u0159eba a mo\u017enost pron\u00e1jmu. ","_seopress_robots_index":"","footnotes":""},"categories":[623],"tags":[406],"class_list":["post-114163","post","type-post","status-publish","format-standard","has-post-thumbnail","hentry","category-hutnictvi-zpracovani-kovu","tag-chladice","generate-columns","tablet-grid-50","mobile-grid-100","grid-parent","grid-50","no-featured-image-padding","resize-featured-image"],"acf":[],"_links":{"self":[{"href":"https:\/\/obera.fr\/cs\/wp-json\/wp\/v2\/posts\/114163","targetHints":{"allow":["GET"]}}],"collection":[{"href":"https:\/\/obera.fr\/cs\/wp-json\/wp\/v2\/posts"}],"about":[{"href":"https:\/\/obera.fr\/cs\/wp-json\/wp\/v2\/types\/post"}],"author":[{"embeddable":true,"href":"https:\/\/obera.fr\/cs\/wp-json\/wp\/v2\/users\/13"}],"replies":[{"embeddable":true,"href":"https:\/\/obera.fr\/cs\/wp-json\/wp\/v2\/comments?post=114163"}],"version-history":[{"count":6,"href":"https:\/\/obera.fr\/cs\/wp-json\/wp\/v2\/posts\/114163\/revisions"}],"predecessor-version":[{"id":123787,"href":"https:\/\/obera.fr\/cs\/wp-json\/wp\/v2\/posts\/114163\/revisions\/123787"}],"wp:featuredmedia":[{"embeddable":true,"href":"https:\/\/obera.fr\/cs\/wp-json\/wp\/v2\/media\/113915"}],"wp:attachment":[{"href":"https:\/\/obera.fr\/cs\/wp-json\/wp\/v2\/media?parent=114163"}],"wp:term":[{"taxonomy":"category","embeddable":true,"href":"https:\/\/obera.fr\/cs\/wp-json\/wp\/v2\/categories?post=114163"},{"taxonomy":"post_tag","embeddable":true,"href":"https:\/\/obera.fr\/cs\/wp-json\/wp\/v2\/tags?post=114163"}],"curies":[{"name":"wp","href":"https:\/\/api.w.org\/{rel}","templated":true}]}}