{"id":114707,"date":"2025-06-23T14:00:30","date_gmt":"2025-06-23T12:00:30","guid":{"rendered":"https:\/\/obera.fr\/nase-rada\/rafraichisseurs-air-evenement-interieur\/"},"modified":"2025-07-16T10:49:25","modified_gmt":"2025-07-16T08:49:25","slug":"rafraichisseurs-air-evenement-interieur","status":"publish","type":"post","link":"https:\/\/obera.fr\/cs\/umeni-zabava-a-rekreace\/rafraichisseurs-air-evenement-interieur\/","title":{"rendered":"Osv\u011b\u017eova\u010de vzduchu pro akce v interi\u00e9ru"},"content":{"rendered":"\n<p>S<strong>rostouc\u00edmi teplotami<\/strong> a extr\u00e9mn\u00edmi vlnami veder se zaji\u0161t\u011bn\u00ed tepeln\u00e9ho komfortu p\u0159i vnit\u0159n\u00edch akc\u00edch stalo nezbytn\u00fdm. A\u0165 u\u017e se jedn\u00e1 o presti\u017en\u00ed galave\u010der nebo sportovn\u00ed sout\u011b\u017e v t\u011blocvi\u010dn\u011b \u010di v\u00edce\u00fa\u010delov\u00e9 hale, prioritou mus\u00ed b\u00fdt pohoda \u00fa\u010dastn\u00edk\u016f. Zde p\u0159ich\u00e1zej\u00ed ke slovu <a href=\"https:\/\/obera.fr\/cs\/produits\/rafraichisseurs-air\/\">osv\u011b\u017eova\u010de vzduchu,<\/a> <strong>inovativn\u00ed \u0159e\u0161en\u00ed pro<\/strong> vytvo\u0159en\u00ed p\u0159\u00edjemn\u00e9ho prost\u0159ed\u00ed.   <\/p>\n\n<h2 class=\"wp-block-heading\"><strong>Pro\u010d zvolit osv\u011b\u017eova\u010d vzduchu pro vnit\u0159n\u00ed akce?  <\/strong><\/h2>\n\n<p><\/p>\n\n<div class=\"wp-block-columns is-layout-flex wp-container-core-columns-is-layout-28f84493 wp-block-columns-is-layout-flex\">\n<div class=\"wp-block-column is-layout-flow wp-block-column-is-layout-flow\" style=\"flex-basis:50%\">\n<figure class=\"wp-block-image aligncenter size-large is-resized\"><img decoding=\"async\" width=\"1024\" height=\"768\" src=\"https:\/\/obera.fr\/wp-content\/uploads\/2025\/06\/p1060311-1024x768.webp\" alt=\"Osv&#x11B;&#x17E;ova&#x10D; vzduchu OberA v&#xED;ce&#xFA;&#x10D;elov&#xE1; hala\" class=\"wp-image-114654\" style=\"width:463px;height:auto\" srcset=\"https:\/\/obera.fr\/wp-content\/uploads\/2025\/06\/p1060311-1024x768.webp 1024w, https:\/\/obera.fr\/wp-content\/uploads\/2025\/06\/p1060311-300x225.webp 300w, https:\/\/obera.fr\/wp-content\/uploads\/2025\/06\/p1060311-768x576.webp 768w, https:\/\/obera.fr\/wp-content\/uploads\/2025\/06\/p1060311.webp 1224w\" sizes=\"(max-width: 1024px) 100vw, 1024px\" \/><\/figure>\n\n\n\n<p><\/p>\n<\/div>\n\n\n\n<div class=\"wp-block-column is-layout-flow wp-block-column-is-layout-flow\" style=\"flex-basis:50%\">\n<h3 class=\"wp-block-heading\"><strong>Ni\u017e\u0161\u00ed teploty pro optim\u00e1ln\u00ed pohodl\u00ed  <\/strong><\/h3>\n\n\n\n<p><strong>Osv\u011b\u017eova\u010de vzduchu<\/strong> jsou speci\u00e1ln\u011b navr\u017eeny tak, aby<a href=\"https:\/\/obera.fr\/cs\/nase-rady\/choisir-rafraichisseur-d-air-industriel-reguler-temperature\/\"> sni\u017eovaly teplotu v m\u00edstnosti<\/a>. D\u00edky odpa\u0159ovac\u00edmu syst\u00e9mu p\u0159em\u011b\u0148uj\u00ed tepl\u00fd vzduch na chladiv\u00fd v\u00e1nek a vytv\u00e1\u0159ej\u00ed tak p\u0159\u00edjemnou atmosf\u00e9ru pro ka\u017ed\u00e9ho. P\u0159i akc\u00edch, jako jsou sportovn\u00ed sout\u011b\u017ee, kde<strong>intenzita a adrenalin<\/strong> dosahuj\u00ed vrcholu, je chladn\u00e9 prost\u0159ed\u00ed nezbytn\u00e9. To umo\u017e\u0148uje z\u00e1vodn\u00edk\u016fm pln\u011b se soust\u0159edit na sv\u016fj v\u00fdkon, zat\u00edmco div\u00e1ci<strong> si<\/strong> mohou<strong> vychutnat show,<\/strong> ani\u017e by je obt\u011b\u017eovalo horko.     <\/p>\n\n\n\n<h3 class=\"wp-block-heading\"><strong>Velk\u00fd p\u0159\u00ednos pro akce v interi\u00e9ru  <\/strong><\/h3>\n\n\n\n<p>V prostor\u00e1ch, jako jsou v\u00edce\u00fa\u010delov\u00e9 haly, kde <strong>m\u016f\u017ee b\u00fdt rychle dusno<\/strong>, je pou\u017eit\u00ed chladi\u010d\u016f vzduchu nejen mo\u017enost\u00ed, ale i nutnost\u00ed. P\u0159\u00edli\u0161 vysok\u00e9 teploty toti\u017e mohou zhor\u0161it v\u00fdkon sportovc\u016f a znep\u0159\u00edjemnit z\u00e1\u017eitek ve\u0159ejnosti. Za\u0159azen\u00edm ochlazova\u010d\u016f vzduchu mohou organiz\u00e1to\u0159i zajistit, aby <strong>se<\/strong> v\u0161ichni \u00fa\u010dastn\u00edci, a\u0165 u\u017e na p\u00f3diu nebo v publiku, <strong>c\u00edtili<\/strong> po celou dobu akce <strong>co nejpohodln\u011bji<\/strong>.    <\/p>\n<\/div>\n<\/div>\n\n<div style=\"height:47px\" aria-hidden=\"true\" class=\"wp-block-spacer\"><\/div>\n\n<h3 class=\"wp-block-heading\"><strong>Zlep\u0161en\u00ed celkov\u00e9 zku\u0161enosti  <\/strong><\/h3>\n\n<p>Osv\u011b\u017eova\u010de vzduchu pom\u00e1haj\u00ed nejen regulovat teplotu, ale tak\u00e9 zlep\u0161ovat celkov\u00fd dojem z akc\u00ed. D\u00edky <strong>p\u0159\u00edjemn\u00e9mu prost\u0159ed\u00ed<\/strong> vytv\u00e1\u0159ej\u00ed rozs\u00e1hlej\u0161\u00ed a p\u0159\u00e1tel\u0161t\u011bj\u0161\u00ed atmosf\u00e9ru. \u00da\u010dastn\u00edci i div\u00e1ci se tak mohou v\u00edce zapojit do d\u011bn\u00ed a naplno si akci u\u017e\u00edt. A\u0165 u\u017e se jedn\u00e1 o elegantn\u00ed galave\u010der nebo <strong>intenzivn\u00ed sout\u011b\u017e<\/strong>, odpov\u00eddaj\u00edc\u00ed tepeln\u00fd komfort hraje kl\u00ed\u010dovou roli v \u00fasp\u011bchu akce a zaji\u0161\u0165uje, \u017ee na ni v\u0161ichni budou vzpom\u00ednat v dobr\u00e9m.   <\/p>\n\n<h2 class=\"wp-block-heading\"><strong>Jak to funguje?  <\/strong><\/h2>\n\n<p>Adiabatick\u00e9 chladi\u010de vzduchu funguj\u00ed na <strong>principu odpa\u0159ov\u00e1n\u00ed vody<\/strong>. Voda v n\u00e1dr\u017ei je p\u0159iv\u00e1d\u011bna do vo\u0161tinov\u00fdch panel\u016f v zadn\u00ed \u010d\u00e1sti jednotky. Kdy\u017e tepl\u00fd vzduch proch\u00e1z\u00ed t\u011bmito vlhk\u00fdmi panely, voda se odpa\u0159uje a vytv\u00e1\u0159\u00ed chladn\u00fd v\u00e1nek, kter\u00fd umo\u017e\u0148uje ochlazovat velk\u00e9 plochy. Tato za\u0159\u00edzen\u00ed <a href=\"https:\/\/obera.fr\/cs\/nase-rady\/differences-entre-rafraichisseur-climatiseur\/\">obecn\u011b spot\u0159ebov\u00e1vaj\u00ed m\u00e9n\u011b energie ne\u017e tradi\u010dn\u00ed klimatizace<\/a>, tak\u017ee jsou pro vnit\u0159n\u00ed pohodl\u00ed \u00fasporn\u00e1 a z\u00e1rove\u0148 \u0161etrn\u00e1 k \u017eivotn\u00edmu prost\u0159ed\u00ed.     <\/p>\n\n<figure class=\"wp-block-image aligncenter size-large is-resized\"><img decoding=\"async\" width=\"1024\" height=\"534\" src=\"https:\/\/obera.fr\/wp-content\/uploads\/2025\/06\/1750656953924-1024x534.webp\" alt=\"Gymn&#xE1;zium obera cooler\" class=\"wp-image-114631\" style=\"width:654px;height:auto\" srcset=\"https:\/\/obera.fr\/wp-content\/uploads\/2025\/06\/1750656953924-1024x534.webp 1024w, https:\/\/obera.fr\/wp-content\/uploads\/2025\/06\/1750656953924-300x156.webp 300w, https:\/\/obera.fr\/wp-content\/uploads\/2025\/06\/1750656953924-768x400.webp 768w, https:\/\/obera.fr\/wp-content\/uploads\/2025\/06\/1750656953924-1536x800.webp 1536w, https:\/\/obera.fr\/wp-content\/uploads\/2025\/06\/1750656953924.webp 1919w\" sizes=\"(max-width: 1024px) 100vw, 1024px\" \/><\/figure>\n\n<div style=\"height:47px\" aria-hidden=\"true\" class=\"wp-block-spacer\"><\/div>\n\n<h3 class=\"wp-block-heading\"><strong>Ekonomick\u00e9 a praktick\u00e9 v\u00fdhody  <\/strong><\/h3>\n\n<p>Osv\u011b\u017eova\u010de vzduchu maj\u00ed \u0159adu v\u00fdhod, kter\u00e9 z nich \u010din\u00ed ide\u00e1ln\u00ed volbu pro organiz\u00e1tory akc\u00ed:  <\/p>\n\n<p>&#8211; <strong>\u00daspornost <\/strong>: V porovn\u00e1n\u00ed s tradi\u010dn\u00edmi klimatiza\u010dn\u00edmi syst\u00e9my jsou chladi\u010de vzduchu obecn\u011b levn\u011bj\u0161\u00ed na po\u0159\u00edzen\u00ed i provoz. <strong>Spot\u0159ebov\u00e1vaj\u00ed m\u00e9n\u011b energie,<\/strong> co\u017e pom\u00e1h\u00e1 sni\u017eovat \u00fa\u010dty za elekt\u0159inu, co\u017e je pro dlouhodob\u00e9 akce z\u00e1sadn\u00ed.   <\/p>\n\n<p>&#8211; <strong>Mobilita <\/strong>: V\u011bt\u0161ina t\u011bchto jednotek je p\u0159enosn\u00e1 a lehk\u00e1, tak\u017ee je lze snadno p\u0159en\u00e1\u0161et z jednoho prostoru do druh\u00e9ho. A\u0165 u\u017e po\u0159\u00e1d\u00e1te slavnostn\u00ed akci ve v\u00edce\u00fa\u010delov\u00e9m s\u00e1le nebo <strong>sout\u011b\u017e v t\u011blocvi\u010dn\u011b<\/strong>, m\u016f\u017eete uspo\u0159\u00e1d\u00e1n\u00ed chladic\u00edch box\u016f p\u0159izp\u016fsobit sv\u00fdm pot\u0159eb\u00e1m.   <\/p>\n\n<p>&#8211; <strong>N\u00edzk\u00e1 hlu\u010dnost <\/strong>: Na rozd\u00edl od b\u011b\u017en\u00fdch klimatizac\u00ed, kter\u00e9 mohou b\u00fdt hlu\u010dn\u00e9 a ru\u0161iv\u00e9, pracuj\u00ed osv\u011b\u017eova\u010de vzduchu diskr\u00e9tn\u011b. To pom\u00e1h\u00e1 <strong>udr\u017eovat klidnou atmosf\u00e9ru<\/strong>, kter\u00e1 je nezbytn\u00e1 pro projevy, vystoupen\u00ed nebo spole\u010densk\u00e1 setk\u00e1n\u00ed.   <\/p>\n\n<p>&#8211; <strong>Jednoduch\u00e1 obsluha <\/strong>: Osv\u011b\u017eova\u010de vzduchu se obvykle snadno instaluj\u00ed a pou\u017e\u00edvaj\u00ed. Nepot\u0159ebujete slo\u017eit\u00fd technick\u00fd t\u00fdm; sta\u010d\u00ed je zapojit do z\u00e1suvky,<strong> naplnit vodou <\/strong>a hned si m\u016f\u017eete u\u017e\u00edvat sv\u011b\u017e\u00edho vzduchu.   <\/p>\n\n<div style=\"height:47px\" aria-hidden=\"true\" class=\"wp-block-spacer\"><\/div>\n\n<div class=\"wp-block-columns is-layout-flex wp-container-core-columns-is-layout-28f84493 wp-block-columns-is-layout-flex\">\n<div class=\"wp-block-column is-layout-flow wp-block-column-is-layout-flow\">\n<h2 class=\"wp-block-heading\"><strong>\u0158ada IC  <\/strong><\/h2>\n\n\n\n<p>Na\u0161e <strong>\u0159ada chladi\u010d\u016f<\/strong> zahrnuje t\u0159i modely s pr\u016ftokem od 12 000 m\u00b3\/h do 30 000 m\u00b3\/h :  <\/p>\n\n\n\n<p>&#8211; <strong>IC12 <\/strong>: Kompaktn\u00ed a lehk\u00fd p\u0159\u00edstroj je ur\u010den k o\u0161et\u0159en\u00ed ploch do 100 m\u00b2.  <\/p>\n\n\n\n<p>&#8211; <strong>IC22 <\/strong>: Tento st\u0159edn\u011b velk\u00fd model je ide\u00e1ln\u00ed pro prostory o rozloze 100 a\u017e 200 m\u00b2.<\/p>\n\n\n\n<p>&#8211; <strong>IC30 <\/strong>: Robustn\u00ed a \u00fa\u010dinn\u00fd, dok\u00e1\u017ee ochlazovat plochy o rozloze 200 a\u017e 400 m\u00b2. <strong>N\u011bkolik jednotek lze kombinovat<\/strong> a zajistit tak chlazen\u00ed dokonale p\u0159izp\u016fsoben\u00e9 va\u0161im pot\u0159eb\u00e1m. <\/p>\n<\/div>\n\n\n\n<div class=\"wp-block-column is-layout-flow wp-block-column-is-layout-flow\">\n<figure class=\"wp-block-image aligncenter size-full is-resized\"><img decoding=\"async\" width=\"467\" height=\"876\" src=\"https:\/\/obera.fr\/wp-content\/uploads\/2025\/06\/rafraichisseur-gymnase-1.png\" alt=\"chladi&#x10D; v t&#x11B;locvi&#x10D;n&#x11B;\" class=\"wp-image-114776\" style=\"width:277px;height:auto\" srcset=\"https:\/\/obera.fr\/wp-content\/uploads\/2025\/06\/rafraichisseur-gymnase-1.png 467w, https:\/\/obera.fr\/wp-content\/uploads\/2025\/06\/rafraichisseur-gymnase-1-160x300.png 160w\" sizes=\"(max-width: 467px) 100vw, 467px\" \/><\/figure>\n<\/div>\n<\/div>\n","protected":false},"excerpt":{"rendered":"<p>S rostouc\u00edmi teplotami a extr\u00e9mn\u00edmi vlnami veder se zaji\u0161t\u011bn\u00ed tepeln\u00e9ho komfortu p\u0159i vnit\u0159n\u00edch akc\u00edch stalo nezbytn\u00fdm.  <\/p>\n","protected":false},"author":13,"featured_media":120271,"comment_status":"open","ping_status":"closed","sticky":false,"template":"","format":"standard","meta":{"_acf_changed":false,"_seopress_robots_primary_cat":"none","_seopress_titles_title":"Osv\u011b\u017eova\u010de vzduchu pro akce v interi\u00e9ru - zaru\u010den\u00fd komfort","_seopress_titles_desc":"Zajist\u011bte si chladn\u00e9 prost\u0159ed\u00ed na galave\u010derech, sout\u011b\u017e\u00edch nebo veletrz\u00edch s na\u0161imi \u00fasporn\u00fdmi, mobiln\u00edmi a tich\u00fdmi adiabatick\u00fdmi osv\u011b\u017eova\u010di vzduchu.","_seopress_robots_index":"","footnotes":""},"categories":[451],"tags":[406],"class_list":["post-114707","post","type-post","status-publish","format-standard","has-post-thumbnail","hentry","category-umeni-zabava-a-rekreace","tag-chladice","generate-columns","tablet-grid-50","mobile-grid-100","grid-parent","grid-50","no-featured-image-padding","resize-featured-image"],"acf":[],"_links":{"self":[{"href":"https:\/\/obera.fr\/cs\/wp-json\/wp\/v2\/posts\/114707","targetHints":{"allow":["GET"]}}],"collection":[{"href":"https:\/\/obera.fr\/cs\/wp-json\/wp\/v2\/posts"}],"about":[{"href":"https:\/\/obera.fr\/cs\/wp-json\/wp\/v2\/types\/post"}],"author":[{"embeddable":true,"href":"https:\/\/obera.fr\/cs\/wp-json\/wp\/v2\/users\/13"}],"replies":[{"embeddable":true,"href":"https:\/\/obera.fr\/cs\/wp-json\/wp\/v2\/comments?post=114707"}],"version-history":[{"count":5,"href":"https:\/\/obera.fr\/cs\/wp-json\/wp\/v2\/posts\/114707\/revisions"}],"predecessor-version":[{"id":122599,"href":"https:\/\/obera.fr\/cs\/wp-json\/wp\/v2\/posts\/114707\/revisions\/122599"}],"wp:featuredmedia":[{"embeddable":true,"href":"https:\/\/obera.fr\/cs\/wp-json\/wp\/v2\/media\/120271"}],"wp:attachment":[{"href":"https:\/\/obera.fr\/cs\/wp-json\/wp\/v2\/media?parent=114707"}],"wp:term":[{"taxonomy":"category","embeddable":true,"href":"https:\/\/obera.fr\/cs\/wp-json\/wp\/v2\/categories?post=114707"},{"taxonomy":"post_tag","embeddable":true,"href":"https:\/\/obera.fr\/cs\/wp-json\/wp\/v2\/tags?post=114707"}],"curies":[{"name":"wp","href":"https:\/\/api.w.org\/{rel}","templated":true}]}}