{"id":114897,"date":"2025-06-23T14:29:46","date_gmt":"2025-06-23T12:29:46","guid":{"rendered":"https:\/\/obera.fr\/nase-rada\/jeunes-tailleurs-refusent-ateliers-poussiereux\/"},"modified":"2025-07-08T14:04:46","modified_gmt":"2025-07-08T12:04:46","slug":"jeunes-tailleurs-refusent-ateliers-poussiereux","status":"publish","type":"post","link":"https:\/\/obera.fr\/cs\/nase-rady\/jeunes-tailleurs-refusent-ateliers-poussiereux\/","title":{"rendered":"Mlad\u00ed krej\u010d\u00ed odm\u00edtaj\u00ed zapr\u00e1\u0161en\u00e9 d\u00edlny: genera\u010dn\u00ed obm\u011bna?"},"content":{"rendered":"\n<p>Krej\u010dovsk\u00e9 a \u0161ic\u00ed d\u00edlny, kter\u00e9 jsou tradi\u010dn\u011b spojov\u00e1ny s <strong>manu\u00e1ln\u00edmi<\/strong> pracemi, je\u017e jsou <strong>n\u011bkdy pova\u017eov\u00e1ny za stroh\u00e9<\/strong>, maj\u00ed ji\u017e dlouho image, kter\u00e1 uv\u00edzla v minulosti: prach, tlumen\u00e9 osv\u011btlen\u00ed, dlouh\u00e9 hodiny opakuj\u00edc\u00ed se pr\u00e1ce. Tento obraz se v\u0161ak m\u011bn\u00ed. Nov\u00e1 generace mlad\u00fdch krej\u010d\u00edch &#8211; v\u00e1\u0161niv\u00fdch, ambici\u00f3zn\u00edch a propojen\u00fdch &#8211; po\u017eaduje<strong> modern\u00ed<\/strong>, kreativn\u00ed a uspokojiv\u00e9 pracovn\u00ed podm\u00ednky.    <\/p>\n\n<h2 class=\"wp-block-heading\">Nov\u00e1 generace, kter\u00e1 se ot\u0159\u00e1s\u00e1 v z\u00e1kladech  <\/h2>\n\n<p>Doby tmav\u00fdch, st\u00e1rnouc\u00edch d\u00edlen jsou pry\u010d.<strong>Mlad\u00ed talenti<\/strong> cht\u011bj\u00ed sv\u011btl\u00e9, ergonomick\u00e9 prostory, kter\u00e9 jsou ur\u010deny k tvorb\u011b, ale tak\u00e9 k v\u00fdm\u011bn\u011b a u\u010den\u00ed. Necht\u011bj\u00ed jen \u201ed\u011blat\u201c, cht\u011bj\u00ed \u201erozum\u011bt\u201c, \u201einovovat\u201c a \u201evyjad\u0159ovat se\u201c.    <\/p>\n\n<p>Tato zm\u011bna <strong>ovliv\u0148uje nejen pracovn\u00ed prost\u0159ed\u00ed,<\/strong> ale tak\u00e9 zp\u016fsob, jak\u00fdm je profese vn\u00edm\u00e1na. Pro mnoho mlad\u00fdch lid\u00ed u\u017e b\u00fdt krej\u010d\u00edm neznamen\u00e1 pouze reprodukovat starou dovednost, ale tak\u00e9 ji rozv\u00edjet a p\u0159izp\u016fsobovat sou\u010dasn\u00fdm po\u017eadavk\u016fm &#8211; a\u0165 u\u017e jde o udr\u017eitelnost, styl nebo technologii.   <\/p>\n\n<h2 class=\"wp-block-heading\">OberA, partner pro nastupuj\u00edc\u00ed generace  <\/h2>\n\n<p>Ve spole\u010dnosti <strong>OberA<\/strong> ji\u017e dlouho ch\u00e1peme v\u00fdznam t\u00e9to transformace. Proto se aktivn\u011b v\u011bnujeme mlad\u00fdm \u0159emesln\u00edk\u016fm a \u0159emeslnic\u00edm, pom\u00e1h\u00e1me jim rozv\u00edjet jejich dovednosti, podporujeme jejich kreativitu a jejich ambice.   <\/p>\n\n<p>Ji\u017e n\u011bkolik let <strong>jsme hrd\u00fdm partnerem WorldSkills na n\u00e1rodn\u00ed i mezin\u00e1rodn\u00ed \u00farovni<\/strong>. Tento z\u00e1vazek odr\u00e1\u017e\u00ed na\u0161i snahu podporovat excelenci, p\u0159enos a inovace v \u0159emesln\u00fdch oborech, zejm\u00e9na v textiln\u00edm a od\u011bvn\u00edm pr\u016fmyslu.   <\/p>\n\n<p>WorldSkills je v\u00edc ne\u017e jen sout\u011b\u017e: je to celosv\u011btov\u00e1 p\u0159ehl\u00eddka dovednost\u00ed mlad\u00fdch lid\u00ed, katalyz\u00e1tor jejich nad\u0161en\u00ed a odrazov\u00fd m\u016fstek k profesn\u00edmu uzn\u00e1n\u00ed. Podporou t\u011bchto mlad\u00fdch lid\u00ed v ka\u017ed\u00e9 f\u00e1zi &#8211; od p\u0159\u00edpravy a\u017e po mezin\u00e1rodn\u00ed sout\u011b\u017e &#8211; <strong>spole\u010dnost OberA upozor\u0148uje na nov\u00e9 tv\u00e1\u0159e krej\u010dovsk\u00e9 profese<\/strong>, na ty, kte\u0159\u00ed dnes vym\u00fd\u0161lej\u00ed d\u00edlny z\u00edt\u0159ka.   <\/p>\n\n<h2 class=\"wp-block-heading\">Na cest\u011b k ru\u010dn\u011b \u0161it\u00e9 budoucnosti  <\/h2>\n\n<p>Tato genera\u010dn\u00ed obm\u011bna je skv\u011blou p\u0159\u00edle\u017eitost\u00ed k obnoven\u00ed presti\u017ee krej\u010dovsk\u00e9 profese. Samoz\u0159ejm\u011b za p\u0159edpokladu, \u017ee budeme tento p\u0159echod doprov\u00e1zet, podporovat touhu u\u010dit se jinak a budovat mosty mezi tradic\u00ed a modernost\u00ed.   <\/p>\n\n<p>Ve spole\u010dnosti OberA v tuto novou generaci v\u011b\u0159\u00edme. A jsme hrd\u00ed na to, \u017ee m\u016f\u017eeme b\u00fdt sou\u010d\u00e1st\u00ed jejich cesty. <\/p>\n","protected":false},"excerpt":{"rendered":"<p>Krej\u010dovsk\u00e9 a \u0161ic\u00ed d\u00edlny, kter\u00e9 jsou tradi\u010dn\u011b spojov\u00e1ny s manu\u00e1ln\u00edmi pracemi, je\u017e jsou n\u011bkdy pova\u017eov\u00e1ny za stroh\u00e9, maj\u00ed ji\u017e dlouho image, kter\u00e1 uv\u00edzla v minulosti: prach, tlumen\u00e9 osv\u011btlen\u00ed, dlouh\u00e9 hodiny opakuj\u00edc\u00ed se pr\u00e1ce. Tento obraz se v\u0161ak m\u011bn\u00ed. <\/p>\n","protected":false},"author":13,"featured_media":120477,"comment_status":"open","ping_status":"closed","sticky":false,"template":"","format":"standard","meta":{"_acf_changed":false,"_seopress_robots_primary_cat":"none","_seopress_titles_title":"Les jeunes tailleurs r\u00e9inventent l\u2019atelier : vers un m\u00e9tier modernis\u00e9","_seopress_titles_desc":"Nouvelle g\u00e9n\u00e9ration, nouveaux ateliers : les jeunes tailleurs modernisent le m\u00e9tier avec cr\u00e9ativit\u00e9, innovation et exigence. OberA les accompagne.","_seopress_robots_index":"","footnotes":""},"categories":[310],"tags":[],"class_list":["post-114897","post","type-post","status-publish","format-standard","has-post-thumbnail","hentry","category-nase-rady","generate-columns","tablet-grid-50","mobile-grid-100","grid-parent","grid-50","no-featured-image-padding","resize-featured-image"],"acf":[],"_links":{"self":[{"href":"https:\/\/obera.fr\/cs\/wp-json\/wp\/v2\/posts\/114897","targetHints":{"allow":["GET"]}}],"collection":[{"href":"https:\/\/obera.fr\/cs\/wp-json\/wp\/v2\/posts"}],"about":[{"href":"https:\/\/obera.fr\/cs\/wp-json\/wp\/v2\/types\/post"}],"author":[{"embeddable":true,"href":"https:\/\/obera.fr\/cs\/wp-json\/wp\/v2\/users\/13"}],"replies":[{"embeddable":true,"href":"https:\/\/obera.fr\/cs\/wp-json\/wp\/v2\/comments?post=114897"}],"version-history":[{"count":1,"href":"https:\/\/obera.fr\/cs\/wp-json\/wp\/v2\/posts\/114897\/revisions"}],"predecessor-version":[{"id":114898,"href":"https:\/\/obera.fr\/cs\/wp-json\/wp\/v2\/posts\/114897\/revisions\/114898"}],"wp:featuredmedia":[{"embeddable":true,"href":"https:\/\/obera.fr\/cs\/wp-json\/wp\/v2\/media\/120477"}],"wp:attachment":[{"href":"https:\/\/obera.fr\/cs\/wp-json\/wp\/v2\/media?parent=114897"}],"wp:term":[{"taxonomy":"category","embeddable":true,"href":"https:\/\/obera.fr\/cs\/wp-json\/wp\/v2\/categories?post=114897"},{"taxonomy":"post_tag","embeddable":true,"href":"https:\/\/obera.fr\/cs\/wp-json\/wp\/v2\/tags?post=114897"}],"curies":[{"name":"wp","href":"https:\/\/api.w.org\/{rel}","templated":true}]}}