{"id":115042,"date":"2025-06-24T12:08:40","date_gmt":"2025-06-24T10:08:40","guid":{"rendered":"https:\/\/obera.fr\/nase-rada\/rafraichisseur-mobiles-adiabatiques-evenements-ephemeres\/"},"modified":"2025-11-21T11:23:30","modified_gmt":"2025-11-21T09:23:30","slug":"rafraichisseur-mobiles-adiabatiques-evenements-ephemeres","status":"publish","type":"post","link":"https:\/\/obera.fr\/cs\/umeni-zabava-a-rekreace\/rafraichisseur-mobiles-adiabatiques-evenements-ephemeres\/","title":{"rendered":"Mobiln\u00ed adiabatick\u00e9 ochlazova\u010de: Francouzsk\u00e9 \u0159e\u0161en\u00ed pro va\u0161e kr\u00e1tkodob\u00e9 akce"},"content":{"rendered":"\n<p>V sou\u010dasn\u00e9m kontextu, kdy se mno\u017e\u00ed <strong>do\u010dasn\u00e9 akce<\/strong>, jako jsou festivaly, sportovn\u00ed akce, poj\u00edzdn\u00e9 trhy, veletrhy nebo do\u010dasn\u00e9 restaurace, je zaji\u0161t\u011bn\u00ed tepeln\u00e9ho komfortu \u00fa\u010dastn\u00edk\u016f z\u00e1sadn\u00ed. Na\u0161e <a href=\"https:\/\/obera.fr\/cs\/produits\/rafraichisseurs-air\/\">mobiln\u00ed adiabatick\u00e9 ochlazova\u010de<\/a>, navr\u017een\u00e9 a vyroben\u00e9 ve Francii, nab\u00edzej\u00ed ekologickou, efektivn\u00ed a dokonale p\u0159izp\u016fsobenou odpov\u011b\u010f pro tyto do\u010dasn\u00e9 struktury.  <\/p>\n\n<div class=\"wp-block-columns is-layout-flex wp-container-core-columns-is-layout-28f84493 wp-block-columns-is-layout-flex\">\n<div class=\"wp-block-column is-layout-flow wp-block-column-is-layout-flow\" style=\"flex-basis:50%\">\n<h2 class=\"wp-block-heading\">Porozum\u011bn\u00ed adiabatick\u00e9mu ochlazov\u00e1n\u00ed <\/h2>\n\n\n\n<p><strong>Princip adiabatick\u00e9ho ochlazov\u00e1n\u00ed<\/strong> spo\u010d\u00edv\u00e1 v p\u0159irozen\u00e9m jevu: odpa\u0159ov\u00e1n\u00ed vody. Hork\u00fd a such\u00fd vzduch je nas\u00e1v\u00e1n, proch\u00e1z\u00ed zvlh\u010den\u00fdmi m\u00e9dii a vych\u00e1z\u00ed ochlazen\u00fd, bez pou\u017eit\u00ed \u0161kodliv\u00fdch chladiv. Tento proces spot\u0159ebuje a\u017e 10kr\u00e1t m\u00e9n\u011b energie ne\u017e <a href=\"https:\/\/obera.fr\/cs\/nase-rady\/rafraichissement-adiabatique-confort-thermique-naturel\/\">tradi\u010dn\u00ed klimatizace<\/a> a z\u00e1rove\u0148 zlep\u0161uje kvalitu vnit\u0159n\u00edho vzduchu.   <\/p>\n\n\n\n<h2 class=\"wp-block-heading\">Ide\u00e1ln\u00ed \u0159e\u0161en\u00ed pro do\u010dasn\u00e9 stavby <\/h2>\n\n\n\n<p>Na\u0161e <strong>ochlazova\u010de<\/strong> jsou speci\u00e1ln\u011b navr\u017eeny pro integraci do prost\u0159ed\u00ed, jako jsou: <\/p>\n\n\n\n<ul class=\"wp-block-list\">\n<li>Pergoly, stany, party stany a st\u00e1nky na festivalech nebo trz\u00edch. <\/li>\n\n\n\n<li>Mobiln\u00ed o\u0161et\u0159ovny nebo z\u00e1chrann\u00e9 stanice na sportovn\u00edch nebo kulturn\u00edch akc\u00edch.<\/li>\n\n\n\n<li>Do\u010dasn\u00e9 restaurace, food trucky nebo venkovn\u00ed ob\u010derstven\u00ed. <\/li>\n<\/ul>\n\n\n\n<p>Jejich mobilita, d\u00edky robustn\u00edm kole\u010dk\u016fm, umo\u017e\u0148uje snadn\u00fd p\u0159esun mezi r\u016fzn\u00fdmi z\u00f3nami a zaji\u0161\u0165uje tak st\u00e1l\u00fd chlad tam, kde je to pot\u0159eba. <\/p>\n<\/div>\n\n\n\n<div class=\"wp-block-column is-layout-flow wp-block-column-is-layout-flow\" style=\"flex-basis:50%\">\n<p><\/p>\n\n\n\n<p><\/p>\n\n\n\n<p><\/p>\n\n\n\n<p><\/p>\n\n\n\n<p><\/p>\n\n\n\n<figure class=\"wp-block-image size-large\"><img decoding=\"async\" width=\"1024\" height=\"576\" src=\"https:\/\/obera.fr\/wp-content\/uploads\/2025\/06\/img-20250622-wa0000-1024x576.jpg\" alt=\"RAF OberA provizorn&#xED; o&#x161;et&#x159;ovna\" class=\"wp-image-117728\" srcset=\"https:\/\/obera.fr\/wp-content\/uploads\/2025\/06\/img-20250622-wa0000-1024x576.jpg 1024w, https:\/\/obera.fr\/wp-content\/uploads\/2025\/06\/img-20250622-wa0000-300x169.jpg 300w, https:\/\/obera.fr\/wp-content\/uploads\/2025\/06\/img-20250622-wa0000-768x432.jpg 768w, https:\/\/obera.fr\/wp-content\/uploads\/2025\/06\/img-20250622-wa0000-1536x864.jpg 1536w, https:\/\/obera.fr\/wp-content\/uploads\/2025\/06\/img-20250622-wa0000.jpg 1600w\" sizes=\"(max-width: 1024px) 100vw, 1024px\" \/><\/figure>\n<\/div>\n<\/div>\n\n<p><\/p>\n\n<p><\/p>\n\n<p><\/p>\n<div class=\"gb-container gb-container-025760be alignwide\">\n<div class=\"gb-container gb-container-9f708c38\"><\/div>\n<\/div><div class=\"gb-container gb-container-fc410df5\">\n\n<figure class=\"wp-block-gallery has-nested-images columns-default is-cropped wp-block-gallery-1 is-layout-flex wp-block-gallery-is-layout-flex\">\n<figure class=\"wp-block-image size-large\"><img decoding=\"async\" width=\"1024\" height=\"766\" data-id=\"117665\" src=\"https:\/\/obera.fr\/wp-content\/uploads\/2025\/06\/img_20250629_142849-1024x766.jpg\" alt=\"RAF OberA pod pergolami\" class=\"wp-image-117665\" srcset=\"https:\/\/obera.fr\/wp-content\/uploads\/2025\/06\/img_20250629_142849-1024x766.jpg 1024w, https:\/\/obera.fr\/wp-content\/uploads\/2025\/06\/img_20250629_142849-300x224.jpg 300w, https:\/\/obera.fr\/wp-content\/uploads\/2025\/06\/img_20250629_142849-768x574.jpg 768w, https:\/\/obera.fr\/wp-content\/uploads\/2025\/06\/img_20250629_142849-1536x1149.jpg 1536w, https:\/\/obera.fr\/wp-content\/uploads\/2025\/06\/img_20250629_142849-2048x1532.jpg 2048w\" sizes=\"(max-width: 1024px) 100vw, 1024px\" \/><\/figure>\n\n\n\n<figure class=\"wp-block-image size-large\"><img decoding=\"async\" width=\"1024\" height=\"766\" data-id=\"117607\" src=\"https:\/\/obera.fr\/wp-content\/uploads\/2025\/06\/img_20250629_145330-1024x766.jpg\" alt=\"RAF OberA venkovn&#xED; kr&#xE1;tkodob&#xE1; akce\" class=\"wp-image-117607\" srcset=\"https:\/\/obera.fr\/wp-content\/uploads\/2025\/06\/img_20250629_145330-1024x766.jpg 1024w, https:\/\/obera.fr\/wp-content\/uploads\/2025\/06\/img_20250629_145330-300x224.jpg 300w, https:\/\/obera.fr\/wp-content\/uploads\/2025\/06\/img_20250629_145330-768x574.jpg 768w, https:\/\/obera.fr\/wp-content\/uploads\/2025\/06\/img_20250629_145330-1536x1149.jpg 1536w, https:\/\/obera.fr\/wp-content\/uploads\/2025\/06\/img_20250629_145330-2048x1532.jpg 2048w\" sizes=\"(max-width: 1024px) 100vw, 1024px\" \/><\/figure>\n<\/figure>\n\n<\/div>\n<div class=\"wp-block-columns is-layout-flex wp-container-core-columns-is-layout-28f84493 wp-block-columns-is-layout-flex\">\n<div class=\"wp-block-column is-layout-flow wp-block-column-is-layout-flow\" style=\"flex-basis:66.66%\">\n<p><\/p>\n\n\n\n<p><\/p>\n\n\n\n<h2 class=\"wp-block-heading\">Francouzsk\u00e1 v\u00fdroba a z\u00e1ruka 5 let <\/h2>\n\n\n\n<p>Podpora m\u00edstn\u00edho pr\u016fmyslu je j\u00e1drem na\u0161eho p\u0159\u00edstupu. Na\u0161e <strong>ochlazova\u010de jsou kompletn\u011b vyr\u00e1b\u011bny ve Francii<\/strong>, co\u017e zaru\u010duje vynikaj\u00edc\u00ed kvalitu a optim\u00e1ln\u00ed reaktivitu v p\u0159\u00edpad\u011b pot\u0159eby. Nav\u00edc nab\u00edz\u00edme z\u00e1ruku 5 let, co\u017e sv\u011bd\u010d\u00ed o trvanlivosti a spolehlivosti na\u0161ich produkt\u016f.   <\/p>\n\n\n\n<p><\/p>\n\n\n\n<h2 class=\"wp-block-heading\">Ekologie a ekonomika: V\u00edt\u011bzn\u00e1 kombinace <\/h2>\n\n\n\n<p>Krom\u011b energetick\u00e9 \u00fa\u010dinnosti na\u0161e za\u0159\u00edzen\u00ed nepou\u017e\u00edvaj\u00ed \u017e\u00e1dn\u00e9 chladivo, \u010d\u00edm\u017e se sni\u017euje jejich dopad na \u017eivotn\u00ed prost\u0159ed\u00ed. Jsou tak\u00e9 ekonomick\u00e9 na pou\u017e\u00edv\u00e1n\u00ed, s <strong>minim\u00e1ln\u00ed spot\u0159ebou vody<\/strong> a elekt\u0159iny, tak\u017ee jsou ide\u00e1ln\u00ed pro jednor\u00e1zov\u00e9 akce nebo stavby bez p\u0159\u00edstupu k v\u00fdkonn\u00fdm elektrick\u00fdm za\u0159\u00edzen\u00edm.  <\/p>\n\n\n\n<p><\/p>\n\n\n\n<h2 class=\"wp-block-heading\">Technick\u00e9 specifikace <\/h2>\n\n\n\n<ul class=\"wp-block-list\">\n<li><strong>Pr\u016ftok vzduchu<\/strong>: A\u017e 30 000 m\u00b3\/h, vhodn\u00e9 pro plochy do 400 m\u00b2. <\/li>\n\n\n\n<li><strong>N\u00e1dr\u017e na vodu<\/strong>: Velk\u00e1 kapacita pro prodlou\u017eenou autonomii. <\/li>\n\n\n\n<li><strong>\u00darovn\u011b ventilace<\/strong>: N\u011bkolik rychlost\u00ed pro osobn\u00ed pohodl\u00ed. <\/li>\n\n\n\n<li><strong>Hlu\u010dnost<\/strong>: Tich\u00fd, ide\u00e1ln\u00ed pro prost\u0159ed\u00ed vy\u017eaduj\u00edc\u00ed klidnou atmosf\u00e9ru.<\/li>\n\n\n\n<li><strong>Dal\u0161\u00ed funkce<\/strong>: Na\u0161e ochlazova\u010de jsou vybaveny patentovanou p\u0159edfiltrac\u00ed Pureflow a nab\u00edzej\u00ed \u010derstv\u00fd a zdrav\u00fd vzduch, ide\u00e1ln\u00ed pro akce s p\u0159\u00edtomnost\u00ed p\u00edsku nebo prachu spojen\u00e9ho nap\u0159\u00edklad s b\u011b\u017eci. <\/li>\n\n\n\n<li><\/li>\n<\/ul>\n<\/div>\n\n\n\n<div class=\"wp-block-column is-layout-flow wp-block-column-is-layout-flow\" style=\"flex-basis:33.33%\">\n<figure class=\"wp-block-gallery has-nested-images columns-default is-cropped wp-block-gallery-2 is-layout-flex wp-block-gallery-is-layout-flex\"><\/figure>\n\n\n\n<figure class=\"wp-block-image size-large\"><img decoding=\"async\" width=\"1024\" height=\"1024\" src=\"https:\/\/obera.fr\/wp-content\/uploads\/2025\/06\/5-2-1024x1024.png\" alt=\"RAF OberA st&#xE1;nek s ob&#x10D;erstven&#xED;m \" class=\"wp-image-115951\" srcset=\"https:\/\/obera.fr\/wp-content\/uploads\/2025\/06\/5-2-1024x1024.png 1024w, https:\/\/obera.fr\/wp-content\/uploads\/2025\/06\/5-2-300x300.png 300w, https:\/\/obera.fr\/wp-content\/uploads\/2025\/06\/5-2-150x150.png 150w, https:\/\/obera.fr\/wp-content\/uploads\/2025\/06\/5-2-768x768.png 768w, https:\/\/obera.fr\/wp-content\/uploads\/2025\/06\/5-2.png 1200w\" sizes=\"(max-width: 1024px) 100vw, 1024px\" \/><\/figure>\n<\/div>\n<\/div>\n\n<h2 class=\"wp-block-heading\">Snadn\u00e1 instalace a pou\u017eit\u00ed <\/h2>\n\n<p>Nen\u00ed pot\u0159eba <a href=\"https:\/\/obera.fr\/cs\/nase-rady\/le-principe-de-fonctionnement-du-refroidissement-adiabatique-air-eau-evaporation\/\">slo\u017eit\u00e1 instalace nebo odvodn\u00ed potrub\u00ed<\/a>. Sta\u010d\u00ed naplnit n\u00e1dr\u017e na vodu, zapojit za\u0159\u00edzen\u00ed a um\u00edstit jej do po\u017eadovan\u00e9 oblasti. Jejich intuitivn\u00ed design umo\u017e\u0148uje rychl\u00e9 uveden\u00ed do provozu, co\u017e je z\u00e1sadn\u00ed pro akce s omezenou dobou trv\u00e1n\u00ed.   <\/p>\n\n<p><\/p>\n\n<p><\/p>\n\n<h2 class=\"wp-block-heading\">Kontaktujte n\u00e1s <\/h2>\n\n<p>Jste p\u0159ipraveni nab\u00eddnout <strong>z\u00e1van sv\u011b\u017eesti va\u0161im akc\u00edm<\/strong>? Na\u0161i odborn\u00edci jsou v\u00e1m k dispozici, aby v\u00e1m poradili s modelem, kter\u00fd nejl\u00e9pe vyhovuje va\u0161im pot\u0159eb\u00e1m. Nev\u00e1hejte n\u00e1s kontaktovat pro individu\u00e1ln\u00ed nab\u00eddku nebo pro jak\u00e9koli dal\u0161\u00ed dotazy.  <\/p>\n\n<p><\/p>\n\n<p><\/p>\n\n<figure class=\"wp-block-gallery has-nested-images columns-default is-cropped wp-block-gallery-3 is-layout-flex wp-block-gallery-is-layout-flex\">\n<figure class=\"wp-block-image size-large\"><img decoding=\"async\" width=\"768\" height=\"1024\" data-id=\"115880\" src=\"https:\/\/obera.fr\/wp-content\/uploads\/2025\/06\/2-2-768x1024.png\" alt=\"RAF OberA Mobiln&#xED; o&#x161;et&#x159;ovna\" class=\"wp-image-115880\" srcset=\"https:\/\/obera.fr\/wp-content\/uploads\/2025\/06\/2-2-768x1024.png 768w, https:\/\/obera.fr\/wp-content\/uploads\/2025\/06\/2-2-225x300.png 225w, https:\/\/obera.fr\/wp-content\/uploads\/2025\/06\/2-2.png 900w\" sizes=\"(max-width: 768px) 100vw, 768px\" \/><\/figure>\n\n\n\n<figure class=\"wp-block-image size-large\"><img decoding=\"async\" width=\"768\" height=\"1024\" data-id=\"115856\" src=\"https:\/\/obera.fr\/wp-content\/uploads\/2025\/06\/1-2-768x1024.png\" alt=\"RAF OberA Pergola\" class=\"wp-image-115856\" srcset=\"https:\/\/obera.fr\/wp-content\/uploads\/2025\/06\/1-2-768x1024.png 768w, https:\/\/obera.fr\/wp-content\/uploads\/2025\/06\/1-2-225x300.png 225w, https:\/\/obera.fr\/wp-content\/uploads\/2025\/06\/1-2.png 900w\" sizes=\"(max-width: 768px) 100vw, 768px\" \/><\/figure>\n\n\n\n<figure class=\"wp-block-image size-large\"><img decoding=\"async\" width=\"1024\" height=\"1024\" data-id=\"115903\" src=\"https:\/\/obera.fr\/wp-content\/uploads\/2025\/06\/3-2-1024x1024.png\" alt=\"RAF OberA Food truck\" class=\"wp-image-115903\" srcset=\"https:\/\/obera.fr\/wp-content\/uploads\/2025\/06\/3-2-1024x1024.png 1024w, https:\/\/obera.fr\/wp-content\/uploads\/2025\/06\/3-2-300x300.png 300w, https:\/\/obera.fr\/wp-content\/uploads\/2025\/06\/3-2-150x150.png 150w, https:\/\/obera.fr\/wp-content\/uploads\/2025\/06\/3-2-768x768.png 768w, https:\/\/obera.fr\/wp-content\/uploads\/2025\/06\/3-2.png 1200w\" sizes=\"(max-width: 1024px) 100vw, 1024px\" \/><\/figure>\n<\/figure>\n","protected":false},"excerpt":{"rendered":"<p>V sou\u010dasn\u00e9m kontextu, kdy se mno\u017e\u00ed do\u010dasn\u00e9 akce, jako jsou festivaly, sportovn\u00ed akce, poj\u00edzdn\u00e9 trhy, veletrhy nebo do\u010dasn\u00e9 restaurace, je zaji\u0161t\u011bn\u00ed tepeln\u00e9ho komfortu \u00fa\u010dastn\u00edk\u016f z\u00e1sadn\u00ed.<\/p>\n","protected":false},"author":13,"featured_media":120406,"comment_status":"open","ping_status":"closed","sticky":false,"template":"","format":"standard","meta":{"_acf_changed":false,"_seopress_robots_primary_cat":"none","_seopress_titles_title":"Francouzsk\u00e9 mobiln\u00ed ochlazova\u010de pro kr\u00e1tkodob\u00e9 akce","_seopress_titles_desc":"Mobiln\u00ed adiabatick\u00e9 ochlazova\u010de vyroben\u00e9 ve Francii, ekologick\u00e9 a ekonomick\u00e9, ide\u00e1ln\u00ed pro kr\u00e1tkodob\u00e9 akce, jako jsou festivaly nebo trhy.","_seopress_robots_index":"","footnotes":""},"categories":[451],"tags":[406],"class_list":["post-115042","post","type-post","status-publish","format-standard","has-post-thumbnail","hentry","category-umeni-zabava-a-rekreace","tag-chladice","generate-columns","tablet-grid-50","mobile-grid-100","grid-parent","grid-50","no-featured-image-padding","resize-featured-image"],"acf":[],"_links":{"self":[{"href":"https:\/\/obera.fr\/cs\/wp-json\/wp\/v2\/posts\/115042","targetHints":{"allow":["GET"]}}],"collection":[{"href":"https:\/\/obera.fr\/cs\/wp-json\/wp\/v2\/posts"}],"about":[{"href":"https:\/\/obera.fr\/cs\/wp-json\/wp\/v2\/types\/post"}],"author":[{"embeddable":true,"href":"https:\/\/obera.fr\/cs\/wp-json\/wp\/v2\/users\/13"}],"replies":[{"embeddable":true,"href":"https:\/\/obera.fr\/cs\/wp-json\/wp\/v2\/comments?post=115042"}],"version-history":[{"count":26,"href":"https:\/\/obera.fr\/cs\/wp-json\/wp\/v2\/posts\/115042\/revisions"}],"predecessor-version":[{"id":133764,"href":"https:\/\/obera.fr\/cs\/wp-json\/wp\/v2\/posts\/115042\/revisions\/133764"}],"wp:featuredmedia":[{"embeddable":true,"href":"https:\/\/obera.fr\/cs\/wp-json\/wp\/v2\/media\/120406"}],"wp:attachment":[{"href":"https:\/\/obera.fr\/cs\/wp-json\/wp\/v2\/media?parent=115042"}],"wp:term":[{"taxonomy":"category","embeddable":true,"href":"https:\/\/obera.fr\/cs\/wp-json\/wp\/v2\/categories?post=115042"},{"taxonomy":"post_tag","embeddable":true,"href":"https:\/\/obera.fr\/cs\/wp-json\/wp\/v2\/tags?post=115042"}],"curies":[{"name":"wp","href":"https:\/\/api.w.org\/{rel}","templated":true}]}}