{"id":118499,"date":"2025-06-30T15:30:10","date_gmt":"2025-06-30T13:30:10","guid":{"rendered":"https:\/\/obera.fr\/nase-rada\/rafraichisseur-garage\/"},"modified":"2025-07-16T11:04:31","modified_gmt":"2025-07-16T09:04:31","slug":"rafraichisseur-garage","status":"publish","type":"post","link":"https:\/\/obera.fr\/cs\/osobni-a-nakladni-automobily\/rafraichisseur-garage\/","title":{"rendered":"Teplo v gar\u00e1\u017e\u00edch: ka\u017edodenn\u00ed probl\u00e9m, kter\u00fd je d\u00edky chladi\u010d\u016fm OberA kone\u010dn\u011b pod kontrolou"},"content":{"rendered":"\n<div class=\"wp-block-columns is-layout-flex wp-container-core-columns-is-layout-28f84493 wp-block-columns-is-layout-flex\">\n<div class=\"wp-block-column is-layout-flow wp-block-column-is-layout-flow\" style=\"flex-basis:66.66%\">\n<p><strong>Automobilov\u00fd pr\u016fmysl se p\u0159eh\u0159\u00edv\u00e1<\/strong> a horko v gar\u00e1\u017e\u00edch a d\u00edln\u00e1ch<br\/>se st\u00e1v\u00e1 pohromou pro profesion\u00e1ly v tomto odv\u011btv\u00ed.<br\/><br\/>Ka\u017ed\u00e9 l\u00e9to se v d\u00edln\u00e1ch horko rychle st\u00e1v\u00e1 pro <strong>mechaniky velk\u00fdm handicapem, kter\u00fd<\/strong> ovliv\u0148uje jejich zdrav\u00ed, bezpe\u010dnost a produktivitu.<br\/><br\/>Vlny veder jsou ve Francii st\u00e1le \u010dast\u011bj\u0161\u00ed a intenzivn\u011bj\u0161\u00ed. Podle M\u00e9t\u00e9o France za\u017eila<strong> zem\u011b za<\/strong> posledn\u00edch 20 let<strong> 8 z 10 nejteplej\u0161\u00edch l\u00e9t<\/strong> od roku 1900. <\/p>\n<\/div>\n\n\n\n<div class=\"wp-block-column is-layout-flow wp-block-column-is-layout-flow\" style=\"flex-basis:33.33%\">\n<figure class=\"wp-block-image aligncenter size-full is-resized\"><img decoding=\"async\" width=\"612\" height=\"612\" src=\"https:\/\/obera.fr\/wp-content\/uploads\/2025\/06\/istockphoto-629496278-612x612-1.jpg\" alt=\"Gar&#xE1;&#x17E; pro auto\" class=\"wp-image-118791\" style=\"width:326px;height:auto\" srcset=\"https:\/\/obera.fr\/wp-content\/uploads\/2025\/06\/istockphoto-629496278-612x612-1.jpg 612w, https:\/\/obera.fr\/wp-content\/uploads\/2025\/06\/istockphoto-629496278-612x612-1-300x300.jpg 300w, https:\/\/obera.fr\/wp-content\/uploads\/2025\/06\/istockphoto-629496278-612x612-1-150x150.jpg 150w\" sizes=\"(max-width: 612px) 100vw, 612px\" \/><\/figure>\n<\/div>\n<\/div>\n\n<h2 class=\"wp-block-heading\">Extr\u00e9mn\u00ed teploty ve \u0161patn\u011b izolovan\u00fdch d\u00edln\u00e1ch<\/h2>\n\n<p><a href=\"https:\/\/obera.fr\/cs\/nase-rada\/rafraichisseur-production-automobile\/\">Automobilov\u00e9 gar\u00e1\u017ee a d\u00edlny jsou \u010dasto \u0161patn\u011b v\u011btran\u00e9,<\/a> \u010d\u00e1ste\u010dn\u011b otev\u0159en\u00e9, se za\u0159\u00edzen\u00edm, kter\u00e9 uvol\u0148uje vysok\u00e9 teploty, jako jsou hork\u00e9 motory, hydraulick\u00e9 mosty, kompresory atd.<br\/>B\u011bhem vlny veder <strong>m\u016f\u017ee okoln\u00ed teplota <\/strong>v uzav\u0159en\u00e9 d\u00edln\u011b nebo p\u0159i otev\u0159en\u00fdch dve\u0159\u00edch <strong>snadno dos\u00e1hnout 35 a\u017e 45 \u00b0C, <\/strong>co\u017e vede k dusiv\u00fdm venkovn\u00edm teplot\u00e1m.<br\/><br\/>Tyto vysok\u00e9 teploty maj\u00ed pro automechaniky konkr\u00e9tn\u00ed d\u016fsledky:  <\/p>\n\n<ul class=\"wp-block-list\">\n<li><strong>Zdravotn\u00ed probl\u00e9my<\/strong> \u2192 \u00fapal, dehydratace a mal\u00e1tnost se opakuj\u00ed.<\/li>\n\n\n\n<li><strong>Sn\u00ed\u017een\u00e1 koncentrace<\/strong> \u2192 teplo vede ke zv\u00fd\u0161en\u00e9mu riziku technick\u00fdch chyb<\/li>\n\n\n\n<li><strong>Dopad na celkov\u00fd v\u00fdkon<\/strong> \u2192 sn\u00ed\u017een\u00ed v\u00fdkonu, ztr\u00e1ta efektivity, do\u010dasn\u00e1 pracovn\u00ed neschopnost<\/li>\n\n\n\n<li><strong>D\u016fsledky pro t\u00fdmy<\/strong> \u2192 zv\u00fd\u0161en\u00e1 fluktuace, \u010dast\u00e1 v\u00fdm\u011bna pracovn\u00edk\u016f<\/li>\n<\/ul>\n\n<p><\/p>\n\n<h2 class=\"wp-block-heading\">Osv\u011bd\u010den\u00e9 \u0159e\u0161en\u00ed: pr\u016fmyslov\u00e9 chladi\u010de vzduchu OberA<\/h2>\n\n<p>Spole\u010dnost OberA poskytuje vysoce v\u00fdkonn\u00e9, odoln\u00e9 a snadno instalovateln\u00e9 \u0159e\u0161en\u00ed chlazen\u00ed. Na\u0161e \u0159ada chladi\u010d\u016f IC <strong>se<\/strong> dokonale <strong>hod\u00ed do automobilov\u00e9ho prost\u0159ed\u00ed,<\/strong> jako jsou gar\u00e1\u017ee a d\u00edlny pro \u00fadr\u017ebu, opravy a v\u00fdrobu. <\/p>\n\n<p><br\/>Na\u0161e IC jsou vhodn\u00e9 pro plochy od 80 do 400 m\u00b2 a nab\u00edzej\u00ed va\u0161emu sektoru :<br\/><\/p>\n\n<ul class=\"wp-block-list\">\n<li>Technologick\u00e1 inovace zalo\u017een\u00e1 na historick\u00e9m a p\u0159\u00edrodn\u00edm principu: odpa\u0159ov\u00e1n\u00ed vody.<\/li>\n\n\n\n<li>15kr\u00e1t ni\u017e\u0161\u00ed provozn\u00ed n\u00e1klady ne\u017e klimatizace<\/li>\n\n\n\n<li>Kompletn\u00ed sortiment pro spln\u011bn\u00ed v\u0161ech va\u0161ich pot\u0159eb a omezen\u00ed<\/li>\n\n\n\n<li>Velmi n\u00edzk\u00e1 uhl\u00edkov\u00e1 stopa (\u017e\u00e1dn\u00e9 chladivo), kter\u00e1 neuvol\u0148uje tepl\u00fd vzduch (\u017e\u00e1dn\u00fd efekt &#8222;tepeln\u00e9ho ostrova&#8220;).<\/li>\n\n\n\n<li>\u0158ada kvalitn\u00edch produkt\u016f vyroben\u00fdch ve Francii<\/li>\n\n\n\n<li>Praktick\u00e9, p\u0159izp\u016fsobiteln\u00e9 a mobiln\u00ed \u0159e\u0161en\u00ed &#8222;plug and play&#8220;<\/li>\n\n\n\n<li>Rychl\u00e1 a n\u00e1kladov\u011b efektivn\u00ed \u00fadr\u017eba<\/li>\n\n\n\n<li>Z\u00e1ruka 5 let<br\/><\/li>\n<\/ul>\n\n<p>D\u00edky patentovan\u00e9 inovaci &#8222;Pureflow&#8220; <strong>kombinuje<\/strong> spole\u010dnost OberA <strong>chlazen\u00ed a \u010di\u0161t\u011bn\u00ed<\/strong> vzduchu a zaru\u010duje tak vynikaj\u00edc\u00ed kvalitu vzduchu v gar\u00e1\u017e\u00edch a autod\u00edln\u00e1ch.<\/p>\n\n<p><\/p>\n\n<div class=\"wp-block-columns is-layout-flex wp-container-core-columns-is-layout-28f84493 wp-block-columns-is-layout-flex\">\n<div class=\"wp-block-column is-layout-flow wp-block-column-is-layout-flow\">\n<h3 class=\"wp-block-heading has-text-align-center\">IC 12<\/h3>\n\n\n\n<figure class=\"wp-block-image aligncenter size-full is-resized\"><a href=\"https:\/\/obera.fr\/produits\/rafraichisseurs-air\/rafraichisseurs-par-evaporation-ic\/\"><img decoding=\"async\" width=\"1200\" height=\"1200\" src=\"https:\/\/obera.fr\/wp-content\/uploads\/2025\/04\/img-ic-12.png\" alt=\"img ic 12\" class=\"wp-image-87231\" style=\"object-fit:cover;width:300px;height:300px\" srcset=\"https:\/\/obera.fr\/wp-content\/uploads\/2025\/04\/img-ic-12.png 1200w, https:\/\/obera.fr\/wp-content\/uploads\/2025\/04\/img-ic-12-300x300.png 300w, https:\/\/obera.fr\/wp-content\/uploads\/2025\/04\/img-ic-12-1024x1024.png 1024w, https:\/\/obera.fr\/wp-content\/uploads\/2025\/04\/img-ic-12-150x150.png 150w, https:\/\/obera.fr\/wp-content\/uploads\/2025\/04\/img-ic-12-768x768.png 768w\" sizes=\"(max-width: 1200px) 100vw, 1200px\" \/><\/a><\/figure>\n<\/div>\n\n\n\n<div class=\"wp-block-column is-layout-flow wp-block-column-is-layout-flow\">\n<h3 class=\"wp-block-heading has-text-align-center\">IC 22<\/h3>\n\n\n\n<figure class=\"wp-block-image aligncenter size-full is-resized\"><a href=\"https:\/\/obera.fr\/produits\/rafraichisseurs-air\/rafraichisseurs-par-evaporation-ic\/\"><img decoding=\"async\" width=\"1200\" height=\"1200\" src=\"https:\/\/obera.fr\/wp-content\/uploads\/2025\/04\/img-ic-22.png\" alt=\"img ic 22\" class=\"wp-image-87254\" style=\"object-fit:cover;width:300px;height:300px\" srcset=\"https:\/\/obera.fr\/wp-content\/uploads\/2025\/04\/img-ic-22.png 1200w, https:\/\/obera.fr\/wp-content\/uploads\/2025\/04\/img-ic-22-300x300.png 300w, https:\/\/obera.fr\/wp-content\/uploads\/2025\/04\/img-ic-22-1024x1024.png 1024w, https:\/\/obera.fr\/wp-content\/uploads\/2025\/04\/img-ic-22-150x150.png 150w, https:\/\/obera.fr\/wp-content\/uploads\/2025\/04\/img-ic-22-768x768.png 768w\" sizes=\"(max-width: 1200px) 100vw, 1200px\" \/><\/a><\/figure>\n<\/div>\n\n\n\n<div class=\"wp-block-column is-layout-flow wp-block-column-is-layout-flow\">\n<h3 class=\"wp-block-heading has-text-align-center\">IC 30<\/h3>\n\n\n\n<figure class=\"wp-block-image aligncenter size-full is-resized\"><a href=\"https:\/\/obera.fr\/produits\/rafraichisseurs-air\/rafraichisseurs-par-evaporation-ic\/\"><img decoding=\"async\" width=\"1200\" height=\"1200\" src=\"https:\/\/obera.fr\/wp-content\/uploads\/2025\/04\/img-ic-30.png\" alt=\"img ic 30\" class=\"wp-image-87278\" style=\"object-fit:cover;width:300px;height:300px\" srcset=\"https:\/\/obera.fr\/wp-content\/uploads\/2025\/04\/img-ic-30.png 1200w, https:\/\/obera.fr\/wp-content\/uploads\/2025\/04\/img-ic-30-300x300.png 300w, https:\/\/obera.fr\/wp-content\/uploads\/2025\/04\/img-ic-30-1024x1024.png 1024w, https:\/\/obera.fr\/wp-content\/uploads\/2025\/04\/img-ic-30-150x150.png 150w, https:\/\/obera.fr\/wp-content\/uploads\/2025\/04\/img-ic-30-768x768.png 768w\" sizes=\"(max-width: 1200px) 100vw, 1200px\" \/><\/a><\/figure>\n<\/div>\n<\/div>\n\n<div class=\"wp-block-buttons is-content-justification-center is-layout-flex wp-container-core-buttons-is-layout-a89b3969 wp-block-buttons-is-layout-flex\">\n<div class=\"wp-block-button\"><a class=\"wp-block-button__link has-text-align-center wp-element-button\" href=\"https:\/\/obera.fr\/cs\/produits\/rafraichisseurs-air\/\"><strong>Objevte na\u0161e chladic\u00ed boxy<\/strong><\/a><\/div>\n<\/div>\n\n<div style=\"height:81px\" aria-hidden=\"true\" class=\"wp-block-spacer\"><\/div>\n\n<h2 class=\"wp-block-heading\">Volkswagen Fabris servis v Irmstett (67)<\/h2>\n\n<div class=\"wp-block-columns is-layout-flex wp-container-core-columns-is-layout-28f84493 wp-block-columns-is-layout-flex\">\n<div class=\"wp-block-column is-layout-flow wp-block-column-is-layout-flow\" style=\"flex-basis:80%\">\n<p><\/p>\n\n\n\n<p><strong>Gar\u00e1\u017e Volkswagen Fabris<\/strong>, kter\u00e1 se nach\u00e1z\u00ed v regionu Bas-Rhin ve Francii, se jako ka\u017ed\u00fd rok pot\u00fdkala s v\u00fdrazn\u00fdm n\u00e1r\u016fstem teploty ve sv\u00e9 d\u00edln\u011b.<br\/>Abychom zlep\u0161ili komfort jej\u00edch mechanik\u016f, navrhli jsme n\u011bkolikadenn\u00ed test na\u0161eho modelu IC 12, kter\u00fd m\u011bl prok\u00e1zat<strong>\u00fa\u010dinnost na\u0161eho<\/strong> chladic\u00edho<strong>\u0159e\u0161en\u00ed<\/strong> Made In France.<\/p>\n\n\n\n<p><\/p>\n\n\n\n<h3 class=\"wp-block-heading\">Okam\u017eit\u00e9 v\u00fdsledky<\/h3>\n\n\n\n<blockquote class=\"wp-block-quote is-layout-flow wp-block-quote-is-layout-flow\">\n<p>&#8222;Je to jednoduch\u00e9, moji mechanici tomu nev\u011b\u0159ili, ale po n\u011bkolika minut\u00e1ch pou\u017e\u00edv\u00e1n\u00ed jsme zaznamenali v\u00fdrazn\u00fd pokles teploty. <strong>Z\u00edskali jsme na komfortu,<\/strong> ale tak\u00e9 na efektivit\u011b. Atmosf\u00e9ra v d\u00edln\u011b je uvoln\u011bn\u011bj\u0161\u00ed a p\u0159\u00edzniv\u011bj\u0161\u00ed pro pr\u00e1ci v mnohem lep\u0161\u00edch podm\u00ednk\u00e1ch.  <br\/><br\/>Pan Fabris, majitel gar\u00e1\u017ee FABRIS.<\/p>\n<\/blockquote>\n<\/div>\n\n\n\n<div class=\"wp-block-column is-layout-flow wp-block-column-is-layout-flow\" style=\"flex-basis:50%\"><style>.kb-gallery-id-118196_6fa53f-8e .kadence-blocks-gallery-item .kb-gal-image-radius, .kb-gallery-id-118196_6fa53f-8e .kb-slide-item .kb-gal-image-radius img{border-radius:0px 0px 0px 0px;;}.kb-gallery-wrap-id-118196_6fa53f-8e.wp-block-kadence-advancedgallery{overflow:visible;}.kb-gallery-wrap-id-118196_6fa53f-8e.wp-block-kadence-advancedgallery .kt-blocks-carousel{overflow:visible;}<\/style><div class=\"kb-gallery-wrap-id-118196_6fa53f-8e alignnone wp-block-kadence-advancedgallery\"><div class=\"kb-gallery-ul kb-gallery-non-static kb-gallery-type-slider kb-gallery-id-118196_6fa53f-8e kb-gallery-caption-style-bottom-hover kb-gallery-filter-none\" data-image-filter=\"none\" data-lightbox-caption=\"true\"><div class=\"kt-blocks-carousel splide kt-carousel-container-dotstyle-dark kt-carousel-arrowstyle-whiteondark kt-carousel-dotstyle-dark kb-slider-group-arrow kb-slider-arrow-position-center\" data-slider-anim-speed=\"400\" data-slider-scroll=\"1\" data-slider-arrows=\"true\" data-slider-fade=\"true\" data-slider-dots=\"true\" data-slider-type=\"slider\" data-slider-hover-pause=\"false\" data-slider-auto=\"\" data-slider-speed=\"7000\" data-show-pause-button=\"false\"><div class=\"splide__track\"><ul class=\"kt-blocks-carousel-init kb-blocks-slider splide__list\"><li class=\"kb-slide-item kb-gallery-slide-item splide__slide\"><div class=\"kadence-blocks-gallery-item\"><div class=\"kadence-blocks-gallery-item-inner\"><figure class=\"kb-gallery-figure kadence-blocks-gallery-item-hide-caption\"><div class=\"kb-gal-image-radius\"><div class=\"kb-gallery-image-contain kadence-blocks-gallery-intrinsic kb-gallery-image-ratio-land32 kb-has-image-ratio-land32\" ><img decoding=\"async\" src=\"https:\/\/obera.fr\/wp-content\/uploads\/2025\/06\/raf-ic-12-secteur-automobile.3-1024x1024.png\" width=\"1024\" height=\"1024\" alt=\"raf ic 12 secteur automobile\" data-full-image=\"https:\/\/obera.fr\/wp-content\/uploads\/2025\/06\/raf-ic-12-secteur-automobile.3.png\" data-light-image=\"https:\/\/obera.fr\/wp-content\/uploads\/2025\/06\/raf-ic-12-secteur-automobile.3.png\" data-id=\"118287\" class=\"wp-image-118287 skip-lazy\" srcset=\"https:\/\/obera.fr\/wp-content\/uploads\/2025\/06\/raf-ic-12-secteur-automobile.3-1024x1024.png 1024w, https:\/\/obera.fr\/wp-content\/uploads\/2025\/06\/raf-ic-12-secteur-automobile.3-300x300.png 300w, https:\/\/obera.fr\/wp-content\/uploads\/2025\/06\/raf-ic-12-secteur-automobile.3-150x150.png 150w, https:\/\/obera.fr\/wp-content\/uploads\/2025\/06\/raf-ic-12-secteur-automobile.3-768x768.png 768w, https:\/\/obera.fr\/wp-content\/uploads\/2025\/06\/raf-ic-12-secteur-automobile.3.png 1200w\" sizes=\"(max-width: 1024px) 100vw, 1024px\" \/><\/div><\/div><\/figure><\/div><\/div><\/li><li class=\"kb-slide-item kb-gallery-slide-item splide__slide\"><div class=\"kadence-blocks-gallery-item\"><div class=\"kadence-blocks-gallery-item-inner\"><figure class=\"kb-gallery-figure kadence-blocks-gallery-item-hide-caption\"><div class=\"kb-gal-image-radius\"><div class=\"kb-gallery-image-contain kadence-blocks-gallery-intrinsic kb-gallery-image-ratio-land32 kb-has-image-ratio-land32\" ><img decoding=\"async\" src=\"https:\/\/obera.fr\/wp-content\/uploads\/2025\/06\/raf-ic-12-secteur-automobile.2-1024x1024.png\" width=\"1024\" height=\"1024\" alt=\"raf ic 12 secteur\" data-full-image=\"https:\/\/obera.fr\/wp-content\/uploads\/2025\/06\/raf-ic-12-secteur-automobile.2.png\" data-light-image=\"https:\/\/obera.fr\/wp-content\/uploads\/2025\/06\/raf-ic-12-secteur-automobile.2.png\" data-id=\"118313\" class=\"wp-image-118313 skip-lazy\" srcset=\"https:\/\/obera.fr\/wp-content\/uploads\/2025\/06\/raf-ic-12-secteur-automobile.2-1024x1024.png 1024w, https:\/\/obera.fr\/wp-content\/uploads\/2025\/06\/raf-ic-12-secteur-automobile.2-300x300.png 300w, https:\/\/obera.fr\/wp-content\/uploads\/2025\/06\/raf-ic-12-secteur-automobile.2-150x150.png 150w, https:\/\/obera.fr\/wp-content\/uploads\/2025\/06\/raf-ic-12-secteur-automobile.2-768x768.png 768w, https:\/\/obera.fr\/wp-content\/uploads\/2025\/06\/raf-ic-12-secteur-automobile.2.png 1200w\" sizes=\"(max-width: 1024px) 100vw, 1024px\" \/><\/div><\/div><\/figure><\/div><\/div><\/li><li class=\"kb-slide-item kb-gallery-slide-item splide__slide\"><div class=\"kadence-blocks-gallery-item\"><div class=\"kadence-blocks-gallery-item-inner\"><figure class=\"kb-gallery-figure kadence-blocks-gallery-item-hide-caption\"><div class=\"kb-gal-image-radius\"><div class=\"kb-gallery-image-contain kadence-blocks-gallery-intrinsic kb-gallery-image-ratio-land32 kb-has-image-ratio-land32\" ><img decoding=\"async\" src=\"https:\/\/obera.fr\/wp-content\/uploads\/2025\/06\/raf-ic-12-secteur-automobile-1024x1024.png\" width=\"1024\" height=\"1024\" alt=\"raf ic 12 secteur garage\" data-full-image=\"https:\/\/obera.fr\/wp-content\/uploads\/2025\/06\/raf-ic-12-secteur-automobile.png\" data-light-image=\"https:\/\/obera.fr\/wp-content\/uploads\/2025\/06\/raf-ic-12-secteur-automobile.png\" data-id=\"118337\" class=\"wp-image-118337 skip-lazy\" srcset=\"https:\/\/obera.fr\/wp-content\/uploads\/2025\/06\/raf-ic-12-secteur-automobile-1024x1024.png 1024w, https:\/\/obera.fr\/wp-content\/uploads\/2025\/06\/raf-ic-12-secteur-automobile-300x300.png 300w, https:\/\/obera.fr\/wp-content\/uploads\/2025\/06\/raf-ic-12-secteur-automobile-150x150.png 150w, https:\/\/obera.fr\/wp-content\/uploads\/2025\/06\/raf-ic-12-secteur-automobile-768x768.png 768w, https:\/\/obera.fr\/wp-content\/uploads\/2025\/06\/raf-ic-12-secteur-automobile.png 1200w\" sizes=\"(max-width: 1024px) 100vw, 1024px\" \/><\/div><\/div><\/figure><\/div><\/div><\/li><li class=\"kb-slide-item kb-gallery-slide-item splide__slide\"><div class=\"kadence-blocks-gallery-item\"><div class=\"kadence-blocks-gallery-item-inner\"><figure class=\"kb-gallery-figure kadence-blocks-gallery-item-hide-caption\"><div class=\"kb-gal-image-radius\"><div class=\"kb-gallery-image-contain kadence-blocks-gallery-intrinsic kb-gallery-image-ratio-land32 kb-has-image-ratio-land32\" ><img decoding=\"async\" src=\"https:\/\/obera.fr\/wp-content\/uploads\/2025\/06\/raf-ic-12-secteur-automobile.4-1024x1024.png\" width=\"1024\" height=\"1024\" alt=\"raf ic 12\" data-full-image=\"https:\/\/obera.fr\/wp-content\/uploads\/2025\/06\/raf-ic-12-secteur-automobile.4.png\" data-light-image=\"https:\/\/obera.fr\/wp-content\/uploads\/2025\/06\/raf-ic-12-secteur-automobile.4.png\" data-id=\"118361\" class=\"wp-image-118361 skip-lazy\" srcset=\"https:\/\/obera.fr\/wp-content\/uploads\/2025\/06\/raf-ic-12-secteur-automobile.4-1024x1024.png 1024w, https:\/\/obera.fr\/wp-content\/uploads\/2025\/06\/raf-ic-12-secteur-automobile.4-300x300.png 300w, https:\/\/obera.fr\/wp-content\/uploads\/2025\/06\/raf-ic-12-secteur-automobile.4-150x150.png 150w, https:\/\/obera.fr\/wp-content\/uploads\/2025\/06\/raf-ic-12-secteur-automobile.4-768x768.png 768w, https:\/\/obera.fr\/wp-content\/uploads\/2025\/06\/raf-ic-12-secteur-automobile.4.png 1200w\" sizes=\"(max-width: 1024px) 100vw, 1024px\" \/><\/div><\/div><\/figure><\/div><\/div><\/li><li class=\"kb-slide-item kb-gallery-slide-item splide__slide\"><div class=\"kadence-blocks-gallery-item\"><div class=\"kadence-blocks-gallery-item-inner\"><figure class=\"kb-gallery-figure kadence-blocks-gallery-item-hide-caption\"><div class=\"kb-gal-image-radius\"><div class=\"kb-gallery-image-contain kadence-blocks-gallery-intrinsic kb-gallery-image-ratio-land32 kb-has-image-ratio-land32\" ><img decoding=\"async\" src=\"https:\/\/obera.fr\/wp-content\/uploads\/2025\/06\/raf-ic-12-secteur-automobile.1-1024x1024.png\" width=\"1024\" height=\"1024\" alt=\"raf ic 12 secteur auto\" data-full-image=\"https:\/\/obera.fr\/wp-content\/uploads\/2025\/06\/raf-ic-12-secteur-automobile.1.png\" data-light-image=\"https:\/\/obera.fr\/wp-content\/uploads\/2025\/06\/raf-ic-12-secteur-automobile.1.png\" data-id=\"118387\" class=\"wp-image-118387 skip-lazy\" srcset=\"https:\/\/obera.fr\/wp-content\/uploads\/2025\/06\/raf-ic-12-secteur-automobile.1-1024x1024.png 1024w, https:\/\/obera.fr\/wp-content\/uploads\/2025\/06\/raf-ic-12-secteur-automobile.1-300x300.png 300w, https:\/\/obera.fr\/wp-content\/uploads\/2025\/06\/raf-ic-12-secteur-automobile.1-150x150.png 150w, https:\/\/obera.fr\/wp-content\/uploads\/2025\/06\/raf-ic-12-secteur-automobile.1-768x768.png 768w, https:\/\/obera.fr\/wp-content\/uploads\/2025\/06\/raf-ic-12-secteur-automobile.1.png 1200w\" sizes=\"(max-width: 1024px) 100vw, 1024px\" \/><\/div><\/div><\/figure><\/div><\/div><\/li><\/ul><\/div><\/div><\/div><\/div><\/div>\n<\/div>\n\n<p><br\/>Po \u00fasp\u011bchu na\u0161eho \u0159e\u0161en\u00ed se gar\u00e1\u017e Volkswagen Fabris rozhodla zakoupit <strong>2 chladi\u010de OberA,<\/strong> co\u017e je v\u00fdznamn\u00fd krok vp\u0159ed pro pohodl\u00ed jej\u00edch mechanik\u016f b\u011bhem t\u011bchto opakuj\u00edc\u00edch se hork\u00fdch obdob\u00ed.<\/p>\n\n<p><\/p>\n\n<h2 class=\"wp-block-heading\">Jste majitelem autoservisu nebo pracujete v automobilov\u00e9m pr\u016fmyslu? Objevte hmatateln\u00e9 v\u00fdhody \u010derstv\u011bj\u0161\u00edho vzduchu ve sv\u00e9 d\u00edln\u011b.<\/h2>\n\n<p>Boj s horkem v mechanick\u00e9 d\u00edln\u011b ji\u017e nen\u00ed volbou: je to <strong>ot\u00e1zka zdrav\u00ed, v\u00fdkonu a pohody na pracovi\u0161ti<\/strong>.<\/p>\n\n<ul class=\"wp-block-list\">\n<li>Stejn\u011b jako Garage Fabris, VYZKOU\u0160EJTE NEBO SI PRONAJM\u011aTE na\u0161i \u0159adu chladi\u010d\u016f IC<\/li>\n\n\n\n<li>Obra\u0165te se na n\u00e1s je\u0161t\u011b dnes pro rychlou diagnostiku va\u0161ich pot\u0159eb v oblasti pr\u016fmyslov\u00e9ho chlazen\u00ed.<\/li>\n<\/ul>\n\n<p><\/p>\n\n<p>Pohodl\u00ed va\u0161ich zam\u011bstnanc\u016f nepo\u010dk\u00e1, s \u0159e\u0161en\u00edm OberA jednejte hned!<\/p>\n\n<div style=\"height:51px\" aria-hidden=\"true\" class=\"wp-block-spacer\"><\/div>\n\n<div class=\"wp-block-buttons is-content-justification-center is-layout-flex wp-container-core-buttons-is-layout-a89b3969 wp-block-buttons-is-layout-flex\">\n<div class=\"wp-block-button\"><a class=\"wp-block-button__link has-text-align-center wp-element-button\" href=\"https:\/\/obera.fr\/cs\/contact\/\"><strong><strong>Kontaktujte n\u00e1s<\/strong><\/strong><\/a><\/div>\n\n\n\n<div class=\"wp-block-button\"><a class=\"wp-block-button__link has-text-align-center wp-element-button\" href=\"https:\/\/obera.fr\/cs\/location-appareil-industriel\/\"><strong><strong>Pron\u00e1jem na\u0161eho vybaven\u00ed<\/strong><\/strong><\/a><\/div>\n<\/div>\n","protected":false},"excerpt":{"rendered":"<p>Automobilov\u00fd pr\u016fmysl se p\u0159eh\u0159\u00edv\u00e1 a horko v gar\u00e1\u017e\u00edch a d\u00edln\u00e1ch<br \/>\nse st\u00e1v\u00e1 pohromou pro profesion\u00e1ly v tomto odv\u011btv\u00ed.<\/p>\n","protected":false},"author":13,"featured_media":120436,"comment_status":"open","ping_status":"closed","sticky":false,"template":"","format":"standard","meta":{"_acf_changed":false,"_seopress_robots_primary_cat":"none","_seopress_titles_title":"Chladi\u010de OberA: u\u017e \u017e\u00e1dn\u00e9 horko v gar\u00e1\u017e\u00edch pro auta","_seopress_titles_desc":"Spole\u010dnost OberA nab\u00edz\u00ed \u00fa\u010dinn\u00e9 \u0159e\u0161en\u00ed probl\u00e9mu s horkem v d\u00edln\u011b: d\u00edky pr\u016fmyslov\u00fdm chladi\u010d\u016fm vzduchu se obnov\u00ed pohodl\u00ed, bezpe\u010dnost a v\u00fdkon.","_seopress_robots_index":"","footnotes":""},"categories":[588],"tags":[406],"class_list":["post-118499","post","type-post","status-publish","format-standard","has-post-thumbnail","hentry","category-osobni-a-nakladni-automobily","tag-chladice","generate-columns","tablet-grid-50","mobile-grid-100","grid-parent","grid-50","no-featured-image-padding","resize-featured-image"],"acf":[],"_links":{"self":[{"href":"https:\/\/obera.fr\/cs\/wp-json\/wp\/v2\/posts\/118499","targetHints":{"allow":["GET"]}}],"collection":[{"href":"https:\/\/obera.fr\/cs\/wp-json\/wp\/v2\/posts"}],"about":[{"href":"https:\/\/obera.fr\/cs\/wp-json\/wp\/v2\/types\/post"}],"author":[{"embeddable":true,"href":"https:\/\/obera.fr\/cs\/wp-json\/wp\/v2\/users\/13"}],"replies":[{"embeddable":true,"href":"https:\/\/obera.fr\/cs\/wp-json\/wp\/v2\/comments?post=118499"}],"version-history":[{"count":9,"href":"https:\/\/obera.fr\/cs\/wp-json\/wp\/v2\/posts\/118499\/revisions"}],"predecessor-version":[{"id":122871,"href":"https:\/\/obera.fr\/cs\/wp-json\/wp\/v2\/posts\/118499\/revisions\/122871"}],"wp:featuredmedia":[{"embeddable":true,"href":"https:\/\/obera.fr\/cs\/wp-json\/wp\/v2\/media\/120436"}],"wp:attachment":[{"href":"https:\/\/obera.fr\/cs\/wp-json\/wp\/v2\/media?parent=118499"}],"wp:term":[{"taxonomy":"category","embeddable":true,"href":"https:\/\/obera.fr\/cs\/wp-json\/wp\/v2\/categories?post=118499"},{"taxonomy":"post_tag","embeddable":true,"href":"https:\/\/obera.fr\/cs\/wp-json\/wp\/v2\/tags?post=118499"}],"curies":[{"name":"wp","href":"https:\/\/api.w.org\/{rel}","templated":true}]}}