{"id":120578,"date":"2025-06-30T10:00:00","date_gmt":"2025-06-30T08:00:00","guid":{"rendered":"https:\/\/obera.fr\/nase-rada\/temoignages-tailleurs-pierre\/"},"modified":"2025-07-08T14:08:33","modified_gmt":"2025-07-08T12:08:33","slug":"temoignages-tailleurs-pierre","status":"publish","type":"post","link":"https:\/\/obera.fr\/cs\/nase-rady\/temoignages-tailleurs-pierre\/","title":{"rendered":"&#8222;V d\u00edln\u011b jsme u\u017e nevid\u011bli slunce&#8220;: sv\u011bdectv\u00ed kamen\u00edk\u016f, kte\u0159\u00ed se pot\u00fdkaj\u00ed s prachem a silik\u00f3zou"},"content":{"rendered":"\n<p>V kamenick\u00fdch d\u00edln\u00e1ch je prach sou\u010d\u00e1st\u00ed dekoru. To, co se je\u0161t\u011b v\u010dera zd\u00e1lo ne\u0161kodn\u00e9, je dnes pova\u017eov\u00e1no za <strong>velk\u00e9 zdravotn\u00ed riziko<\/strong>. Vyzpov\u00eddali jsme n\u011bkolik kamen\u00edk\u016f v r\u016fzn\u00fdch f\u00e1z\u00edch jejich kari\u00e9ry. Vypr\u00e1v\u011bj\u00ed n\u00e1m o sv\u00fdch zku\u0161enostech, obav\u00e1ch&#8230; a \u0159e\u0161en\u00edch, kter\u00e1 zavedli na svou ochranu.     <\/p>\n\n<h2 class=\"wp-block-heading\">\u2726 Pierre, 58 let &#8211; 35 let v oboru  <\/h2>\n\n<p><em>&#8222;V t\u00e9 dob\u011b se o silik\u00f3ze nemluvilo. Bylo norm\u00e1ln\u00ed ka\u0161lat.  <\/em><\/p>\n\n<p>&#8222;S kamenosocha\u0159stv\u00edm jsem za\u010dal, kdy\u017e mi bylo 20 let. Pracovali jsme v oblac\u00edch prachu. Tehdy jsme nem\u011bli masky ani ventilaci. Myslel jsem si, \u017ee je norm\u00e1ln\u00ed kon\u010dit den s ho\u0159\u00edc\u00edm krkem. Te\u010f m\u00e1m po\u010d\u00ednaj\u00edc\u00ed fibr\u00f3zu. L\u00e9ka\u0159 mi \u0159ekl, \u017ee je to silik\u00f3za. Kdybych to v\u011bd\u011bl&#8230;&#8220;  <\/p>\n\n<h2 class=\"wp-block-heading\">\u2726 Lina, 32 let &#8211; Kamenick\u00fd tovary\u0161  <\/h2>\n\n<p><em>&#8222;Brzy jsem si uv\u011bdomil, \u017ee prach nen\u00ed jen \u0161pinav\u00fd. Byl i nebezpe\u010dn\u00fd.&#8220;  <\/em><\/p>\n\n<p>&#8222;Kdy\u017e jsem poprv\u00e9 nastoupil do oboru, byl jsem \u0161okov\u00e1n, kdy\u017e jsem vid\u011bl n\u011bkter\u00e9 d\u00edlny bez ods\u00e1v\u00e1n\u00ed vzduchu. Na\u0161t\u011bst\u00ed tam, kde pracuji, m\u00e1me \u010disti\u010dky OberA a mobiln\u00ed ods\u00e1vac\u00ed jednotky. To v\u0161echno m\u011bn\u00ed: vzduch je d\u00fdchateln\u00fd a my jsme m\u00e9n\u011b unaven\u00ed. Pracuje se n\u00e1m l\u00e9pe, klidn\u011bji.  <\/p>\n\n<h2 class=\"wp-block-heading\">\u2726 Julien, 41 let &#8211; vedouc\u00ed d\u00edlny  <\/h2>\n\n<p><em>&#8222;Investice do dobr\u00e9ho syst\u00e9mu znamen\u00e1 ochranu va\u0161eho t\u00fdmu.&#8220;  <\/em><\/p>\n\n<p>&#8222;Provozuji d\u00edlnu, ve kter\u00e9 pracuje asi deset krej\u010d\u00edch. K\u0159emi\u010dit\u00fd prach je n\u00e1\u0161 tich\u00fd nep\u0159\u00edtel. Od t\u00e9 doby, co jsme nainstalovali syst\u00e9m pro odstra\u0148ov\u00e1n\u00ed prachu OberA, jsou ohlasy jednozna\u010dn\u00e9: m\u00e9n\u011b ka\u0161le, m\u00e9n\u011b prachu v\u0161ude kolem, lep\u0161\u00ed pracovn\u00ed atmosf\u00e9ra. Je to investice, kter\u00e1 m\u00e1 smysl z lidsk\u00e9ho hlediska a kter\u00e1 z\u00e1rove\u0148 spl\u0148uje po\u017eadavky p\u0159edpis\u016f.  <\/p>\n\n<h3 class=\"wp-block-heading\">Co tato sv\u011bdectv\u00ed \u0159\u00edkaj\u00ed  <\/h3>\n\n<ul class=\"wp-block-list\">\n<li>N\u011bkte\u0159\u00ed zku\u0161en\u00ed \u0159emesln\u00edci si tuto skute\u010dnost uv\u011bdomili teprve ned\u00e1vno.  <\/li>\n\n\n\n<li>Mlad\u0161\u00ed generace jsou l\u00e9pe informovan\u00e9, ale vyhled\u00e1vaj\u00ed semin\u00e1\u0159e, kter\u00e9 investuj\u00ed do jejich zdrav\u00ed.  <\/li>\n\n\n\n<li>Technick\u00e1 \u0159e\u0161en\u00ed existuj\u00ed: jedn\u00e1 se o <strong>nezbytn\u00e9 preventivn\u00ed investice,<\/strong> nikoli o pom\u016fcky.  <\/li>\n<\/ul>\n\n<h2 class=\"wp-block-heading\">N\u00e1stroje pro snadn\u011bj\u0161\u00ed d\u00fdch\u00e1n\u00ed a lep\u0161\u00ed pr\u00e1ci<\/h2>\n\n<p>Spole\u010dnost OberA podporuje d\u00edlny v jejich p\u0159echodu na zdrav\u011bj\u0161\u00ed prost\u0159ed\u00ed pomoc\u00ed \u0159e\u0161en\u00ed \u0161it\u00fdch na m\u00edru:  <\/p>\n\n<ul class=\"wp-block-list\">\n<li><strong>Mobiln\u00ed boxy <\/strong>: ide\u00e1ln\u00ed pro mal\u00e9 stavby nebo jednor\u00e1zov\u00e9 operace.  <\/li>\n\n\n\n<li><strong>Pevn\u00e9 odlu\u010dova\u010de prachu <\/strong>: pro centralizovan\u00e9, vysoce v\u00fdkonn\u00e9 zpracov\u00e1n\u00ed.  <\/li>\n\n\n\n<li><strong>\u010cisti\u010dky vzduchu <\/strong>: pro nep\u0159etr\u017eit\u00e9 \u010di\u0161t\u011bn\u00ed vzduchu.  <\/li>\n<\/ul>\n\n<p><strong>Proto\u017ee \u017e\u00e1dn\u00e1 pr\u00e1ce nestoj\u00ed za to, abyste kv\u016fli n\u00ed p\u0159i\u0161li o zdrav\u00ed.  <\/strong><\/p>\n\n<p><strong>OberA<\/strong>, partner pro kamen\u00edky.<\/p>\n","protected":false},"excerpt":{"rendered":"<p>V kamenick\u00fdch d\u00edln\u00e1ch je prach sou\u010d\u00e1st\u00ed dekoru. To, co se je\u0161t\u011b v\u010dera zd\u00e1lo ne\u0161kodn\u00e9, je dnes pova\u017eov\u00e1no za velk\u00e9 zdravotn\u00ed riziko.   <\/p>\n","protected":false},"author":13,"featured_media":120518,"comment_status":"open","ping_status":"closed","sticky":false,"template":"","format":"standard","meta":{"_acf_changed":false,"_seopress_robots_primary_cat":"none","_seopress_titles_title":"Kamen\u00edci: opat\u0159en\u00ed proti prachu a silik\u00f3ze","_seopress_titles_desc":"Silik\u00f3za, \u00fanava, ka\u0161el: kamen\u00edci promluvili. Spole\u010dnost OberA nab\u00edz\u00ed \u0159e\u0161en\u00ed pro zdrav\u011bj\u0161\u00ed a bezpe\u010dn\u011bj\u0161\u00ed d\u00edlny. ","_seopress_robots_index":"","footnotes":""},"categories":[310],"tags":[],"class_list":["post-120578","post","type-post","status-publish","format-standard","has-post-thumbnail","hentry","category-nase-rady","generate-columns","tablet-grid-50","mobile-grid-100","grid-parent","grid-50","no-featured-image-padding","resize-featured-image"],"acf":[],"_links":{"self":[{"href":"https:\/\/obera.fr\/cs\/wp-json\/wp\/v2\/posts\/120578","targetHints":{"allow":["GET"]}}],"collection":[{"href":"https:\/\/obera.fr\/cs\/wp-json\/wp\/v2\/posts"}],"about":[{"href":"https:\/\/obera.fr\/cs\/wp-json\/wp\/v2\/types\/post"}],"author":[{"embeddable":true,"href":"https:\/\/obera.fr\/cs\/wp-json\/wp\/v2\/users\/13"}],"replies":[{"embeddable":true,"href":"https:\/\/obera.fr\/cs\/wp-json\/wp\/v2\/comments?post=120578"}],"version-history":[{"count":3,"href":"https:\/\/obera.fr\/cs\/wp-json\/wp\/v2\/posts\/120578\/revisions"}],"predecessor-version":[{"id":120605,"href":"https:\/\/obera.fr\/cs\/wp-json\/wp\/v2\/posts\/120578\/revisions\/120605"}],"wp:featuredmedia":[{"embeddable":true,"href":"https:\/\/obera.fr\/cs\/wp-json\/wp\/v2\/media\/120518"}],"wp:attachment":[{"href":"https:\/\/obera.fr\/cs\/wp-json\/wp\/v2\/media?parent=120578"}],"wp:term":[{"taxonomy":"category","embeddable":true,"href":"https:\/\/obera.fr\/cs\/wp-json\/wp\/v2\/categories?post=120578"},{"taxonomy":"post_tag","embeddable":true,"href":"https:\/\/obera.fr\/cs\/wp-json\/wp\/v2\/tags?post=120578"}],"curies":[{"name":"wp","href":"https:\/\/api.w.org\/{rel}","templated":true}]}}