{"id":123902,"date":"2025-07-18T10:00:00","date_gmt":"2025-07-18T08:00:00","guid":{"rendered":"https:\/\/obera.fr\/nase-rada\/vie-artisan-tailleur\/"},"modified":"2025-07-22T12:06:13","modified_gmt":"2025-07-22T10:06:13","slug":"vie-artisan-tailleur","status":"publish","type":"post","link":"https:\/\/obera.fr\/cs\/nase-rady\/vie-artisan-tailleur\/","title":{"rendered":"\u017d\u00edt sv\u016fj \u017eivot jako krej\u010d\u00ed v roce 2025: mezi v\u00e1\u0161n\u00ed a opatrnost\u00ed"},"content":{"rendered":"\n<p><em>&#8222;S kamenem se ned\u00e1 pracovat. Mus\u00edte ho respektovat.  <\/em><\/p>\n\n<p>To mi \u0159ekl m\u016fj tren\u00e9r hned prvn\u00ed den. O deset let pozd\u011bji se to stalo mou mantrou. B\u00fdt kamen\u00edkem v roce 2025 je st\u00e1le z\u00e1le\u017eitost\u00ed v\u00e1\u0161n\u011b. Ale dnes je to tak\u00e9 o <strong>preventivn\u00edch opat\u0159en\u00edch<\/strong>.     <\/p>\n\n<h2 class=\"wp-block-heading\">  6.30 hodin &#8211; d\u00edlna se probouz\u00ed  <\/h2>\n\n<p>Rann\u00ed ticho, v\u016fn\u011b k\u00e1vy&#8230; a zn\u00e1m\u00fd zvuk kompresoru. Otev\u0159u dve\u0159e d\u00edlny. Na kozl\u00edku stoj\u00ed v\u00e1pencov\u00e9 bloky, n\u00e1\u0159ad\u00ed je p\u0159ipraven\u00e9. Co na t\u00e9hle pr\u00e1ci miluji? Tu prom\u011bnu. Vz\u00edt surov\u00fd materi\u00e1l a ud\u011blat z n\u011bj nadpra\u017e\u00ed, sloup, um\u011bleck\u00e9 d\u00edlo.       <\/p>\n\n<p>V posledn\u00edch n\u011bkolika letech se v\u0161ak sou\u010d\u00e1st\u00ed na\u0161eho ka\u017edodenn\u00edho \u017eivota stalo jin\u00e9 t\u00e9ma: <strong>prach<\/strong>. Ten, kter\u00fd nen\u00ed v\u017edy vid\u011bt, ale je v\u0161ude. Ve vzduchu, v na\u0161ich plic\u00edch. A n\u011bkdy i v na\u0161em zdrav\u00ed.     <\/p>\n\n<h2 class=\"wp-block-heading\">  9.00 &#8211; Prach u\u017e nen\u00ed nevyhnuteln\u00fd  <\/h2>\n\n<div class=\"wp-block-columns is-layout-flex wp-container-core-columns-is-layout-28f84493 wp-block-columns-is-layout-flex\">\n<div class=\"wp-block-column is-layout-flow wp-block-column-is-layout-flow\" style=\"flex-basis:66.66%\">\n<p>Za star\u00fdch \u010das\u016f jsme pracovali v \u0161ed\u00fdch mrac\u00edch. Sta\u0159\u00ed pam\u011btn\u00edci \u0159\u00edkali: <em>&#8222;Jen to odka\u0161li a ono to p\u0159ejde&#8220;.<\/em> Dnes v\u00edm, \u017ee to nep\u0159ejde. Z\u016fstane to.     <\/p>\n\n\n\n<p>V roce 2025 ji\u017e nem\u016f\u017eeme ignorovat nebezpe\u010d\u00ed <strong>silik\u00f3zy<\/strong>, plicn\u00edho onemocn\u011bn\u00ed zp\u016fsoben\u00e9ho vdechov\u00e1n\u00edm oxidu k\u0159emi\u010dit\u00e9ho. Ji\u017e si vy\u017e\u00e1dala \u017eivoty n\u011bkter\u00fdch na\u0161ich koleg\u016f. Proto jsme opatrn\u00ed.    <\/p>\n\n\n\n<p>V na\u0161\u00ed d\u00edln\u011b jsme nainstalovali <strong>odlu\u010dova\u010d prachu spojen\u00fd s \u010disti\u010dkou vzduchu OberA<\/strong>. Prvn\u00ed zachycuje prach p\u0159\u00edmo u zdroje, co nejbl\u00ed\u017ee pracovn\u00edm m\u00edst\u016fm. Druh\u00fd pr\u016fb\u011b\u017en\u011b filtruje okoln\u00ed vzduch. V\u00fdsledek: <strong>l\u00e9pe se v\u00e1m d\u00fdch\u00e1, l\u00e9pe pracujete<\/strong>.     <\/p>\n\n\n\n<p>Od t\u00e9 doby, co jsme tento syst\u00e9m nastavili, je to z\u0159ejm\u00e9. M\u00e9n\u011b prachu na pracovn\u00edch stolech, m\u00e9n\u011b ve vzduchu&#8230; a m\u00e9n\u011b v na\u0161ich plic\u00edch.   <\/p>\n<\/div>\n\n\n\n<div class=\"wp-block-column is-layout-flow wp-block-column-is-layout-flow\" style=\"flex-basis:33.33%\">\n<div class=\"wp-block-columns is-layout-flex wp-container-core-columns-is-layout-28f84493 wp-block-columns-is-layout-flex\">\n<div class=\"wp-block-column is-layout-flow wp-block-column-is-layout-flow\">\n<figure class=\"wp-block-image aligncenter size-full is-resized\"><img decoding=\"async\" width=\"600\" height=\"600\" src=\"https:\/\/obera.fr\/wp-content\/uploads\/2020\/10\/extracteur-poussiere-pulverulente-DUSTOMAT-16.png\" alt=\"Kou&#x159; - Odlu&#x10D;ova&#x10D; prachu\" class=\"wp-image-1307\" style=\"width:115px;height:auto\" srcset=\"https:\/\/obera.fr\/wp-content\/uploads\/2020\/10\/extracteur-poussiere-pulverulente-DUSTOMAT-16.png 600w, https:\/\/obera.fr\/wp-content\/uploads\/2020\/10\/extracteur-poussiere-pulverulente-DUSTOMAT-16-300x300.png 300w, https:\/\/obera.fr\/wp-content\/uploads\/2020\/10\/extracteur-poussiere-pulverulente-DUSTOMAT-16-150x150.png 150w\" sizes=\"(max-width: 600px) 100vw, 600px\" \/><figcaption class=\"wp-element-caption\">DUSTOMAT 16<\/figcaption><\/figure>\n\n\n\n<figure class=\"wp-block-image aligncenter size-full is-resized\"><img decoding=\"async\" width=\"600\" height=\"600\" src=\"https:\/\/obera.fr\/wp-content\/uploads\/2023\/05\/epur050-2.png\" alt=\"epur050 2\" class=\"wp-image-22619\" style=\"width:99px;height:auto\" srcset=\"https:\/\/obera.fr\/wp-content\/uploads\/2023\/05\/epur050-2.png 600w, https:\/\/obera.fr\/wp-content\/uploads\/2023\/05\/epur050-2-300x300.png 300w, https:\/\/obera.fr\/wp-content\/uploads\/2023\/05\/epur050-2-150x150.png 150w\" sizes=\"(max-width: 600px) 100vw, 600px\" \/><figcaption class=\"wp-element-caption\">ePUR050<\/figcaption><\/figure>\n<\/div>\n<\/div>\n<\/div>\n<\/div>\n\n<h2 class=\"wp-block-heading\">  12.30 &#8211; P\u0159est\u00e1vka na ob\u010derstven\u00ed a konverzace  <\/h2>\n\n<p>Mluv\u00edme o pr\u00e1ci, mluv\u00edme o rodin\u011b. Mluv\u00edme tak\u00e9 o bezpe\u010dnosti. Mo\u017en\u00e1 to zn\u00ed divn\u011b, ale pro n\u00e1s se to stalo p\u0159edm\u011btem hrdosti. Pracovat v \u010dist\u00e9 a dob\u0159e vybaven\u00e9 d\u00edln\u011b znamen\u00e1 tak\u00e9 <strong>respektovat na\u0161e \u0159emeslo a na\u0161e t\u011bla<\/strong>.     <\/p>\n\n<p>P\u0159itahuje tak\u00e9 mlad\u00e9 lidi. M\u00e1me dva u\u010dn\u011b. Cht\u011bj\u00ed pracovat s modern\u00edmi n\u00e1stroji v dobr\u00fdch podm\u00ednk\u00e1ch. Odm\u00edtaj\u00ed zapr\u00e1\u0161en\u00e9 d\u00edlny z jin\u00e9 doby. A je to tak spr\u00e1vn\u011b.      <\/p>\n\n<h2 class=\"wp-block-heading\">  15h00 &#8211; Zachov\u00e1n\u00ed gesta, ani\u017e by bylo ob\u011btov\u00e1no zdrav\u00ed  <\/h2>\n\n<p>St\u00e1le se najdou tac\u00ed, kte\u0159\u00ed tvrd\u00ed, \u017ee <em>&#8222;d\u0159\u00edve to bylo lep\u0161\u00ed&#8220;.<\/em> Mo\u017en\u00e1 to tak je. Ale <strong>dnes je to bezpe\u010dn\u011bj\u0161\u00ed<\/strong>. A to na kr\u00e1se toho gesta nic nem\u011bn\u00ed. I nad\u00e1le vy\u0159ez\u00e1v\u00e1me dl\u00e1tem, ru\u010dn\u011b, se stejnou pe\u010dlivost\u00ed. A\u017e na to, \u017ee se n\u00e1m l\u00e9pe d\u00fdch\u00e1.     <\/p>\n\n<p>Proto\u017ee dobr\u00fd n\u00e1stroj nakonec \u0159emesln\u00edka nenahrad\u00ed, ale m\u016f\u017ee ho <strong>ochr\u00e1nit<\/strong>.  <\/p>\n\n<h2 class=\"wp-block-heading\">  18.00 &#8211; Konec dne, hrdost neporu\u0161ena  <\/h2>\n\n<p>Odlo\u017eil jsem n\u00e1\u0159ad\u00ed. Pod\u00edv\u00e1m se na vyroben\u00fd kus. Archivolt pro pam\u00e1tkov\u011b chr\u00e1n\u011bn\u00fd kostel. Na halen\u011b m\u00e1m prach, ale v plic\u00edch u\u017e m\u00e9n\u011b. A to v\u0161echno m\u011bn\u00ed.      <\/p>\n\n<h2 class=\"wp-block-heading\">  V\u00e1\u0161e\u0148 a opatrnost mohou existovat sou\u010dasn\u011b  <\/h2>\n\n<div class=\"wp-block-columns is-layout-flex wp-container-core-columns-is-layout-28f84493 wp-block-columns-is-layout-flex\">\n<div class=\"wp-block-column is-layout-flow wp-block-column-is-layout-flow\" style=\"flex-basis:66.66%\">\n<p>B\u00fdt kamen\u00edkem v roce 2025 neznamen\u00e1 vzd\u00e1t se tradice. Znamen\u00e1 to obohatit ji. Znamen\u00e1 to pokra\u010dovat v p\u0159ed\u00e1v\u00e1n\u00ed know-how p\u0159edk\u016f a z\u00e1rove\u0148 vyu\u017e\u00edvat sou\u010dasn\u00e1 \u0159e\u0161en\u00ed.    <\/p>\n\n\n\n<p><strong>Spole\u010dnost OberA <\/strong>se sv\u00fdmi <strong>\u010disti\u010dkami a odlu\u010dova\u010di prachu<\/strong> pom\u00e1h\u00e1 \u0159emesln\u00edk\u016fm budovat zdrav\u011bj\u0161\u00ed a udr\u017eiteln\u011bj\u0161\u00ed budoucnost.  <\/p>\n\n\n\n<p>Proto\u017ee zachov\u00e1n\u00ed profese znamen\u00e1 tak\u00e9 zachov\u00e1n\u00ed t\u011bch, kte\u0159\u00ed ji vykon\u00e1vaj\u00ed.<\/p>\n<\/div>\n\n\n\n<div class=\"wp-block-column is-layout-flow wp-block-column-is-layout-flow\" style=\"flex-basis:33.33%\">\n<figure class=\"wp-block-image aligncenter size-large is-resized\"><img decoding=\"async\" width=\"1024\" height=\"1024\" src=\"https:\/\/obera.fr\/wp-content\/uploads\/2025\/05\/securite-1024x1024.png\" alt=\"zabezpe&#x10D;en&#xED;\" class=\"wp-image-121315\" style=\"width:132px;height:auto\" srcset=\"https:\/\/obera.fr\/wp-content\/uploads\/2025\/05\/securite-1024x1024.png 1024w, https:\/\/obera.fr\/wp-content\/uploads\/2025\/05\/securite-300x300.png 300w, https:\/\/obera.fr\/wp-content\/uploads\/2025\/05\/securite-150x150.png 150w, https:\/\/obera.fr\/wp-content\/uploads\/2025\/05\/securite-768x768.png 768w, https:\/\/obera.fr\/wp-content\/uploads\/2025\/05\/securite.png 1200w\" sizes=\"(max-width: 1024px) 100vw, 1024px\" \/><\/figure>\n<\/div>\n<\/div>\n","protected":false},"excerpt":{"rendered":"<p>To mi \u0159ekl m\u016fj tren\u00e9r hned prvn\u00ed den. O deset let pozd\u011bji se to stalo mou mantrou. B\u00fdt kamen\u00edkem v roce 2025 je st\u00e1le z\u00e1le\u017eitost\u00ed v\u00e1\u0161n\u011b. Ale dnes je to tak\u00e9 o dodr\u017eov\u00e1n\u00ed bezpe\u010dnostn\u00edch opat\u0159en\u00ed.     <\/p>\n","protected":false},"author":13,"featured_media":124582,"comment_status":"open","ping_status":"closed","sticky":false,"template":"","format":"standard","meta":{"_acf_changed":false,"_seopress_robots_primary_cat":"none","_seopress_titles_title":"Kamen\u00edci v roce 2025: mezi v\u00e1\u0161n\u00ed a prevenc\u00ed","_seopress_titles_desc":"V roce 2025 znamen\u00e1 b\u00fdt kamen\u00edkem spojen\u00ed tradice a bezpe\u010dnosti. D\u00edky spole\u010dnosti OberA se \u0159emesln\u00edk\u016fm l\u00e9pe d\u00fdch\u00e1 a pracuj\u00ed ve zdrav\u00e9 a modern\u00ed d\u00edln\u011b. ","_seopress_robots_index":"","footnotes":""},"categories":[310],"tags":[],"class_list":["post-123902","post","type-post","status-publish","format-standard","has-post-thumbnail","hentry","category-nase-rady","generate-columns","tablet-grid-50","mobile-grid-100","grid-parent","grid-50","no-featured-image-padding","resize-featured-image"],"acf":[],"_links":{"self":[{"href":"https:\/\/obera.fr\/cs\/wp-json\/wp\/v2\/posts\/123902","targetHints":{"allow":["GET"]}}],"collection":[{"href":"https:\/\/obera.fr\/cs\/wp-json\/wp\/v2\/posts"}],"about":[{"href":"https:\/\/obera.fr\/cs\/wp-json\/wp\/v2\/types\/post"}],"author":[{"embeddable":true,"href":"https:\/\/obera.fr\/cs\/wp-json\/wp\/v2\/users\/13"}],"replies":[{"embeddable":true,"href":"https:\/\/obera.fr\/cs\/wp-json\/wp\/v2\/comments?post=123902"}],"version-history":[{"count":3,"href":"https:\/\/obera.fr\/cs\/wp-json\/wp\/v2\/posts\/123902\/revisions"}],"predecessor-version":[{"id":125202,"href":"https:\/\/obera.fr\/cs\/wp-json\/wp\/v2\/posts\/123902\/revisions\/125202"}],"wp:featuredmedia":[{"embeddable":true,"href":"https:\/\/obera.fr\/cs\/wp-json\/wp\/v2\/media\/124582"}],"wp:attachment":[{"href":"https:\/\/obera.fr\/cs\/wp-json\/wp\/v2\/media?parent=123902"}],"wp:term":[{"taxonomy":"category","embeddable":true,"href":"https:\/\/obera.fr\/cs\/wp-json\/wp\/v2\/categories?post=123902"},{"taxonomy":"post_tag","embeddable":true,"href":"https:\/\/obera.fr\/cs\/wp-json\/wp\/v2\/tags?post=123902"}],"curies":[{"name":"wp","href":"https:\/\/api.w.org\/{rel}","templated":true}]}}