{"id":133481,"date":"2025-11-04T11:42:40","date_gmt":"2025-11-04T09:42:40","guid":{"rendered":"https:\/\/obera.fr\/nase-rada\/mereni-kvality-vnitrniho-vzduchu-vyznam-a-princip\/"},"modified":"2025-11-21T10:31:18","modified_gmt":"2025-11-21T08:31:18","slug":"mereni-kvality-vnitrniho-vzduchu-vyznam-a-princip","status":"publish","type":"post","link":"https:\/\/obera.fr\/cs\/nase-rady\/mereni-kvality-vnitrniho-vzduchu-vyznam-a-princip\/","title":{"rendered":"M\u011b\u0159en\u00ed kvality vnit\u0159n\u00edho vzduchu: v\u00fdznam a princip"},"content":{"rendered":"\n<p>Podle \u00fadaj\u016f WHO by ve Francii mohlo b\u00fdt ro\u010dn\u011b t\u00e9m\u011b\u0159 50\u00a0000 \u00famrt\u00ed spojen\u00fdch se <strong>zne\u010di\u0161t\u011bn\u00edm ovzdu\u0161\u00ed<\/strong>, co\u017e je 10kr\u00e1t v\u00edce ne\u017e p\u0159i dopravn\u00edch nehod\u00e1ch! Krom\u011b toho se odhaduje, \u017ee vnit\u0159n\u00ed vzduch v obytn\u00fdch nebo pracovn\u00edch prostor\u00e1ch je 5 a\u017e 10kr\u00e1t v\u00edce zne\u010di\u0161t\u011bn\u00fd ne\u017e venkovn\u00ed prost\u0159ed\u00ed.<\/p>\n\n<p><\/p>\n\n<p><strong>Kvalita vzduchu v podnic\u00edch<\/strong> je tedy kl\u00ed\u010dov\u00fdm probl\u00e9mem, a to nejen pro zdrav\u00ed pracovn\u00edk\u016f, ale tak\u00e9 pro produktivitu za\u0159\u00edzen\u00ed. V t\u00e9to souvislosti je zaveden\u00ed syst\u00e9mu <strong>m\u011b\u0159en\u00ed kvality vnit\u0159n\u00edho ovzdu\u0161\u00ed<\/strong> nezbytn\u00e9. Jak\u00e9 parametry je t\u0159eba vz\u00edt v \u00favahu? Jak\u00e9 v\u00fdhody p\u0159in\u00e1\u0161\u00ed <g id=\"gid_2\">monitorov\u00e1n\u00ed kvality ovzdu\u0161\u00ed<\/g> a jak ho implementovat? Objevte v\u0161echny na\u0161e rady.    <\/p>\n\n<p><\/p>\n\n<h2 class=\"wp-block-heading\" id=\"quels-sont-les-parametres-de-la-qualite-de-l-air-interieur\">Jak\u00e9 jsou parametry kvality vnit\u0159n\u00edho ovzdu\u0161\u00ed?<\/h2>\n\n<p>Hodnocen\u00ed <a href=\"https:\/\/obera.fr\/cs\/nase-rady\/qualite-l-air-interieur-critere-essentiel-industrie\/\">kvality vnit\u0159n\u00edho ovzdu\u0161\u00ed<\/a> je zalo\u017eeno na <strong>detekci zne\u010di\u0161\u0165uj\u00edc\u00edch l\u00e1tek a m\u011b\u0159en\u00ed ur\u010dit\u00fdch fyzik\u00e1ln\u00edch hodnot<\/strong>, jako je teplota a relativn\u00ed vlhkost. <\/p>\n\n<h3 class=\"wp-block-heading\" id=\"la-concentration-en-polluants-et-particules\">Koncentrace zne\u010di\u0161\u0165uj\u00edc\u00edch l\u00e1tek a \u010d\u00e1stic<\/h3>\n\n<p>V kancel\u00e1\u0159\u00edch nebo pr\u016fmyslov\u00fdch budov\u00e1ch jsou zam\u011bstnanci vystaveni dv\u011bma hlavn\u00edm <strong>zdroj\u016fm zne\u010di\u0161t\u011bn\u00ed ovzdu\u0161\u00ed<\/strong>:<\/p>\n\n<ul class=\"wp-block-list\">\n<li><strong>T\u011bkav\u00e9 organick\u00e9 slou\u010deniny (VOC)<\/strong>, jako je formaldehyd, plyn produkovan\u00fd chemick\u00fdmi l\u00e1tkami a stavebn\u00edmi materi\u00e1ly;<\/li>\n\n\n\n<li><strong>pevn\u00e9 nebo kapaln\u00e9 \u010d\u00e1stice<\/strong> suspendovan\u00e9 ve vzduchu, jako je prach, aerosoly a mikroorganismy (viry, bakterie, pl\u00edsn\u011b atd.).<\/li>\n<\/ul>\n\n<p><strong>\u00da\u010dinky na zdrav\u00ed a \u017eivotn\u00ed prost\u0159ed\u00ed<\/strong> se zvy\u0161uj\u00ed s koncentrac\u00ed zne\u010di\u0161\u0165uj\u00edc\u00edch l\u00e1tek ve vzduchu a dobou expozice.<\/p>\n\n<h3 class=\"wp-block-heading\" id=\"la-temperature-et-le-niveau-d-humidite\">Teplota a \u00farove\u0148 vlhkosti<\/h3>\n\n<p>M\u011b\u0159en\u00ed kvality vnit\u0159n\u00edho ovzdu\u0161\u00ed zahrnuje tak\u00e9 <strong>sledov\u00e1n\u00ed teploty a relativn\u00ed vlhkosti<\/strong>. Nadm\u011brn\u00e9 hodnoty p\u0159isp\u00edvaj\u00ed k \u0161\u00ed\u0159en\u00ed biologick\u00fdch zne\u010di\u0161\u0165uj\u00edc\u00edch l\u00e1tek a degradaci materi\u00e1l\u016f, hotov\u00fdch v\u00fdrobk\u016f a pracovn\u00edho prost\u0159ed\u00ed. Krom\u011b toho teplota a vlhkost zvy\u0161uj\u00ed dr\u00e1\u017ediv\u00e9 \u00fa\u010dinky t\u011bkav\u00fdch organick\u00fdch slou\u010denin (VOC).  <\/p>\n\n<h2 class=\"wp-block-heading\" id=\"quel-est-l-interet-de-la-mesure-de-la-qualite-de-l-air-interieur\">Jak\u00fd je v\u00fdznam m\u011b\u0159en\u00ed kvality vnit\u0159n\u00edho ovzdu\u0161\u00ed?<\/h2>\n\n<p>Udr\u017eov\u00e1n\u00ed zdrav\u00e9ho vnit\u0159n\u00edho ovzdu\u0161\u00ed v pracovn\u00edch prostor\u00e1ch je <strong>z\u00e1konnou povinnost\u00ed<\/strong> zam\u011bstnavatele. Sn\u00ed\u017een\u00ed \u00farovn\u011b zne\u010di\u0161t\u011bn\u00ed v kancel\u00e1\u0159i tak\u00e9 p\u0159edstavuje <strong>zv\u00fd\u0161en\u00ed produktivity<\/strong> pro za\u0159\u00edzen\u00ed. <\/p>\n\n<h3 class=\"wp-block-heading\" id=\"respecter-les-valeurs-limites-d-exposition-professionnelle-vlep\">Dodr\u017eov\u00e1n\u00ed limitn\u00edch hodnot expozice na pracovi\u0161ti (VLEP)<\/h3>\n\n<p>Limitn\u00ed hodnoty expozice na pracovi\u0161ti (VLEP), stanoven\u00e9 z\u00e1kon\u00edkem pr\u00e1ce, ur\u010duj\u00ed <strong>maxim\u00e1ln\u00ed \u00farove\u0148 koncentrace pro zne\u010di\u0161\u0165uj\u00edc\u00ed l\u00e1tky a \u010d\u00e1stice<\/strong> s c\u00edlem omezit \u00fa\u010dinky na zdrav\u00ed zam\u011bstnanc\u016f. Nadm\u011brn\u00e9 hodnoty vedou k pozastaven\u00ed pracovn\u00edho m\u00edsta a\u017e do zaveden\u00ed opat\u0159en\u00ed k omezen\u00ed expozice zam\u011bstnance. <\/p>\n\n<h3 class=\"wp-block-heading\" id=\"garantir-un-environnement-de-travail-sain-et-productif\">Zaji\u0161t\u011bn\u00ed zdrav\u00e9ho a produktivn\u00edho pracovn\u00edho prost\u0159ed\u00ed<\/h3>\n\n<p>Krom\u011b sv\u00e9ho regula\u010dn\u00edho charakteru p\u0159in\u00e1\u0161\u00ed m\u011b\u0159en\u00ed kvality vnit\u0159n\u00edho ovzdu\u0161\u00ed <a href=\"https:\/\/obera.fr\/cs\/nase-rady\/comment-rafraichissement-evaporation-ameliorer-production-industrielle\/\">\u0159adu v\u00fdhod pro za\u0159\u00edzen\u00ed<\/a>:<\/p>\n\n<ul class=\"wp-block-list\">\n<li><strong>Zlep\u0161en\u00ed zdrav\u00ed zam\u011bstnanc\u016f<\/strong> pom\u00e1h\u00e1 omezit absenci a \u010detnost nemocensk\u00fdch dovolen\u00fdch.<\/li>\n\n\n\n<li><strong>Sn\u00ed\u017een\u00ed usazov\u00e1n\u00ed \u010d\u00e1stic na za\u0159\u00edzen\u00edch a podlah\u00e1ch<\/strong> umo\u017e\u0148uje \u00faspory v \u00fadr\u017eb\u011b a servisu.<\/li>\n\n\n\n<li>Sledov\u00e1n\u00ed \u00farovn\u011b expozice zne\u010di\u0161\u0165uj\u00edc\u00edm l\u00e1tk\u00e1m a \u010d\u00e1stic\u00edm zaji\u0161\u0165uje <strong>kvalitu proces\u016f a hotov\u00fdch v\u00fdrobk\u016f<\/strong>.<\/li>\n<\/ul>\n\n<h2 class=\"wp-block-heading\" id=\"comment-mesurer-la-qualite-de-l-air-interieur\">Jak m\u011b\u0159it kvalitu vnit\u0159n\u00edho ovzdu\u0161\u00ed?<\/h2>\n\n<p><strong><a href=\"https:\/\/obera.fr\/cs\/nase-rady\/qai-diagnostic-qualite-de-l-air-interieur-batiments-industriels\/\">Diagnostika kvality vnit\u0159n\u00edho ovzdu\u0161\u00ed<\/a><\/strong> p\u0159edstavuje prvn\u00ed hodnocen\u00ed \u00farovn\u011b zne\u010di\u0161t\u011bn\u00ed ve va\u0161ich budov\u00e1ch. Pot\u00e9 je t\u0159eba zav\u00e9st pravideln\u00e9 sledov\u00e1n\u00ed pomoc\u00ed <strong>specifick\u00fdch m\u011b\u0159ic\u00edch p\u0159\u00edstroj\u016f<\/strong>. <\/p>\n\n<h3 class=\"wp-block-heading\" id=\"effectuer-un-diagnostic-qualite-de-l-air-interieur\">Proveden\u00ed diagnostiky kvality vnit\u0159n\u00edho ovzdu\u0161\u00ed<\/h3>\n\n<p><strong>Diagnostika kvality vnit\u0159n\u00edho ovzdu\u0161\u00ed (QAI)<\/strong> je z\u00e1konnou povinnost\u00ed pro budovy, kde se nach\u00e1zej\u00ed d\u011bti. Od roku 2023 bude povinn\u00e1 ve v\u0161ech ve\u0159ejn\u00fdch za\u0159\u00edzen\u00edch. OBERA, expert v oblasti <a href=\"https:\/\/obera.fr\/cs\/nase-rady\/traitement-air-industriel-guide-complet\/\">\u00fapravy pr\u016fmyslov\u00e9ho vzduchu<\/a>, prov\u00e1d\u00ed diagnostiku zahrnuj\u00edc\u00ed:  <\/p>\n\n<ul class=\"wp-block-list\">\n<li><strong>vyhled\u00e1v\u00e1n\u00ed zdroj\u016f zne\u010di\u0161t\u011bn\u00ed ovzdu\u0161\u00ed<\/strong> ve va\u0161ich prostor\u00e1ch;<\/li>\n\n\n\n<li><strong>m\u011b\u0159en\u00ed koncentrace \u010d\u00e1stic a zne\u010di\u0161\u0165uj\u00edc\u00edch l\u00e1tek<\/strong> (t\u011bkav\u00e9 organick\u00e9 l\u00e1tky, formaldehyd atd.).<\/li>\n<\/ul>\n\n<h3 class=\"wp-block-heading\" id=\"utiliser-un-appareil-de-mesure-de-la-qualite-de-l-air-interieur\">Pou\u017eit\u00ed p\u0159\u00edstroje pro m\u011b\u0159en\u00ed kvality vnit\u0159n\u00edho ovzdu\u0161\u00ed<\/h3>\n\n<p><a href=\"https:\/\/obera.fr\/cs\/nase-rady\/analyse-qualite-l-air-interieur\/\">M\u011b\u0159en\u00ed kvality vnit\u0159n\u00edho ovzdu\u0161\u00ed<\/a> se prov\u00e1d\u00ed pomoc\u00ed p\u0159\u00edstroj\u016f schopn\u00fdch detekovat povahu a koncentraci zne\u010di\u0161\u0165uj\u00edc\u00edch l\u00e1tek. Na\u0161e \u0159ada <strong>pr\u016fmyslov\u00fdch a profesion\u00e1ln\u00edch analyz\u00e1tor\u016f vzduchu<\/strong> zaji\u0161\u0165uje nep\u0159etr\u017eit\u00e9 sledov\u00e1n\u00ed parametr\u016f kvality vnit\u0159n\u00edho ovzdu\u0161\u00ed: <\/p>\n\n<ul class=\"wp-block-list\">\n<li><strong>koncentrace plynn\u00fdch zne\u010di\u0161\u0165uj\u00edc\u00edch l\u00e1tek<\/strong>: t\u011bkav\u00fdch organick\u00fdch l\u00e1tek (VOC) a oxidu uhli\u010dit\u00e9ho (CO2) ;<\/li>\n\n\n\n<li><strong>koncentrace a velikost \u010d\u00e1stic<\/strong>: prach a jemn\u00e9 \u010d\u00e1stice PM 2,5 a PM 10 ;<\/li>\n\n\n\n<li><strong>teplota a relativn\u00ed vlhkost<\/strong>.<\/li>\n<\/ul>\n\n<p>Data jsou p\u0159en\u00e1\u0161ena p\u0159\u00edmo do po\u010d\u00edta\u010de, kde jsou hodnoty zobrazeny ve form\u011b grafu. <strong>Anal\u00fdza v re\u00e1ln\u00e9m \u010dase<\/strong> umo\u017e\u0148uje rychlou a \u00fa\u010dinnou akci v p\u0159\u00edpad\u011b m\u011b\u0159en\u00ed, kter\u00e1 nejsou v souladu s VLEP. <\/p>\n\n<p>Pro v\u00edce <strong>informac\u00ed o m\u011b\u0159en\u00ed kvality vnit\u0159n\u00edho ovzdu\u0161\u00ed<\/strong> n\u00e1s nev\u00e1hejte kontaktovat. Zveme v\u00e1s tak\u00e9 k p\u0159e\u010dten\u00ed na\u0161ich rad ohledn\u011b zaveden\u00ed syst\u00e9mu \u00fapravy pr\u016fmyslov\u00e9ho vzduchu. <\/p>\n\n<blockquote class=\"wp-block-quote is-layout-flow wp-block-quote-is-layout-flow\">\n<p>P\u0159e\u010dt\u011bte si tak\u00e9: Pr\u016fvodce <a href=\"https:\/\/obera.fr\/conseils\/rafraichissement-adiabatique-confort-thermique-naturel\/\">adiabatick\u00fdm chlazen\u00edm a p\u0159irozen\u00fdm tepeln\u00fdm komfortem<\/a>.<\/p>\n<\/blockquote>\n","protected":false},"excerpt":{"rendered":"<p>Podle \u00fadaj\u016f WHO Francie zaznamen\u00e1v\u00e1 t\u00e9m\u011b\u0159 50 000 \u00famrt\u00ed ro\u010dn\u011b souvisej\u00edc\u00edch se zne\u010di\u0161t\u011bn\u00edm ovzdu\u0161\u00ed, co\u017e je 10kr\u00e1t v\u00edce ne\u017e dopravn\u00ed nehody! Krom\u011b toho se odhaduje, \u017ee vnit\u0159n\u00ed vzduch v obytn\u00fdch nebo pracovn\u00edch prostor\u00e1ch je 5 a\u017e 10kr\u00e1t v\u00edce zne\u010di\u0161t\u011bn\u00fd ne\u017e venkovn\u00ed prost\u0159ed\u00ed.<\/p>\n","protected":false},"author":13,"featured_media":95221,"comment_status":"open","ping_status":"closed","sticky":false,"template":"","format":"standard","meta":{"_acf_changed":false,"_seopress_robots_primary_cat":"none","_seopress_titles_title":"Mesure de la qualit\u00e9 de l\u2019air int\u00e9rieur : int\u00e9r\u00eat et principe","_seopress_titles_desc":"Selon les donn\u00e9es de l\u2019OMS, la France comptabiliserait pr\u00e8s de 50 000 d\u00e9c\u00e8s par an li\u00e9s \u00e0 la\u00a0pollution de l\u2019air, soit 10 fois plus que les accidents de la route !","_seopress_robots_index":"","footnotes":""},"categories":[310],"tags":[],"class_list":["post-133481","post","type-post","status-publish","format-standard","has-post-thumbnail","hentry","category-nase-rady","generate-columns","tablet-grid-50","mobile-grid-100","grid-parent","grid-50","no-featured-image-padding","resize-featured-image"],"acf":[],"_links":{"self":[{"href":"https:\/\/obera.fr\/cs\/wp-json\/wp\/v2\/posts\/133481","targetHints":{"allow":["GET"]}}],"collection":[{"href":"https:\/\/obera.fr\/cs\/wp-json\/wp\/v2\/posts"}],"about":[{"href":"https:\/\/obera.fr\/cs\/wp-json\/wp\/v2\/types\/post"}],"author":[{"embeddable":true,"href":"https:\/\/obera.fr\/cs\/wp-json\/wp\/v2\/users\/13"}],"replies":[{"embeddable":true,"href":"https:\/\/obera.fr\/cs\/wp-json\/wp\/v2\/comments?post=133481"}],"version-history":[{"count":1,"href":"https:\/\/obera.fr\/cs\/wp-json\/wp\/v2\/posts\/133481\/revisions"}],"predecessor-version":[{"id":133482,"href":"https:\/\/obera.fr\/cs\/wp-json\/wp\/v2\/posts\/133481\/revisions\/133482"}],"wp:featuredmedia":[{"embeddable":true,"href":"https:\/\/obera.fr\/cs\/wp-json\/wp\/v2\/media\/95221"}],"wp:attachment":[{"href":"https:\/\/obera.fr\/cs\/wp-json\/wp\/v2\/media?parent=133481"}],"wp:term":[{"taxonomy":"category","embeddable":true,"href":"https:\/\/obera.fr\/cs\/wp-json\/wp\/v2\/categories?post=133481"},{"taxonomy":"post_tag","embeddable":true,"href":"https:\/\/obera.fr\/cs\/wp-json\/wp\/v2\/tags?post=133481"}],"curies":[{"name":"wp","href":"https:\/\/api.w.org\/{rel}","templated":true}]}}