{"id":133550,"date":"2025-09-03T17:47:00","date_gmt":"2025-09-03T15:47:00","guid":{"rendered":"https:\/\/obera.fr\/nase-rada\/adiabaticke-chlazeni-v-zeleznicnim-sektoru-mobilni-robustni-a-ekonomicke-reseni\/"},"modified":"2025-11-20T15:53:09","modified_gmt":"2025-11-20T13:53:09","slug":"adiabaticke-chlazeni-v-zeleznicnim-sektoru-mobilni-robustni-a-ekonomicke-reseni","status":"publish","type":"post","link":"https:\/\/obera.fr\/cs\/rail\/adiabaticke-chlazeni-v-zeleznicnim-sektoru-mobilni-robustni-a-ekonomicke-reseni\/","title":{"rendered":"Adiabatick\u00e9 chlazen\u00ed v \u017eelezni\u010dn\u00edm sektoru: mobiln\u00ed, robustn\u00ed a ekonomick\u00e9 \u0159e\u0161en\u00ed"},"content":{"rendered":"\n<h2 class=\"wp-block-heading\">\u00davod<\/h2>\n\n<div class=\"wp-block-columns is-layout-flex wp-container-core-columns-is-layout-28f84493 wp-block-columns-is-layout-flex\">\n<div class=\"wp-block-column is-layout-flow wp-block-column-is-layout-flow\" style=\"flex-basis:66.66%\">\n<p>\u017delezni\u010dn\u00ed sektor zahrnuje n\u00e1ro\u010dn\u00e1 technick\u00e1 prost\u0159ed\u00ed: \u00fadr\u017eb\u00e1\u0159sk\u00e9 d\u00edlny, logistick\u00e9 sklady, depa, nakl\u00e1dac\u00ed rampy, signaliza\u010dn\u00ed kabiny. Tyto prostory jsou \u010dasto vystaveny extr\u00e9mn\u00edm teplot\u00e1m, zejm\u00e9na v letn\u00edm obdob\u00ed. Udr\u017een\u00ed p\u0159ijateln\u00e9 okoln\u00ed teploty je z\u00e1sadn\u00ed pro bezpe\u010dnost t\u00fdm\u016f, \u017eivotnost za\u0159\u00edzen\u00ed a hladk\u00fd pr\u016fb\u011bh operac\u00ed.<br\/>V\u00fdparn\u00e9 chladi\u010de <a href=\"https:\/\/obera.fr\/cs\/produits\/rafraichisseurs-air\/rafraichisseurs-par-evaporation-ic\/\">\u0159ady IC<\/a>, kter\u00e9 nab\u00edz\u00ed spole\u010dnost <strong>OberA<\/strong>, se ukazuj\u00ed jako jednoduch\u00e9, \u00fa\u010dinn\u00e9 a ekonomick\u00e9 \u0159e\u0161en\u00ed, dokonale p\u0159izp\u016fsoben\u00e9 t\u011bmto pr\u016fmyslov\u00fdm po\u017eadavk\u016fm. <\/p>\n\n\n\n<p><\/p>\n<\/div>\n\n\n\n<div class=\"wp-block-column is-layout-flow wp-block-column-is-layout-flow\" style=\"flex-basis:33.33%\">\n<figure class=\"wp-block-image aligncenter size-large is-resized\"><img decoding=\"async\" width=\"1024\" height=\"683\" src=\"https:\/\/obera.fr\/wp-content\/uploads\/2025\/08\/raf-secteur-tertiaire-1-1-1024x683.png\" alt=\"raf sektor terci&#xE1;rn&#xED; (1)\" class=\"wp-image-128817\" style=\"width:294px;height:auto\" srcset=\"https:\/\/obera.fr\/wp-content\/uploads\/2025\/08\/raf-secteur-tertiaire-1-1-1024x683.png 1024w, https:\/\/obera.fr\/wp-content\/uploads\/2025\/08\/raf-secteur-tertiaire-1-1-300x200.png 300w, https:\/\/obera.fr\/wp-content\/uploads\/2025\/08\/raf-secteur-tertiaire-1-1-768x512.png 768w, https:\/\/obera.fr\/wp-content\/uploads\/2025\/08\/raf-secteur-tertiaire-1-1.png 1200w\" sizes=\"(max-width: 1024px) 100vw, 1024px\" \/><\/figure>\n<\/div>\n<\/div>\n\n<div class=\"wp-block-columns is-layout-flex wp-container-core-columns-is-layout-28f84493 wp-block-columns-is-layout-flex\">\n<div class=\"wp-block-column is-layout-flow wp-block-column-is-layout-flow\">\n<h2 class=\"wp-block-heading\">1. \u017delezni\u010dn\u00ed oblasti obzvl\u00e1\u0161t\u011b citliv\u00e9 na teplo<\/h2>\n\n\n\n<ul class=\"wp-block-list\">\n<li><strong>\u00dadr\u017eb\u00e1\u0159sk\u00e9 d\u00edlny<\/strong> akumuluj\u00ed teplo vyza\u0159ovan\u00e9 vlaky, zdvihac\u00edm za\u0159\u00edzen\u00edm, sv\u00e1\u0159e\u010dkami a kovovou konstrukc\u00ed budov.<\/li>\n\n\n\n<li><a href=\"https:\/\/obera.fr\/cs\/doprava-a-skladovani-logistika\/\">Logistick\u00e9 sklady<\/a> nebo oblasti skladov\u00e1n\u00ed n\u00e1hradn\u00edch d\u00edl\u016f \u010dasto postr\u00e1daj\u00ed klimatizaci navzdory v\u00fdznamn\u00fdm objem\u016fm.<\/li>\n\n\n\n<li><strong>Pracovn\u00ed m\u00edsta na n\u00e1stupi\u0161t\u00edch nebo v kryt\u00fdch venkovn\u00edch prostor\u00e1ch<\/strong> vy\u017eaduj\u00ed mobiln\u00ed dopl\u0148kov\u00e9 v\u011btr\u00e1n\u00ed, aby se p\u0159ede\u0161lo \u00fapalov\u00fdm stav\u016fm.<\/li>\n\n\n\n<li>Teplo m\u016f\u017ee zpomalit z\u00e1sahy, naru\u0161it koncentraci technick\u00fdch pracovn\u00edk\u016f a zp\u016fsobit zv\u00fd\u0161enou \u00fanavu.<\/li>\n<\/ul>\n\n\n\n<h2 class=\"wp-block-heading\">2. Princip adiabatick\u00e9ho chlazen\u00ed: \u00fa\u010dinnost bez slo\u017eitosti<\/h2>\n\n\n\n<ul class=\"wp-block-list\">\n<li>Syst\u00e9m <strong>chladi\u010d\u016f IC<\/strong> funguje na principu <strong>p\u0159irozen\u00e9ho odpa\u0159ov\u00e1n\u00ed<\/strong>: hork\u00fd vzduch proch\u00e1z\u00ed vlhk\u00fdm filtrem, okam\u017eit\u011b se ochlad\u00ed a je rozpt\u00fdlen do prost\u0159ed\u00ed.<\/li>\n\n\n\n<li>Nevy\u017eaduje n\u00e1ro\u010dnou instalaci, chladic\u00ed okruh ani potrub\u00ed: sta\u010d\u00ed elektrick\u00e9 p\u0159ipojen\u00ed a p\u0159\u00edvod vody nebo integrovan\u00e1 n\u00e1dr\u017e.<\/li>\n\n\n\n<li>Tento syst\u00e9m je <strong>dokonale p\u0159izp\u016fsoben polootev\u0159en\u00fdm prostor\u016fm<\/strong>, velk\u00fdm v\u00fd\u0161k\u00e1m strop\u016f a oblastem bez st\u00e1vaj\u00edc\u00ed klimatizace.<\/li>\n\n\n\n<li>Zlep\u0161uje tak\u00e9 <strong>kvalitu vzduchu<\/strong> filtrov\u00e1n\u00edm \u010d\u00e1stic a sni\u017eov\u00e1n\u00edm prachu ve vznosu.<\/li>\n<\/ul>\n<\/div>\n<\/div>\n\n<p><\/p>\n\n<h2 class=\"wp-block-heading\">3. \u0158ada IC: modul\u00e1rn\u00ed v\u00fdkon pro \u017eelezni\u010dn\u00ed dopravu<\/h2>\n\n<p>Modely <strong>IC 12, IC 22 a IC 30<\/strong> umo\u017e\u0148uj\u00ed p\u0159izp\u016fsoben\u00ed v\u0161em velikostem budov nebo konfigurac\u00edm:<\/p>\n\n<div class=\"wp-block-columns is-layout-flex wp-container-core-columns-is-layout-28f84493 wp-block-columns-is-layout-flex\">\n<div class=\"wp-block-column is-layout-flow wp-block-column-is-layout-flow\">\n<h3 class=\"wp-block-heading has-text-align-center\">IC 12<\/h3>\n\n\n\n<figure class=\"wp-block-image size-large\"><img decoding=\"async\" width=\"1024\" height=\"1024\" src=\"https:\/\/obera.fr\/wp-content\/uploads\/2025\/07\/ic-12-2-1024x1024.png\" alt=\"ic 12\" class=\"wp-image-124143\" srcset=\"https:\/\/obera.fr\/wp-content\/uploads\/2025\/07\/ic-12-2-1024x1024.png 1024w, https:\/\/obera.fr\/wp-content\/uploads\/2025\/07\/ic-12-2-300x300.png 300w, https:\/\/obera.fr\/wp-content\/uploads\/2025\/07\/ic-12-2-150x150.png 150w, https:\/\/obera.fr\/wp-content\/uploads\/2025\/07\/ic-12-2-768x768.png 768w, https:\/\/obera.fr\/wp-content\/uploads\/2025\/07\/ic-12-2.png 1200w\" sizes=\"(max-width: 1024px) 100vw, 1024px\" \/><\/figure>\n\n\n\n<ul class=\"wp-block-list\">\n<li>12 000 m\u00b3\/h<\/li>\n\n\n\n<li>Pro c\u00edlen\u00e9 pracovn\u00ed oblasti nebo omezen\u00e9 technick\u00e9 prostory<\/li>\n<\/ul>\n\n\n\n<p><\/p>\n<\/div>\n\n\n\n<div class=\"wp-block-column is-layout-flow wp-block-column-is-layout-flow\">\n<h3 class=\"wp-block-heading has-text-align-center\">IC 22<\/h3>\n\n\n\n<figure class=\"wp-block-image size-large\"><img decoding=\"async\" width=\"1024\" height=\"1024\" src=\"https:\/\/obera.fr\/wp-content\/uploads\/2025\/07\/ic-22-2-1024x1024.png\" alt=\"ic 22\" class=\"wp-image-124296\" srcset=\"https:\/\/obera.fr\/wp-content\/uploads\/2025\/07\/ic-22-2-1024x1024.png 1024w, https:\/\/obera.fr\/wp-content\/uploads\/2025\/07\/ic-22-2-300x300.png 300w, https:\/\/obera.fr\/wp-content\/uploads\/2025\/07\/ic-22-2-150x150.png 150w, https:\/\/obera.fr\/wp-content\/uploads\/2025\/07\/ic-22-2-768x768.png 768w, https:\/\/obera.fr\/wp-content\/uploads\/2025\/07\/ic-22-2.png 1200w\" sizes=\"(max-width: 1024px) 100vw, 1024px\" \/><\/figure>\n\n\n\n<ul class=\"wp-block-list\">\n<li>22 000 m\u00b3\/h<\/li>\n\n\n\n<li>Ide\u00e1ln\u00ed pro standardn\u00ed d\u00edlny, t\u0159\u00edd\u00edc\u00ed oblasti, technick\u00e1 n\u00e1stupi\u0161t\u011b<\/li>\n\n\n\n<li>S integrovanou UV sterilizac\u00ed pro zaji\u0161t\u011bn\u00ed \u010distoty vody<\/li>\n<\/ul>\n\n\n\n<p><\/p>\n<\/div>\n\n\n\n<div class=\"wp-block-column is-layout-flow wp-block-column-is-layout-flow\">\n<h3 class=\"wp-block-heading has-text-align-center\">IC 30<\/h3>\n\n\n\n<figure class=\"wp-block-image size-large\"><img decoding=\"async\" width=\"1024\" height=\"1024\" src=\"https:\/\/obera.fr\/wp-content\/uploads\/2025\/07\/ic-30-4-1024x1024.png\" alt=\"ic 30\" class=\"wp-image-124370\" srcset=\"https:\/\/obera.fr\/wp-content\/uploads\/2025\/07\/ic-30-4-1024x1024.png 1024w, https:\/\/obera.fr\/wp-content\/uploads\/2025\/07\/ic-30-4-300x300.png 300w, https:\/\/obera.fr\/wp-content\/uploads\/2025\/07\/ic-30-4-150x150.png 150w, https:\/\/obera.fr\/wp-content\/uploads\/2025\/07\/ic-30-4-768x768.png 768w, https:\/\/obera.fr\/wp-content\/uploads\/2025\/07\/ic-30-4.png 1200w\" sizes=\"(max-width: 1024px) 100vw, 1024px\" \/><\/figure>\n\n\n\n<ul class=\"wp-block-list\">\n<li>Pro velk\u00e9 sklady, haly t\u011b\u017ek\u00e9 \u00fadr\u017eby nebo skladovac\u00ed oblasti<\/li>\n\n\n\n<li>Pr\u016ftok 30 000 m\u00b3\/h<\/li>\n\n\n\n<li>Za\u0159\u00edzen\u00ed jsou <strong>mobiln\u00ed<\/strong>, namontovan\u00e1 na <strong>pr\u016fmyslov\u00fdch kole\u010dk\u00e1ch<\/strong> a mohou b\u00fdt p\u0159emis\u0165ov\u00e1na podle pot\u0159eb provozu nebo \u00fadr\u017eby.<\/li>\n<\/ul>\n\n\n\n<p><\/p>\n<\/div>\n<\/div>\n\n<div class=\"wp-block-buttons is-content-justification-center is-layout-flex wp-container-core-buttons-is-layout-a89b3969 wp-block-buttons-is-layout-flex\">\n<div class=\"wp-block-button\"><a class=\"wp-block-button__link wp-element-button\" href=\"https:\/\/obera.fr\/cs\/produits\/rafraichisseurs-air\/rafraichisseurs-par-evaporation-ic\/\">Objevte na\u0161i \u0159adu IC<\/a><\/div>\n<\/div>\n\n<p><\/p>\n\n<h2 class=\"wp-block-heading\">4. Specifick\u00e9 v\u00fdhody pro \u017eelezni\u010dn\u00ed provozovatele<\/h2>\n\n<ul class=\"wp-block-list\">\n<li><strong>Ochrana t\u00fdm\u016f<\/strong>: sn\u00ed\u017een\u00ed tepeln\u00e9ho stresu, zlep\u0161en\u00ed pracovn\u00edho komfortu<\/li>\n\n\n\n<li><strong>Udr\u017een\u00ed produktivity<\/strong> b\u011bhem teplotn\u00edch \u0161pi\u010dek<\/li>\n\n\n\n<li><strong>Ochrana citliv\u00fdch komponent\u016f<\/strong> (palubn\u00ed elektronika, d\u00edly \u010dekaj\u00edc\u00ed na mont\u00e1\u017e)<\/li>\n\n\n\n<li><strong>Sn\u00ed\u017een\u00ed n\u00e1klad\u016f na instalaci a spot\u0159ebu<\/strong> ve srovn\u00e1n\u00ed s pevnou klimatizac\u00ed<\/li>\n\n\n\n<li><strong>Flexibilita pou\u017eit\u00ed<\/strong>: mo\u017enost sez\u00f3nn\u00edho pron\u00e1jmu nebo jednor\u00e1zov\u00e9ho nasazen\u00ed na r\u016fzn\u00fdch m\u00edstech<\/li>\n<\/ul>\n\n<p>V \u017eelezni\u010dn\u00ed doprav\u011b jsou tepeln\u00e9 n\u00e1roky jak lidsk\u00e9, tak technick\u00e9. D\u00edky sv\u00e9 robustnosti, mobilit\u011b a energetick\u00e9 \u00fa\u010dinnosti nab\u00edzej\u00ed chladi\u010de IC od spole\u010dnosti OberA optim\u00e1ln\u00ed \u0159e\u0161en\u00ed pro \u00fa\u010dinn\u00e9 chlazen\u00ed pr\u016fmyslov\u00fdch prost\u0159ed\u00ed bez stavebn\u00edch prac\u00ed \u010di dodate\u010dn\u00fdch n\u00e1klad\u016f. <\/p>\n","protected":false},"excerpt":{"rendered":"<p>\u017delezni\u010dn\u00ed sektor zahrnuje n\u00e1ro\u010dn\u00e1 technick\u00e1 prost\u0159ed\u00ed: \u00fadr\u017eb\u00e1\u0159sk\u00e9 d\u00edlny, logistick\u00e9 sklady, depa, nakl\u00e1dac\u00ed rampy, signaliza\u010dn\u00ed kabiny.<\/p>\n","protected":false},"author":13,"featured_media":83734,"comment_status":"open","ping_status":"closed","sticky":false,"template":"","format":"standard","meta":{"_acf_changed":false,"_seopress_robots_primary_cat":"none","_seopress_titles_title":"Chladi\u010de IC OberA: mobiln\u00ed adiabatick\u00e9 \u0159e\u0161en\u00ed pro \u017eelezni\u010dn\u00ed pr\u016fmysl","_seopress_titles_desc":"Chladi\u010de IC od OberA nab\u00edzej\u00ed ekonomickou a flexibiln\u00ed alternativu ke klimatizaci pro \u017eelezni\u010dn\u00ed d\u00edlny, depa a sklady.","_seopress_robots_index":"","footnotes":""},"categories":[814],"tags":[406],"class_list":["post-133550","post","type-post","status-publish","format-standard","has-post-thumbnail","hentry","category-rail","tag-chladice","generate-columns","tablet-grid-50","mobile-grid-100","grid-parent","grid-50","no-featured-image-padding","resize-featured-image"],"acf":[],"_links":{"self":[{"href":"https:\/\/obera.fr\/cs\/wp-json\/wp\/v2\/posts\/133550","targetHints":{"allow":["GET"]}}],"collection":[{"href":"https:\/\/obera.fr\/cs\/wp-json\/wp\/v2\/posts"}],"about":[{"href":"https:\/\/obera.fr\/cs\/wp-json\/wp\/v2\/types\/post"}],"author":[{"embeddable":true,"href":"https:\/\/obera.fr\/cs\/wp-json\/wp\/v2\/users\/13"}],"replies":[{"embeddable":true,"href":"https:\/\/obera.fr\/cs\/wp-json\/wp\/v2\/comments?post=133550"}],"version-history":[{"count":1,"href":"https:\/\/obera.fr\/cs\/wp-json\/wp\/v2\/posts\/133550\/revisions"}],"predecessor-version":[{"id":133552,"href":"https:\/\/obera.fr\/cs\/wp-json\/wp\/v2\/posts\/133550\/revisions\/133552"}],"wp:featuredmedia":[{"embeddable":true,"href":"https:\/\/obera.fr\/cs\/wp-json\/wp\/v2\/media\/83734"}],"wp:attachment":[{"href":"https:\/\/obera.fr\/cs\/wp-json\/wp\/v2\/media?parent=133550"}],"wp:term":[{"taxonomy":"category","embeddable":true,"href":"https:\/\/obera.fr\/cs\/wp-json\/wp\/v2\/categories?post=133550"},{"taxonomy":"post_tag","embeddable":true,"href":"https:\/\/obera.fr\/cs\/wp-json\/wp\/v2\/tags?post=133550"}],"curies":[{"name":"wp","href":"https:\/\/api.w.org\/{rel}","templated":true}]}}