{"id":133606,"date":"2025-08-25T10:00:00","date_gmt":"2025-08-25T08:00:00","guid":{"rendered":"https:\/\/obera.fr\/nase-rada\/ochlazovace-vzduchu-pro-restauracni-sektor\/"},"modified":"2025-11-20T15:56:44","modified_gmt":"2025-11-20T13:56:44","slug":"ochlazovace-vzduchu-pro-restauracni-sektor","status":"publish","type":"post","link":"https:\/\/obera.fr\/cs\/restaurace-a-ubytovani\/ochlazovace-vzduchu-pro-restauracni-sektor\/","title":{"rendered":"Ochlazova\u010de vzduchu pro restaura\u010dn\u00ed sektor"},"content":{"rendered":"\n<p>Ve spole\u010dnosti OberA v\u00edme, jak <strong>d\u016fle\u017eit\u00e9 je vychutnat si j\u00eddlo venku<\/strong>, zejm\u00e9na b\u011bhem kr\u00e1sn\u00fdch letn\u00edch dn\u016f. Nicm\u00e9n\u011b, siln\u00e9 teplo m\u016f\u017ee rychle prom\u011bnit tento okam\u017eik pohody v nep\u0159\u00edjemn\u00fd z\u00e1\u017eitek. Proto s radost\u00ed oznamujeme na\u0161i ned\u00e1vnou spolupr\u00e1ci s restaurac\u00ed Manicook ve Fegersheimu. M\u011bli jsme to pot\u011b\u0161en\u00ed vybavit jejich n\u00e1dhernou terasu <a href=\"https:\/\/obera.fr\/cs\/produits\/rafraichisseurs-air\/\">adiabatick\u00fdmi ochlazova\u010di vzduchu<\/a>, \u010d\u00edm\u017e zajist\u00edme <strong>optim\u00e1ln\u00ed komfort<\/strong> pro v\u0161echny milovn\u00edky dobr\u00e9ho j\u00eddla.   <\/p>\n\n<div class=\"wp-block-columns is-layout-flex wp-container-core-columns-is-layout-28f84493 wp-block-columns-is-layout-flex\">\n<div class=\"wp-block-column is-vertically-aligned-center is-layout-flow wp-block-column-is-layout-flow\" style=\"flex-basis:50%\">\n<h2 class=\"wp-block-heading\">P\u0159\u00edjemn\u00fd chl\u00e1dek v ka\u017ed\u00e9m ro\u010dn\u00edm obdob\u00ed<\/h2>\n\n\n\n<p>Pot\u011b\u0161en\u00ed z j\u00eddla na terase se m\u016f\u017ee <strong>rychle zm\u011bnit v nep\u0159\u00edjemnost, kdy\u017e se horko stane nesnesiteln\u00fdm<\/strong>. Zde p\u0159ich\u00e1zej\u00ed na \u0159adu na\u0161e adiabatick\u00e9 ochlazova\u010de vzduchu. D\u00edky sv\u00e9 inovativn\u00ed technologii umo\u017e\u0148uj\u00ed udr\u017eovat p\u0159\u00edjemnou teplotu a z\u00e1rove\u0148 zachov\u00e1vat vlhkost pot\u0159ebnou pro maxim\u00e1ln\u00ed pohodl\u00ed.  <\/p>\n<\/div>\n\n\n\n<div class=\"wp-block-column is-vertically-aligned-center is-layout-flow wp-block-column-is-layout-flow\" style=\"flex-basis:50%\">\n<figure class=\"wp-block-image aligncenter size-large is-resized\"><img decoding=\"async\" width=\"768\" height=\"1024\" src=\"https:\/\/obera.fr\/wp-content\/uploads\/2025\/07\/20250630_115711-768x1024.jpg\" alt=\"ochlazova&#x10D; restaurace\" class=\"wp-image-119134\" style=\"width:254px;height:auto\" srcset=\"https:\/\/obera.fr\/wp-content\/uploads\/2025\/07\/20250630_115711-768x1024.jpg 768w, https:\/\/obera.fr\/wp-content\/uploads\/2025\/07\/20250630_115711-225x300.jpg 225w, https:\/\/obera.fr\/wp-content\/uploads\/2025\/07\/20250630_115711-1152x1536.jpg 1152w, https:\/\/obera.fr\/wp-content\/uploads\/2025\/07\/20250630_115711-1536x2048.jpg 1536w, https:\/\/obera.fr\/wp-content\/uploads\/2025\/07\/20250630_115711-scaled.jpg 1920w\" sizes=\"(max-width: 768px) 100vw, 768px\" \/><\/figure>\n<\/div>\n<\/div>\n\n<h2 class=\"wp-block-heading\">Jak to funguje?<\/h2>\n\n<p><a href=\"https:\/\/obera.fr\/cs\/nase-rady\/le-principe-de-fonctionnement-du-refroidissement-adiabatique-air-eau-evaporation\/\">Adiabatick\u00e9 ochlazova\u010de vzduchu funguj\u00ed na principu odpa\u0159ov\u00e1n\u00ed vody<\/a>. T\u00edm, \u017ee propou\u0161t\u011bj\u00ed hork\u00fd vzduch p\u0159es vlhk\u00e9 filtry, sni\u017euj\u00ed teplotu okoln\u00edho vzduchu. Tato p\u0159\u00edrodn\u00ed metoda je nejen \u00fa\u010dinn\u00e1, ale tak\u00e9 <g id=\"gid_1\">\u0161etrn\u00e1 k \u017eivotn\u00edmu prost\u0159ed\u00ed<\/g>. U\u017e \u017e\u00e1dn\u00e9 j\u00eddlo v nesnesiteln\u00e9m horku, m\u00edsto toho chl\u00e1dek a pohoda!   <\/p>\n\n<h3 class=\"wp-block-heading\">Ekologicky odpov\u011bdn\u00e9 \u0159e\u0161en\u00ed<\/h3>\n\n<p>Ve sv\u011bt\u011b, kde je udr\u017eitelnost kl\u00ed\u010dov\u00e1, p\u0159edstavuj\u00ed na\u0161e <strong>ochlazova\u010de vzduchu ekologicky odpov\u011bdn\u00e9 \u0159e\u0161en\u00ed<\/strong>. Spot\u0159ebov\u00e1vaj\u00ed m\u00e9n\u011b energie ne\u017e tradi\u010dn\u00ed klimatiza\u010dn\u00ed syst\u00e9my a z\u00e1rove\u0148 nab\u00edzej\u00ed efektivn\u00ed chlazen\u00ed. Volbou t\u00e9to technologie <strong>restaurace Manicook<\/strong> ukazuje sv\u016fj z\u00e1vazek k \u017eivotn\u00edmu prost\u0159ed\u00ed a z\u00e1rove\u0148 zaru\u010duje jedine\u010dn\u00fd kulin\u00e1\u0159sk\u00fd z\u00e1\u017eitek.  <\/p>\n\n<h3 class=\"wp-block-heading\">V\u00fdhody na\u0161ich ochlazova\u010d\u016f<\/h3>\n\n<ul class=\"wp-block-list\">\n<li><strong>\u00daspora energie:<\/strong> Sni\u017ete sv\u00e9 \u00fa\u010dty za elekt\u0159inu a z\u00e1rove\u0148 nab\u00eddn\u011bte sv\u00fdm z\u00e1kazn\u00edk\u016fm p\u0159\u00edjemn\u00e9 prost\u0159ed\u00ed.<\/li>\n\n\n\n<li><strong>Snadn\u00e1 instalace:<\/strong> Na\u0161e za\u0159\u00edzen\u00ed se snadno instaluj\u00ed a perfektn\u011b se integruj\u00ed do st\u00e1vaj\u00edc\u00edho prostoru.<\/li>\n\n\n\n<li><strong>Minim\u00e1ln\u00ed \u00fadr\u017eba:<\/strong> Na\u0161e ochlazova\u010de jsou navr\u017eeny tak, aby vydr\u017eely, vy\u017eaduj\u00ed minim\u00e1ln\u00ed \u00fadr\u017ebu a p\u0159itom z\u016fst\u00e1vaj\u00ed v\u00fdkonn\u00e9.<\/li>\n<\/ul>\n\n<h2 class=\"wp-block-heading\">Vychutnejte si v klidu<\/h2>\n\n<p>P\u0159edstavte si, \u017ee si va\u0161i z\u00e1kazn\u00edci vychutn\u00e1vaj\u00ed lahodn\u00fd pokrm v p\u0159\u00edjemn\u00e9m prost\u0159ed\u00ed, ani\u017e by je ru\u0161ilo dusiv\u00e9 letn\u00ed horko. D\u00edky na\u0161\u00ed instalaci si nyn\u00ed mohou va\u0161i host\u00e9 <g id=\"gid_0\">vychutnat j\u00eddlo v klidu<\/g>. A\u0165 u\u017e se jedn\u00e1 o rodinn\u00fd ob\u011bd, romantickou ve\u010de\u0159i nebo j\u00eddlo s p\u0159\u00e1teli, osv\u011b\u017een\u00e1 terasa vytv\u00e1\u0159\u00ed ide\u00e1ln\u00ed prost\u0159ed\u00ed pro <strong>ocen\u011bn\u00ed kulin\u00e1\u0159sk\u00fdch specialit<\/strong>, kter\u00e9 s v\u00e1\u0161n\u00ed nab\u00edz\u00edte.  <\/p>\n\n<h2 class=\"wp-block-heading\">\u0158ada IC<\/h2>\n\n<p>Na\u0161e \u0159ada ochlazova\u010d\u016f vzduchu se <strong>skl\u00e1d\u00e1 ze t\u0159\u00ed za\u0159\u00edzen\u00ed<\/strong>, v\u0161echna jsou k dispozici k pron\u00e1jmu. M\u00e1te tak\u00e9 mo\u017enost kombinovat <strong>n\u011bkolik jednotek pro ochlazen\u00ed<\/strong> v\u011bt\u0161\u00edch prostor. Objevte n\u00e1\u0161 v\u00fdb\u011br:  <\/p>\n\n<div class=\"wp-block-columns is-layout-flex wp-container-core-columns-is-layout-28f84493 wp-block-columns-is-layout-flex\">\n<div class=\"wp-block-column is-vertically-aligned-center is-layout-flow wp-block-column-is-layout-flow\">\n<figure class=\"wp-block-image aligncenter size-full is-resized\"><a href=\"https:\/\/obera.fr\/cs\/produits\/rafraichisseurs-air\/rafraichisseurs-par-evaporation-ic\/\"><img decoding=\"async\" width=\"1200\" height=\"1200\" src=\"https:\/\/obera.fr\/wp-content\/uploads\/2025\/04\/img-ic-12.png\" alt=\"img ic 12\" class=\"wp-image-87231\" style=\"object-fit:cover;width:200px;height:auto\" srcset=\"https:\/\/obera.fr\/wp-content\/uploads\/2025\/04\/img-ic-12.png 1200w, https:\/\/obera.fr\/wp-content\/uploads\/2025\/04\/img-ic-12-300x300.png 300w, https:\/\/obera.fr\/wp-content\/uploads\/2025\/04\/img-ic-12-1024x1024.png 1024w, https:\/\/obera.fr\/wp-content\/uploads\/2025\/04\/img-ic-12-150x150.png 150w, https:\/\/obera.fr\/wp-content\/uploads\/2025\/04\/img-ic-12-768x768.png 768w\" sizes=\"(max-width: 1200px) 100vw, 1200px\" \/><\/a><figcaption class=\"wp-element-caption\">IC12<\/figcaption><\/figure>\n<\/div>\n\n\n\n<div class=\"wp-block-column is-vertically-aligned-center is-layout-flow wp-block-column-is-layout-flow\">\n<figure class=\"wp-block-image aligncenter size-full is-resized\"><a href=\"https:\/\/obera.fr\/cs\/produits\/rafraichisseurs-air\/rafraichisseurs-par-evaporation-ic\/\"><img decoding=\"async\" width=\"1200\" height=\"1200\" src=\"https:\/\/obera.fr\/wp-content\/uploads\/2025\/04\/img-ic-22.png\" alt=\"img ic 22\" class=\"wp-image-87254\" style=\"object-fit:cover;width:288px;height:auto\" srcset=\"https:\/\/obera.fr\/wp-content\/uploads\/2025\/04\/img-ic-22.png 1200w, https:\/\/obera.fr\/wp-content\/uploads\/2025\/04\/img-ic-22-300x300.png 300w, https:\/\/obera.fr\/wp-content\/uploads\/2025\/04\/img-ic-22-1024x1024.png 1024w, https:\/\/obera.fr\/wp-content\/uploads\/2025\/04\/img-ic-22-150x150.png 150w, https:\/\/obera.fr\/wp-content\/uploads\/2025\/04\/img-ic-22-768x768.png 768w\" sizes=\"(max-width: 1200px) 100vw, 1200px\" \/><\/a><figcaption class=\"wp-element-caption\">IC22<\/figcaption><\/figure>\n<\/div>\n\n\n\n<div class=\"wp-block-column is-layout-flow wp-block-column-is-layout-flow\">\n<figure class=\"wp-block-image aligncenter size-full\"><a href=\"https:\/\/obera.fr\/cs\/produits\/rafraichisseurs-air\/rafraichisseurs-par-evaporation-ic\/\"><img decoding=\"async\" width=\"1200\" height=\"1200\" src=\"https:\/\/obera.fr\/wp-content\/uploads\/2025\/04\/img-ic-30.png\" alt=\"img ic 30\" class=\"wp-image-87278\" style=\"object-fit:cover\" srcset=\"https:\/\/obera.fr\/wp-content\/uploads\/2025\/04\/img-ic-30.png 1200w, https:\/\/obera.fr\/wp-content\/uploads\/2025\/04\/img-ic-30-300x300.png 300w, https:\/\/obera.fr\/wp-content\/uploads\/2025\/04\/img-ic-30-1024x1024.png 1024w, https:\/\/obera.fr\/wp-content\/uploads\/2025\/04\/img-ic-30-150x150.png 150w, https:\/\/obera.fr\/wp-content\/uploads\/2025\/04\/img-ic-30-768x768.png 768w\" sizes=\"(max-width: 1200px) 100vw, 1200px\" \/><\/a><figcaption class=\"wp-element-caption\">IC30<\/figcaption><\/figure>\n<\/div>\n<\/div>\n\n<div class=\"wp-block-columns is-layout-flex wp-container-core-columns-is-layout-28f84493 wp-block-columns-is-layout-flex\">\n<div class=\"wp-block-column is-layout-flow wp-block-column-is-layout-flow\">\n<p class=\"has-text-align-center\">Pr\u016ftok: 12 000 m3\/h<br\/>O\u0161et\u0159ovan\u00e1 plocha: 150 m2<br\/>Kapacita n\u00e1dr\u017ee: 70 l<\/p>\n<\/div>\n\n\n\n<div class=\"wp-block-column is-layout-flow wp-block-column-is-layout-flow\">\n<p class=\"has-text-align-center\">Pr\u016ftok: 22 000 m3\/h<br\/>O\u0161et\u0159ovan\u00e1 plocha: 250 m2<br\/>Kapacita n\u00e1dr\u017ee: 130 l<\/p>\n<\/div>\n\n\n\n<div class=\"wp-block-column is-layout-flow wp-block-column-is-layout-flow\">\n<p class=\"has-text-align-center\">Pr\u016ftok: 30 000 m3\/h<br\/>O\u0161et\u0159ovan\u00e1 plocha: 400 m2<br\/>Kapacita n\u00e1dr\u017ee: 280 l<\/p>\n<\/div>\n<\/div>\n\n<div style=\"height:50px\" aria-hidden=\"true\" class=\"wp-block-spacer\"><\/div>\n\n<div class=\"wp-block-buttons is-content-justification-center is-layout-flex wp-container-core-buttons-is-layout-a89b3969 wp-block-buttons-is-layout-flex\">\n<div class=\"wp-block-button\"><a class=\"wp-block-button__link wp-element-button\" href=\"https:\/\/obera.fr\/cs\/contact\/\">Kontaktujte n\u00e1s<\/a><\/div>\n\n\n\n<div class=\"wp-block-button\"><a class=\"wp-block-button__link has-text-align-center wp-element-button\" href=\"https:\/\/obera.fr\/cs\/location-appareil-industriel\/\">Pron\u00e1jem na\u0161eho vybaven\u00ed<\/a><\/div>\n<\/div>\n","protected":false},"excerpt":{"rendered":"<p>V OberA v\u00edme, jak d\u016fle\u017eit\u00e9 je u\u017e\u00edt si j\u00eddlo venku, zejm\u00e9na b\u011bhem kr\u00e1sn\u00fdch letn\u00edch dn\u016f. Vysok\u00e9 teploty v\u0161ak mohou rychle prom\u011bnit tento p\u0159\u00edjemn\u00fd okam\u017eik v nep\u0159\u00edjemn\u00fd z\u00e1\u017eitek.  <\/p>\n","protected":false},"author":13,"featured_media":36433,"comment_status":"open","ping_status":"closed","sticky":false,"template":"","format":"standard","meta":{"_acf_changed":false,"_seopress_robots_primary_cat":"none","_seopress_titles_title":"Ochlazova\u010de vzduchu: pohodl\u00ed na terase pro restaurace","_seopress_titles_desc":"Obera vybavuje restauraci Manicook adiabatick\u00fdmi ochlazova\u010di, kter\u00e9 nab\u00edzej\u00ed sv\u011b\u017eest, pohodl\u00ed a ekologickou odpov\u011bdnost na terase toto l\u00e9to.","_seopress_robots_index":"","footnotes":""},"categories":[825],"tags":[406],"class_list":["post-133606","post","type-post","status-publish","format-standard","has-post-thumbnail","hentry","category-restaurace-a-ubytovani","tag-chladice","generate-columns","tablet-grid-50","mobile-grid-100","grid-parent","grid-50","no-featured-image-padding","resize-featured-image"],"acf":[],"_links":{"self":[{"href":"https:\/\/obera.fr\/cs\/wp-json\/wp\/v2\/posts\/133606","targetHints":{"allow":["GET"]}}],"collection":[{"href":"https:\/\/obera.fr\/cs\/wp-json\/wp\/v2\/posts"}],"about":[{"href":"https:\/\/obera.fr\/cs\/wp-json\/wp\/v2\/types\/post"}],"author":[{"embeddable":true,"href":"https:\/\/obera.fr\/cs\/wp-json\/wp\/v2\/users\/13"}],"replies":[{"embeddable":true,"href":"https:\/\/obera.fr\/cs\/wp-json\/wp\/v2\/comments?post=133606"}],"version-history":[{"count":1,"href":"https:\/\/obera.fr\/cs\/wp-json\/wp\/v2\/posts\/133606\/revisions"}],"predecessor-version":[{"id":133611,"href":"https:\/\/obera.fr\/cs\/wp-json\/wp\/v2\/posts\/133606\/revisions\/133611"}],"wp:featuredmedia":[{"embeddable":true,"href":"https:\/\/obera.fr\/cs\/wp-json\/wp\/v2\/media\/36433"}],"wp:attachment":[{"href":"https:\/\/obera.fr\/cs\/wp-json\/wp\/v2\/media?parent=133606"}],"wp:term":[{"taxonomy":"category","embeddable":true,"href":"https:\/\/obera.fr\/cs\/wp-json\/wp\/v2\/categories?post=133606"},{"taxonomy":"post_tag","embeddable":true,"href":"https:\/\/obera.fr\/cs\/wp-json\/wp\/v2\/tags?post=133606"}],"curies":[{"name":"wp","href":"https:\/\/api.w.org\/{rel}","templated":true}]}}