{"id":133619,"date":"2025-08-31T09:51:06","date_gmt":"2025-08-31T07:51:06","guid":{"rendered":"https:\/\/obera.fr\/nase-rada\/odparovaci-chladice-strategicka-vyhoda-pro-tiskarske-prostredi\/"},"modified":"2025-11-20T15:56:48","modified_gmt":"2025-11-20T13:56:48","slug":"odparovaci-chladice-strategicka-vyhoda-pro-tiskarske-prostredi","status":"publish","type":"post","link":"https:\/\/obera.fr\/cs\/tisk\/odparovaci-chladice-strategicka-vyhoda-pro-tiskarske-prostredi\/","title":{"rendered":"Odpa\u0159ovac\u00ed chladi\u010de: strategick\u00e1 v\u00fdhoda pro tiska\u0159sk\u00e9 prost\u0159ed\u00ed"},"content":{"rendered":"\n<h2 class=\"wp-block-heading\">\u00davod<\/h2>\n\n<div class=\"wp-block-columns is-layout-flex wp-container-core-columns-is-layout-28f84493 wp-block-columns-is-layout-flex\">\n<div class=\"wp-block-column is-layout-flow wp-block-column-is-layout-flow\" style=\"flex-basis:66.66%\">\n<p>Tiska\u0159sk\u00e9 d\u00edlny, a\u0165 u\u017e jde o ofsetov\u00e9, digit\u00e1ln\u00ed nebo flexografick\u00e9 tisk\u00e1rny, generuj\u00ed zna\u010dn\u00e9 tepeln\u00e9 zat\u00ed\u017een\u00ed spojen\u00e9 s lisy, motory, inkousty a su\u0161ic\u00edmi syst\u00e9my. V tomto kontextu je udr\u017eov\u00e1n\u00ed stabiln\u00ed okoln\u00ed teploty kl\u00ed\u010dov\u00e9 pro kvalitu tisku, v\u00fdkon stroj\u016f a pohodl\u00ed oper\u00e1tor\u016f.<br\/>Odpa\u0159ovac\u00ed <a href=\"https:\/\/obera.fr\/cs\/produits\/rafraichisseurs-air\/rafraichisseurs-par-evaporation-ic\/\">chladi\u010de \u0159ady IC<\/a>, vyvinut\u00e9 spole\u010dnost\u00ed <strong>OberA<\/strong>, \u00fa\u010dinn\u011b \u0159e\u0161\u00ed tyto v\u00fdzvy d\u00edky sv\u00e9 p\u0159irozen\u00e9, mobiln\u00ed a \u00fasporn\u00e9 technologii.<\/p>\n<\/div>\n\n\n\n<div class=\"wp-block-column is-layout-flow wp-block-column-is-layout-flow\" style=\"flex-basis:33.33%\">\n<figure class=\"wp-block-image aligncenter size-large is-resized\"><img decoding=\"async\" width=\"1024\" height=\"683\" src=\"https:\/\/obera.fr\/wp-content\/uploads\/2025\/08\/raf-secteur-tertiaire-2-1024x683.png\" alt=\"chlazen&#xED; v terci&#xE1;rn&#xED;m sektoru (2)\" class=\"wp-image-128844\" style=\"width:210px;height:auto\" srcset=\"https:\/\/obera.fr\/wp-content\/uploads\/2025\/08\/raf-secteur-tertiaire-2-1024x683.png 1024w, https:\/\/obera.fr\/wp-content\/uploads\/2025\/08\/raf-secteur-tertiaire-2-300x200.png 300w, https:\/\/obera.fr\/wp-content\/uploads\/2025\/08\/raf-secteur-tertiaire-2-768x512.png 768w, https:\/\/obera.fr\/wp-content\/uploads\/2025\/08\/raf-secteur-tertiaire-2.png 1200w\" sizes=\"(max-width: 1024px) 100vw, 1024px\" \/><\/figure>\n<\/div>\n<\/div>\n\n<h2 class=\"wp-block-heading\">1. Specifick\u00e9 tepeln\u00e9 probl\u00e9my v tiska\u0159sk\u00e9m pr\u016fmyslu<\/h2>\n\n<ul class=\"wp-block-list\">\n<li>Tiska\u0159sk\u00e1 za\u0159\u00edzen\u00ed produkuj\u00ed nep\u0159etr\u017eit\u00e9 teplo, kter\u00e9 je zes\u00edleno dlouhodob\u00fdm pou\u017e\u00edv\u00e1n\u00edm a \u010dasto nedostate\u010dnou ventilac\u00ed.<\/li>\n\n\n\n<li>Nadm\u011brn\u00e1 teplota m\u016f\u017ee ovlivnit <strong>viskozitu inkoust\u016f<\/strong>, chov\u00e1n\u00ed tiskov\u00fdch m\u00e9di\u00ed (pap\u00edr, plast) a konzistenci barev.<\/li>\n\n\n\n<li>Oper\u00e1to\u0159i pracuj\u00ed v uzav\u0159en\u00fdch prostor\u00e1ch, kde se teplo m\u016f\u017ee rychle st\u00e1t nep\u0159\u00edjemn\u00fdm, nebo dokonce nebezpe\u010dn\u00fdm v letn\u00edm obdob\u00ed.<\/li>\n\n\n\n<li>Klasick\u00e1 klimatizace, energeticky n\u00e1ro\u010dn\u00e1 a n\u00e1kladn\u00e1, je \u010dasto obt\u00ed\u017en\u011b instalovateln\u00e1 v existuj\u00edc\u00edch pr\u016fmyslov\u00fdch budov\u00e1ch.<\/li>\n<\/ul>\n\n<h2 class=\"wp-block-heading\">2. Adiabatick\u00e9 chlazen\u00ed: p\u0159irozen\u00e9 \u0159e\u0161en\u00ed vhodn\u00e9 pro tiska\u0159sk\u00fd pr\u016fmysl<\/h2>\n\n<ul class=\"wp-block-list\">\n<li>Technologie <a href=\"https:\/\/obera.fr\/cs\/nase-rady\/le-principe-de-fonctionnement-du-refroidissement-adiabatique-air-eau-evaporation\/\">odpa\u0159ovac\u00edch (nebo adiabatick\u00fdch) chladi\u010d\u016f<\/a> je zalo\u017eena na jednoduch\u00e9m principu: hork\u00fd vzduch proch\u00e1z\u00ed vlhkou vlo\u017ekou, ztr\u00e1c\u00ed teplo odpa\u0159ov\u00e1n\u00edm a vych\u00e1z\u00ed ochlazen\u00fd.<\/li>\n\n\n\n<li>Tento syst\u00e9m <strong>nepou\u017e\u00edv\u00e1 \u017e\u00e1dn\u00e9 chladivo<\/strong>, spot\u0159ebov\u00e1v\u00e1 velmi m\u00e1lo elekt\u0159iny a umo\u017e\u0148uje <strong>konstantn\u00ed ventilaci vzduchu<\/strong>, co\u017e je p\u0159\u00ednosn\u00e9 v d\u00edln\u00e1ch, kde se mohou hromadit v\u00fdpary z inkoust\u016f a rozpou\u0161t\u011bdel.<\/li>\n\n\n\n<li>Nevysu\u0161uje vzduch, co\u017e je v\u00fdhoda v tisk\u00e1rn\u00e1ch, kde vlhkost hraje roli v chov\u00e1n\u00ed pap\u00edru.<\/li>\n<\/ul>\n\n<p><\/p>\n\n<h2 class=\"wp-block-heading\">3. Modely IC: flexibilita a v\u00fdkon v tiska\u0159sk\u00fdch d\u00edln\u00e1ch<\/h2>\n\n<p>OberA nab\u00edz\u00ed t\u0159i modely \u0159ady IC p\u0159izp\u016fsoben\u00e9 r\u016fzn\u00fdm objem\u016fm d\u00edlen:<\/p>\n\n<div class=\"wp-block-columns is-layout-flex wp-container-core-columns-is-layout-28f84493 wp-block-columns-is-layout-flex\">\n<div class=\"wp-block-column is-layout-flow wp-block-column-is-layout-flow\">\n<h3 class=\"wp-block-heading has-text-align-center\">IC 12<\/h3>\n\n\n\n<figure class=\"wp-block-image size-large\"><img decoding=\"async\" width=\"1024\" height=\"1024\" src=\"https:\/\/obera.fr\/wp-content\/uploads\/2025\/07\/ic-12-2-1024x1024.png\" alt=\"ic 12\" class=\"wp-image-124143\" srcset=\"https:\/\/obera.fr\/wp-content\/uploads\/2025\/07\/ic-12-2-1024x1024.png 1024w, https:\/\/obera.fr\/wp-content\/uploads\/2025\/07\/ic-12-2-300x300.png 300w, https:\/\/obera.fr\/wp-content\/uploads\/2025\/07\/ic-12-2-150x150.png 150w, https:\/\/obera.fr\/wp-content\/uploads\/2025\/07\/ic-12-2-768x768.png 768w, https:\/\/obera.fr\/wp-content\/uploads\/2025\/07\/ic-12-2.png 1200w\" sizes=\"(max-width: 1024px) 100vw, 1024px\" \/><\/figure>\n\n\n\n<ul class=\"wp-block-list\">\n<li>Pr\u016ftok vzduchu: 12000 m\u00b3\/h<\/li>\n\n\n\n<li>Ide\u00e1ln\u00ed plocha: a\u017e 150 m\u00b2<\/li>\n\n\n\n<li>Kompaktn\u00ed a mobiln\u00ed, perfektn\u00ed pro omezen\u00e9 v\u00fdrobn\u00ed prostory<\/li>\n<\/ul>\n\n\n\n<p><\/p>\n<\/div>\n\n\n\n<div class=\"wp-block-column is-layout-flow wp-block-column-is-layout-flow\">\n<h3 class=\"wp-block-heading has-text-align-center\">IC 22<\/h3>\n\n\n\n<figure class=\"wp-block-image size-large\"><img decoding=\"async\" width=\"1024\" height=\"1024\" src=\"https:\/\/obera.fr\/wp-content\/uploads\/2025\/07\/ic-22-2-1024x1024.png\" alt=\"ic 22\" class=\"wp-image-124296\" srcset=\"https:\/\/obera.fr\/wp-content\/uploads\/2025\/07\/ic-22-2-1024x1024.png 1024w, https:\/\/obera.fr\/wp-content\/uploads\/2025\/07\/ic-22-2-300x300.png 300w, https:\/\/obera.fr\/wp-content\/uploads\/2025\/07\/ic-22-2-150x150.png 150w, https:\/\/obera.fr\/wp-content\/uploads\/2025\/07\/ic-22-2-768x768.png 768w, https:\/\/obera.fr\/wp-content\/uploads\/2025\/07\/ic-22-2.png 1200w\" sizes=\"(max-width: 1024px) 100vw, 1024px\" \/><\/figure>\n\n\n\n<ul class=\"wp-block-list\">\n<li>Pr\u016ftok vzduchu: 22000 m\u00b3\/h<\/li>\n\n\n\n<li>Ide\u00e1ln\u00ed plocha: a\u017e 250 m\u00b2<\/li>\n\n\n\n<li>Velmi dobr\u00fd kompromis mezi v\u00fdkonem a mobilitou pro standardn\u00ed d\u00edlny<\/li>\n\n\n\n<li>Vybaven UV syst\u00e9mem pro hygienu vody<\/li>\n<\/ul>\n\n\n\n<p><\/p>\n<\/div>\n\n\n\n<div class=\"wp-block-column is-layout-flow wp-block-column-is-layout-flow\">\n<h3 class=\"wp-block-heading has-text-align-center\">IC 30<\/h3>\n\n\n\n<figure class=\"wp-block-image size-large\"><img decoding=\"async\" width=\"1024\" height=\"1024\" src=\"https:\/\/obera.fr\/wp-content\/uploads\/2025\/07\/ic-30-4-1024x1024.png\" alt=\"ic 30\" class=\"wp-image-124370\" srcset=\"https:\/\/obera.fr\/wp-content\/uploads\/2025\/07\/ic-30-4-1024x1024.png 1024w, https:\/\/obera.fr\/wp-content\/uploads\/2025\/07\/ic-30-4-300x300.png 300w, https:\/\/obera.fr\/wp-content\/uploads\/2025\/07\/ic-30-4-150x150.png 150w, https:\/\/obera.fr\/wp-content\/uploads\/2025\/07\/ic-30-4-768x768.png 768w, https:\/\/obera.fr\/wp-content\/uploads\/2025\/07\/ic-30-4.png 1200w\" sizes=\"(max-width: 1024px) 100vw, 1024px\" \/><\/figure>\n\n\n\n<ul class=\"wp-block-list\">\n<li>Pr\u016ftok vzduchu: 30000 m\u00b3\/h<\/li>\n\n\n\n<li>Navr\u017een pro velk\u00e9 tisk\u00e1rny nebo balic\u00ed sklady<\/li>\n<\/ul>\n\n\n\n<p><\/p>\n<\/div>\n<\/div>\n\n<div class=\"wp-block-buttons is-content-justification-center is-layout-flex wp-container-core-buttons-is-layout-a89b3969 wp-block-buttons-is-layout-flex\">\n<div class=\"wp-block-button\"><a class=\"wp-block-button__link wp-element-button\" href=\"https:\/\/obera.fr\/cs\/produits\/rafraichisseurs-air\/rafraichisseurs-par-evaporation-ic\/\">Objevte na\u0161i \u0159adu IC<\/a><\/div>\n<\/div>\n\n<p><\/p>\n\n<p>Tyto modely lze p\u0159em\u00eds\u0165ovat podle pot\u0159eby a <strong>funguj\u00ed s jednoduch\u00fdm p\u0159ipojen\u00edm k elektrick\u00e9 z\u00e1suvce a p\u0159\u00edvodu vody<\/strong>, nebo prost\u0159ednictv\u00edm integrovan\u00e9 n\u00e1dr\u017ee.<\/p>\n\n<p><\/p>\n\n<h2 class=\"wp-block-heading\">4. Konkr\u00e9tn\u00ed v\u00fdhody pro profesion\u00e1ly v tiska\u0159sk\u00e9m pr\u016fmyslu<\/h2>\n\n<ul class=\"wp-block-list\">\n<li><strong>Tepeln\u00e1 stabilita<\/strong> = lep\u0161\u00ed konzistence kvality tisku<\/li>\n\n\n\n<li><strong>M\u00e9n\u011b prostoj\u016f stroj\u016f<\/strong> zp\u016fsoben\u00fdch p\u0159eh\u0159\u00e1t\u00edm<\/li>\n\n\n\n<li><strong>Zlep\u0161en\u00ed pohodl\u00ed oper\u00e1tor\u016f<\/strong><\/li>\n\n\n\n<li><strong>Jednoduch\u00e1 a rychl\u00e1 instalace<\/strong> bez \u00faprav budovy<\/li>\n\n\n\n<li><strong>V\u00fdznamn\u00e9 sn\u00ed\u017een\u00ed energetick\u00fdch n\u00e1klad\u016f<\/strong> ve srovn\u00e1n\u00ed s tradi\u010dn\u00ed klimatizac\u00ed<\/li>\n\n\n\n<li><strong>Mo\u017enost pron\u00e1jmu<\/strong> pro flexibiln\u00ed \u0159\u00edzen\u00ed v letn\u00edm obdob\u00ed<\/li>\n<\/ul>\n\n<p>Zvl\u00e1dnut\u00ed pracovn\u00edch podm\u00ednek v tiska\u0159sk\u00fdch d\u00edln\u00e1ch je p\u00e1kou pr\u016fmyslov\u00e9ho v\u00fdkonu. S chladi\u010di vzduchu IC maj\u00ed tiska\u0159i k dispozici \u00fa\u010dinn\u00e9, ekologicky odpov\u011bdn\u00e9 a p\u0159izp\u016fsobiteln\u00e9 \u0159e\u0161en\u00ed, kter\u00e9 zlep\u0161uje jak kvalitu produkce, tak pracovn\u00ed podm\u00ednky. <\/p>\n","protected":false},"excerpt":{"rendered":"<p>Tiska\u0159sk\u00e9 d\u00edlny, a\u0165 u\u017e jde o ofsetov\u00e9, digit\u00e1ln\u00ed nebo flexografick\u00e9 tisk\u00e1rny, generuj\u00ed zna\u010dn\u00e9 tepeln\u00e9 zat\u00ed\u017een\u00ed spojen\u00e9 s lisy, motory, inkousty a su\u0161ic\u00edmi syst\u00e9my.<\/p>\n","protected":false},"author":13,"featured_media":83734,"comment_status":"open","ping_status":"closed","sticky":false,"template":"","format":"standard","meta":{"_acf_changed":false,"_seopress_robots_primary_cat":"none","_seopress_titles_title":"Odpa\u0159ovac\u00ed chladi\u010de IC OberA: adiabatick\u00e9 \u0159e\u0161en\u00ed pro modern\u00ed tisk\u00e1rny","_seopress_titles_desc":"Tepeln\u00e1 stabilita, sn\u00ed\u017een\u00ed prostoj\u016f stroj\u016f a zv\u00fd\u0161en\u00fd komfort: odpa\u0159ovac\u00ed chladi\u010de IC od OberA jsou strategick\u00fdm spojencem tisk\u00e1ren.","_seopress_robots_index":"","footnotes":""},"categories":[826],"tags":[406],"class_list":["post-133619","post","type-post","status-publish","format-standard","has-post-thumbnail","hentry","category-tisk","tag-chladice","generate-columns","tablet-grid-50","mobile-grid-100","grid-parent","grid-50","no-featured-image-padding","resize-featured-image"],"acf":[],"_links":{"self":[{"href":"https:\/\/obera.fr\/cs\/wp-json\/wp\/v2\/posts\/133619","targetHints":{"allow":["GET"]}}],"collection":[{"href":"https:\/\/obera.fr\/cs\/wp-json\/wp\/v2\/posts"}],"about":[{"href":"https:\/\/obera.fr\/cs\/wp-json\/wp\/v2\/types\/post"}],"author":[{"embeddable":true,"href":"https:\/\/obera.fr\/cs\/wp-json\/wp\/v2\/users\/13"}],"replies":[{"embeddable":true,"href":"https:\/\/obera.fr\/cs\/wp-json\/wp\/v2\/comments?post=133619"}],"version-history":[{"count":1,"href":"https:\/\/obera.fr\/cs\/wp-json\/wp\/v2\/posts\/133619\/revisions"}],"predecessor-version":[{"id":133624,"href":"https:\/\/obera.fr\/cs\/wp-json\/wp\/v2\/posts\/133619\/revisions\/133624"}],"wp:featuredmedia":[{"embeddable":true,"href":"https:\/\/obera.fr\/cs\/wp-json\/wp\/v2\/media\/83734"}],"wp:attachment":[{"href":"https:\/\/obera.fr\/cs\/wp-json\/wp\/v2\/media?parent=133619"}],"wp:term":[{"taxonomy":"category","embeddable":true,"href":"https:\/\/obera.fr\/cs\/wp-json\/wp\/v2\/categories?post=133619"},{"taxonomy":"post_tag","embeddable":true,"href":"https:\/\/obera.fr\/cs\/wp-json\/wp\/v2\/tags?post=133619"}],"curies":[{"name":"wp","href":"https:\/\/api.w.org\/{rel}","templated":true}]}}