{"id":133636,"date":"2025-09-12T10:08:00","date_gmt":"2025-09-12T08:08:00","guid":{"rendered":"https:\/\/obera.fr\/nase-rada\/pohoda-koni-a-pohodli-jezdcu-ic-chladice-prirodni-reseni-pro-jezdecke-prostredi\/"},"modified":"2025-11-20T15:57:19","modified_gmt":"2025-11-20T13:57:19","slug":"pohoda-koni-a-pohodli-jezdcu-ic-chladice-prirodni-reseni-pro-jezdecke-prostredi","status":"publish","type":"post","link":"https:\/\/obera.fr\/cs\/jezdectvi\/pohoda-koni-a-pohodli-jezdcu-ic-chladice-prirodni-reseni-pro-jezdecke-prostredi\/","title":{"rendered":"Pohoda kon\u00ed a pohodl\u00ed jezdc\u016f: IC chladi\u010de, p\u0159\u00edrodn\u00ed \u0159e\u0161en\u00ed pro jezdeck\u00e9 prost\u0159ed\u00ed"},"content":{"rendered":"\n<div class=\"wp-block-columns is-layout-flex wp-container-core-columns-is-layout-28f84493 wp-block-columns-is-layout-flex\">\n<div class=\"wp-block-column is-layout-flow wp-block-column-is-layout-flow\" style=\"flex-basis:66.66%\">\n<h2 class=\"wp-block-heading\">\u00davod<\/h2>\n\n\n\n<p>V jezdeck\u00e9m prost\u0159ed\u00ed je horko stresov\u00fdm faktorem jak pro kon\u011b, tak pro jezdce. V l\u00e9t\u011b se mohou st\u00e1je, j\u00edzd\u00e1rny a sedlovny st\u00e1t nesnesiteln\u00fdmi, co\u017e ohro\u017euje v\u00fdkon, bezpe\u010dnost a zdrav\u00ed kon\u00ed.<br\/>Ochlazova\u010de vzduchu s odpa\u0159ov\u00e1n\u00edm vody \u0159ady <a href=\"https:\/\/obera.fr\/cs\/produits\/rafraichisseurs-air\/rafraichisseurs-par-evaporation-ic\/\">IC<\/a>, navr\u017een\u00e9 spole\u010dnost\u00ed <strong>OberA<\/strong>, nab\u00edzej\u00ed \u0159e\u0161en\u00ed dokonale p\u0159izp\u016fsoben\u00e9 jezdeck\u00e9mu prost\u0159ed\u00ed: tich\u00e9, mobiln\u00ed, ekonomick\u00e9 a p\u0159edev\u0161\u00edm bezpe\u010dn\u00e9 pro zv\u00ed\u0159ata. <\/p>\n<\/div>\n\n\n\n<div class=\"wp-block-column is-layout-flow wp-block-column-is-layout-flow\" style=\"flex-basis:33.33%\">\n<figure class=\"wp-block-image aligncenter size-large is-resized\"><img decoding=\"async\" width=\"1024\" height=\"1024\" src=\"https:\/\/obera.fr\/wp-content\/uploads\/2025\/08\/raf-milieu-equestre-1024x1024.png\" alt=\"raf jezdeck&#xE9; prost&#x159;ed&#xED;\" class=\"wp-image-128475\" style=\"width:252px;height:auto\" srcset=\"https:\/\/obera.fr\/wp-content\/uploads\/2025\/08\/raf-milieu-equestre-1024x1024.png 1024w, https:\/\/obera.fr\/wp-content\/uploads\/2025\/08\/raf-milieu-equestre-300x300.png 300w, https:\/\/obera.fr\/wp-content\/uploads\/2025\/08\/raf-milieu-equestre-150x150.png 150w, https:\/\/obera.fr\/wp-content\/uploads\/2025\/08\/raf-milieu-equestre-768x768.png 768w, https:\/\/obera.fr\/wp-content\/uploads\/2025\/08\/raf-milieu-equestre.png 1200w\" sizes=\"(max-width: 1024px) 100vw, 1024px\" \/><\/figure>\n<\/div>\n<\/div>\n\n<h2 class=\"wp-block-heading\">Tepeln\u00e9 v\u00fdzvy v jezdeck\u00e9m sektoru<\/h2>\n\n<ul class=\"wp-block-list\">\n<li>Kon\u011b jsou citliv\u00ed na vysok\u00e9 teploty, se zv\u00fd\u0161en\u00fdm rizikem dehydratace, \u00fapalu, sn\u00ed\u017een\u00ed v\u00fdkonu nebo respira\u010dn\u00edch probl\u00e9m\u016f.<\/li>\n\n\n\n<li><strong>Boxy a st\u00e1je<\/strong> akumuluj\u00ed teplo a jsou z\u0159\u00eddka mechanicky v\u011btran\u00e9.<\/li>\n\n\n\n<li><strong>Kryt\u00e9 j\u00edzd\u00e1rny<\/strong>, i kdy\u017e jsou chr\u00e1n\u011bny p\u0159ed sluncem, se \u010dasto st\u00e1vaj\u00ed ned\u00fdchateln\u00fdmi, kdy\u017e jsou uzav\u0159en\u00e9.<\/li>\n\n\n\n<li><strong>Oblasti p\u00e9\u010de, sprchy, sedlovny nebo odpo\u010dinkov\u00e9 z\u00f3ny<\/strong> jsou tak\u00e9 ovlivn\u011bny okoln\u00edm teplem.<\/li>\n\n\n\n<li>B\u011bhem sout\u011b\u017e\u00ed je nezbytn\u00e9 udr\u017eovat kon\u011b a t\u00fdmy ve stabiln\u00edch tepeln\u00fdch podm\u00ednk\u00e1ch.<\/li>\n<\/ul>\n\n<h2 class=\"wp-block-heading\">Adiabatick\u00e9 chlazen\u00ed: \u0159e\u0161en\u00ed \u0161etrn\u00e9 ke kon\u00edm<\/h2>\n\n<ul class=\"wp-block-list\">\n<li>Fungov\u00e1n\u00ed <strong>ochlazova\u010d\u016f IC<\/strong> je p\u0159irozen\u00e9, bez plynu, bez such\u00e9ho vzduchu a bez agresivn\u00edho proud\u011bn\u00ed vzduchu.<\/li>\n\n\n\n<li>Dif\u00fazn\u00ed vzduch je <strong>chladn\u00fd, filtrovan\u00fd, zvlh\u010den\u00fd<\/strong>, co\u017e zabra\u0148uje tepeln\u00fdm \u0161ok\u016fm nebo respira\u010dn\u00edm podr\u00e1\u017ed\u011bn\u00edm.<\/li>\n\n\n\n<li>Jejich provoz je <strong>tich\u00fd<\/strong>, co\u017e negeneruje <strong>\u017e\u00e1dn\u00fd hlukov\u00fd stres pro kon\u011b<\/strong>.<\/li>\n\n\n\n<li>Umo\u017e\u0148uj\u00ed <strong>lok\u00e1ln\u011b ochlazovat<\/strong> citliv\u00e9 oblasti (odpo\u010dinkov\u00e9 z\u00f3ny, sprchy, p\u0159\u00edpravny, sedlovny, kryt\u00e9 v\u00fdb\u011bhy).<\/li>\n<\/ul>\n\n<h2 class=\"wp-block-heading\">Modely IC vhodn\u00e9 pro jezdeck\u00e1 za\u0159\u00edzen\u00ed<\/h2>\n\n<div class=\"wp-block-columns is-layout-flex wp-container-core-columns-is-layout-28f84493 wp-block-columns-is-layout-flex\">\n<div class=\"wp-block-column is-layout-flow wp-block-column-is-layout-flow\">\n<h3 class=\"wp-block-heading has-text-align-center\">IC 12<\/h3>\n\n\n\n\n\n<ul class=\"wp-block-list\">\n<li>Ide\u00e1ln\u00ed pro sedlovny, izolovan\u00e9 boxy, prostory pro o\u0161et\u0159ov\u00e1n\u00ed nebo mal\u00e9 st\u00e1je<\/li>\n\n\n\n<li>Pr\u016ftok 12 000 m\u00b3\/h<\/li>\n\n\n\n<li>Snadno se umis\u0165uje, lehk\u00fd, mobiln\u00ed a diskr\u00e9tn\u00ed<\/li>\n<\/ul>\n<\/div>\n\n\n\n<div class=\"wp-block-column is-layout-flow wp-block-column-is-layout-flow\">\n<h3 class=\"wp-block-heading has-text-align-center\">IC 22<\/h3>\n\n\n\n\n\n<ul class=\"wp-block-list\">\n<li>Pro kryt\u00e9 j\u00edzd\u00e1rny, chovn\u00e9 budovy, sout\u011b\u017en\u00ed st\u00e1je<\/li>\n\n\n\n<li>Pr\u016ftok 22 000 m\u00b3\/h<\/li>\n\n\n\n<li>Velk\u00e1 n\u00e1dr\u017e na vodu, integrovan\u00e1 UV sterilizace pro hygienu<\/li>\n<\/ul>\n<\/div>\n\n\n\n<div class=\"wp-block-column is-layout-flow wp-block-column-is-layout-flow\">\n<h3 class=\"wp-block-heading has-text-align-center\">IC 30<\/h3>\n\n\n\n\n\n<ul class=\"wp-block-list\">\n<li>Pro velk\u00e9 jezdeck\u00e9 budovy, p\u0159ij\u00edmac\u00ed nebo sout\u011b\u017en\u00ed z\u00f3ny<\/li>\n\n\n\n<li>Pr\u016ftok 30 000 m\u00b3\/h<\/li>\n\n\n\n<li>Ide\u00e1ln\u00ed \u0159e\u0161en\u00ed pro velk\u00e9 objemy bez pevn\u00e9 instalace<\/li>\n<\/ul>\n\n\n\n<p><\/p>\n<\/div>\n<\/div>\n\n<div class=\"wp-block-buttons is-content-justification-center is-layout-flex wp-container-core-buttons-is-layout-a89b3969 wp-block-buttons-is-layout-flex\">\n<div class=\"wp-block-button\"><a class=\"wp-block-button__link wp-element-button\" href=\"https:\/\/obera.fr\/cs\/produits\/rafraichisseurs-air\/\">Objevte na\u0161i \u0159adu IC<\/a><\/div>\n<\/div>\n\n<p><\/p>\n\n<h2 class=\"wp-block-heading\">V\u00fdhody pro jezdeck\u00e9 stavby<\/h2>\n\n<div class=\"wp-block-columns is-layout-flex wp-container-core-columns-is-layout-28f84493 wp-block-columns-is-layout-flex\">\n<div class=\"wp-block-column is-layout-flow wp-block-column-is-layout-flow\" style=\"flex-basis:33.33%\">\n<figure class=\"wp-block-image aligncenter size-large is-resized\"><img decoding=\"async\" width=\"1024\" height=\"1024\" src=\"https:\/\/obera.fr\/wp-content\/uploads\/2025\/03\/conseil-raf-1024x1024.png\" alt=\"Pod&#xED;vejte se na str&#xE1;nky .\" class=\"wp-image-77456\" style=\"width:253px;height:auto\" srcset=\"https:\/\/obera.fr\/wp-content\/uploads\/2025\/03\/conseil-raf-1024x1024.png 1024w, https:\/\/obera.fr\/wp-content\/uploads\/2025\/03\/conseil-raf-300x300.png 300w, https:\/\/obera.fr\/wp-content\/uploads\/2025\/03\/conseil-raf-150x150.png 150w, https:\/\/obera.fr\/wp-content\/uploads\/2025\/03\/conseil-raf-768x768.png 768w, https:\/\/obera.fr\/wp-content\/uploads\/2025\/03\/conseil-raf.png 1200w\" sizes=\"(max-width: 1024px) 100vw, 1024px\" \/><\/figure>\n<\/div>\n\n\n\n<div class=\"wp-block-column is-layout-flow wp-block-column-is-layout-flow\" style=\"flex-basis:66.66%\">\n<ul class=\"wp-block-list\">\n<li><strong>Zlep\u0161en\u00ed pohody kon\u00ed<\/strong>, sn\u00ed\u017een\u00ed t\u011blesn\u00e9 teploty a tepeln\u00e9ho stresu<\/li>\n\n\n\n<li><strong>Pohodl\u00ed pro jezdce a o\u0161et\u0159ovatele<\/strong>, zejm\u00e9na v oblastech p\u00e9\u010de nebo vybaven\u00ed<\/li>\n\n\n\n<li><strong>Instalace bez stavebn\u00edch prac\u00ed<\/strong>, mobiln\u00ed za\u0159\u00edzen\u00ed a okam\u017eit\u011b pou\u017eiteln\u00e1<\/li>\n\n\n\n<li><strong>\u00daspora energie<\/strong> ve srovn\u00e1n\u00ed s mechanick\u00fdm v\u011btr\u00e1n\u00edm nebo nevhodnou klimatizac\u00ed<\/li>\n\n\n\n<li><strong>C\u00edlen\u00e9 a sez\u00f3nn\u00ed pou\u017eit\u00ed<\/strong>, podle obdob\u00ed veder nebo b\u011bhem akc\u00ed<\/li>\n\n\n\n<li><strong>Mo\u017enost pron\u00e1jmu<\/strong> pro sportovn\u00ed akce, st\u00e1\u017ee, sout\u011b\u017ee a letn\u00ed sez\u00f3ny<\/li>\n<\/ul>\n\n\n\n<p>Jezdeck\u00fd sektor je obzvl\u00e1\u0161t\u011b vystaven <a href=\"https:\/\/obera.fr\/cs\/nase-rady\/maximalni-pracovni-teplota\/\">\u00fa\u010dink\u016fm zv\u00fd\u0161en\u00ed teploty<\/a>. <strong>Ochlazova\u010de vzduchu \u0159ady IC<\/strong> poskytuj\u00ed jednoduchou, \u00fa\u010dinnou a bezpe\u010dnou odpov\u011b\u010f pro ochranu kon\u00ed, zlep\u0161en\u00ed pohodl\u00ed t\u00fdm\u016f a zaji\u0161t\u011bn\u00ed hladk\u00e9ho pr\u016fb\u011bhu \u010dinnost\u00ed v ka\u017ed\u00e9m ro\u010dn\u00edm obdob\u00ed. <\/p>\n<\/div>\n<\/div>\n","protected":false},"excerpt":{"rendered":"<p>V jezdeck\u00e9m prost\u0159ed\u00ed je horko stresuj\u00edc\u00edm faktorem jak pro kon\u011b, tak pro jezdce. V letn\u00edm obdob\u00ed se mohou st\u00e1je, j\u00edzd\u00e1rny a sedlovny st\u00e1t dusn\u00fdm prost\u0159ed\u00edm, co\u017e ohro\u017euje v\u00fdkonnost, bezpe\u010dnost a zdrav\u00ed kon\u00ed. <\/p>\n","protected":false},"author":13,"featured_media":83734,"comment_status":"open","ping_status":"closed","sticky":false,"template":"","format":"standard","meta":{"_acf_changed":false,"_seopress_robots_primary_cat":"none","_seopress_titles_title":"IC chladi\u010de OberA: pohoda kon\u00ed a pohodl\u00ed jezdc\u016f","_seopress_titles_desc":"Nab\u00eddn\u011bte kon\u00edm a jezdc\u016fm sv\u011b\u017e\u00ed a bezpe\u010dn\u00e9 prost\u0159ed\u00ed s mobiln\u00edmi IC chladi\u010di od OberA: p\u0159\u00edrodn\u00ed, tich\u00e9 a \u0161etrn\u00e9 ke zv\u00ed\u0159at\u016fm.","_seopress_robots_index":"","footnotes":""},"categories":[830],"tags":[406],"class_list":["post-133636","post","type-post","status-publish","format-standard","has-post-thumbnail","hentry","category-jezdectvi","tag-chladice","generate-columns","tablet-grid-50","mobile-grid-100","grid-parent","grid-50","no-featured-image-padding","resize-featured-image"],"acf":[],"_links":{"self":[{"href":"https:\/\/obera.fr\/cs\/wp-json\/wp\/v2\/posts\/133636","targetHints":{"allow":["GET"]}}],"collection":[{"href":"https:\/\/obera.fr\/cs\/wp-json\/wp\/v2\/posts"}],"about":[{"href":"https:\/\/obera.fr\/cs\/wp-json\/wp\/v2\/types\/post"}],"author":[{"embeddable":true,"href":"https:\/\/obera.fr\/cs\/wp-json\/wp\/v2\/users\/13"}],"replies":[{"embeddable":true,"href":"https:\/\/obera.fr\/cs\/wp-json\/wp\/v2\/comments?post=133636"}],"version-history":[{"count":1,"href":"https:\/\/obera.fr\/cs\/wp-json\/wp\/v2\/posts\/133636\/revisions"}],"predecessor-version":[{"id":133639,"href":"https:\/\/obera.fr\/cs\/wp-json\/wp\/v2\/posts\/133636\/revisions\/133639"}],"wp:featuredmedia":[{"embeddable":true,"href":"https:\/\/obera.fr\/cs\/wp-json\/wp\/v2\/media\/83734"}],"wp:attachment":[{"href":"https:\/\/obera.fr\/cs\/wp-json\/wp\/v2\/media?parent=133636"}],"wp:term":[{"taxonomy":"category","embeddable":true,"href":"https:\/\/obera.fr\/cs\/wp-json\/wp\/v2\/categories?post=133636"},{"taxonomy":"post_tag","embeddable":true,"href":"https:\/\/obera.fr\/cs\/wp-json\/wp\/v2\/tags?post=133636"}],"curies":[{"name":"wp","href":"https:\/\/api.w.org\/{rel}","templated":true}]}}