{"id":133647,"date":"2025-09-17T20:32:00","date_gmt":"2025-09-17T18:32:00","guid":{"rendered":"https:\/\/obera.fr\/nase-rada\/adiabaticke-doplnkove-chlazeni-flexibilni-reseni-pro-datova-centra\/"},"modified":"2025-11-20T15:58:02","modified_gmt":"2025-11-20T13:58:02","slug":"adiabaticke-doplnkove-chlazeni-flexibilni-reseni-pro-datova-centra","status":"publish","type":"post","link":"https:\/\/obera.fr\/cs\/it-telekomunikace\/adiabaticke-doplnkove-chlazeni-flexibilni-reseni-pro-datova-centra\/","title":{"rendered":"Adiabatick\u00e9 dopl\u0148kov\u00e9 chlazen\u00ed: flexibiln\u00ed \u0159e\u0161en\u00ed pro datov\u00e1 centra"},"content":{"rendered":"\n<h2 class=\"wp-block-heading\">\u00davod<\/h2>\n\n<p>Datov\u00e1 centra soust\u0159e\u010fuj\u00ed st\u00e1le v\u00fdkonn\u011bj\u0161\u00ed a hust\u0161\u00ed v\u00fdpo\u010detn\u00ed z\u00e1t\u011b\u017e, kter\u00e1 generuje zna\u010dn\u00e9 teplo. Tepeln\u00e1 regulace je zde strategickou v\u00fdzvou pro v\u00fdkon, bezpe\u010dnost a kontinuitu provozu. <br\/>Zat\u00edmco tradi\u010dn\u00ed klimatizace je standardem, zahrnuje vysok\u00e9 n\u00e1klady a pevnou instalaci. Pro ob\u010dasn\u00e9 pot\u0159eby nebo nepokryt\u00e9 z\u00f3ny p\u0159edstavuj\u00ed <a href=\"https:\/\/obera.fr\/cs\/produits\/rafraichisseurs-air\/rafraichisseurs-par-evaporation-ic\/\">odpa\u0159ovac\u00ed chladi\u010de \u0159ady IC<\/a> od spole\u010dnosti <strong>OberA<\/strong> <strong>mobiln\u00ed dopl\u0148kov\u00e9 \u0159e\u0161en\u00ed<\/strong>, kter\u00e9 je ekonomick\u00e9 a okam\u017eit\u00e9, ani\u017e by naru\u0161ilo st\u00e1vaj\u00edc\u00ed infrastrukturu. <\/p>\n\n<p><\/p>\n\n<div class=\"wp-block-columns is-layout-flex wp-container-core-columns-is-layout-28f84493 wp-block-columns-is-layout-flex\">\n<div class=\"wp-block-column is-layout-flow wp-block-column-is-layout-flow\" style=\"flex-basis:66.66%\">\n<h2 class=\"wp-block-heading\">1. Tepeln\u00e9 v\u00fdzvy specifick\u00e9 pro datov\u00e1 centra<\/h2>\n\n\n\n<ul class=\"wp-block-list\">\n<li>Informa\u010dn\u00ed technologie (servery, UPS, switche) uvol\u0148uj\u00ed nep\u0159etr\u017eit\u00e9 teplo, 24 hodin denn\u011b.<\/li>\n\n\n\n<li>Jak\u00e1koli porucha chlazen\u00ed m\u016f\u017ee v\u00e9st k <strong>rychl\u00e9mu p\u0159eh\u0159\u00e1t\u00ed<\/strong>, sn\u00ed\u017een\u00ed v\u00fdkonu nebo dokonce k zastaven\u00ed syst\u00e9m\u016f.<\/li>\n\n\n\n<li>Perifern\u00ed z\u00f3ny (technick\u00e1 m\u00edstnost, izolovan\u00fd box, IT logistika) jsou n\u011bkdy \u0161patn\u011b obsluhov\u00e1ny centr\u00e1ln\u00edm chlazen\u00edm.<\/li>\n\n\n\n<li>Pou\u017eit\u00ed z\u00e1lo\u017en\u00edch, do\u010dasn\u00fdch nebo lokalizovan\u00fdch \u0159e\u0161en\u00ed se stalo nezbytn\u00fdm pro zaji\u0161t\u011bn\u00ed <strong>tepeln\u00e9 redundance<\/strong>.<\/li>\n<\/ul>\n\n\n\n<h2 class=\"wp-block-heading\">2. Chlazen\u00ed odpa\u0159ov\u00e1n\u00edm: rychl\u00e9 a ekonomick\u00e9 dopl\u0148kov\u00e9 \u0159e\u0161en\u00ed<\/h2>\n\n\n\n<ul class=\"wp-block-list\">\n<li>Chladi\u010de IC funguj\u00ed bez chladiva: <strong>vyu\u017e\u00edvaj\u00ed odpa\u0159ov\u00e1n\u00ed vody k ochlazen\u00ed nas\u00e1van\u00e9ho vzduchu<\/strong>.<\/li>\n\n\n\n<li>Mohou b\u00fdt <strong>um\u00edst\u011bny v bl\u00edzkosti box\u016f<\/strong>, v hork\u00fdch uli\u010dk\u00e1ch nebo v technick\u00fdch z\u00f3n\u00e1ch.<\/li>\n\n\n\n<li>Jejich <a href=\"https:\/\/obera.fr\/cs\/nase-rady\/determiner-debit-air-rafraichisseur-air-industriel\/#:~:text=Chez%20oberA%2C%20le%20d%C3%A9bit%20des,%C3%A0%2030%20000%20m%C2%B3%2Fh.\">vysok\u00fd pr\u016ftok vzduchu<\/a> umo\u017e\u0148uje rychl\u00e9 prom\u00edch\u00e1n\u00ed velk\u00fdch objem\u016f s okam\u017eit\u00fdm sn\u00ed\u017een\u00edm vn\u00edman\u00e9 teploty.<\/li>\n\n\n\n<li>Nevy\u017eaduj\u00ed <strong>\u017e\u00e1dnou trvalou instalaci<\/strong>: sta\u010d\u00ed jednoduch\u00e1 z\u00e1suvka a n\u00e1dr\u017e na vodu.<\/li>\n<\/ul>\n<\/div>\n\n\n\n<div class=\"wp-block-column is-layout-flow wp-block-column-is-layout-flow\" style=\"flex-basis:33.33%\">\n<figure class=\"wp-block-image aligncenter size-large\"><img decoding=\"async\" width=\"1024\" height=\"683\" src=\"https:\/\/obera.fr\/wp-content\/uploads\/2025\/08\/raf-data-center-1024x683.png\" alt=\"raf datov&#xE9; centrum\" class=\"wp-image-128693\" srcset=\"https:\/\/obera.fr\/wp-content\/uploads\/2025\/08\/raf-data-center-1024x683.png 1024w, https:\/\/obera.fr\/wp-content\/uploads\/2025\/08\/raf-data-center-300x200.png 300w, https:\/\/obera.fr\/wp-content\/uploads\/2025\/08\/raf-data-center-768x512.png 768w, https:\/\/obera.fr\/wp-content\/uploads\/2025\/08\/raf-data-center.png 1200w\" sizes=\"(max-width: 1024px) 100vw, 1024px\" \/><\/figure>\n<\/div>\n<\/div>\n\n<p><\/p>\n\n<h2 class=\"wp-block-heading\">3. \u0158ada IC: modely p\u0159izp\u016fsoben\u00e9 omezen\u00edm IT m\u00edstnost\u00ed<\/h2>\n\n<div class=\"wp-block-columns is-layout-flex wp-container-core-columns-is-layout-28f84493 wp-block-columns-is-layout-flex\">\n<div class=\"wp-block-column is-layout-flow wp-block-column-is-layout-flow\">\n<h3 class=\"wp-block-heading has-text-align-center\">IC 12<\/h3>\n\n\n\n<figure class=\"wp-block-image size-large\"><img decoding=\"async\" width=\"1024\" height=\"1024\" src=\"https:\/\/obera.fr\/wp-content\/uploads\/2025\/07\/ic-12-2-1024x1024.png\" alt=\"ic 12\" class=\"wp-image-124143\" srcset=\"https:\/\/obera.fr\/wp-content\/uploads\/2025\/07\/ic-12-2-1024x1024.png 1024w, https:\/\/obera.fr\/wp-content\/uploads\/2025\/07\/ic-12-2-300x300.png 300w, https:\/\/obera.fr\/wp-content\/uploads\/2025\/07\/ic-12-2-150x150.png 150w, https:\/\/obera.fr\/wp-content\/uploads\/2025\/07\/ic-12-2-768x768.png 768w, https:\/\/obera.fr\/wp-content\/uploads\/2025\/07\/ic-12-2.png 1200w\" sizes=\"(max-width: 1024px) 100vw, 1024px\" \/><\/figure>\n\n\n\n<ul class=\"wp-block-list\">\n<li>Pro izolovan\u00e9 sk\u0159\u00edn\u011b, jednotliv\u00e9 boxy nebo mikro-datov\u00e1 centra<\/li>\n\n\n\n<li>Pr\u016ftok 12 000 m\u00b3\/h<\/li>\n\n\n\n<li>Kompaktn\u00ed, mobiln\u00ed, tich\u00fd, snadno p\u0159em\u00edstiteln\u00fd<\/li>\n<\/ul>\n\n\n\n<p><\/p>\n<\/div>\n\n\n\n<div class=\"wp-block-column is-layout-flow wp-block-column-is-layout-flow\">\n<h3 class=\"wp-block-heading has-text-align-center\">IC 22<\/h3>\n\n\n\n<figure class=\"wp-block-image size-large\"><img decoding=\"async\" width=\"1024\" height=\"1024\" src=\"https:\/\/obera.fr\/wp-content\/uploads\/2025\/07\/ic-22-2-1024x1024.png\" alt=\"ic 22\" class=\"wp-image-124296\" srcset=\"https:\/\/obera.fr\/wp-content\/uploads\/2025\/07\/ic-22-2-1024x1024.png 1024w, https:\/\/obera.fr\/wp-content\/uploads\/2025\/07\/ic-22-2-300x300.png 300w, https:\/\/obera.fr\/wp-content\/uploads\/2025\/07\/ic-22-2-150x150.png 150w, https:\/\/obera.fr\/wp-content\/uploads\/2025\/07\/ic-22-2-768x768.png 768w, https:\/\/obera.fr\/wp-content\/uploads\/2025\/07\/ic-22-2.png 1200w\" sizes=\"(max-width: 1024px) 100vw, 1024px\" \/><\/figure>\n\n\n\n<ul class=\"wp-block-list\">\n<li>Pro technick\u00e9 uli\u010dky, sd\u00edlen\u00e9 racky nebo sekund\u00e1rn\u00ed m\u00edstnosti<\/li>\n\n\n\n<li>Pr\u016ftok 22 000 m\u00b3\/h<\/li>\n\n\n\n<li>Vybaven syst\u00e9mem UV sterilizace vody, ide\u00e1ln\u00ed pro citliv\u00e1 prost\u0159ed\u00ed<\/li>\n<\/ul>\n\n\n\n<p><\/p>\n<\/div>\n\n\n\n<div class=\"wp-block-column is-layout-flow wp-block-column-is-layout-flow\">\n<h3 class=\"wp-block-heading has-text-align-center\">IC 30<\/h3>\n\n\n\n<figure class=\"wp-block-image size-large\"><img decoding=\"async\" width=\"1024\" height=\"1024\" src=\"https:\/\/obera.fr\/wp-content\/uploads\/2025\/07\/ic-30-4-1024x1024.png\" alt=\"ic 30\" class=\"wp-image-124370\" srcset=\"https:\/\/obera.fr\/wp-content\/uploads\/2025\/07\/ic-30-4-1024x1024.png 1024w, https:\/\/obera.fr\/wp-content\/uploads\/2025\/07\/ic-30-4-300x300.png 300w, https:\/\/obera.fr\/wp-content\/uploads\/2025\/07\/ic-30-4-150x150.png 150w, https:\/\/obera.fr\/wp-content\/uploads\/2025\/07\/ic-30-4-768x768.png 768w, https:\/\/obera.fr\/wp-content\/uploads\/2025\/07\/ic-30-4.png 1200w\" sizes=\"(max-width: 1024px) 100vw, 1024px\" \/><\/figure>\n\n\n\n<ul class=\"wp-block-list\">\n<li>Pro rozs\u00e1hl\u00e9 serverovny, z\u00e1lohy nebo modul\u00e1rn\u00ed IT moduly<\/li>\n\n\n\n<li>Pr\u016ftok 30 000 m\u00b3\/h<\/li>\n\n\n\n<li>Maxim\u00e1ln\u00ed v\u00fdkon, pou\u017eiteln\u00fd i v polootev\u0159en\u00e9m prostoru (prefabrikovan\u00fd, IT kontejner)<\/li>\n<\/ul>\n\n\n\n<p><\/p>\n<\/div>\n<\/div>\n\n<div class=\"wp-block-buttons is-content-justification-center is-layout-flex wp-container-core-buttons-is-layout-a89b3969 wp-block-buttons-is-layout-flex\">\n<div class=\"wp-block-button\"><a class=\"wp-block-button__link wp-element-button\" href=\"https:\/\/obera.fr\/cs\/produits\/rafraichisseurs-air\/rafraichisseurs-par-evaporation-ic\/\">Objevte na\u0161i \u0159adu IC<\/a><\/div>\n<\/div>\n\n<p><\/p>\n\n<h2 class=\"wp-block-heading\">4. Specifick\u00e9 v\u00fdhody pro provozovatele datov\u00fdch center<\/h2>\n\n<ul class=\"wp-block-list\">\n<li><strong>Do\u010dasn\u00e1 tepeln\u00e1 podpora<\/strong> bez dopadu na hlavn\u00ed infrastrukturu<\/li>\n\n\n\n<li><strong>\u00daspora energie<\/strong> ve srovn\u00e1n\u00ed s klasickou klimatizac\u00ed<\/li>\n\n\n\n<li><strong>Rychl\u00e1 instalace<\/strong>, \u017e\u00e1dn\u00e9 prostoje, kompatibiln\u00ed s politikou kontinuity \u010dinnosti<\/li>\n\n\n\n<li><strong>\u00dapln\u00e1 mobilita<\/strong> pro c\u00edlen\u00e9 nasazen\u00ed podle kritick\u00fdch z\u00f3n<\/li>\n\n\n\n<li><strong>Ide\u00e1ln\u00ed pro obdob\u00ed \u00fadr\u017eby, migrace, ob\u010dasn\u00e9ho p\u0159et\u00ed\u017een\u00ed nebo testov\u00e1n\u00ed<\/strong><\/li>\n\n\n\n<li><strong>K dispozici k pron\u00e1jmu<\/strong> pro do\u010dasn\u00e9 pot\u0159eby (akce, staveni\u0161t\u011b, specifick\u00fd projekt)<\/li>\n<\/ul>\n\n<p>V tak n\u00e1ro\u010dn\u00e9m prost\u0159ed\u00ed, jako je datov\u00e9 centrum, kde z\u00e1le\u017e\u00ed na ka\u017ed\u00e9m stupni, poskytuj\u00ed chladi\u010de IC flexibiln\u00ed a dopl\u0148kov\u00e9 \u0159e\u0161en\u00ed. Jako posila pevn\u00fdch instalac\u00ed umo\u017e\u0148uj\u00ed zabezpe\u010dit operace, udr\u017eovat v\u00fdkon a rychle reagovat p\u0159i neo\u010dek\u00e1van\u00fdch tepeln\u00fdch \u0161pi\u010dk\u00e1ch. <\/p>\n","protected":false},"excerpt":{"rendered":"<p>Datov\u00e1 centra soust\u0159e\u010fuj\u00ed st\u00e1le v\u00fdkonn\u011bj\u0161\u00ed a hust\u0161\u00ed v\u00fdpo\u010detn\u00ed z\u00e1t\u011b\u017e, kter\u00e1 generuje zna\u010dn\u00e9 teplo. Tepeln\u00e1 regulace je zde strategickou v\u00fdzvou pro v\u00fdkon, bezpe\u010dnost a kontinuitu provozu. <\/p>\n","protected":false},"author":13,"featured_media":103613,"comment_status":"open","ping_status":"closed","sticky":false,"template":"","format":"standard","meta":{"_acf_changed":false,"_seopress_robots_primary_cat":"none","_seopress_titles_title":"Chladi\u010de IC OberA: adiabatick\u00e9 dopl\u0148kov\u00e9 \u0159e\u0161en\u00ed pro datov\u00e1 centra","_seopress_titles_desc":"Zabezpe\u010dte sv\u00e1 datov\u00e1 centra s mobiln\u00edmi chladi\u010di IC od OberA: dopl\u0148kov\u00e9 adiabatick\u00e9 \u0159e\u0161en\u00ed, kter\u00e9 je ekonomick\u00e9, flexibiln\u00ed a rychle nasaditeln\u00e9","_seopress_robots_index":"","footnotes":""},"categories":[835],"tags":[406],"class_list":["post-133647","post","type-post","status-publish","format-standard","has-post-thumbnail","hentry","category-it-telekomunikace","tag-chladice","generate-columns","tablet-grid-50","mobile-grid-100","grid-parent","grid-50","no-featured-image-padding","resize-featured-image"],"acf":[],"_links":{"self":[{"href":"https:\/\/obera.fr\/cs\/wp-json\/wp\/v2\/posts\/133647","targetHints":{"allow":["GET"]}}],"collection":[{"href":"https:\/\/obera.fr\/cs\/wp-json\/wp\/v2\/posts"}],"about":[{"href":"https:\/\/obera.fr\/cs\/wp-json\/wp\/v2\/types\/post"}],"author":[{"embeddable":true,"href":"https:\/\/obera.fr\/cs\/wp-json\/wp\/v2\/users\/13"}],"replies":[{"embeddable":true,"href":"https:\/\/obera.fr\/cs\/wp-json\/wp\/v2\/comments?post=133647"}],"version-history":[{"count":1,"href":"https:\/\/obera.fr\/cs\/wp-json\/wp\/v2\/posts\/133647\/revisions"}],"predecessor-version":[{"id":133649,"href":"https:\/\/obera.fr\/cs\/wp-json\/wp\/v2\/posts\/133647\/revisions\/133649"}],"wp:featuredmedia":[{"embeddable":true,"href":"https:\/\/obera.fr\/cs\/wp-json\/wp\/v2\/media\/103613"}],"wp:attachment":[{"href":"https:\/\/obera.fr\/cs\/wp-json\/wp\/v2\/media?parent=133647"}],"wp:term":[{"taxonomy":"category","embeddable":true,"href":"https:\/\/obera.fr\/cs\/wp-json\/wp\/v2\/categories?post=133647"},{"taxonomy":"post_tag","embeddable":true,"href":"https:\/\/obera.fr\/cs\/wp-json\/wp\/v2\/tags?post=133647"}],"curies":[{"name":"wp","href":"https:\/\/api.w.org\/{rel}","templated":true}]}}