{"id":133658,"date":"2025-09-20T13:00:00","date_gmt":"2025-09-20T11:00:00","guid":{"rendered":"https:\/\/obera.fr\/nase-rada\/tepelna-pohoda-v-restauracnich-zarizenich-ochlazovace-ic-od-spolecnosti-obera-mobilni-a-ekonomicke-reseni\/"},"modified":"2025-11-20T15:58:08","modified_gmt":"2025-11-20T13:58:08","slug":"tepelna-pohoda-v-restauracnich-zarizenich-ochlazovace-ic-od-spolecnosti-obera-mobilni-a-ekonomicke-reseni","status":"publish","type":"post","link":"https:\/\/obera.fr\/cs\/restaurace-a-ubytovani\/tepelna-pohoda-v-restauracnich-zarizenich-ochlazovace-ic-od-spolecnosti-obera-mobilni-a-ekonomicke-reseni\/","title":{"rendered":"Tepeln\u00e1 pohoda v restaura\u010dn\u00edch za\u0159\u00edzen\u00edch: ochlazova\u010de IC od spole\u010dnosti OberA, mobiln\u00ed a ekonomick\u00e9 \u0159e\u0161en\u00ed"},"content":{"rendered":"\n<h2 class=\"wp-block-heading\">\u00davod<\/h2>\n\n<p>V kav\u00e1rn\u00e1ch, hotelech, restaurac\u00edch nebo za\u0159\u00edzen\u00edch spole\u010dn\u00e9ho stravov\u00e1n\u00ed je teplo faktorem, kter\u00fd ovliv\u0148uje jak z\u00e1kaznickou zku\u0161enost, tak pracovn\u00ed podm\u00ednky person\u00e1lu. V s\u00e1le, v kuchyni nebo na kryt\u00fdch teras\u00e1ch m\u016f\u017ee n\u00e1r\u016fst teplot zp\u016fsobit nepohodl\u00ed, ztr\u00e1tu n\u00e1v\u0161t\u011bvnosti a pokles produktivity.<br\/><a href=\"https:\/\/obera.fr\/cs\/produits\/rafraichisseurs-air\/rafraichisseurs-par-evaporation-ic\/\">Evapora\u010dn\u00ed chladi\u010de vzduchu \u0159ady IC<\/a>, navr\u017een\u00e9 spole\u010dnost\u00ed <strong>OberA<\/strong>, nab\u00edzej\u00ed \u00fa\u010dinn\u00e9, mobiln\u00ed \u0159e\u0161en\u00ed bez stavebn\u00edch \u00faprav pro rychl\u00e9, ekonomick\u00e9 a ekologick\u00e9 chlazen\u00ed prost\u0159ed\u00ed v restaurac\u00edch.<\/p>\n\n<div class=\"wp-block-columns is-layout-flex wp-container-core-columns-is-layout-28f84493 wp-block-columns-is-layout-flex\">\n<div class=\"wp-block-column is-layout-flow wp-block-column-is-layout-flow\" style=\"flex-basis:66.66%\">\n<h2 class=\"wp-block-heading\">1. Prost\u0159ed\u00ed citliv\u00e1 na teplo<\/h2>\n\n\n\n<ul class=\"wp-block-list\">\n<li><strong>Profesion\u00e1ln\u00ed kuchyn\u011b<\/strong> nep\u0159etr\u017eit\u011b produkuj\u00ed teplo (trouba, plancha, frit\u00e9za, p\u00e1ra), a to i mimo obdob\u00ed vysok\u00fdch teplot.<\/li>\n\n\n\n<li><a href=\"https:\/\/obera.fr\/cs\/restaurace-a-ubytovani\/\">Restaura\u010dn\u00ed s\u00e1ly<\/a> a prostory pro hosty, \u010dasto prosklen\u00e9, se p\u0159i teplotn\u00edch \u0161pi\u010dk\u00e1ch m\u011bn\u00ed ve sklen\u00edky.<\/li>\n\n\n\n<li><strong>Kryt\u00e9 nebo polootev\u0159en\u00e9 terasy<\/strong> jsou velmi vystaveny slunci, co\u017e zt\u011b\u017euje jejich provoz v l\u00e9t\u011b.<\/li>\n\n\n\n<li>Tepeln\u00fd diskomfort m\u016f\u017ee zp\u016fsobit ztr\u00e1tu klientely a fluktuaci person\u00e1lu.<\/li>\n<\/ul>\n\n\n\n<p><\/p>\n\n\n\n<h2 class=\"wp-block-heading\">2. Adiabatick\u00e9 chlazen\u00ed, dokonale p\u0159izp\u016fsoben\u00e9 restaurac\u00edm<\/h2>\n\n\n\n<ul class=\"wp-block-list\">\n<li><strong>Chladi\u010de IC<\/strong> funguj\u00ed na principu odpa\u0159ov\u00e1n\u00ed vody a p\u0159irozen\u011b sni\u017euj\u00ed teplotu okoln\u00edho vzduchu.<\/li>\n\n\n\n<li>Zaji\u0161\u0165uj\u00ed <strong>konstantn\u00ed chlazen\u00ed<\/strong> bez cirkulace such\u00e9ho vzduchu \u010di recirkulace tepla.<\/li>\n\n\n\n<li>Jejich provoz je <strong>tich\u00fd<\/strong>, bez vibrac\u00ed a bez vn\u011bj\u0161\u00edch v\u00fddech\u016f: ide\u00e1ln\u00ed pro pou\u017eit\u00ed v s\u00e1le nebo v bl\u00edzkosti z\u00e1kazn\u00edk\u016f.<\/li>\n\n\n\n<li>Nevy\u017eaduj\u00ed <strong>\u017e\u00e1dnou pevnou instalaci<\/strong>, co\u017e umo\u017e\u0148uje rychl\u00e9 nasazen\u00ed bez p\u0159eru\u0161en\u00ed provozu.<\/li>\n<\/ul>\n\n\n\n<p><\/p>\n<\/div>\n\n\n\n<div class=\"wp-block-column is-layout-flow wp-block-column-is-layout-flow\" style=\"flex-basis:33.33%\">\n<figure class=\"wp-block-image aligncenter size-large is-resized\"><img decoding=\"async\" width=\"1024\" height=\"1024\" src=\"https:\/\/obera.fr\/wp-content\/uploads\/2025\/08\/raf-restauration-1024x1024.png\" alt=\"raf restaurace\" class=\"wp-image-128665\" style=\"width:329px;height:auto\" srcset=\"https:\/\/obera.fr\/wp-content\/uploads\/2025\/08\/raf-restauration-1024x1024.png 1024w, https:\/\/obera.fr\/wp-content\/uploads\/2025\/08\/raf-restauration-300x300.png 300w, https:\/\/obera.fr\/wp-content\/uploads\/2025\/08\/raf-restauration-150x150.png 150w, https:\/\/obera.fr\/wp-content\/uploads\/2025\/08\/raf-restauration-768x768.png 768w, https:\/\/obera.fr\/wp-content\/uploads\/2025\/08\/raf-restauration.png 1200w\" sizes=\"(max-width: 1024px) 100vw, 1024px\" \/><\/figure>\n<\/div>\n<\/div>\n\n<h2 class=\"wp-block-heading\">3. Modely IC p\u0159izp\u016fsoben\u00e9 ka\u017ed\u00e9 z\u00f3n\u011b podniku<\/h2>\n\n<div class=\"wp-block-columns is-layout-flex wp-container-core-columns-is-layout-28f84493 wp-block-columns-is-layout-flex\">\n<div class=\"wp-block-column is-layout-flow wp-block-column-is-layout-flow\">\n<h3 class=\"wp-block-heading has-text-align-center\">IC 12<\/h3>\n\n\n\n<figure class=\"wp-block-image size-large\"><img decoding=\"async\" width=\"1024\" height=\"1024\" src=\"https:\/\/obera.fr\/wp-content\/uploads\/2025\/07\/ic-12-2-1024x1024.png\" alt=\"ic 12\" class=\"wp-image-124143\" srcset=\"https:\/\/obera.fr\/wp-content\/uploads\/2025\/07\/ic-12-2-1024x1024.png 1024w, https:\/\/obera.fr\/wp-content\/uploads\/2025\/07\/ic-12-2-300x300.png 300w, https:\/\/obera.fr\/wp-content\/uploads\/2025\/07\/ic-12-2-150x150.png 150w, https:\/\/obera.fr\/wp-content\/uploads\/2025\/07\/ic-12-2-768x768.png 768w, https:\/\/obera.fr\/wp-content\/uploads\/2025\/07\/ic-12-2.png 1200w\" sizes=\"(max-width: 1024px) 100vw, 1024px\" \/><\/figure>\n\n\n\n<ul class=\"wp-block-list\">\n<li>Pro mal\u00e9 restaura\u010dn\u00ed s\u00e1ly, bary, omezen\u00e9 kuchyn\u011b<\/li>\n\n\n\n<li>Pr\u016ftok 12 000 m\u00b3\/h<\/li>\n\n\n\n<li>Snadno p\u0159enosn\u00fd, diskr\u00e9tn\u00ed, rychl\u00e1 instalace<\/li>\n<\/ul>\n\n\n\n<p><\/p>\n<\/div>\n\n\n\n<div class=\"wp-block-column is-layout-flow wp-block-column-is-layout-flow\">\n<h3 class=\"wp-block-heading has-text-align-center\">IC 22<\/h3>\n\n\n\n<figure class=\"wp-block-image size-large\"><img decoding=\"async\" width=\"1024\" height=\"1024\" src=\"https:\/\/obera.fr\/wp-content\/uploads\/2025\/07\/ic-22-2-1024x1024.png\" alt=\"ic 22\" class=\"wp-image-124296\" srcset=\"https:\/\/obera.fr\/wp-content\/uploads\/2025\/07\/ic-22-2-1024x1024.png 1024w, https:\/\/obera.fr\/wp-content\/uploads\/2025\/07\/ic-22-2-300x300.png 300w, https:\/\/obera.fr\/wp-content\/uploads\/2025\/07\/ic-22-2-150x150.png 150w, https:\/\/obera.fr\/wp-content\/uploads\/2025\/07\/ic-22-2-768x768.png 768w, https:\/\/obera.fr\/wp-content\/uploads\/2025\/07\/ic-22-2.png 1200w\" sizes=\"(max-width: 1024px) 100vw, 1024px\" \/><\/figure>\n\n\n\n<ul class=\"wp-block-list\">\n<li>Pro velk\u00e9 otev\u0159en\u00e9 kuchyn\u011b, samoobsluhy, s\u00e1ly kolektivn\u00edho stravov\u00e1n\u00ed<\/li>\n\n\n\n<li>Pr\u016ftok 22 000 m\u00b3\/h<\/li>\n\n\n\n<li>N\u00e1dr\u017e na vodu s velkou kapacitou, integrovan\u00fd UV syst\u00e9m pro zaji\u0161t\u011bn\u00ed hygieny<\/li>\n<\/ul>\n\n\n\n<p><\/p>\n<\/div>\n\n\n\n<div class=\"wp-block-column is-layout-flow wp-block-column-is-layout-flow\">\n<h3 class=\"wp-block-heading has-text-align-center\">IC 30<\/h3>\n\n\n\n<figure class=\"wp-block-image size-large\"><img decoding=\"async\" width=\"1024\" height=\"1024\" src=\"https:\/\/obera.fr\/wp-content\/uploads\/2025\/07\/ic-30-4-1024x1024.png\" alt=\"ic 30\" class=\"wp-image-124370\" srcset=\"https:\/\/obera.fr\/wp-content\/uploads\/2025\/07\/ic-30-4-1024x1024.png 1024w, https:\/\/obera.fr\/wp-content\/uploads\/2025\/07\/ic-30-4-300x300.png 300w, https:\/\/obera.fr\/wp-content\/uploads\/2025\/07\/ic-30-4-150x150.png 150w, https:\/\/obera.fr\/wp-content\/uploads\/2025\/07\/ic-30-4-768x768.png 768w, https:\/\/obera.fr\/wp-content\/uploads\/2025\/07\/ic-30-4.png 1200w\" sizes=\"(max-width: 1024px) 100vw, 1024px\" \/><\/figure>\n\n\n\n<ul class=\"wp-block-list\">\n<li>Velk\u00e9 prostory pro akce <\/li>\n\n\n\n<li>Pr\u016ftok 30 000 m\u00b3\/h<\/li>\n\n\n\n<li>Vhodn\u00e9 pro polootev\u0159en\u00e9 nebo \u010d\u00e1ste\u010dn\u011b kryt\u00e9 prostory<\/li>\n<\/ul>\n\n\n\n<p><\/p>\n<\/div>\n<\/div>\n\n<div class=\"wp-block-buttons is-content-justification-center is-layout-flex wp-container-core-buttons-is-layout-a89b3969 wp-block-buttons-is-layout-flex\">\n<div class=\"wp-block-button\"><a class=\"wp-block-button__link wp-element-button\" href=\"https:\/\/obera.fr\/cs\/produits\/rafraichisseurs-air\/\">Objevte na\u0161i \u0159adu IC<\/a><\/div>\n<\/div>\n\n<p><\/p>\n\n<h2 class=\"wp-block-heading\">4. Konkr\u00e9tn\u00ed v\u00fdhody pro profesion\u00e1ly v restaurac\u00edch<\/h2>\n\n<ul class=\"wp-block-list\">\n<li><strong>Okam\u017eit\u00e9 zlep\u0161en\u00ed komfortu z\u00e1kazn\u00edk\u016f<\/strong> bez invazivn\u00ed klimatizace<\/li>\n\n\n\n<li><strong>Sn\u00ed\u017een\u00ed \u00fanavy a tepeln\u00e9ho stresu v kuchyni<\/strong><\/li>\n\n\n\n<li><strong>Zv\u00fd\u0161en\u00ed n\u00e1v\u0161t\u011bvnosti<\/strong> teras b\u011bhem vysok\u00fdch teplot<\/li>\n\n\n\n<li><strong>Mobiln\u00ed a sez\u00f3nn\u00ed \u0159e\u0161en\u00ed<\/strong>, dokonal\u00e9 pro letn\u00ed obdob\u00ed<\/li>\n\n\n\n<li><strong>\u00daspora energie<\/strong> ve srovn\u00e1n\u00ed s konven\u010dn\u00ed klimatizac\u00ed<\/li>\n\n\n\n<li><strong>Snadn\u00e1 \u00fadr\u017eba<\/strong>, kompatibiln\u00ed s po\u017eadavky na potravin\u00e1\u0159skou hygienu<\/li>\n\n\n\n<li><strong>Mo\u017enost pron\u00e1jmu<\/strong> pro obdob\u00ed vysok\u00e9 aktivity (l\u00e9to, akce, festivaly)<\/li>\n<\/ul>\n\n<h2 class=\"wp-block-heading\">Z\u00e1v\u011br<\/h2>\n\n<p>V odv\u011btv\u00ed, kde tepeln\u00fd komfort p\u0159\u00edmo ovliv\u0148uje spokojenost z\u00e1kazn\u00edk\u016f a v\u00fdkonnost t\u00fdmu, p\u0159in\u00e1\u0161ej\u00ed <strong>chladi\u010de IC od OberA<\/strong> jednoduch\u00e9, v\u00fdkonn\u00e9 a mobiln\u00ed \u0159e\u0161en\u00ed. A\u0165 u\u017e v s\u00e1le, v kuchyni nebo na terase, dokonale se p\u0159izp\u016fsobuj\u00ed po\u017eadavk\u016fm restaura\u010dn\u00edho prost\u0159ed\u00ed. <\/p>\n","protected":false},"excerpt":{"rendered":"<p>V kav\u00e1rn\u00e1ch, hotelech, restaurac\u00edch nebo za\u0159\u00edzen\u00edch spole\u010dn\u00e9ho stravov\u00e1n\u00ed je teplo faktorem, kter\u00fd ovliv\u0148uje jak z\u00e1kaznickou zku\u0161enost, tak pracovn\u00ed podm\u00ednky person\u00e1lu.<\/p>\n","protected":false},"author":13,"featured_media":83734,"comment_status":"open","ping_status":"closed","sticky":false,"template":"","format":"standard","meta":{"_acf_changed":false,"_seopress_robots_primary_cat":"none","_seopress_titles_title":"Ochlazova\u010de IC OberA: tepeln\u00e1 pohoda pro kav\u00e1rny, hotely a restaurace","_seopress_titles_desc":"Zlep\u0161ete komfort v s\u00e1le, kuchyni a na terase s mobiln\u00edmi ochlazova\u010di IC od spole\u010dnosti OberA: ekonomick\u00e9, ekologick\u00e9 a ide\u00e1ln\u00ed \u0159e\u0161en\u00ed pro restaura\u010dn\u00ed za\u0159\u00edzen\u00ed.","_seopress_robots_index":"","footnotes":""},"categories":[825],"tags":[406],"class_list":["post-133658","post","type-post","status-publish","format-standard","has-post-thumbnail","hentry","category-restaurace-a-ubytovani","tag-chladice","generate-columns","tablet-grid-50","mobile-grid-100","grid-parent","grid-50","no-featured-image-padding","resize-featured-image"],"acf":[],"_links":{"self":[{"href":"https:\/\/obera.fr\/cs\/wp-json\/wp\/v2\/posts\/133658","targetHints":{"allow":["GET"]}}],"collection":[{"href":"https:\/\/obera.fr\/cs\/wp-json\/wp\/v2\/posts"}],"about":[{"href":"https:\/\/obera.fr\/cs\/wp-json\/wp\/v2\/types\/post"}],"author":[{"embeddable":true,"href":"https:\/\/obera.fr\/cs\/wp-json\/wp\/v2\/users\/13"}],"replies":[{"embeddable":true,"href":"https:\/\/obera.fr\/cs\/wp-json\/wp\/v2\/comments?post=133658"}],"version-history":[{"count":1,"href":"https:\/\/obera.fr\/cs\/wp-json\/wp\/v2\/posts\/133658\/revisions"}],"predecessor-version":[{"id":133659,"href":"https:\/\/obera.fr\/cs\/wp-json\/wp\/v2\/posts\/133658\/revisions\/133659"}],"wp:featuredmedia":[{"embeddable":true,"href":"https:\/\/obera.fr\/cs\/wp-json\/wp\/v2\/media\/83734"}],"wp:attachment":[{"href":"https:\/\/obera.fr\/cs\/wp-json\/wp\/v2\/media?parent=133658"}],"wp:term":[{"taxonomy":"category","embeddable":true,"href":"https:\/\/obera.fr\/cs\/wp-json\/wp\/v2\/categories?post=133658"},{"taxonomy":"post_tag","embeddable":true,"href":"https:\/\/obera.fr\/cs\/wp-json\/wp\/v2\/tags?post=133658"}],"curies":[{"name":"wp","href":"https:\/\/api.w.org\/{rel}","templated":true}]}}