{"id":133810,"date":"2025-09-10T15:38:00","date_gmt":"2025-09-10T13:38:00","guid":{"rendered":"https:\/\/obera.fr\/nase-rada\/zlepseni-pohodli-a-vykonu-kolem-prepravnich-kontejneru\/"},"modified":"2025-11-21T11:27:21","modified_gmt":"2025-11-21T09:27:21","slug":"zlepseni-pohodli-a-vykonu-kolem-prepravnich-kontejneru","status":"publish","type":"post","link":"https:\/\/obera.fr\/cs\/doprava-a-skladovani-logistika\/zlepseni-pohodli-a-vykonu-kolem-prepravnich-kontejneru\/","title":{"rendered":"Zlep\u0161en\u00ed pohodl\u00ed a v\u00fdkonu kolem p\u0159epravn\u00edch kontejner\u016f"},"content":{"rendered":"\n<h2 class=\"wp-block-heading\">\u00davod<\/h2>\n\n<div class=\"wp-block-columns is-layout-flex wp-container-core-columns-is-layout-28f84493 wp-block-columns-is-layout-flex\">\n<div class=\"wp-block-column is-layout-flow wp-block-column-is-layout-flow\" style=\"flex-basis:66.66%\">\n<p>V logistick\u00e9m \u0159et\u011bzci jsou kontejnery v\u0161udyp\u0159\u00edtomn\u00e9: pou\u017e\u00edvan\u00e9 pro n\u00e1mo\u0159n\u00ed, \u017eelezni\u010dn\u00ed nebo silni\u010dn\u00ed dopravu, proch\u00e1zej\u00ed p\u0159es uzly, sklady a nakl\u00e1dac\u00ed z\u00f3ny, kde klimatick\u00e9 podm\u00ednky mohou p\u0159\u00edmo ovlivnit provoz.<br\/>Vlny veder komplikuj\u00ed pr\u00e1ci oper\u00e1tor\u016f, ovliv\u0148uj\u00ed bezpe\u010dnost citliv\u00e9ho zbo\u017e\u00ed (potraviny, chemik\u00e1lie, l\u00e9\u010diva) a zpomaluj\u00ed tempo.<br\/>Pr\u016fmyslov\u00e9 <a href=\"https:\/\/obera.fr\/cs\/produits\/rafraichisseurs-air\/rafraichisseurs-par-evaporation-ic\/\">vzduchov\u00e9 chladi\u010de \u0159ady IC<\/a>, vyvinut\u00e9 spole\u010dnost\u00ed <strong>OberA<\/strong>, p\u0159edstavuj\u00ed flexibiln\u00ed a efektivn\u00ed \u0159e\u0161en\u00ed pro zlep\u0161en\u00ed pracovn\u00edch podm\u00ednek v t\u011bchto prost\u0159ed\u00edch bez nutnosti pevn\u00e9 klimatizace.<\/p>\n\n\n\n<p><\/p>\n<\/div>\n\n\n\n<div class=\"wp-block-column is-layout-flow wp-block-column-is-layout-flow\" style=\"flex-basis:33.33%\">\n<figure class=\"wp-block-image aligncenter size-large is-resized\"><img decoding=\"async\" width=\"1024\" height=\"683\" src=\"https:\/\/obera.fr\/wp-content\/uploads\/2025\/08\/raf-transport-1024x683.png\" alt=\"Dopravn&#xED; chlazen&#xED;\" class=\"wp-image-128743\" style=\"width:293px;height:auto\" srcset=\"https:\/\/obera.fr\/wp-content\/uploads\/2025\/08\/raf-transport-1024x683.png 1024w, https:\/\/obera.fr\/wp-content\/uploads\/2025\/08\/raf-transport-300x200.png 300w, https:\/\/obera.fr\/wp-content\/uploads\/2025\/08\/raf-transport-768x512.png 768w, https:\/\/obera.fr\/wp-content\/uploads\/2025\/08\/raf-transport.png 1200w\" sizes=\"(max-width: 1024px) 100vw, 1024px\" \/><\/figure>\n<\/div>\n<\/div>\n\n<h2 class=\"wp-block-heading\">1. Logistick\u00e9 z\u00f3ny: prostory s vysokou tepelnou z\u00e1t\u011b\u017e\u00ed<\/h2>\n\n<ul class=\"wp-block-list\">\n<li>Nakl\u00e1dac\u00ed a vykl\u00e1dac\u00ed doky jsou \u010dasto otev\u0159en\u00e9, m\u00e1lo v\u011btran\u00e9 a vystaven\u00e9 slune\u010dn\u00edmu z\u00e1\u0159en\u00ed.<\/li>\n\n\n\n<li>Samotn\u00e9 kontejnery se st\u00e1vaj\u00ed zdrojem tepla, kdy\u017e jsou skladov\u00e1ny venku nebo otev\u0159eny na slunci.<\/li>\n\n\n\n<li>Hork\u00fd vzduch uv\u011bzn\u011bn\u00fd v kontejnerech m\u016f\u017ee p\u0159i otev\u0159en\u00ed dos\u00e1hnout v\u00edce ne\u017e 50\u00b0C, co\u017e p\u0159edstavuje riziko pro oper\u00e1tory.<\/li>\n\n\n\n<li>Logistick\u00e9 <a href=\"https:\/\/obera.fr\/cs\/doprava-a-skladovani-logistika\/\">toky<\/a> se v l\u00e9t\u011b zintenziv\u0148uj\u00ed, co\u017e zvy\u0161uje n\u00e1ro\u010dnost fyzick\u00fdch \u00fakol\u016f v horku.<\/li>\n<\/ul>\n\n<h2 class=\"wp-block-heading\">2. Mobiln\u00ed adiabatick\u00e9 \u0159e\u0161en\u00ed: provozn\u00ed \u0159e\u0161en\u00ed<\/h2>\n\n<ul class=\"wp-block-list\">\n<li>Odpa\u0159ovac\u00ed <strong>chladi\u010de IC<\/strong> nab\u00edzej\u00ed p\u0159irozenou alternativu ke klimatizaci, bez stavebn\u00edch prac\u00ed a chladic\u00edho okruhu.<\/li>\n\n\n\n<li>Mohou b\u00fdt um\u00edst\u011bny <strong>v nakl\u00e1dac\u00edch\/vykl\u00e1dac\u00edch z\u00f3n\u00e1ch<\/strong>, <strong>u vstupu do kontejner\u016f<\/strong> nebo v <strong>inspek\u010dn\u00edch a t\u0159\u00eddic\u00edch z\u00f3n\u00e1ch<\/strong>.<\/li>\n\n\n\n<li>D\u00edky sv\u00e9mu vysok\u00e9mu pr\u016ftoku vzduchu lok\u00e1ln\u011b sni\u017euj\u00ed vn\u00edmanou teplotu o n\u011bkolik stup\u0148\u016f a z\u00e1rove\u0148 zaji\u0161\u0165uj\u00ed <strong>konstantn\u00ed v\u011btr\u00e1n\u00ed<\/strong>.<\/li>\n\n\n\n<li>Jejich instalace prob\u00edh\u00e1 <strong>bez infrastruktury<\/strong>, pouh\u00fdm elektrick\u00fdm p\u0159ipojen\u00edm s integrovanou n\u00e1dr\u017e\u00ed na vodu nebo p\u0159ipojen\u00edm k s\u00edti.<\/li>\n<\/ul>\n\n<p><\/p>\n\n<h2 class=\"wp-block-heading\">3. Modely IC: p\u0159izp\u016fsoben\u00e9 logistick\u00fdm platform\u00e1m<\/h2>\n\n<div class=\"wp-block-columns is-layout-flex wp-container-core-columns-is-layout-28f84493 wp-block-columns-is-layout-flex\">\n<div class=\"wp-block-column is-layout-flow wp-block-column-is-layout-flow\">\n<h3 class=\"wp-block-heading has-text-align-center\">IC 12<\/h3>\n\n\n\n<figure class=\"wp-block-image size-large\"><img decoding=\"async\" width=\"1024\" height=\"1024\" src=\"https:\/\/obera.fr\/wp-content\/uploads\/2025\/07\/ic-12-2-1024x1024.png\" alt=\"ic 12\" class=\"wp-image-124143\" srcset=\"https:\/\/obera.fr\/wp-content\/uploads\/2025\/07\/ic-12-2-1024x1024.png 1024w, https:\/\/obera.fr\/wp-content\/uploads\/2025\/07\/ic-12-2-300x300.png 300w, https:\/\/obera.fr\/wp-content\/uploads\/2025\/07\/ic-12-2-150x150.png 150w, https:\/\/obera.fr\/wp-content\/uploads\/2025\/07\/ic-12-2-768x768.png 768w, https:\/\/obera.fr\/wp-content\/uploads\/2025\/07\/ic-12-2.png 1200w\" sizes=\"(max-width: 1024px) 100vw, 1024px\" \/><\/figure>\n\n\n\n<ul class=\"wp-block-list\">\n<li>Pro pracovn\u00ed stanice nebo omezen\u00e9 doky<\/li>\n\n\n\n<li>Pr\u016ftok 12000m\u00b3\/h, kompaktn\u00ed form\u00e1t, rychl\u00e9 nasazen\u00ed<\/li>\n<\/ul>\n\n\n\n<p><\/p>\n<\/div>\n\n\n\n<div class=\"wp-block-column is-layout-flow wp-block-column-is-layout-flow\">\n<h3 class=\"wp-block-heading has-text-align-center\">IC 22<\/h3>\n\n\n\n<figure class=\"wp-block-image size-large\"><img decoding=\"async\" width=\"1024\" height=\"1024\" src=\"https:\/\/obera.fr\/wp-content\/uploads\/2025\/07\/ic-22-2-1024x1024.png\" alt=\"ic 22\" class=\"wp-image-124296\" srcset=\"https:\/\/obera.fr\/wp-content\/uploads\/2025\/07\/ic-22-2-1024x1024.png 1024w, https:\/\/obera.fr\/wp-content\/uploads\/2025\/07\/ic-22-2-300x300.png 300w, https:\/\/obera.fr\/wp-content\/uploads\/2025\/07\/ic-22-2-150x150.png 150w, https:\/\/obera.fr\/wp-content\/uploads\/2025\/07\/ic-22-2-768x768.png 768w, https:\/\/obera.fr\/wp-content\/uploads\/2025\/07\/ic-22-2.png 1200w\" sizes=\"(max-width: 1024px) 100vw, 1024px\" \/><\/figure>\n\n\n\n<ul class=\"wp-block-list\">\n<li>Pro nakl\u00e1dac\u00ed z\u00f3ny s vysokou fluktuac\u00ed nebo logistick\u00e9 sklady<\/li>\n\n\n\n<li>Pr\u016ftok 22000m\u00b3\/h, efektivn\u00ed pro chlazen\u00ed tranzitn\u00edch z\u00f3n kontejner\u016f<\/li>\n\n\n\n<li>Vybaven UV syst\u00e9mem pro vodu, vhodn\u00fd pro n\u00e1ro\u010dn\u00e1 profesion\u00e1ln\u00ed prost\u0159ed\u00ed<\/li>\n<\/ul>\n\n\n\n<p><\/p>\n<\/div>\n\n\n\n<div class=\"wp-block-column is-layout-flow wp-block-column-is-layout-flow\">\n<h3 class=\"wp-block-heading has-text-align-center\">IC 30<\/h3>\n\n\n\n<figure class=\"wp-block-image size-large\"><img decoding=\"async\" width=\"1024\" height=\"1024\" src=\"https:\/\/obera.fr\/wp-content\/uploads\/2025\/07\/ic-30-4-1024x1024.png\" alt=\"ic 30\" class=\"wp-image-124370\" srcset=\"https:\/\/obera.fr\/wp-content\/uploads\/2025\/07\/ic-30-4-1024x1024.png 1024w, https:\/\/obera.fr\/wp-content\/uploads\/2025\/07\/ic-30-4-300x300.png 300w, https:\/\/obera.fr\/wp-content\/uploads\/2025\/07\/ic-30-4-150x150.png 150w, https:\/\/obera.fr\/wp-content\/uploads\/2025\/07\/ic-30-4-768x768.png 768w, https:\/\/obera.fr\/wp-content\/uploads\/2025\/07\/ic-30-4.png 1200w\" sizes=\"(max-width: 1024px) 100vw, 1024px\" \/><\/figure>\n\n\n\n<ul class=\"wp-block-list\">\n<li>Pro velk\u00e9 multimod\u00e1ln\u00ed uzly, tranzitn\u00ed hang\u00e1ry nebo kryt\u00e9 p\u0159\u00edstavn\u00ed z\u00f3ny<\/li>\n\n\n\n<li>Pr\u016ftok 30000m\u00b3\/h, robustn\u00ed, autonomn\u00ed, navr\u017een\u00fd pro velk\u00e9 objemy<\/li>\n<\/ul>\n\n\n\n<p><\/p>\n<\/div>\n<\/div>\n\n<div class=\"wp-block-buttons is-content-justification-center is-layout-flex wp-container-core-buttons-is-layout-a89b3969 wp-block-buttons-is-layout-flex\">\n<div class=\"wp-block-button\"><a class=\"wp-block-button__link wp-element-button\" href=\"https:\/\/obera.fr\/cs\/produits\/rafraichisseurs-air\/rafraichisseurs-par-evaporation-ic\/\">Objevte na\u0161i \u0159adu IC<\/a><\/div>\n<\/div>\n\n<p><\/p>\n\n<h2 class=\"wp-block-heading\">4. V\u00fdhody pro logistick\u00e9 oper\u00e1tory a dopravce<\/h2>\n\n<ul class=\"wp-block-list\">\n<li><strong>Zlep\u0161en\u00ed tepeln\u00e9ho komfortu<\/strong> t\u00fdm\u016f odpov\u011bdn\u00fdch za manipulaci<\/li>\n\n\n\n<li><strong>Sn\u00ed\u017een\u00ed rizik spojen\u00fdch s tepeln\u00fdmi \u0161oky<\/strong> p\u0159i otev\u00edr\u00e1n\u00ed kontejner\u016f<\/li>\n\n\n\n<li><strong>Udr\u017een\u00ed logistick\u00e9ho tempa<\/strong> i v obdob\u00ed siln\u00fdch veder<\/li>\n\n\n\n<li><strong>\u017d\u00e1dn\u00e9 p\u0159eru\u0161en\u00ed \u010dinnosti kv\u016fli instalaci<\/strong>: za\u0159\u00edzen\u00ed jsou mobiln\u00ed a autonomn\u00ed<\/li>\n\n\n\n<li><strong>Sn\u00ed\u017een\u00ed celkov\u00e9 spot\u0159eby energie<\/strong> ve srovn\u00e1n\u00ed s pevn\u00fdmi syst\u00e9my<\/li>\n\n\n\n<li><strong>Mo\u017enost sez\u00f3nn\u00edho pron\u00e1jmu<\/strong> pro pokryt\u00ed pouze letn\u00edch m\u011bs\u00edc\u016f<\/li>\n<\/ul>\n\n<p>V logistick\u00fdch prost\u0159ed\u00edch spojen\u00fdch s tokem kontejner\u016f je kontrola lok\u00e1ln\u00ed teploty strategickou z\u00e1le\u017eitost\u00ed, a to jak pro provozn\u00ed v\u00fdkon, tak pro bezpe\u010dnost pracovn\u00edk\u016f.<br\/>S <strong>\u0159adou IC<\/strong> nab\u00edz\u00ed OberA okam\u017eit\u011b pou\u017eiteln\u00e9, modul\u00e1rn\u00ed a ekonomick\u00e9 \u0159e\u0161en\u00ed pro efektivn\u00ed chlazen\u00ed citliv\u00fdch oblast\u00ed logistick\u00e9 dopravy.<\/p>\n","protected":false},"excerpt":{"rendered":"<p>V logistick\u00e9m \u0159et\u011bzci jsou kontejnery v\u0161udyp\u0159\u00edtomn\u00e9: pou\u017e\u00edvaj\u00ed se pro n\u00e1mo\u0159n\u00ed, \u017eelezni\u010dn\u00ed nebo silni\u010dn\u00ed dopravu a proch\u00e1zej\u00ed p\u0159es uzly, sklady a nakl\u00e1dac\u00ed z\u00f3ny, kde mohou klimatick\u00e9 podm\u00ednky p\u0159\u00edmo ovliv\u0148ovat provoz.<\/p>\n","protected":false},"author":13,"featured_media":83734,"comment_status":"open","ping_status":"closed","sticky":false,"template":"","format":"standard","meta":{"_acf_changed":false,"_seopress_robots_primary_cat":"none","_seopress_titles_title":"Chladi\u010de IC OberA: tepeln\u00fd komfort kolem logistick\u00fdch kontejner\u016f","_seopress_titles_desc":"Chra\u0148te sv\u00e9 t\u00fdmy p\u0159ed vlnami veder pomoc\u00ed chladi\u010d\u016f IC od spole\u010dnosti OberA: mobiln\u00ed, p\u0159\u00edrodn\u00ed a ekonomick\u00e9 \u0159e\u0161en\u00ed pro kontejnerov\u00e9 z\u00f3ny.","_seopress_robots_index":"","footnotes":""},"categories":[731],"tags":[406],"class_list":["post-133810","post","type-post","status-publish","format-standard","has-post-thumbnail","hentry","category-doprava-a-skladovani-logistika","tag-chladice","generate-columns","tablet-grid-50","mobile-grid-100","grid-parent","grid-50","no-featured-image-padding","resize-featured-image"],"acf":[],"_links":{"self":[{"href":"https:\/\/obera.fr\/cs\/wp-json\/wp\/v2\/posts\/133810","targetHints":{"allow":["GET"]}}],"collection":[{"href":"https:\/\/obera.fr\/cs\/wp-json\/wp\/v2\/posts"}],"about":[{"href":"https:\/\/obera.fr\/cs\/wp-json\/wp\/v2\/types\/post"}],"author":[{"embeddable":true,"href":"https:\/\/obera.fr\/cs\/wp-json\/wp\/v2\/users\/13"}],"replies":[{"embeddable":true,"href":"https:\/\/obera.fr\/cs\/wp-json\/wp\/v2\/comments?post=133810"}],"version-history":[{"count":1,"href":"https:\/\/obera.fr\/cs\/wp-json\/wp\/v2\/posts\/133810\/revisions"}],"predecessor-version":[{"id":133815,"href":"https:\/\/obera.fr\/cs\/wp-json\/wp\/v2\/posts\/133810\/revisions\/133815"}],"wp:featuredmedia":[{"embeddable":true,"href":"https:\/\/obera.fr\/cs\/wp-json\/wp\/v2\/media\/83734"}],"wp:attachment":[{"href":"https:\/\/obera.fr\/cs\/wp-json\/wp\/v2\/media?parent=133810"}],"wp:term":[{"taxonomy":"category","embeddable":true,"href":"https:\/\/obera.fr\/cs\/wp-json\/wp\/v2\/categories?post=133810"},{"taxonomy":"post_tag","embeddable":true,"href":"https:\/\/obera.fr\/cs\/wp-json\/wp\/v2\/tags?post=133810"}],"curies":[{"name":"wp","href":"https:\/\/api.w.org\/{rel}","templated":true}]}}