{"id":133818,"date":"2025-09-14T07:36:00","date_gmt":"2025-09-14T05:36:00","guid":{"rendered":"https:\/\/obera.fr\/nase-rada\/tepelny-komfort-v-prodejnich-prostorach-mobilni-ochlazovace-ic-reseni-pro-obchody\/"},"modified":"2025-11-21T11:27:27","modified_gmt":"2025-11-21T09:27:27","slug":"tepelny-komfort-v-prodejnich-prostorach-mobilni-ochlazovace-ic-reseni-pro-obchody","status":"publish","type":"post","link":"https:\/\/obera.fr\/cs\/obchod\/tepelny-komfort-v-prodejnich-prostorach-mobilni-ochlazovace-ic-reseni-pro-obchody\/","title":{"rendered":"Tepeln\u00fd komfort v prodejn\u00edch prostor\u00e1ch: mobiln\u00ed ochlazova\u010de IC, \u0159e\u0161en\u00ed pro obchody"},"content":{"rendered":"\n<h2 class=\"wp-block-heading\">\u00davod<\/h2>\n\n<div class=\"wp-block-columns is-layout-flex wp-container-core-columns-is-layout-28f84493 wp-block-columns-is-layout-flex\">\n<div class=\"wp-block-column is-layout-flow wp-block-column-is-layout-flow\" style=\"flex-basis:66.66%\">\n<p>Obchod je sektor, kde je z\u00e1kaznick\u00e1 zku\u0161enost p\u0159\u00edmo ovlivn\u011bna prost\u0159ed\u00edm prodejn\u00edho m\u00edsta. V obdob\u00ed siln\u00fdch veder m\u016f\u017ee vnit\u0159n\u00ed teplota rychle zp\u016fsobit nepohodl\u00ed nebo dokonce odradit z\u00e1kazn\u00edky i zam\u011bstnance. Ne v\u0161echny obchody jsou v\u0161ak vybaveny klimatiza\u010dn\u00edm syst\u00e9mem nebo si nemohou dovolit jeho n\u00e1klady.<br\/><a href=\"https:\/\/obera.fr\/cs\/produits\/rafraichisseurs-air\/rafraichisseurs-par-evaporation-ic\/\">Pr\u016fmyslov\u00e9 ochlazova\u010de vzduchu \u0159ady IC<\/a> vyvinut\u00e9 spole\u010dnost\u00ed <strong>OberA<\/strong> umo\u017e\u0148uj\u00ed efektivn\u011b ochladit obchodn\u00ed prostory bez stavebn\u00edch \u00faprav, s n\u00edzk\u00fdmi n\u00e1klady a ekologicky odpov\u011bdn\u00fdm zp\u016fsobem.  <\/p>\n<\/div>\n\n\n\n<div class=\"wp-block-column is-layout-flow wp-block-column-is-layout-flow\" style=\"flex-basis:33.33%\">\n<figure class=\"wp-block-image aligncenter size-large is-resized\"><img decoding=\"async\" width=\"1024\" height=\"683\" src=\"https:\/\/obera.fr\/wp-content\/uploads\/2025\/08\/raf-point-de-vente-1024x683.png\" alt=\"ochlazov&#xE1;n&#xED; prodejn&#xED;ho m&#xED;sta\" class=\"wp-image-128719\" style=\"width:300px;height:auto\" srcset=\"https:\/\/obera.fr\/wp-content\/uploads\/2025\/08\/raf-point-de-vente-1024x683.png 1024w, https:\/\/obera.fr\/wp-content\/uploads\/2025\/08\/raf-point-de-vente-300x200.png 300w, https:\/\/obera.fr\/wp-content\/uploads\/2025\/08\/raf-point-de-vente-768x512.png 768w, https:\/\/obera.fr\/wp-content\/uploads\/2025\/08\/raf-point-de-vente.png 1200w\" sizes=\"(max-width: 1024px) 100vw, 1024px\" \/><\/figure>\n<\/div>\n<\/div>\n\n<h2 class=\"wp-block-heading\">1. Tepeln\u00e9 v\u00fdzvy v obchodn\u00edch prostor\u00e1ch<\/h2>\n\n<ul class=\"wp-block-list\">\n<li>N\u00e1r\u016fst teplot p\u0159\u00edmo ovliv\u0148uje <strong>dobu p\u0159\u00edtomnosti z\u00e1kazn\u00edk\u016f<\/strong>, jejich n\u00e1kupy a kvalitu slu\u017eeb.<\/li>\n\n\n\n<li><a href=\"https:\/\/obera.fr\/cs\/obchod\/\">Obchody v centru m\u011bsta<\/a> nebo star\u00e9 budovy jsou \u010dasto \u0161patn\u011b izolovan\u00e9, s v\u00fdlohami orientovan\u00fdmi na jih.<\/li>\n\n\n\n<li><strong>Velk\u00e9 obchodn\u00ed plochy, showroomy nebo kryt\u00e9 trhy<\/strong> zaznamen\u00e1vaj\u00ed rychl\u00fd n\u00e1r\u016fst vnit\u0159n\u00ed teploty ji\u017e od jara.<\/li>\n\n\n\n<li>Teplo tak\u00e9 ovliv\u0148uje <strong>citliv\u00e9 produkty<\/strong>: textil, kosmetiku, \u010derstv\u00e9 produkty ve voln\u00e9m prodeji.<\/li>\n<\/ul>\n\n<h2 class=\"wp-block-heading\">2. P\u0159irozen\u00e9 a diskr\u00e9tn\u00ed fungov\u00e1n\u00ed v\u00fdparn\u00fdch ochlazova\u010d\u016f<\/h2>\n\n<ul class=\"wp-block-list\">\n<li>Syst\u00e9m ochlazova\u010d\u016f IC je zalo\u017een na <strong>adiabatick\u00e9m chlazen\u00ed<\/strong>: nas\u00e1van\u00fd tepl\u00fd vzduch proch\u00e1z\u00ed zvlh\u010den\u00fdm filtrem, ochlad\u00ed se a je vh\u00e1n\u011bn do prostoru.<\/li>\n\n\n\n<li>Nen\u00ed pot\u0159eba <strong>\u017e\u00e1dn\u00fd chladic\u00ed plyn<\/strong>, \u017e\u00e1dn\u00fd kompresor ani pevn\u00e1 instalace.<\/li>\n\n\n\n<li>Vzduch je p\u0159irozen\u011b obnovov\u00e1n a zvlh\u010dov\u00e1n, ani\u017e by vysu\u0161oval atmosf\u00e9ru obchodu.<\/li>\n\n\n\n<li>Provoz je <strong>tich\u00fd<\/strong>, co\u017e jej \u010din\u00ed kompatibiln\u00edm s m\u00edsty p\u0159ij\u00edmaj\u00edc\u00edmi ve\u0159ejnost.<\/li>\n<\/ul>\n\n<p><\/p>\n\n<h2 class=\"wp-block-heading\">3. \u0158ada IC: modely pro v\u0161echny form\u00e1ty obchod\u016f<\/h2>\n\n<div class=\"wp-block-columns is-layout-flex wp-container-core-columns-is-layout-28f84493 wp-block-columns-is-layout-flex\">\n<div class=\"wp-block-column is-layout-flow wp-block-column-is-layout-flow\">\n<h3 class=\"wp-block-heading has-text-align-center\">IC 12<\/h3>\n\n\n\n<figure class=\"wp-block-image size-large\"><img decoding=\"async\" width=\"1024\" height=\"1024\" src=\"https:\/\/obera.fr\/wp-content\/uploads\/2025\/07\/ic-12-2-1024x1024.png\" alt=\"ic 12\" class=\"wp-image-124143\" srcset=\"https:\/\/obera.fr\/wp-content\/uploads\/2025\/07\/ic-12-2-1024x1024.png 1024w, https:\/\/obera.fr\/wp-content\/uploads\/2025\/07\/ic-12-2-300x300.png 300w, https:\/\/obera.fr\/wp-content\/uploads\/2025\/07\/ic-12-2-150x150.png 150w, https:\/\/obera.fr\/wp-content\/uploads\/2025\/07\/ic-12-2-768x768.png 768w, https:\/\/obera.fr\/wp-content\/uploads\/2025\/07\/ic-12-2.png 1200w\" sizes=\"(max-width: 1024px) 100vw, 1024px\" \/><\/figure>\n\n\n\n<ul class=\"wp-block-list\">\n<li>Ide\u00e1ln\u00ed pro m\u00edstn\u00ed obchody, butiky, kade\u0159nictv\u00ed, kancel\u00e1\u0159e<\/li>\n\n\n\n<li>Pr\u016ftok 12 000 m\u00b3\/h<\/li>\n\n\n\n<li>Velmi kompaktn\u00ed, manipulovateln\u00fd, diskr\u00e9tn\u00ed, snadno um\u00edstiteln\u00fd za pokladnou nebo v chodb\u011b<\/li>\n<\/ul>\n\n\n\n<p><\/p>\n<\/div>\n\n\n\n<div class=\"wp-block-column is-layout-flow wp-block-column-is-layout-flow\">\n<h3 class=\"wp-block-heading has-text-align-center\">IC 22<\/h3>\n\n\n\n<figure class=\"wp-block-image size-large\"><img decoding=\"async\" width=\"1024\" height=\"1024\" src=\"https:\/\/obera.fr\/wp-content\/uploads\/2025\/07\/ic-22-2-1024x1024.png\" alt=\"ic 22\" class=\"wp-image-124296\" srcset=\"https:\/\/obera.fr\/wp-content\/uploads\/2025\/07\/ic-22-2-1024x1024.png 1024w, https:\/\/obera.fr\/wp-content\/uploads\/2025\/07\/ic-22-2-300x300.png 300w, https:\/\/obera.fr\/wp-content\/uploads\/2025\/07\/ic-22-2-150x150.png 150w, https:\/\/obera.fr\/wp-content\/uploads\/2025\/07\/ic-22-2-768x768.png 768w, https:\/\/obera.fr\/wp-content\/uploads\/2025\/07\/ic-22-2.png 1200w\" sizes=\"(max-width: 1024px) 100vw, 1024px\" \/><\/figure>\n\n\n\n<ul class=\"wp-block-list\">\n<li>Vhodn\u00fd pro st\u0159edn\u00ed plochy, bio obchody, prodejn\u00ed haly, v\u00fdstavn\u00ed prostory<\/li>\n\n\n\n<li>Pr\u016ftok 22 000 m\u00b3\/h<\/li>\n\n\n\n<li>Velk\u00e1 n\u00e1dr\u017e, integrovan\u00fd UV syst\u00e9m pro dokonalou hygienu, dobr\u00e1 autonomie<\/li>\n<\/ul>\n\n\n\n<p><\/p>\n<\/div>\n\n\n\n<div class=\"wp-block-column is-layout-flow wp-block-column-is-layout-flow\">\n<h3 class=\"wp-block-heading has-text-align-center\">IC 30<\/h3>\n\n\n\n<figure class=\"wp-block-image size-large\"><img decoding=\"async\" width=\"1024\" height=\"1024\" src=\"https:\/\/obera.fr\/wp-content\/uploads\/2025\/07\/ic-30-4-1024x1024.png\" alt=\"ic 30\" class=\"wp-image-124370\" srcset=\"https:\/\/obera.fr\/wp-content\/uploads\/2025\/07\/ic-30-4-1024x1024.png 1024w, https:\/\/obera.fr\/wp-content\/uploads\/2025\/07\/ic-30-4-300x300.png 300w, https:\/\/obera.fr\/wp-content\/uploads\/2025\/07\/ic-30-4-150x150.png 150w, https:\/\/obera.fr\/wp-content\/uploads\/2025\/07\/ic-30-4-768x768.png 768w, https:\/\/obera.fr\/wp-content\/uploads\/2025\/07\/ic-30-4.png 1200w\" sizes=\"(max-width: 1024px) 100vw, 1024px\" \/><\/figure>\n\n\n\n<ul class=\"wp-block-list\">\n<li>Navr\u017een pro rozs\u00e1hl\u00e9 obchodn\u00ed plochy, automobilov\u00e9 showroomy, zahradnictv\u00ed, kryt\u00e9 trhy<\/li>\n\n\n\n<li>Pr\u016ftok 30 000 m\u00b3\/h<\/li>\n\n\n\n<li>V\u00fdkonn\u00e9 ochlazov\u00e1n\u00ed pro z\u00f3ny s vysokou frekvenc\u00ed<\/li>\n<\/ul>\n\n\n\n<p><\/p>\n<\/div>\n<\/div>\n\n<div class=\"wp-block-buttons is-content-justification-center is-layout-flex wp-container-core-buttons-is-layout-a89b3969 wp-block-buttons-is-layout-flex\">\n<div class=\"wp-block-button\"><a class=\"wp-block-button__link wp-element-button\" href=\"https:\/\/obera.fr\/cs\/produits\/rafraichisseurs-air\/rafraichisseurs-par-evaporation-ic\/\">Objevte na\u0161i \u0159adu IC<\/a><\/div>\n<\/div>\n\n<p><\/p>\n\n<h2 class=\"wp-block-heading\">4. V\u00fdhody pro obchodn\u00edky a vedouc\u00ed prodejn\u00edch m\u00edst<\/h2>\n\n<ul class=\"wp-block-list\">\n<li><strong>Okam\u017eit\u00e9 pohodl\u00ed<\/strong> pro z\u00e1kazn\u00edky i zam\u011bstnance<\/li>\n\n\n\n<li><strong>Prodlou\u017een\u00ed doby p\u0159\u00edtomnosti<\/strong> a potenci\u00e1ln\u00ed n\u00e1r\u016fst obratu<\/li>\n\n\n\n<li><strong>\u017d\u00e1dn\u00e1 n\u00e1ro\u010dn\u00e1 instalace<\/strong> ani \u00faprava prostoru<\/li>\n\n\n\n<li><strong>\u00dapln\u00e1 mobilita<\/strong>: mo\u017enost p\u0159em\u00edst\u011bn\u00ed za\u0159\u00edzen\u00ed mezi z\u00f3nami (sklad, prodejn\u00ed plocha)<\/li>\n\n\n\n<li><strong>Sn\u00ed\u017een\u00e1 spot\u0159eba energie<\/strong>, kompatibiln\u00ed se z\u00e1vazky CSR<\/li>\n\n\n\n<li><strong>Mo\u017enost pron\u00e1jmu<\/strong> pro sez\u00f3nn\u00ed \u0161pi\u010dky nebo obdob\u00ed v\u00fdprodej\u016f, veletrh\u016f \u010di obchodn\u00edch akc\u00ed<\/li>\n<\/ul>\n\n<h2 class=\"wp-block-heading\">Z\u00e1v\u011br<\/h2>\n\n<p>V obchodn\u00edm prost\u0159ed\u00ed, kde je pohodl\u00ed z\u00e1kazn\u00edk\u016f strategickou prioritou, se ochlazova\u010de \u0159ady IC od spole\u010dnosti OberA prosazuj\u00ed jako v\u00fdkonn\u00e9, diskr\u00e9tn\u00ed \u0159e\u0161en\u00ed bez omezen\u00ed. Umo\u017e\u0148uj\u00ed obchodn\u00edk\u016fm z\u016fstat konkurenceschopn\u00fdmi i b\u011bhem vln veder. <\/p>\n","protected":false},"excerpt":{"rendered":"<p>Obchod je odv\u011btv\u00ed, kde je z\u00e1kaznick\u00e1 zku\u0161enost p\u0159\u00edmo ovlivn\u011bna prost\u0159ed\u00edm prodejn\u00edho m\u00edsta. V obdob\u00ed vysok\u00fdch teplot se m\u016f\u017ee vnit\u0159n\u00ed teplota rychle st\u00e1t nep\u0159\u00edjemnou, nebo dokonce odrazuj\u00edc\u00ed pro z\u00e1kazn\u00edky i zam\u011bstnance.  <\/p>\n","protected":false},"author":13,"featured_media":83734,"comment_status":"open","ping_status":"closed","sticky":false,"template":"","format":"standard","meta":{"_acf_changed":false,"_seopress_robots_primary_cat":"none","_seopress_titles_title":"Ochlazova\u010de IC OberA: tepeln\u00fd komfort pro obchody a showroomy","_seopress_titles_desc":"Zlep\u0161ete z\u00e1kaznickou zku\u0161enost a pohodl\u00ed zam\u011bstnanc\u016f s mobiln\u00edmi ochlazova\u010di IC od OberA: ekonomick\u00e9, ekologick\u00e9 \u0159e\u0161en\u00ed bez nutnosti instalace.","_seopress_robots_index":"","footnotes":""},"categories":[859],"tags":[406],"class_list":["post-133818","post","type-post","status-publish","format-standard","has-post-thumbnail","hentry","category-obchod","tag-chladice","generate-columns","tablet-grid-50","mobile-grid-100","grid-parent","grid-50","no-featured-image-padding","resize-featured-image"],"acf":[],"_links":{"self":[{"href":"https:\/\/obera.fr\/cs\/wp-json\/wp\/v2\/posts\/133818","targetHints":{"allow":["GET"]}}],"collection":[{"href":"https:\/\/obera.fr\/cs\/wp-json\/wp\/v2\/posts"}],"about":[{"href":"https:\/\/obera.fr\/cs\/wp-json\/wp\/v2\/types\/post"}],"author":[{"embeddable":true,"href":"https:\/\/obera.fr\/cs\/wp-json\/wp\/v2\/users\/13"}],"replies":[{"embeddable":true,"href":"https:\/\/obera.fr\/cs\/wp-json\/wp\/v2\/comments?post=133818"}],"version-history":[{"count":1,"href":"https:\/\/obera.fr\/cs\/wp-json\/wp\/v2\/posts\/133818\/revisions"}],"predecessor-version":[{"id":133821,"href":"https:\/\/obera.fr\/cs\/wp-json\/wp\/v2\/posts\/133818\/revisions\/133821"}],"wp:featuredmedia":[{"embeddable":true,"href":"https:\/\/obera.fr\/cs\/wp-json\/wp\/v2\/media\/83734"}],"wp:attachment":[{"href":"https:\/\/obera.fr\/cs\/wp-json\/wp\/v2\/media?parent=133818"}],"wp:term":[{"taxonomy":"category","embeddable":true,"href":"https:\/\/obera.fr\/cs\/wp-json\/wp\/v2\/categories?post=133818"},{"taxonomy":"post_tag","embeddable":true,"href":"https:\/\/obera.fr\/cs\/wp-json\/wp\/v2\/tags?post=133818"}],"curies":[{"name":"wp","href":"https:\/\/api.w.org\/{rel}","templated":true}]}}