{"id":145491,"date":"2025-12-08T13:27:24","date_gmt":"2025-12-08T11:27:24","guid":{"rendered":"https:\/\/obera.fr\/nase-rada\/89-francouzu-podcenuje-znecisteni-ovzdusi-na-svem-pracovisti\/"},"modified":"2026-03-02T12:18:05","modified_gmt":"2026-03-02T10:18:05","slug":"89-francouzu-podcenuje-znecisteni-ovzdusi-na-svem-pracovisti","status":"publish","type":"post","link":"https:\/\/obera.fr\/cs\/presse\/89-francouzu-podcenuje-znecisteni-ovzdusi-na-svem-pracovisti\/","title":{"rendered":"89 % Francouz\u016f podce\u0148uje zne\u010di\u0161t\u011bn\u00ed ovzdu\u0161\u00ed na sv\u00e9m pracovi\u0161ti"},"content":{"rendered":"\n<p class=\"has-text-align-center has-medium-font-size\">Zne\u010di\u0161t\u011bn\u00ed, kter\u00e9 m\u016f\u017ee b\u00fdt 5 a\u017e 10kr\u00e1t vy\u0161\u0161\u00ed ne\u017e venku<\/p>\n\n<p class=\"has-text-align-center has-medium-font-size\">Pouze 22 % zam\u011bstnanc\u016f v\u00ed, \u017ee udr\u017eov\u00e1n\u00ed zdrav\u00e9ho vnit\u0159n\u00edho ovzdu\u0161\u00ed je z\u00e1konnou povinnost\u00ed zam\u011bstnavatele<\/p>\n\n<figure class=\"wp-block-image aligncenter size-full\"><img decoding=\"async\" width=\"289\" height=\"193\" src=\"https:\/\/obera.fr\/wp-content\/uploads\/2026\/02\/etude-image-obera-pollution.png\" alt=\"studie obr&#xE1;zek obera zne&#x10D;i&#x161;t&#x11B;n&#xED;\" class=\"wp-image-143846\"\/><\/figure>\n\n<h2 class=\"wp-block-heading\">Co si mysl\u00edte o kvalit\u011b ovzdu\u0161\u00ed na va\u0161em pracovi\u0161ti? <\/h2>\n\n<p><strong>Tuto ot\u00e1zku polo\u017eila spole\u010dnost OberA 5 601 lidem v \u0161esti hlavn\u00edch odv\u011btv\u00edch*. Pr\u016fzkum ukazuje, \u017ee v\u011bt\u0161ina zam\u011bstnanc\u016f podce\u0148uje zne\u010di\u0161t\u011bn\u00ed vnit\u0159n\u00edho ovzdu\u0161\u00ed, \u0161patn\u011b zn\u00e1 zdravotn\u00ed rizika a do zna\u010dn\u00e9 m\u00edry ignoruje z\u00e1konn\u00e9 povinnosti sv\u00e9ho zam\u011bstnavatele.  <\/strong><\/p>\n\n<h2 class=\"wp-block-heading\">Francouzi \u0161patn\u011b posuzuj\u00ed kvalitu ovzdu\u0161\u00ed <\/h2>\n\n<p>Daleko od reality, <strong>57 % Francouz\u016f pova\u017euje v zim\u011b vzduch na sv\u00e9m pracovi\u0161ti za \u201evelmi\u201c nebo \u201esp\u00ed\u0161e\u201c kvalitn\u00ed<\/strong>. <\/p>\n\n<p>P\u0159esto se v\u0161echny studie shoduj\u00ed, \u017ee kvalita vnit\u0159n\u00edho ovzdu\u0161\u00ed m\u016f\u017ee p\u0159edstavovat v\u00fdznamn\u00e1 zdravotn\u00ed rizika, a to i bez z\u00e1pachu nebo zjevn\u00e9ho nepohodl\u00ed. <\/p>\n\n<p>T\u00e9m\u011b\u0159 <strong>ka\u017ed\u00fd t\u0159et\u00ed \u010dlov\u011bk (29 %)<\/strong> nicm\u00e9n\u011b pova\u017euje vzduch na sv\u00e9m pracovi\u0161ti za \u0161patn\u00fd, co\u017e je zn\u00e1mka toho, \u017ee nepohodl\u00ed je ji\u017e v mnoha prost\u0159ed\u00edch patrn\u00e9. P\u0159edev\u0161\u00edm v\u0161ak <strong>14 % uv\u00e1d\u00ed, \u017ee si tuto ot\u00e1zku nikdy nepolo\u017eilo<\/strong>, co\u017e potvrzuje masivn\u00ed rozd\u00edl mezi vn\u00edm\u00e1n\u00edm zam\u011bstnanc\u016f a realitou probl\u00e9m\u016f s kvalitou ovzdu\u0161\u00ed na pracovi\u0161ti.  <\/p>\n\n<h3 class=\"wp-block-heading\">\u0158ekli byste, \u017ee v zim\u011b je kvalita ovzdu\u0161\u00ed ve va\u0161em pracovn\u00edm prost\u0159ed\u00ed:<\/h3>\n\n<figure class=\"wp-block-table\"><table class=\"has-fixed-layout\"><tbody><tr><td><strong>Odpov\u011bdi <\/strong><\/td><td><strong>Procenta<\/strong><\/td><\/tr><tr><td>Velmi dobr\u00e1 <\/td><td>21 %<\/td><\/tr><tr><td>Sp\u00ed\u0161e dobr\u00e1 <\/td><td>36 %<\/td><\/tr><tr><td>Sp\u00ed\u0161e \u0161patn\u00e1 <\/td><td>23 %<\/td><\/tr><tr><td>Velmi \u0161patn\u00e1 <\/td><td>6 %<\/td><\/tr><tr><td>Nev\u00edm \/ Nikdy jsem si tuto ot\u00e1zku nepolo\u017eil(a) <\/td><td>14 %<\/td><\/tr><\/tbody><\/table><\/figure>\n\n<h4 class=\"wp-block-heading\">K \u010demu slou\u017e\u00ed st\u00e1vaj\u00edc\u00ed syst\u00e9my ve firm\u00e1ch? <\/h4>\n\n<p>Myln\u011b se <strong>65 % Francouz\u016f domn\u00edv\u00e1, \u017ee jejich topn\u00e9, klimatiza\u010dn\u00ed nebo ventila\u010dn\u00ed syst\u00e9my filtruj\u00ed nebo \u010dist\u00ed vzduch<\/strong>, zat\u00edmco v\u011bt\u0161ina t\u011bchto za\u0159\u00edzen\u00ed nen\u00ed vybavena k odstra\u0148ov\u00e1n\u00ed zne\u010di\u0161\u0165uj\u00edc\u00edch l\u00e1tek bez vyhrazen\u00e9ho za\u0159\u00edzen\u00ed pro \u00fapravu. <\/p>\n\n<p>Realisti\u010dt\u011bji, <strong>23 %<\/strong> se domn\u00edv\u00e1, \u017ee \u201epouze top\u00ed nebo chlad\u00ed\u201c, a <strong>12 % p\u0159izn\u00e1v\u00e1, \u017ee nev\u00ed, jak to funguje<\/strong>, co\u017e je zn\u00e1mka obecn\u00e9 nejasnosti ohledn\u011b skute\u010dn\u00e9 role t\u011bchto instalac\u00ed.<\/p>\n\n<h3 class=\"wp-block-heading\">Slu\u017eby pro jednotlivce (zdravotnictv\u00ed, soci\u00e1ln\u00ed slu\u017eby, dom\u00e1c\u00ed p\u00e9\u010de, obchody, restaurace\u2026): 28 % <\/h3>\n\n<figure class=\"wp-block-table\"><table class=\"has-fixed-layout\"><tbody><tr><td><strong>Odpov\u011bdi <\/strong><\/td><td><strong>Procenta<\/strong><\/td><\/tr><tr><td>\u010cist\u00ed vzduch a \u010din\u00ed ho zdrav\u011bj\u0161\u00edm <\/td><td>34 %<\/td><\/tr><tr><td>Trochu filtruj\u00ed vzduch, ale to nen\u00ed jejich hlavn\u00ed funkce <\/td><td>31 %<\/td><\/tr><tr><td>Pouze oh\u0159\u00edvaj\u00ed \/ chlad\u00ed vzduch, ani\u017e by ho \u010distily <\/td><td>23 %<\/td><\/tr><tr><td>Nev\u00edm, jak to funguje <\/td><td>12 %<\/td><\/tr><\/tbody><\/table><\/figure>\n\n<h4 class=\"wp-block-heading\">Velmi n\u00e1hodn\u00e9 kontroly <\/h4>\n\n<p>T\u00e9m\u011b\u0159 <strong>ka\u017ed\u00fd druh\u00fd zam\u011bstnanec nev\u00ed, zda je kvalita ovzdu\u0161\u00ed m\u011b\u0159ena<\/strong> v jeho prostor\u00e1ch: 29 % odpov\u00edd\u00e1 \u201ene, nikdy\u201c a 31 % uv\u00e1d\u00ed, \u017ee nikdy nebyli informov\u00e1ni, \u017ee by se to dalo m\u011b\u0159it. <\/p>\n\n<p>Pouze <strong>14 %<\/strong> uv\u00e1d\u00ed pravidelnou kontrolu, zat\u00edmco m\u011b\u0159en\u00ed CO\u2082, \u010d\u00e1stic nebo VOC je nyn\u00ed pova\u017eov\u00e1no za <strong>nezbytn\u00fd n\u00e1stroj<\/strong> pro zaji\u0161t\u011bn\u00ed zdrav\u00e9ho a produktivn\u00edho pracovn\u00edho prost\u0159ed\u00ed. <\/p>\n\n<h3 class=\"wp-block-heading\">V\u00edte, zda je kvalita ovzdu\u0161\u00ed (CO\u2082, jemn\u00e9 \u010d\u00e1stice, v\u00fdpary, VOC, pr\u016fmyslov\u00fd prach\u2026) m\u011b\u0159ena nebo kontrolov\u00e1na ve va\u0161em pracovn\u00edm prost\u0159ed\u00ed?<\/h3>\n\n<figure class=\"wp-block-table\"><table class=\"has-fixed-layout\"><tbody><tr><td><strong>Odpov\u011bdi <\/strong><\/td><td><strong>Procenta<\/strong><\/td><\/tr><tr><td>Ano, pravideln\u011b <\/td><td>14 %<\/td><\/tr><tr><td>Ano, ale velmi p\u0159\u00edle\u017eitostn\u011b <\/td><td>26 %<\/td><\/tr><tr><td>Ne, nikdy <\/td><td>29 %<\/td><\/tr><tr><td>Nev\u00edm \/ Nev\u011bd\u011bl(a) jsem, \u017ee se to d\u00e1 m\u011b\u0159it <\/td><td>31 %<\/td><\/tr><\/tbody><\/table><\/figure>\n\n<h4 class=\"wp-block-heading\">Firmy se m\u00e1lo zaj\u00edmaj\u00ed <\/h4>\n\n<p>Ve v\u011bt\u0161in\u011b firem z\u016fst\u00e1v\u00e1 kvalita vnit\u0159n\u00edho ovzdu\u0161\u00ed daleko za bezpe\u010dnost\u00ed nebo ergonomi\u00ed: <strong>pouze 12 % Francouz\u016f<\/strong> se domn\u00edv\u00e1, \u017ee se jedn\u00e1 o skute\u010dnou prioritu. <\/p>\n\n<p>Naopak, <strong>37 % o tom t\u00e9m\u011b\u0159 nikdy nemluv\u00ed<\/strong> a <strong>27 % v\u016fbec nev\u00ed, jak se s t\u00edmto t\u00e9matem nakl\u00e1d\u00e1<\/strong>, co\u017e znamen\u00e1, \u017ee t\u00e9m\u011b\u0159 <strong>2 ze 3 zam\u011bstnanc\u016f jsou v nejistot\u011b<\/strong>. <\/p>\n\n<h3 class=\"wp-block-heading\">Podle v\u00e1s je ve va\u0161\u00ed firm\u011b kvalita vnit\u0159n\u00edho ovzdu\u0161\u00ed v zim\u011b pova\u017eov\u00e1na za\u2026<\/h3>\n\n<figure class=\"wp-block-table\"><table class=\"has-fixed-layout\"><tbody><tr><td><strong>Odpov\u011bdi <\/strong><\/td><td><strong>Procenta<\/strong><\/td><\/tr><tr><td>D\u016fle\u017eitou prioritu, stejn\u011b jako bezpe\u010dnost nebo ergonomie <\/td><td>12 %<\/td><\/tr><tr><td>T\u00e9ma, o kter\u00e9m se ob\u010das mluv\u00ed, ale bez viditeln\u00fdch akc\u00ed <\/td><td>24 %<\/td><\/tr><tr><td>T\u00e9ma, o kter\u00e9m se t\u00e9m\u011b\u0159 nikdy nemluv\u00ed <\/td><td>37 %<\/td><\/tr><tr><td>V\u016fbec nev\u00edm, jak se s t\u00edm nakl\u00e1d\u00e1 <\/td><td>27 %<\/td><\/tr><\/tbody><\/table><\/figure>\n\n<h4 class=\"wp-block-heading\">Co je to zdrav\u00fd vzduch? <\/h4>\n\n<p>Velmi alarmuj\u00edc\u00ed skute\u010dnost: velk\u00e1 <strong>v\u011bt\u0161ina zam\u011bstnanc\u016f (64 %)<\/strong> si mysl\u00ed, \u017ee m\u016f\u017ee posoudit kvalitu ovzdu\u0161\u00ed ve sv\u00fdch prostor\u00e1ch na z\u00e1klad\u011b pouh\u00fdch subjektivn\u00edch dojm\u016f \u2013 absence z\u00e1pachu, viditeln\u00e9ho kou\u0159e nebo st\u00ed\u017enost\u00ed \u2013 bez jak\u00e9hokoli objektivn\u00edho m\u011b\u0159en\u00ed. <\/p>\n\n<p>Pouze <strong>25 %<\/strong> uv\u00e1d\u00ed m\u011b\u0159en\u00ed zne\u010di\u0161\u0165uj\u00edc\u00edch l\u00e1tek (CO\u2082, VOC, \u010d\u00e1stice atd.) jako nejlep\u0161\u00ed indik\u00e1tor, zat\u00edmco odborn\u00edci p\u0159ipom\u00ednaj\u00ed, \u017ee vzduch m\u016f\u017ee b\u00fdt siln\u011b zne\u010di\u0161t\u011bn\u00fd, p\u0159esto\u017ee z\u016fst\u00e1v\u00e1 bez z\u00e1pachu a vizu\u00e1ln\u011b \u201e\u010dist\u00fd\u201c.<\/p>\n\n<p>Tento rozd\u00edl \u017eiv\u00ed <strong>fale\u0161n\u00fd pocit bezpe\u010d\u00ed<\/strong> v mnoha pracovn\u00edch prost\u0159ed\u00edch, zat\u00edmco kvalita vnit\u0159n\u00edho ovzdu\u0161\u00ed se p\u0159esn\u011b m\u011b\u0159\u00ed pomoc\u00ed senzor\u016f a specializovan\u00fdch diagnostik a p\u0159edstavuje hlavn\u00ed probl\u00e9m pro zdrav\u00ed a v\u00fdkonnost ve firm\u00e1ch. <\/p>\n\n<h3 class=\"wp-block-heading\">Co je podle v\u00e1s nejlep\u0161\u00edm ukazatelem toho, zda je vzduch ve va\u0161ich prostor\u00e1ch zdrav\u00fd?<\/h3>\n\n<figure class=\"wp-block-table\"><table class=\"has-fixed-layout\"><tbody><tr><td><strong>Odpov\u011bdi <\/strong><\/td><td><strong>Procenta<\/strong><\/td><\/tr><tr><td>Pokud nen\u00ed nep\u0159\u00edjemn\u00fd z\u00e1pach <\/td><td>34 %<\/td><\/tr><tr><td>Pokud nen\u00ed viditeln\u00fd kou\u0159 nebo prach <\/td><td>23 %<\/td><\/tr><tr><td>Pokud si nikdo nest\u011b\u017euje (\u017e\u00e1dn\u00e9 bolesti hlavy, \u017e\u00e1dn\u00e9 nepohodl\u00ed) <\/td><td>7 %<\/td><\/tr><tr><td>M\u011b\u0159en\u00ed ur\u010dit\u00fdch zne\u010di\u0161\u0165uj\u00edc\u00edch l\u00e1tek (CO\u2082, VOC, \u010d\u00e1stice atd.) vhodn\u00fdm za\u0159\u00edzen\u00edm <\/td><td>25 %<\/td><\/tr><tr><td>Nev\u00edm <\/td><td>11 %<\/td><\/tr><\/tbody><\/table><\/figure>\n\n<h4 class=\"wp-block-heading\">Nedostatek znalost\u00ed o t\u00e9to problematice <\/h4>\n\n<p>Velmi m\u00e1lo Francouz\u016f zn\u00e1 parametry pou\u017e\u00edvan\u00e9 k m\u011b\u0159en\u00ed kvality vnit\u0159n\u00edho ovzdu\u0161\u00ed. Zat\u00edmco <strong>teplota (91 %) a relativn\u00ed vlhkost (76 %)<\/strong> jsou \u0161iroce identifikov\u00e1ny, pouze <strong>64 %<\/strong> uv\u00e1d\u00ed <strong>CO\u2082<\/strong>, <strong>38 %<\/strong> <a href=\"https:\/\/obera.fr\/cs\/nase-rady\/traitement-air-industriel-guide-complet\/\" data-type=\"post\" data-id=\"1420\">jemn\u00e9 \u010d\u00e1stice<\/a> <strong> <\/strong>a sotva <strong>5 %<\/strong> zn\u00e1 <strong>VOC<\/strong>, a\u010dkoli tyto zne\u010di\u0161\u0165uj\u00edc\u00ed l\u00e1tky jsou j\u00e1drem profesion\u00e1ln\u00ed diagnostiky kvality ovzdu\u0161\u00ed. T\u00e9m\u011b\u0159 <strong>1 z 10 respondent\u016f<\/strong> dokonce uv\u00e1d\u00ed, \u017ee nezn\u00e1 \u017e\u00e1dn\u00fd z m\u011b\u0159ic\u00edch parametr\u016f.  <\/p>\n\n<p>Tato neznalost \u201eskute\u010dn\u00fdch\u201c technick\u00fdch ukazatel\u016f ukazuje, \u017ee mnoho firem velmi m\u00e1lo komunikuje o m\u011b\u0159en\u00ed kvality vnit\u0159n\u00edho ovzdu\u0161\u00ed, a\u010dkoli sledov\u00e1n\u00ed CO\u2082, \u010d\u00e1stic a VOC je odborn\u00edky prezentov\u00e1no jako nezbytn\u00e9 pro ochranu zdrav\u00ed a produktivity t\u00fdm\u016f. <\/p>\n\n<h3 class=\"wp-block-heading\">Kter\u00e9 z t\u011bchto parametr\u016f zn\u00e1te (alespo\u0148 podle n\u00e1zvu) jako pou\u017e\u00edvan\u00e9 k m\u011b\u0159en\u00ed kvality vnit\u0159n\u00edho ovzdu\u0161\u00ed? <\/h3>\n\n<p><em>(mo\u017enost v\u00edce odpov\u011bd\u00ed)<\/em><\/p>\n\n<figure class=\"wp-block-table\"><table class=\"has-fixed-layout\"><tbody><tr><td><strong>Odpov\u011bdi <\/strong><\/td><td><strong>Procenta<\/strong><\/td><\/tr><tr><td>CO\u2082 (oxid uhli\u010dit\u00fd) <\/td><td>64 %<\/td><\/tr><tr><td>VOC (t\u011bkav\u00e9 organick\u00e9 slou\u010deniny) <\/td><td>5 %<\/td><\/tr><tr><td>Jemn\u00e9 \u010d\u00e1stice (PM2,5 \/ PM10) <\/td><td>38 %<\/td><\/tr><tr><td>Teplota <\/td><td>91 %<\/td><\/tr><tr><td>Relativn\u00ed vlhkost <\/td><td>76 %<\/td><\/tr><tr><td>\u017d\u00e1dn\u00fd z t\u011bchto pojm\u016f mi nic ne\u0159\u00edk\u00e1 <\/td><td>9 %<\/td><\/tr><\/tbody><\/table><\/figure>\n\n<h4 class=\"wp-block-heading\">Velmi podce\u0148ovan\u00e9 zne\u010di\u0161t\u011bn\u00ed vnit\u0159n\u00edho ovzdu\u0161\u00ed <\/h4>\n\n<p>T\u00e9m\u011b\u0159 <strong>9 z 10 respondent\u016f (89 %)<\/strong> podce\u0148uje zne\u010di\u0161t\u011bn\u00ed vnit\u0159n\u00edho ovzdu\u0161\u00ed v pracovn\u00edm prost\u0159ed\u00ed nebo jednodu\u0161e nem\u00e1 pon\u011bt\u00ed o jeho \u00farovni. Pouze <strong>11 %<\/strong> v\u00ed, \u017ee m\u016f\u017ee b\u00fdt <strong>5 a\u017e 10kr\u00e1t zne\u010di\u0161t\u011bn\u011bj\u0161\u00ed ne\u017e venkovn\u00ed vzduch<\/strong>, co\u017e potvrzuj\u00ed \u00fadaje OQEI. <\/p>\n\n<p>Podrobn\u011bji, <strong>63 %<\/strong> si mysl\u00ed, \u017ee vnit\u0159n\u00ed vzduch je m\u00e9n\u011b, stejn\u011b nebo jen o n\u011bco v\u00edce zne\u010di\u0161t\u011bn\u00fd ne\u017e venku, a <strong>26 %<\/strong> si tuto ot\u00e1zku nikdy nepolo\u017eilo. <\/p>\n\n<p>Tento masivn\u00ed rozd\u00edl mezi vn\u00edm\u00e1n\u00edm a realitou ilustruje, do jak\u00e9 m\u00edry z\u016fst\u00e1v\u00e1 zne\u010di\u0161t\u011bn\u00ed vnit\u0159n\u00edho ovzdu\u0161\u00ed <strong>neviditeln\u00fdm rizikem<\/strong>, a\u010dkoli je uzn\u00e1v\u00e1no jako hlavn\u00ed probl\u00e9m ve\u0159ejn\u00e9ho zdrav\u00ed a prevence ve firm\u00e1ch. <\/p>\n\n<h3 class=\"wp-block-heading\">Podle v\u00e1s je vnit\u0159n\u00ed vzduch v pracovn\u00edm prost\u0159ed\u00ed:<\/h3>\n\n<figure class=\"wp-block-table\"><table class=\"has-fixed-layout\"><tbody><tr><td><strong>Odpov\u011bdi <\/strong><\/td><td><strong>Procenta<\/strong><\/td><\/tr><tr><td>M\u00e9n\u011b zne\u010di\u0161t\u011bn\u00fd ne\u017e venkovn\u00ed vzduch <\/td><td>12 %<\/td><\/tr><tr><td>P\u0159ibli\u017en\u011b stejn\u011b zne\u010di\u0161t\u011bn\u00fd <\/td><td>23 %<\/td><\/tr><tr><td>Trochu v\u00edce zne\u010di\u0161t\u011bn\u00fd, ale ne tolik <\/td><td>28 %<\/td><\/tr><tr><td>5 a\u017e 10kr\u00e1t v\u00edce zne\u010di\u0161t\u011bn\u00fd <\/td><td>11 %<\/td><\/tr><tr><td>Nev\u00edm \/ Nikdy jsem si tuto ot\u00e1zku nepolo\u017eil(a) <\/td><td>26 %<\/td><\/tr><\/tbody><\/table><\/figure>\n\n<h4 class=\"wp-block-heading\">A co z\u00e1kon? <\/h4>\n\n<p>Tyto v\u00fdsledky tak\u00e9 odhaluj\u00ed skute\u010dn\u00fd zmatek ohledn\u011b pracovn\u00edho pr\u00e1va: <strong>pouze 22 % respondent\u016f jasn\u011b v\u00ed, \u017ee udr\u017eov\u00e1n\u00ed zdrav\u00e9ho vnit\u0159n\u00edho ovzdu\u0161\u00ed je z\u00e1konnou povinnost\u00ed zam\u011bstnavatele<\/strong>. <\/p>\n\n<p>Jist\u011b, 29 % to pova\u017euje za \u201epravd\u011bpodobn\u011b pravdiv\u00e9\u201c, ale <strong>t\u00e9m\u011b\u0159 1 ze 2 zam\u011bstnanc\u016f (49 %) to nev\u00ed, nebo h\u016f\u0159e, mysl\u00ed si, \u017ee to nen\u00ed povinnost<\/strong>. <\/p>\n\n<h3 class=\"wp-block-heading\">Podle v\u00e1s je udr\u017eov\u00e1n\u00ed zdrav\u00e9ho vnit\u0159n\u00edho ovzdu\u0161\u00ed z\u00e1konnou povinnost\u00ed zam\u011bstnavatele?<\/h3>\n\n<figure class=\"wp-block-table\"><table class=\"has-fixed-layout\"><tbody><tr><td><strong>Odpov\u011bdi <\/strong><\/td><td><strong>Procenta<\/strong><\/td><\/tr><tr><td>Ano, to je naprost\u00e1 pravda <\/td><td>22 %<\/td><\/tr><tr><td>Pravd\u011bpodobn\u011b pravda <\/td><td>29 %<\/td><\/tr><tr><td>Nev\u00edm, zda je to pravda nebo le\u017e <\/td><td>25 %<\/td><\/tr><tr><td>Pravd\u011bpodobn\u011b le\u017e, nemysl\u00edm si, \u017ee je to povinnost <\/td><td>15 %<\/td><\/tr><tr><td>Naprost\u00e1 le\u017e <\/td><td>9 %<\/td><\/tr><\/tbody><\/table><\/figure>\n\n<p>Tento pr\u016fzkum zd\u016fraz\u0148uje kl\u00ed\u010dov\u00fd bod: propast mezi t\u00edm, co doporu\u010duj\u00ed odborn\u00edci \u2013 strukturovan\u00e9 a pravideln\u00e9 sledov\u00e1n\u00ed kvality vnit\u0159n\u00edho ovzdu\u0161\u00ed \u2013 a realitou v ter\u00e9nu, kde je dohled pro zam\u011bstnance do zna\u010dn\u00e9 m\u00edry okrajov\u00fd, nebo dokonce neviditeln\u00fd. <\/p>\n\n<p>P\u0159esto <strong>z\u00e1kon\u00edk pr\u00e1ce jasn\u011b ukl\u00e1d\u00e1 zam\u011bstnavateli povinnost zajistit zdrav\u00fd vzduch a p\u0159edch\u00e1zet rizik\u016fm spojen\u00fdm s vnit\u0159n\u00edm zne\u010di\u0161t\u011bn\u00edm<\/strong> (zejm\u00e9na \u010dl\u00e1nky L4121-1 a R4222-1). Tento rozd\u00edl mezi pr\u00e1vn\u00edm r\u00e1mcem a vn\u00edm\u00e1n\u00edm zam\u011bstnanc\u016f ukazuje, \u017ee kvalita ovzdu\u0161\u00ed z\u016fst\u00e1v\u00e1 skute\u010dn\u00fdm slep\u00fdm m\u00edstem v kultu\u0159e prevence ve firm\u00e1ch. <\/p>\n\n<h2 class=\"wp-block-heading has-text-align-center\">Thibaut SAMSEL, \u0159editel a zakladatel OberA<\/h2>\n\n<p>*Metodika: Pr\u016fzkum proveden\u00fd na reprezentativn\u00edm vzorku 5 601 osob \u017eij\u00edc\u00edch ve Francii, ve v\u011bku 18 let a v\u00edce. Pr\u016fzkum byl proveden online v listopadu 2025 z panelu respondent\u016f BuzzPress (27 700 osob ve Francii dotazovan\u00fdch elektronicky e-mailem a na soci\u00e1ln\u00edch s\u00edt\u00edch Facebook a LinkedIn). Profily firem uveden\u00fdch respondenty pro jejich pracovi\u0161t\u011b:   <\/p>\n\n<p>Pr\u016fmysl \/ v\u00fdroba: 16 % <\/p>\n\n<p>Slu\u017eby pro soukrom\u00e9 osoby (zdravotnictv\u00ed, soci\u00e1ln\u00ed p\u00e9\u010de, dom\u00e1c\u00ed pomoc, obchod, pohostinstv\u00ed\u2026): 28% <\/p>\n\n<p>Slu\u017eby pro firmy (poradenstv\u00ed, IT, finance, komunikace\u2026): 23 % <\/p>\n\n<p>Ve\u0159ejn\u00fd \/ polove\u0159ejn\u00fd sektor (spr\u00e1va, \u0161kolstv\u00ed, nemocnice\u2026): 19 % <\/p>\n\n<p>Stavebnictv\u00ed \/ BTP: 7 % <\/p>\n\n<p>Doprava \/ logistika: 6 % <\/p>\n\n<p>Jin\u00e9 \/ nevyj\u00e1d\u0159eno: 1 % <\/p>\n\n<p>Odpov\u011bdi byly sestaveny a v\u00e1\u017eeny podle p\u0159edem stanoven\u00fdch kv\u00f3t s c\u00edlem zajistit reprezentativnost vzorku a reprezentativnost c\u00edlov\u00e9 populace. V\u0161echny v\u00e1hy jsou zalo\u017eeny na administrativn\u00edch \u00fadaj\u00edch a \u00fadaj\u00edch shrom\u00e1\u017ed\u011bn\u00fdch INSEE.  <\/p>\n\n<h2 class=\"wp-block-heading has-text-align-center\">Mluvili o n\u00e1s!<\/h2>\n\n<div class=\"wp-block-columns are-vertically-aligned-center is-layout-flex wp-container-core-columns-is-layout-8bffabeb wp-block-columns-is-layout-flex\" style=\"margin-top:var(--wp--preset--spacing--30);margin-bottom:var(--wp--preset--spacing--30);padding-top:0;padding-bottom:0\">\n<div class=\"wp-block-column is-vertically-aligned-center is-layout-flow wp-block-column-is-layout-flow\">\n<figure class=\"wp-block-image size-full\"><a href=\"https:\/\/presseagence.fr\/paris-sondage-qvct-4-francais-sur-5-ignorent-comment-detecter-un-air-vraiment-sain\/\" target=\"_blank\" rel=\" noreferrer noopener\"><img decoding=\"async\" width=\"463\" height=\"153\" src=\"https:\/\/obera.fr\/wp-content\/uploads\/2026\/02\/logo_de_presse_agence.jpg\" alt=\"logo tiskov&#xE9; agentury\" class=\"wp-image-143848\" srcset=\"https:\/\/obera.fr\/wp-content\/uploads\/2026\/02\/logo_de_presse_agence.jpg 463w, https:\/\/obera.fr\/wp-content\/uploads\/2026\/02\/logo_de_presse_agence-300x99.jpg 300w\" sizes=\"(max-width: 463px) 100vw, 463px\" \/><\/a><figcaption class=\"wp-element-caption\"><em>TISKOV\u00c1 AGENTURA<\/em><\/figcaption><\/figure>\n<\/div>\n\n\n\n<div class=\"wp-block-column is-vertically-aligned-center is-layout-flow wp-block-column-is-layout-flow\">\n<figure class=\"wp-block-image size-large\"><a href=\"https:\/\/xn--horizonviesant-okb.com\/4-francais-sur-5-ignorent-comment-detecter-un-air-vraiment-sain\/\" target=\"_blank\" rel=\" noreferrer noopener\"><img decoding=\"async\" width=\"1024\" height=\"207\" src=\"https:\/\/obera.fr\/wp-content\/uploads\/2026\/02\/loog-horizonviesante-1024x207.png\" alt=\"logo horizonviesante\" class=\"wp-image-143849\" srcset=\"https:\/\/obera.fr\/wp-content\/uploads\/2026\/02\/loog-horizonviesante-1024x207.png 1024w, https:\/\/obera.fr\/wp-content\/uploads\/2026\/02\/loog-horizonviesante-300x61.png 300w, https:\/\/obera.fr\/wp-content\/uploads\/2026\/02\/loog-horizonviesante-768x156.png 768w, https:\/\/obera.fr\/wp-content\/uploads\/2026\/02\/loog-horizonviesante.png 1229w\" sizes=\"(max-width: 1024px) 100vw, 1024px\" \/><\/a><figcaption class=\"wp-element-caption\"><em>HORIZON \u017dIVOT A ZDRAV\u00cd<\/em><\/figcaption><\/figure>\n<\/div>\n\n\n\n<div class=\"wp-block-column is-vertically-aligned-center has-contrast-background-color has-background is-layout-constrained wp-block-column-is-layout-constrained\">\n<figure class=\"wp-block-image size-full\"><a href=\"https:\/\/www.news-eco.com\/communique\/au-travail-lair-semble-correct-mais-la-plupart-se-trompent\/\" target=\"_blank\" rel=\" noreferrer noopener\"><img decoding=\"async\" width=\"215\" height=\"42\" src=\"https:\/\/obera.fr\/wp-content\/uploads\/2026\/02\/news-eco-logo2.png\" alt=\"news eco logo2\" class=\"wp-image-143850\"\/><\/a><\/figure>\n<\/div>\n\n\n\n<div class=\"wp-block-column is-vertically-aligned-center is-layout-flow wp-block-column-is-layout-flow\">\n<figure class=\"wp-block-image size-full\"><a href=\"https:\/\/www.lyftvnews.com\/t9528-au-travail-lair-a-lair-sain-mais-89-des-francais-se-trompent#10372\" target=\"_blank\" rel=\" noreferrer noopener\"><img decoding=\"async\" width=\"900\" height=\"900\" src=\"https:\/\/obera.fr\/wp-content\/uploads\/2026\/02\/logo-lyftv.jpg\" alt=\"logo lyftv\" class=\"wp-image-143851\" srcset=\"https:\/\/obera.fr\/wp-content\/uploads\/2026\/02\/logo-lyftv.jpg 900w, https:\/\/obera.fr\/wp-content\/uploads\/2026\/02\/logo-lyftv-300x300.jpg 300w, https:\/\/obera.fr\/wp-content\/uploads\/2026\/02\/logo-lyftv-150x150.jpg 150w, https:\/\/obera.fr\/wp-content\/uploads\/2026\/02\/logo-lyftv-768x768.jpg 768w\" sizes=\"(max-width: 900px) 100vw, 900px\" \/><\/a><figcaption class=\"wp-element-caption\"><em>LYF TV ZPR\u00c1VY<\/em><\/figcaption><\/figure>\n<\/div>\n\n\n\n<div class=\"wp-block-column is-vertically-aligned-center is-layout-flow wp-block-column-is-layout-flow\">\n<figure class=\"wp-block-image size-full\"><a href=\"https:\/\/communiques.categorynet.com\/sante\/525169-4-francais-sur-5-ignorent-comment-detecter-un-air-vraiment-s\/\" target=\"_blank\" rel=\" noreferrer noopener\"><img decoding=\"async\" width=\"201\" height=\"41\" src=\"https:\/\/obera.fr\/wp-content\/uploads\/2026\/02\/cropped-cn-1.webp\" alt=\"o&#x159;&#xED;znut&#xE9; cn 1\" class=\"wp-image-143852\"\/><\/a><figcaption class=\"wp-element-caption\"><em>CATEGORYNET<\/em><\/figcaption><\/figure>\n<\/div>\n<\/div>\n\n<div class=\"wp-block-columns are-vertically-aligned-center is-layout-flex wp-container-core-columns-is-layout-28f84493 wp-block-columns-is-layout-flex\">\n<div class=\"wp-block-column is-vertically-aligned-center is-layout-flow wp-block-column-is-layout-flow\">\n<figure class=\"wp-block-image size-full\"><a href=\"https:\/\/www.esteval.fr\/article.44169.etudes-89-pourcents-des-francais-sous-estiment-la-pollution-de-l-air-sur-leur-lieu-de-travail\" target=\"_blank\" rel=\" noreferrer noopener\"><img decoding=\"async\" width=\"200\" height=\"200\" src=\"https:\/\/obera.fr\/wp-content\/uploads\/2026\/02\/logo_esteval_200_200.jpg\" alt=\"logo esteval 200 200\" class=\"wp-image-143853\" srcset=\"https:\/\/obera.fr\/wp-content\/uploads\/2026\/02\/logo_esteval_200_200.jpg 200w, https:\/\/obera.fr\/wp-content\/uploads\/2026\/02\/logo_esteval_200_200-150x150.jpg 150w\" sizes=\"(max-width: 200px) 100vw, 200px\" \/><\/a><figcaption class=\"wp-element-caption\"><em>ESTEVAL<\/em><\/figcaption><\/figure>\n<\/div>\n\n\n\n<div class=\"wp-block-column is-vertically-aligned-center is-layout-flow wp-block-column-is-layout-flow\">\n<figure class=\"wp-block-image size-full\"><img decoding=\"async\" width=\"700\" height=\"350\" src=\"https:\/\/obera.fr\/wp-content\/uploads\/2026\/02\/therm-presse01.jpg\" alt=\"therm presse01\" class=\"wp-image-143854\" srcset=\"https:\/\/obera.fr\/wp-content\/uploads\/2026\/02\/therm-presse01.jpg 700w, https:\/\/obera.fr\/wp-content\/uploads\/2026\/02\/therm-presse01-300x150.jpg 300w\" sizes=\"(max-width: 700px) 100vw, 700px\" \/><figcaption class=\"wp-element-caption\"><em>THERMPRESSE<\/em><\/figcaption><\/figure>\n<\/div>\n\n\n\n<div class=\"wp-block-column is-vertically-aligned-center is-layout-flow wp-block-column-is-layout-flow\">\n<figure class=\"wp-block-image size-full\"><a href=\"https:\/\/terre-futur.com\/un-angle-mort-sanitaire-qui-persiste-dans-les-entreprises-francaises\/\" target=\"_blank\" rel=\" noreferrer noopener\"><img decoding=\"async\" width=\"512\" height=\"512\" src=\"https:\/\/obera.fr\/wp-content\/uploads\/2026\/02\/terrefutur_logo.jpg\" alt=\"logo terrefutur\" class=\"wp-image-143855\" srcset=\"https:\/\/obera.fr\/wp-content\/uploads\/2026\/02\/terrefutur_logo.jpg 512w, https:\/\/obera.fr\/wp-content\/uploads\/2026\/02\/terrefutur_logo-300x300.jpg 300w, https:\/\/obera.fr\/wp-content\/uploads\/2026\/02\/terrefutur_logo-150x150.jpg 150w\" sizes=\"(max-width: 512px) 100vw, 512px\" \/><\/a><figcaption class=\"wp-element-caption\"><em>ZEM\u011a BUDOUCNOSTI<\/em><\/figcaption><\/figure>\n<\/div>\n\n\n\n<div class=\"wp-block-column is-vertically-aligned-center is-layout-flow wp-block-column-is-layout-flow\">\n<figure class=\"wp-block-image size-full\"><a href=\"https:\/\/portaildocumentaire.inrs.fr\/blog-view\/25\/veille-qualite-de-lair-interieur\/2038\/bulletin-de-veille-qualite-de-lair-interieur-janvier-2026\" target=\"_blank\" rel=\" noreferrer noopener\"><img decoding=\"async\" width=\"366\" height=\"138\" src=\"https:\/\/obera.fr\/wp-content\/uploads\/2026\/02\/logoinrs.png\" alt=\"logo inrs\" class=\"wp-image-143856\" srcset=\"https:\/\/obera.fr\/wp-content\/uploads\/2026\/02\/logoinrs.png 366w, https:\/\/obera.fr\/wp-content\/uploads\/2026\/02\/logoinrs-300x113.png 300w\" sizes=\"(max-width: 366px) 100vw, 366px\" \/><\/a><figcaption class=\"wp-element-caption\"><em>DOKUMENTA\u010cN\u00cd PORT\u00c1L INRS<\/em><\/figcaption><\/figure>\n<\/div>\n<\/div>\n","protected":false},"excerpt":{"rendered":"<p>Zne\u010di\u0161t\u011bn\u00ed, kter\u00e9 m\u016f\u017ee b\u00fdt 5 a\u017e 10kr\u00e1t vy\u0161\u0161\u00ed ne\u017e venku Pouze 22 % zam\u011bstnanc\u016f v\u00ed, \u017ee udr\u017eov\u00e1n\u00ed zdrav\u00e9ho vnit\u0159n\u00edho ovzdu\u0161\u00ed je z\u00e1konnou povinnost\u00ed zam\u011bstnavatele Co si mysl\u00edte o kvalit\u011b ovzdu\u0161\u00ed na va\u0161em pracovi\u0161ti? Tuto ot\u00e1zku polo\u017eila spole\u010dnost OberA 5 601 lidem v \u0161esti hlavn\u00edch odv\u011btv\u00edch*. Pr\u016fzkum ukazuje, \u017ee v\u011bt\u0161ina zam\u011bstnanc\u016f podce\u0148uje zne\u010di\u0161t\u011bn\u00ed vnit\u0159n\u00edho ovzdu\u0161\u00ed, \u0161patn\u011b zn\u00e1 zdravotn\u00ed rizika a do zna\u010dn\u00e9 m\u00edry ignoruje z\u00e1konn\u00e9 povinnosti sv\u00e9ho zam\u011bstnavatele. Francouzi \u0161patn\u011b posuzuj\u00ed kvalitu ovzdu\u0161\u00ed Daleko od reality, 57 % Francouz\u016f pova\u017euje v zim\u011b vzduch na sv\u00e9m pracovi\u0161ti za \u201evelmi\u201c nebo \u201esp\u00ed\u0161e\u201c kvalitn\u00ed. P\u0159esto se v\u0161echny studie shoduj\u00ed, \u017ee kvalita vnit\u0159n\u00edho ovzdu\u0161\u00ed m\u016f\u017ee &#8230; <\/p>\n<p class=\"read-more-container\"><a title=\"89 % Francouz\u016f podce\u0148uje zne\u010di\u0161t\u011bn\u00ed ovzdu\u0161\u00ed na sv\u00e9m pracovi\u0161ti\" class=\"read-more button\" href=\"https:\/\/obera.fr\/cs\/presse\/89-francouzu-podcenuje-znecisteni-ovzdusi-na-svem-pracovisti\/#more-145491\" aria-label=\"\u010c\u00edst v\u00edce o 89 % Francouz\u016f podce\u0148uje zne\u010di\u0161t\u011bn\u00ed ovzdu\u0161\u00ed na sv\u00e9m pracovi\u0161ti\">Lire la suite<\/a><\/p>\n","protected":false},"author":13,"featured_media":0,"comment_status":"open","ping_status":"closed","sticky":false,"template":"","format":"standard","meta":{"_acf_changed":false,"_seopress_robots_primary_cat":"980","_seopress_titles_title":"Studie: Zne\u010di\u0161t\u011bn\u00ed ovzdu\u0161\u00ed na pracovi\u0161t\u00edch","_seopress_titles_desc":"","_seopress_robots_index":"","footnotes":""},"categories":[988],"tags":[],"class_list":["post-145491","post","type-post","status-publish","format-standard","hentry","category-tisk-2","generate-columns","tablet-grid-50","mobile-grid-100","grid-parent","grid-50","no-featured-image-padding"],"acf":[],"_links":{"self":[{"href":"https:\/\/obera.fr\/cs\/wp-json\/wp\/v2\/posts\/145491","targetHints":{"allow":["GET"]}}],"collection":[{"href":"https:\/\/obera.fr\/cs\/wp-json\/wp\/v2\/posts"}],"about":[{"href":"https:\/\/obera.fr\/cs\/wp-json\/wp\/v2\/types\/post"}],"author":[{"embeddable":true,"href":"https:\/\/obera.fr\/cs\/wp-json\/wp\/v2\/users\/13"}],"replies":[{"embeddable":true,"href":"https:\/\/obera.fr\/cs\/wp-json\/wp\/v2\/comments?post=145491"}],"version-history":[{"count":1,"href":"https:\/\/obera.fr\/cs\/wp-json\/wp\/v2\/posts\/145491\/revisions"}],"predecessor-version":[{"id":145492,"href":"https:\/\/obera.fr\/cs\/wp-json\/wp\/v2\/posts\/145491\/revisions\/145492"}],"wp:attachment":[{"href":"https:\/\/obera.fr\/cs\/wp-json\/wp\/v2\/media?parent=145491"}],"wp:term":[{"taxonomy":"category","embeddable":true,"href":"https:\/\/obera.fr\/cs\/wp-json\/wp\/v2\/categories?post=145491"},{"taxonomy":"post_tag","embeddable":true,"href":"https:\/\/obera.fr\/cs\/wp-json\/wp\/v2\/tags?post=145491"}],"curies":[{"name":"wp","href":"https:\/\/api.w.org\/{rel}","templated":true}]}}