{"id":145828,"date":"2026-01-20T15:01:12","date_gmt":"2026-01-20T13:01:12","guid":{"rendered":"https:\/\/obera.fr\/nase-rada\/dychaji-francouzi-v-zime-na-pracovisti-zdravy-vzduch\/"},"modified":"2026-03-02T14:57:16","modified_gmt":"2026-03-02T12:57:16","slug":"dychaji-francouzi-v-zime-na-pracovisti-zdravy-vzduch","status":"publish","type":"post","link":"https:\/\/obera.fr\/cs\/tisk-2\/dychaji-francouzi-v-zime-na-pracovisti-zdravy-vzduch\/","title":{"rendered":"D\u00fdchaj\u00ed Francouzi v zim\u011b na pracovi\u0161ti zdrav\u00fd vzduch?"},"content":{"rendered":"\n<p>OberA odhaluje v\u00fdsledky <strong>nov\u00e9ho pr\u016fzkumu* proveden\u00e9ho mezi 4\u00a0102 osobami<\/strong>, kter\u00fd upozor\u0148uje na p\u0159etrv\u00e1vaj\u00edc\u00ed nesoulad mezi tepeln\u00fdm komfortem a kvalitou vzduchu na pracovi\u0161ti: o ide\u00e1ln\u00ed teploty se vede ostr\u00e1 debata, zimn\u00ed v\u011btr\u00e1n\u00ed je vz\u00e1cn\u00e9, chyb\u00ed za\u0159\u00edzen\u00ed na \u010di\u0161t\u011bn\u00ed vzduchu, vlhkost je m\u00e1lo kontrolov\u00e1na a panuje nejistota ohledn\u011b spr\u00e1vn\u00fdch postup\u016f proti vir\u016fm. Studie tak\u00e9 zd\u016fraz\u0148uje siln\u00e9 o\u010dek\u00e1v\u00e1n\u00ed v\u016f\u010di zam\u011bstnavatel\u016fm: velk\u00e1 v\u011bt\u0161ina po\u017eaduje konkr\u00e9tn\u00ed kroky pro zdrav\u011bj\u0161\u00ed vnit\u0159n\u00ed vzduch ve firm\u00e1ch a na ve\u0159ejn\u00fdch m\u00edstech. <\/p>\n\n<figure class=\"wp-block-image aligncenter size-full\"><img decoding=\"async\" width=\"315\" height=\"210\" src=\"https:\/\/obera.fr\/wp-content\/uploads\/2026\/02\/sondage-obera-image.png\" alt=\"obr&#xE1;zek pr&#x16F;zkumu OberA\" class=\"wp-image-143875\" srcset=\"https:\/\/obera.fr\/wp-content\/uploads\/2026\/02\/sondage-obera-image.png 315w, https:\/\/obera.fr\/wp-content\/uploads\/2026\/02\/sondage-obera-image-300x200.png 300w\" sizes=\"(max-width: 315px) 100vw, 315px\" \/><\/figure>\n\n<h2 class=\"wp-block-heading\">Pracovi\u0161t\u011b se \u0161patn\u011b regulovanou teplotou? <\/h2>\n\n<p>M\u00edt na pracovi\u0161ti p\u0159\u00edli\u0161 chladno nebo p\u0159\u00edli\u0161 teplo se m\u016f\u017ee st\u00e1t skute\u010dn\u00fdm probl\u00e9mem. V tomto t\u00e9matu v\u0161ak nem\u00e1 ka\u017ed\u00fd stejnou p\u0159edstavu o ide\u00e1ln\u00ed teplot\u011b.  <\/p>\n\n<p>Podle INRS se orienta\u010dn\u00ed hodnoty tepeln\u00e9ho komfortu pohybuj\u00ed mezi 21 a 23\u00b0C a toto rozmez\u00ed preferuje pouze 41%. <\/p>\n\n<p>N\u011bkte\u0159\u00ed up\u0159ednost\u0148uj\u00ed \u00fasporn\u011bj\u0161\u00ed nastaven\u00ed na 19\u00b0C nebo m\u00e9n\u011b, a to 21%, tedy \u00farove\u0148 bl\u00edzkou doporu\u010den\u00edm energetick\u00fdch \u00faspor p\u0159ipom\u00ednan\u00fdm ve ve\u0159ejn\u00e9 komunikaci.<\/p>\n\n<h3 class=\"wp-block-heading\">Jakou teplotu m\u00e1te v zim\u011b na pracovi\u0161ti nejrad\u011bji?<\/h3>\n\n<figure class=\"wp-block-table\"><table class=\"has-fixed-layout\"><tbody><tr><td><strong>Odpov\u011bdi <\/strong><\/td><td><strong>Procenta<\/strong><\/td><\/tr><tr><td>17\u00b0C <\/td><td>2 %<\/td><\/tr><tr><td>18\u00b0C <\/td><td>11 %<\/td><\/tr><tr><td>19\u00b0C <\/td><td>19 %<\/td><\/tr><tr><td>20\u00b0C <\/td><td>21 %<\/td><\/tr><tr><td>21\u00b0C <\/td><td>18 %<\/td><\/tr><tr><td>22\u00b0C <\/td><td>12 %<\/td><\/tr><tr><td>23\u00b0C <\/td><td>11 %<\/td><\/tr><tr><td>V\u00edce ne\u017e 24\u00b0C <\/td><td>5 %<\/td><\/tr><tr><td>Nev\u00edm <\/td><td>1 %<\/td><\/tr><\/tbody><\/table><\/figure>\n\n<h3 class=\"wp-block-heading\">Francouzi rad\u011bji teplo ne\u017e obnovovan\u00fd vzduch<\/h3>\n\n<p>Kdy\u017e si maj\u00ed vybrat, t\u00e9m\u011b\u0159 jeden Francouz ze dvou d\u00e1v\u00e1 p\u0159ednost tomu, aby mu bylo opravdu teplo, i kdy\u017e se vzduch m\u00e1lo obnovuje (48%), oproti 41%, kte\u0159\u00ed up\u0159ednost\u0148uj\u00ed pravideln\u011b obnovovan\u00fd vzduch, i za cenu chladn\u011bj\u0161\u00edho prost\u0159ed\u00ed. Dal\u0161\u00edch 11% uv\u00e1d\u00ed, \u017ee se nedok\u00e1\u017ee rozhodnout, co\u017e nazna\u010duje, \u017ee volba z\u00e1vis\u00ed na situaci (po\u010das\u00ed, citlivost na chlad, typ prostor). Tyto v\u00fdsledky potvrzuj\u00ed v\u00fdznam tepeln\u00e9ho komfortu vn\u00edm\u00e1n\u00ed zdrav\u00e9ho prost\u0159ed\u00ed, p\u0159esto\u017ee ve\u0159ejn\u00e1 doporu\u010den\u00ed zd\u016fraz\u0148uj\u00ed d\u016fle\u017eitost ka\u017edodenn\u00edho v\u011btr\u00e1n\u00ed, a to i v zim\u011b.   <\/p>\n\n<h3 class=\"wp-block-heading\">Kdy\u017e si m\u00e1te vybrat, co preferujete:<\/h3>\n\n<figure class=\"wp-block-table\"><table class=\"has-fixed-layout\"><tbody><tr><td><strong>Odpov\u011bdi <\/strong><\/td><td><strong>Procenta<\/strong><\/td><\/tr><tr><td><strong>M\u00edt opravdu teplo, i kdy\u017e se vzduch m\u00e1lo obnovuje <\/strong><\/td><td><strong>48 %<\/strong><\/td><\/tr><tr><td>M\u00edt o n\u011bco chladn\u011bji, ale vzduch pravideln\u011b obnovovan\u00fd <\/td><td>41 %<\/td><\/tr><tr><td>Nev\u00edm \/ z\u00e1le\u017e\u00ed <\/td><td>11 %<\/td><\/tr><\/tbody><\/table><\/figure>\n\n<h2 class=\"wp-block-heading\">Francouzi se zaj\u00edmaj\u00ed o vlhkost\u2026 ale bez skute\u010dn\u00e9 kontroly <\/h2>\n\n<p>Vlhkost vzduchu na pracovi\u0161ti je velmi sd\u00edlenou obavou: 90% dot\u00e1zan\u00fdch se o ni zaj\u00edm\u00e1, ale pouze 8% uv\u00e1d\u00ed, \u017ee se skute\u010dn\u011b m\u011b\u0159\u00ed, aby se zjistila jej\u00ed hodnota. Naopak 82% tvrd\u00ed, \u017ee nemaj\u00ed jasn\u00fd p\u0159ehled (31% nev\u00ed, zda m\u011b\u0159en\u00ed existuje, a 51% \u0159\u00edk\u00e1, \u017ee ji nikdo nem\u011b\u0159\u00ed), co\u017e odpov\u00edd\u00e1 zji\u0161t\u011bn\u00edm n\u00e1rodn\u00edch \u0161et\u0159en\u00ed o kvalit\u011b vnit\u0159n\u00edho ovzdu\u0161\u00ed (QAI), kter\u00e1 ukazuj\u00ed v\u00fdraznou neznalost m\u011b\u0159en\u00ed a jejich \u0159\u00edzen\u00ed ve firm\u00e1ch.  <\/p>\n\n<p>Relativn\u00ed vlhkost je p\u0159itom uzn\u00e1van\u00fdm parametrem komfortu a zdrav\u00ed, p\u0159i\u010dem\u017e doporu\u010den\u00ed se \u010dasto pohybuj\u00ed kolem 40\u201360% pro omezen\u00ed nepohodl\u00ed a nerovnov\u00e1hy.<\/p>\n\n<h3 class=\"wp-block-heading\">Zaj\u00edm\u00e1te se o vlhkost vzduchu na sv\u00e9m pracovi\u0161ti?<\/h3>\n\n<figure class=\"wp-block-table\"><table class=\"has-fixed-layout\"><tbody><tr><td><strong>Odpov\u011bdi <\/strong><\/td><td><strong>Procenta<\/strong><\/td><\/tr><tr><td>Ano, m\u011b\u0159\u00ed se, aby se zjistila jej\u00ed hodnota <\/td><td>8 %<\/td><\/tr><tr><td>Ano, ale nev\u00edm, zda se m\u011b\u0159\u00ed <\/td><td>31 %<\/td><\/tr><tr><td>Ano, ale nikdo ji nem\u011b\u0159\u00ed <\/td><td>51 %<\/td><\/tr><tr><td>Ne, neznepokojuje m\u011b to <\/td><td>10 %<\/td><\/tr><\/tbody><\/table><\/figure>\n\n<h3 class=\"wp-block-heading\">Jak\u00e9 \u0159e\u0161en\u00ed proti mikrob\u016fm od koleg\u016f? <\/h3>\n\n<p>S p\u0159\u00edchodem zimy jsou mikroby ve vzduchu. Odpov\u011bdi v\u0161ak ukazuj\u00ed v\u00fdraznou nejistotu ohledn\u011b spr\u00e1vn\u00fdch n\u00e1vyk\u016f, kter\u00e9 je t\u0159eba zvolit, aby se p\u0159ede\u0161lo n\u00e1kaze. Pouze relativn\u00ed men\u0161ina 31% vol\u00ed nejkomplexn\u011bj\u0161\u00ed strategii: kr\u00e1tk\u00e9 v\u011btr\u00e1n\u00ed + \u010disti\u010dka. Zb\u00fdvaj\u00edc\u00edch 50% se d\u011bl\u00ed mezi jedin\u00e9 opat\u0159en\u00ed (okno navzdory chladu\/zne\u010di\u0161t\u011bn\u00ed 21% nebo samotn\u00e1 \u010disti\u010dka 29%) a 19% uv\u00e1d\u00ed, \u017ee nev\u00ed, jak se zachovat (11%), nebo ned\u011bl\u00e1 v\u016fbec nic (8%).    <\/p>\n\n<p>P\u0159itom doporu\u010den\u00ed jsou pom\u011brn\u011b jasn\u00e1 a up\u0159ednost\u0148uj\u00ed v\u011btr\u00e1n\u00ed a ventilaci i v zim\u011b prost\u0159ednictv\u00edm opakovan\u00e9ho otev\u0159en\u00ed na n\u011bkolik minut. P\u0159\u00edvod \u010derstv\u00e9ho vzduchu sni\u017euje hromad\u011bn\u00ed aerosol\u016f.  <\/p>\n\n<p>HEPA filtrace je tak\u00e9 u\u017eite\u010dn\u00e1 jako dopln\u011bk. <\/p>\n\n<h3 class=\"wp-block-heading\">Pro sn\u00ed\u017een\u00ed rizik spojen\u00fdch s respira\u010dn\u00edmi mikroby ve vzduchu (aerosoly) je podle v\u00e1s nejlep\u0161\u00ed odpov\u011b\u010f:<\/h3>\n\n<figure class=\"wp-block-table\"><table class=\"has-fixed-layout\"><tbody><tr><td><strong>Odpov\u011bdi <\/strong><\/td><td><strong>Procenta<\/strong><\/td><\/tr><tr><td>Otev\u0159\u00edt okno, i kdy\u017e je venkovn\u00ed vzduch velmi studen\u00fd a mo\u017en\u00e1 zne\u010di\u0161t\u011bn\u00fd <\/td><td>21 %<\/td><\/tr><tr><td>Pou\u017e\u00edt \u010disti\u010dku vzduchu (typ HEPA, s aktivn\u00edm uhl\u00edm, se saturac\u00ed, regenerovatelnou) <\/td><td>29 %<\/td><\/tr><tr><td>Prov\u00e1d\u011bt kr\u00e1tk\u00e9 pravideln\u00e9 v\u011btr\u00e1n\u00ed a pou\u017e\u00edvat \u010disti\u010dku vzduchu <\/td><td>31 %<\/td><\/tr><tr><td>Ned\u011blat v\u016fbec nic <\/td><td>8 %<\/td><\/tr><tr><td>Nev\u00edm <\/td><td>11 %<\/td><\/tr><\/tbody><\/table><\/figure>\n\n<h2 class=\"wp-block-heading\">Stop zav\u0159en\u00fdm okn\u016fm! <\/h2>\n\n<p>V\u011btr\u00e1n\u00ed na pracovi\u0161ti se ukazuje jako z velk\u00e9 \u010d\u00e1sti nedostate\u010dn\u00e9 a \u0161patn\u011b zvl\u00e1dnut\u00e9: pouze 22% uv\u00e1d\u00ed, \u017ee otev\u00edr\u00e1 okna alespo\u0148 jednou denn\u011b (7% n\u011bkolikr\u00e1t, 15% jednou), zat\u00edmco 54% to d\u011bl\u00e1 m\u00e9n\u011b \u010dasto (21% n\u011bkolikr\u00e1t t\u00fddn\u011b, 14% z\u0159\u00eddka, 19% nikdy). P\u0159edev\u0161\u00edm 24% odpov\u00edd\u00e1, \u017ee nev\u00ed nebo nem\u00e1 okna, co\u017e sv\u011bd\u010d\u00ed o nedostatku orientace a obt\u00ed\u017enosti uplat\u0148ovat spr\u00e1vn\u00e9 postupy.  <\/p>\n\n<h3 class=\"wp-block-heading\">Jak \u010dasto se v zim\u011b ve va\u0161em pracovn\u00edm prostoru otev\u00edraj\u00ed okna?<\/h3>\n\n<figure class=\"wp-block-table\"><table class=\"has-fixed-layout\"><tbody><tr><td><strong>Odpov\u011bdi <\/strong><\/td><td><strong>Procenta<\/strong><\/td><\/tr><tr><td>N\u011bkolikr\u00e1t denn\u011b <\/td><td>7 %<\/td><\/tr><tr><td>1\u00d7 denn\u011b <\/td><td>15 %<\/td><\/tr><tr><td>N\u011bkolikr\u00e1t t\u00fddn\u011b <\/td><td>21 %<\/td><\/tr><tr><td>Z\u0159\u00eddka <\/td><td>14 %<\/td><\/tr><tr><td>Nikdy <\/td><td>19 %<\/td><\/tr><tr><td>Nev\u00edm \/ \u017e\u00e1dn\u00e1 okna <\/td><td>24 %<\/td><\/tr><\/tbody><\/table><\/figure>\n\n<h2 class=\"wp-block-heading\">\u0160patn\u00fd vzduch na pracovi\u0161ti? <\/h2>\n\n<p>Kdo nikdy nepoc\u00edtil vyd\u00fdchan\u00fd vzduch na pracovi\u0161ti? <\/p>\n\n<p>78% Francouz\u016f to konstatuje (31% \u010dasto a 47% n\u011bkdy), oproti pouh\u00fdm 17%, kte\u0159\u00ed nic nepozoruj\u00ed (14% z\u0159\u00eddka, 3% nikdy). <\/p>\n\n<p>Kvalita vnit\u0159n\u00edho ovzdu\u0161\u00ed (QAI) z\u016fst\u00e1v\u00e1 \u0161patn\u011b \u0159\u00edzen\u00e1 a \u0161patn\u011b pochopen\u00e1. Kdy\u017e se vzduch zd\u00e1 vyd\u00fdchan\u00fd, mnoho lid\u00ed nev\u00ed, jak\u00e9 p\u00e1ky pou\u017e\u00edt (ventilace, kr\u00e1tk\u00e9 a pravideln\u00e9 v\u011btr\u00e1n\u00ed, filtrace). CO\u2082 je p\u0159itom u\u017eite\u010dn\u00fdm ukazatelem nedostate\u010dn\u011b obnovovan\u00e9ho vzduchu a jednoduch\u00e9 kroky (v\u011btrat\/ventilovat) sni\u017euj\u00ed hromad\u011bn\u00ed zne\u010di\u0161\u0165uj\u00edc\u00edch l\u00e1tek a aerosol\u016f.   <\/p>\n\n<h3 class=\"wp-block-heading\">M\u011bli jste n\u011bkdy v zim\u011b na pracovi\u0161ti pocit, \u017ee je vzduch vyd\u00fdchan\u00fd?<\/h3>\n\n<figure class=\"wp-block-table\"><table class=\"has-fixed-layout\"><tbody><tr><td><strong>Odpov\u011bdi <\/strong><\/td><td><strong>Procenta<\/strong><\/td><\/tr><tr><td>Ano, \u010dasto <\/td><td>31 %<\/td><\/tr><tr><td><strong>Ano, n\u011bkdy <\/strong><\/td><td><strong>47 %<\/strong><\/td><\/tr><tr><td>Ne, z\u0159\u00eddka <\/td><td>14 %<\/td><\/tr><tr><td>Ne, nikdy <\/td><td>3 %<\/td><\/tr><tr><td>Nev\u00edm <\/td><td>5 %<\/td><\/tr><\/tbody><\/table><\/figure>\n\n<h2 class=\"wp-block-heading\">\u0160patn\u00e9 \u0159\u00edzen\u00ed v p\u0159\u00edpad\u011b nemoci <\/h2>\n\n<p>Kdy\u017e m\u00e1 kolega ka\u0161el nebo r\u00fdmu, situace je Francouzi st\u00e1le z velk\u00e9 \u010d\u00e1sti \u0161patn\u011b zvl\u00e1d\u00e1na. 43% uv\u00e1d\u00ed, \u017ee chod\u00ed do pr\u00e1ce nemocn\u00ed, oproti pouh\u00fdm 25%, kte\u0159\u00ed z\u016fst\u00e1vaj\u00ed doma. U 29% v\u0161e z\u00e1vis\u00ed na kontextu a situaci.   <\/p>\n\n<p>Kultura prezentismu je ve Francii st\u00e1le p\u0159\u00edli\u0161 roz\u0161\u00ed\u0159en\u00e1, jak upozor\u0148uje Dares: v\u00edce ne\u017e jeden nemocensk\u00fd den ze \u010dty\u0159 (27%) se prom\u00edt\u00e1 do p\u0159\u00edtomnosti v pr\u00e1ci. Doporu\u010den\u00ed ve\u0159ejn\u00e9ho zdrav\u00ed i zdrav\u00fd rozum p\u0159ipom\u00ednaj\u00ed, \u017ee p\u0159i p\u0159\u00edznac\u00edch je t\u0159eba omezit p\u0159enos (zejm\u00e9na no\u0161en\u00edm rou\u0161ky v pr\u00e1ci, kdy\u017e jste nemocn\u00ed) a dodr\u017eovat bari\u00e9rov\u00e1 opat\u0159en\u00ed.  <\/p>\n\n<p>Tyto v\u00fdsledky podporuj\u00ed zaveden\u00ed provozn\u00edch pokyn\u016f ve firm\u00e1ch (home office, pokud je to mo\u017en\u00e9, n\u00e1vrat do kancel\u00e1\u0159e s rou\u0161kou p\u0159i p\u0159\u00edznac\u00edch, pos\u00edlen\u00e9 v\u011btr\u00e1n\u00ed\/ventilace), aby prevence nez\u00e1visela na individu\u00e1ln\u00edm rozhodov\u00e1n\u00ed. <\/p>\n\n<h3 class=\"wp-block-heading\">Kdy\u017e je kolega nemocn\u00fd (ka\u0161el\/r\u00fdma), co se nej\u010dast\u011bji st\u00e1v\u00e1?<\/h3>\n\n<figure class=\"wp-block-table\"><table class=\"has-fixed-layout\"><tbody><tr><td><strong>Odpov\u011bdi <\/strong><\/td><td><strong>Procenta<\/strong><\/td><\/tr><tr><td>Z\u016fstane doma <\/td><td>25 %<\/td><\/tr><tr><td><strong>P\u0159ijde i tak (z povinnosti) <\/strong><\/td><td><strong>43 %<\/strong><\/td><\/tr><tr><td>Z\u00e1le\u017e\u00ed na t\u00fdmech \/ obdob\u00edch <\/td><td>29 %<\/td><\/tr><tr><td>Nev\u00edm <\/td><td>3 %<\/td><\/tr><\/tbody><\/table><\/figure>\n\n<h3 class=\"wp-block-heading\">Co Francouzi skute\u010dn\u011b d\u011blaj\u00ed, kdy\u017e je kolega nemocn\u00fd? <\/h3>\n\n<p>Od covidu se n\u011bkter\u00e9 n\u00e1vyky zapsaly do kolektivn\u00edch zvyklost\u00ed. Tv\u00e1\u0159\u00ed v tv\u00e1\u0159 nemocn\u00e9mu kolegovi jsou nej\u010dast\u011bji uv\u00e1d\u011bn\u00fdmi opat\u0159en\u00edmi hygiena rukou\/dezinfekce (53%) a odstup (41%).  <\/p>\n\n<p>Naopak nejz\u00e1sadn\u011bj\u0161\u00ed opat\u0159en\u00ed v uzav\u0159en\u00e9m prost\u0159ed\u00ed jsou p\u0159ij\u00edm\u00e1na mnohem m\u00e9n\u011b, jako je pos\u00edlen\u00e9 v\u011btr\u00e1n\u00ed (27%) a no\u0161en\u00ed rou\u0161ky (18%). <\/p>\n\n<p>Nejv\u00edce zar\u00e1\u017eej\u00edc\u00ed je, \u017ee 37% Francouz\u016f uv\u00e1d\u00ed tak\u00e9 odpov\u011bdi typu ne\u010dinnosti (nem\u011bn\u00ed sv\u00e9 chov\u00e1n\u00ed 25% nebo ned\u011blaj\u00ed v\u016fbec nic 12%). <\/p>\n\n<p>Tato slabost kolektivn\u00edch n\u00e1vyk\u016f odpov\u00edd\u00e1 v\u0161em n\u00e1rodn\u00edm zji\u0161t\u011bn\u00edm. Bari\u00e9rov\u00e1 opat\u0159en\u00ed a pou\u017e\u00edv\u00e1n\u00ed rou\u0161ek v populaci v\u00fdrazn\u011b ustoupily. Tato data podporuj\u00ed jednoduch\u00e9 pokyny ve firm\u00e1ch: opakovan\u00e9 kr\u00e1tk\u00e9 v\u011btr\u00e1n\u00ed, mo\u017enost videohovor\u016f, rou\u0161ky k dispozici, pravidla p\u0159i p\u0159\u00edznac\u00edch a p\u0159edev\u0161\u00edm <a href=\"https:\/\/obera.fr\/cs\/produits\/purificateurs-air\/\">za\u0159\u00edzen\u00ed na \u010di\u0161t\u011bn\u00ed vzduchu<\/a>.   <\/p>\n\n<h3 class=\"wp-block-heading\">Kdy\u017e je kolega nemocn\u00fd (ka\u0161el\/r\u00fdma), co nej\u010dast\u011bji d\u011bl\u00e1te? (max. 3 volby) <\/h3>\n\n<figure class=\"wp-block-table\"><table class=\"has-fixed-layout\"><tbody><tr><td><strong>Odpov\u011bdi <\/strong><\/td><td><strong>Procenta<\/strong><\/td><\/tr><tr><td>Udr\u017euji odstup a omezuji osobn\u00ed kontakt tv\u00e1\u0159\u00ed v tv\u00e1\u0159 <\/td><td>41 %<\/td><\/tr><tr><td>Nos\u00edm rou\u0161ku (alespo\u0148 na sch\u016fzk\u00e1ch\/v bl\u00edzkosti) <\/td><td>18 %<\/td><\/tr><tr><td>V\u00edce v\u011btr\u00e1m (otev\u00edr\u00e1m okno, kdy\u017e je to mo\u017en\u00e9) <\/td><td>27 %<\/td><\/tr><tr><td>\u010cast\u011bji si myji\/dezinfikuji ruce a dezinfikuji sv\u00e9 pracovn\u00ed m\u00edsto <\/td><td>53 %<\/td><\/tr><tr><td>Vyh\u00fdb\u00e1m se sch\u016fzk\u00e1m osobn\u011b \/ \u017e\u00e1d\u00e1m o videohovor <\/td><td>18 %<\/td><\/tr><tr><td>Po\u017e\u00e1d\u00e1m kolegu, aby \u0161el dom\u016f \/ pracoval na d\u00e1lku (pokud je to mo\u017en\u00e9) <\/td><td>16 %<\/td><\/tr><tr><td>Po\u017e\u00e1d\u00e1m, abych mohl(a) j\u00edt dom\u016f a pracovat na d\u00e1lku (pokud je to mo\u017en\u00e9) <\/td><td>12 %<\/td><\/tr><tr><td>Nahl\u00e1s\u00edm to mana\u017eerovi\/HR (pokud situace p\u0159edstavuje probl\u00e9m) <\/td><td>6 %<\/td><\/tr><tr><td>Nic nem\u011bn\u00edm \/ n\u011bjak to vydr\u017e\u00edm <\/td><td>25 %<\/td><\/tr><tr><td>Ned\u011bl\u00e1m v\u016fbec nic <\/td><td>12 %<\/td><\/tr><tr><td>Jin\u00e9 <\/td><td>3 %<\/td><\/tr><\/tbody><\/table><\/figure>\n\n<h2 class=\"wp-block-heading\">8 z 10 Francouz\u016f chce od firem a ve\u0159ejn\u00fdch m\u00edst konkr\u00e9tn\u00ed kroky <\/h2>\n\n<p>Francouzi vyjad\u0159uj\u00ed velmi siln\u00e9 o\u010dek\u00e1v\u00e1n\u00ed v\u016f\u010di firm\u00e1m a ve\u0159ejn\u00fdm m\u00edst\u016fm: 83% se domn\u00edv\u00e1, \u017ee je t\u0159eba ud\u011blat v\u00edce pro zaji\u0161t\u011bn\u00ed p\u0159\u00edkladn\u00e9 kvality vzduchu, z toho 56% m\u00e1 za to, \u017ee \u201eje\u0161t\u011b je pot\u0159eba ud\u011blat \u00fapln\u011b v\u0161e\u201c. Tento po\u017eadavek kontrastuje s prax\u00ed, kter\u00e1 je v ter\u00e9nu st\u00e1le nerovnom\u011brn\u00e1. <\/p>\n\n<p>Souvis\u00ed to tak\u00e9 s nedostatkem orientace: \u010d\u00e1st zam\u011bstnanc\u016f nev\u00ed, jak se kvalita vzduchu m\u011b\u0159\u00ed nebo \u0159\u00edd\u00ed, p\u0159esto\u017ee \u00fa\u0159ady doporu\u010duj\u00ed jednoduch\u00e9 a \u00fa\u010dinn\u00e9 kroky, jako je pravideln\u00e9 v\u011btr\u00e1n\u00ed a sledov\u00e1n\u00ed ukazatel\u016f (nap\u0159. CO\u2082 v n\u011bkter\u00fdch za\u0159\u00edzen\u00edch). <\/p>\n\n<p>Nakonec 11% t\u011bch, kte\u0159\u00ed se domn\u00edvaj\u00ed, \u017ee to nen\u00ed jejich role, a 6% t\u011bch, kte\u0159\u00ed se nevyjad\u0159uj\u00ed, ukazuje, \u017ee je st\u00e1le pot\u0159eba osv\u011bta o zdravotn\u00edm dopadu vnit\u0159n\u00edho vzduchu a o kolektivn\u00ed odpov\u011bdnosti spr\u00e1vc\u016f budov. <\/p>\n\n<h3 class=\"wp-block-heading\">Mysl\u00edte si, \u017ee firmy a v\u0161echna ve\u0159ejn\u00e1 m\u00edsta by m\u011bly vyvinout v\u011bt\u0161\u00ed \u00fasil\u00ed, aby zajistily p\u0159\u00edkladnou kvalitu vzduchu?<\/h3>\n\n<figure class=\"wp-block-table\"><table class=\"has-fixed-layout\"><tbody><tr><td><strong>Odpov\u011bdi <\/strong><\/td><td><strong>Procenta<\/strong><\/td><\/tr><tr><td><strong>Ano, rozhodn\u011b, je je\u0161t\u011b pot\u0159eba ud\u011blat \u00fapln\u011b v\u0161e <\/strong><\/td><td><strong>56 %<\/strong><\/td><\/tr><tr><td>Ano, ale u\u017e d\u011blaj\u00ed hodn\u011b v\u011bc\u00ed <\/td><td>27 %<\/td><\/tr><tr><td>Ne, nen\u00ed to jejich role <\/td><td>11 %<\/td><\/tr><tr><td>Nev\u00edm \/ nevyjad\u0159uje se <\/td><td>6 %<\/td><\/tr><\/tbody><\/table><\/figure>\n\n<p><em>\u201eV\u00fdsledky tohoto pr\u016fzkumu ukazuj\u00ed nebezpe\u010dn\u00fd reflex: \u010dasto up\u0159ednost\u0148ujeme to, aby n\u00e1m bylo opravdu teplo, na \u00fakor zdrav\u00e9ho vzduchu. V zim\u011b nav\u00edc nem\u00e1me v\u017edy n\u00e1vyk otev\u00edrat okna tak \u010dasto, jak by bylo pot\u0159eba. Pr\u00e1v\u011b proto se syst\u00e9my \u010di\u0161t\u011bn\u00ed vzduchu st\u00e1vaj\u00ed z\u00e1sadn\u00edmi: \u00fa\u010dinn\u011b dopl\u0148uj\u00ed v\u011btr\u00e1n\u00ed a umo\u017e\u0148uj\u00ed dlouhodob\u011b sn\u00ed\u017eit mno\u017estv\u00ed \u010d\u00e1stic a aerosol\u016f v pracovn\u00edch prostor\u00e1ch, ani\u017e by se ob\u011btoval komfort. Neust\u00e1le se setk\u00e1v\u00e1me s firmami, kter\u00e9 podce\u0148uj\u00ed nutnost zlep\u0161ovat a \u0159\u00eddit kvalitu vzduchu pro sv\u00e9 zam\u011bstnance. P\u0159itom jde o \u017eivotn\u011b d\u016fle\u017eit\u00e9 uv\u011bdom\u011bn\u00ed.\u201c <\/em><\/p>\n\n<h2 class=\"wp-block-heading\">Metodika pr\u016fzkumu<\/h2>\n\n<p>Pr\u016fzkum byl proveden na reprezentativn\u00edm vzorku 4102 osob \u017eij\u00edc\u00edch ve Francii ve v\u011bku 18let a v\u00edce. \u0160et\u0159en\u00ed prob\u011bhlo online v lednu 2026 na z\u00e1klad\u011b panelu respondent\u016f BuzzPress (27700 osob ve Francii dotazovan\u00fdch elektronicky e-mailem a na soci\u00e1ln\u00edch s\u00edt\u00edch Facebook a LinkedIn). Profily firem uv\u00e1d\u011bn\u00e9 respondenty jako jejich pracovi\u0161t\u011b:   <\/p>\n\n<ul class=\"wp-block-list\">\n<li>Pr\u016fmysl \/ v\u00fdroba: 16% <\/li>\n\n\n\n<li>Slu\u017eby pro jednotlivce (zdravotnictv\u00ed, soci\u00e1ln\u00ed slu\u017eby, dom\u00e1c\u00ed p\u00e9\u010de, obchody, gastronomie\u2026): 27% <\/li>\n\n\n\n<li>Slu\u017eby pro firmy (poradenstv\u00ed, IT, finance, komunikace\u2026): 24% <\/li>\n\n\n\n<li>Ve\u0159ejn\u00fd \/ polove\u0159ejn\u00fd sektor (\u00fa\u0159ady, \u0161kolstv\u00ed, nemocnice\u2026): 18% <\/li>\n\n\n\n<li>Stavebnictv\u00ed \/ BTP: 8% <\/li>\n\n\n\n<li>Doprava \/ logistika: 6% <\/li>\n\n\n\n<li>Jin\u00e9 \/ nevyjad\u0159uje se: 1% <\/li>\n<\/ul>\n\n<p>Odpov\u011bdi byly zpracov\u00e1ny a v\u00e1\u017eeny podle p\u0159edem stanoven\u00fdch kv\u00f3t s c\u00edlem zajistit reprezentativnost vzorku a dos\u00e1hnout reprezentativnosti c\u00edlov\u00e9 populace. Ve\u0161ker\u00e9 v\u00e1\u017een\u00ed vych\u00e1z\u00ed z administrativn\u00edch \u00fadaj\u016f a z dat shrom\u00e1\u017ed\u011bn\u00fdch INSEE. <\/p>\n\n<h2 class=\"wp-block-heading has-text-align-center\">Mluvili o n\u00e1s!<\/h2>\n\n<div class=\"wp-block-columns are-vertically-aligned-center is-layout-flex wp-container-core-columns-is-layout-28f84493 wp-block-columns-is-layout-flex\">\n<div class=\"wp-block-column is-vertically-aligned-center is-layout-flow wp-block-column-is-layout-flow\">\n<figure class=\"wp-block-image aligncenter size-large\"><img decoding=\"async\" width=\"1024\" height=\"538\" src=\"https:\/\/obera.fr\/wp-content\/uploads\/2026\/02\/logo_de_doctissimo-1024x538.jpg\" alt=\"logo doctissimo\" class=\"wp-image-143878\" srcset=\"https:\/\/obera.fr\/wp-content\/uploads\/2026\/02\/logo_de_doctissimo-1024x538.jpg 1024w, https:\/\/obera.fr\/wp-content\/uploads\/2026\/02\/logo_de_doctissimo-300x158.jpg 300w, https:\/\/obera.fr\/wp-content\/uploads\/2026\/02\/logo_de_doctissimo-768x403.jpg 768w, https:\/\/obera.fr\/wp-content\/uploads\/2026\/02\/logo_de_doctissimo.jpg 1200w\" sizes=\"(max-width: 1024px) 100vw, 1024px\" \/><figcaption class=\"wp-element-caption\"><a href=\"https:\/\/www.doctissimo.fr\/famille\/travail\/sante-et-travail\/43-des-francais-vont-travailler-malades-et-les-virus-sinvitent-en-salle-de-reunion-603072.htm\" data-type=\"link\" data-id=\"https:\/\/www.doctissimo.fr\/famille\/travail\/sante-et-travail\/43-des-francais-vont-travailler-malades-et-les-virus-sinvitent-en-salle-de-reunion-603072.htm\" target=\"_blank\" rel=\"noreferrer noopener nofollow\">Zobrazit \u010dl\u00e1nek<\/a><\/figcaption><\/figure>\n<\/div>\n\n\n\n<div class=\"wp-block-column is-vertically-aligned-center is-layout-flow wp-block-column-is-layout-flow\">\n<figure class=\"wp-block-image aligncenter size-large\"><img decoding=\"async\" width=\"1024\" height=\"1024\" src=\"https:\/\/obera.fr\/wp-content\/uploads\/2026\/02\/bfm_tv_logo-1024x1024.png\" alt=\"logo BFM TV\" class=\"wp-image-143879\" srcset=\"https:\/\/obera.fr\/wp-content\/uploads\/2026\/02\/bfm_tv_logo-1024x1024.png 1024w, https:\/\/obera.fr\/wp-content\/uploads\/2026\/02\/bfm_tv_logo-300x300.png 300w, https:\/\/obera.fr\/wp-content\/uploads\/2026\/02\/bfm_tv_logo-150x150.png 150w, https:\/\/obera.fr\/wp-content\/uploads\/2026\/02\/bfm_tv_logo-768x768.png 768w, https:\/\/obera.fr\/wp-content\/uploads\/2026\/02\/bfm_tv_logo.png 1200w\" sizes=\"(max-width: 1024px) 100vw, 1024px\" \/><figcaption class=\"wp-element-caption\"><a href=\"https:\/\/www.bfmtv.com\/sante\/video-selon-une-etude-43-des-francais-vont-travailler-en-etant-malades_VN-202601270111.html\" target=\"_blank\" rel=\"noreferrer noopener nofollow\">Zobrazit \u010dl\u00e1nek<\/a><\/figcaption><\/figure>\n<\/div>\n\n\n\n<div class=\"wp-block-column is-vertically-aligned-center is-layout-flow wp-block-column-is-layout-flow\">\n<figure class=\"wp-block-image aligncenter size-full\"><img decoding=\"async\" width=\"640\" height=\"360\" src=\"https:\/\/obera.fr\/wp-content\/uploads\/2026\/02\/laprovence-logo-media.jpg\" alt=\"logo m&#xE9;dia La Provence\" class=\"wp-image-143880\" srcset=\"https:\/\/obera.fr\/wp-content\/uploads\/2026\/02\/laprovence-logo-media.jpg 640w, https:\/\/obera.fr\/wp-content\/uploads\/2026\/02\/laprovence-logo-media-300x169.jpg 300w\" sizes=\"(max-width: 640px) 100vw, 640px\" \/><figcaption class=\"wp-element-caption\"><a href=\"https:\/\/www.laprovence.com\/article\/societe\/40354383352299\/peur-detre-mal-vu-a-leuro-pres-sans-teletravail-43-des-francais-vont-travailler-en-etant-malades\" data-type=\"link\" data-id=\"https:\/\/www.laprovence.com\/article\/societe\/40354383352299\/peur-detre-mal-vu-a-leuro-pres-sans-teletravail-43-des-francais-vont-travailler-en-etant-malades\" target=\"_blank\" rel=\"noreferrer noopener nofollow\">Zobrazit \u010dl\u00e1nek<\/a><\/figcaption><\/figure>\n<\/div>\n\n\n\n<div class=\"wp-block-column is-vertically-aligned-center is-layout-flow wp-block-column-is-layout-flow\">\n<figure class=\"wp-block-image aligncenter size-full\"><img decoding=\"async\" width=\"512\" height=\"512\" src=\"https:\/\/obera.fr\/wp-content\/uploads\/2026\/02\/corsematin-logo.png\" alt=\"logo Corse Matin\" class=\"wp-image-143881\" srcset=\"https:\/\/obera.fr\/wp-content\/uploads\/2026\/02\/corsematin-logo.png 512w, https:\/\/obera.fr\/wp-content\/uploads\/2026\/02\/corsematin-logo-300x300.png 300w, https:\/\/obera.fr\/wp-content\/uploads\/2026\/02\/corsematin-logo-150x150.png 150w\" sizes=\"(max-width: 512px) 100vw, 512px\" \/><\/figure>\n<\/div>\n\n\n\n<div class=\"wp-block-column is-vertically-aligned-center is-layout-flow wp-block-column-is-layout-flow\">\n<figure class=\"wp-block-image aligncenter size-full\"><img decoding=\"async\" width=\"500\" height=\"500\" src=\"https:\/\/obera.fr\/wp-content\/uploads\/2026\/02\/demotivteur-logo.jpg\" alt=\"logo Demotivateur\" class=\"wp-image-143882\" srcset=\"https:\/\/obera.fr\/wp-content\/uploads\/2026\/02\/demotivteur-logo.jpg 500w, https:\/\/obera.fr\/wp-content\/uploads\/2026\/02\/demotivteur-logo-300x300.jpg 300w, https:\/\/obera.fr\/wp-content\/uploads\/2026\/02\/demotivteur-logo-150x150.jpg 150w\" sizes=\"(max-width: 500px) 100vw, 500px\" \/><figcaption class=\"wp-element-caption\"><a href=\"https:\/\/www.demotivateur.fr\/lifestyle\/43-des-francais-vont-travailler-en-etant-malades-selon-une-enquete-47039\" data-type=\"link\" data-id=\"https:\/\/www.demotivateur.fr\/lifestyle\/43-des-francais-vont-travailler-en-etant-malades-selon-une-enquete-47039\" target=\"_blank\" rel=\"noreferrer noopener nofollow\">Zobrazit \u010dl\u00e1nek<\/a><\/figcaption><\/figure>\n<\/div>\n<\/div>\n\n<div class=\"wp-block-columns are-vertically-aligned-center is-layout-flex wp-container-core-columns-is-layout-28f84493 wp-block-columns-is-layout-flex\">\n<div class=\"wp-block-column is-vertically-aligned-center is-layout-flow wp-block-column-is-layout-flow\">\n<figure class=\"wp-block-image aligncenter size-full\"><img decoding=\"async\" width=\"1024\" height=\"443\" src=\"https:\/\/obera.fr\/wp-content\/uploads\/2026\/02\/logo-msn.png\" alt=\"logo MSN\" class=\"wp-image-143883\" srcset=\"https:\/\/obera.fr\/wp-content\/uploads\/2026\/02\/logo-msn.png 1024w, https:\/\/obera.fr\/wp-content\/uploads\/2026\/02\/logo-msn-300x130.png 300w, https:\/\/obera.fr\/wp-content\/uploads\/2026\/02\/logo-msn-768x332.png 768w\" sizes=\"(max-width: 1024px) 100vw, 1024px\" \/><figcaption class=\"wp-element-caption\"><a href=\"https:\/\/www.msn.com\/fr-ch\/actualite\/other\/pr%C3%A8s-d-un-salari%C3%A9-sur-deux-va-travailler-malgr%C3%A9-des-signes-de-maladie\/ar-AA1V3q6q\" data-type=\"link\" data-id=\"https:\/\/www.doctissimo.fr\/famille\/travail\/sante-et-travail\/43-des-francais-vont-travailler-malades-et-les-virus-sinvitent-en-salle-de-reunion-603072.htm\" target=\"_blank\" rel=\"noreferrer noopener nofollow\">Zobrazit \u010dl\u00e1nek<\/a><\/figcaption><\/figure>\n<\/div>\n\n\n\n<div class=\"wp-block-column is-vertically-aligned-center is-layout-flow wp-block-column-is-layout-flow\">\n<figure class=\"wp-block-image aligncenter size-large\"><img decoding=\"async\" width=\"1024\" height=\"349\" src=\"https:\/\/obera.fr\/wp-content\/uploads\/2026\/02\/logo-orange-1024x349.jpg\" alt=\"logo Orange\" class=\"wp-image-143884\" srcset=\"https:\/\/obera.fr\/wp-content\/uploads\/2026\/02\/logo-orange-1024x349.jpg 1024w, https:\/\/obera.fr\/wp-content\/uploads\/2026\/02\/logo-orange-300x102.jpg 300w, https:\/\/obera.fr\/wp-content\/uploads\/2026\/02\/logo-orange-768x262.jpg 768w, https:\/\/obera.fr\/wp-content\/uploads\/2026\/02\/logo-orange-1536x523.jpg 1536w, https:\/\/obera.fr\/wp-content\/uploads\/2026\/02\/logo-orange.jpg 1659w\" sizes=\"(max-width: 1024px) 100vw, 1024px\" \/><figcaption class=\"wp-element-caption\"><a href=\"https:\/\/actu.orange.fr\/videos\/france\/selon-une-etude-43-des-francais-vont-travailler-en-etant-malades-CNT000002mZ3oz.html\" target=\"_blank\" rel=\"noreferrer noopener nofollow\">Zobrazit \u010dl\u00e1nek<\/a><\/figcaption><\/figure>\n<\/div>\n\n\n\n<div class=\"wp-block-column is-vertically-aligned-center is-layout-flow wp-block-column-is-layout-flow\">\n<figure class=\"wp-block-image aligncenter size-full\"><img decoding=\"async\" width=\"259\" height=\"195\" src=\"https:\/\/obera.fr\/wp-content\/uploads\/2026\/02\/logo-maxiflash.png\" alt=\"logo Maxi Flash\" class=\"wp-image-143885\"\/><figcaption class=\"wp-element-caption\"><a href=\"https:\/\/haguenau.maxi-flash.com\/etude-les-francais-travaillent-meme-malades\/\" data-type=\"link\" data-id=\"https:\/\/www.laprovence.com\/article\/societe\/40354383352299\/peur-detre-mal-vu-a-leuro-pres-sans-teletravail-43-des-francais-vont-travailler-en-etant-malades\" target=\"_blank\" rel=\"noreferrer noopener nofollow\">Zobrazit \u010dl\u00e1nek<\/a><\/figcaption><\/figure>\n<\/div>\n\n\n\n<div class=\"wp-block-column is-vertically-aligned-center is-layout-flow wp-block-column-is-layout-flow\">\n<figure class=\"wp-block-image aligncenter size-full\"><img decoding=\"async\" width=\"368\" height=\"108\" src=\"https:\/\/obera.fr\/wp-content\/uploads\/2026\/02\/logo_echo_mardi.png\" alt=\"logo Echo Mardi\" class=\"wp-image-143886\" srcset=\"https:\/\/obera.fr\/wp-content\/uploads\/2026\/02\/logo_echo_mardi.png 368w, https:\/\/obera.fr\/wp-content\/uploads\/2026\/02\/logo_echo_mardi-300x88.png 300w\" sizes=\"(max-width: 368px) 100vw, 368px\" \/><figcaption class=\"wp-element-caption\"><a href=\"https:\/\/www.echodumardi.com\/actualite\/43-des-francais-declarent-aller-travailler-meme-en-etant-malades\/amp\/\" data-type=\"link\" data-id=\"https:\/\/www.echodumardi.com\/actualite\/43-des-francais-declarent-aller-travailler-meme-en-etant-malades\/amp\/\" target=\"_blank\" rel=\"noreferrer noopener nofollow\">Zobrazit \u010dl\u00e1nek<\/a><\/figcaption><\/figure>\n<\/div>\n\n\n\n<div class=\"wp-block-column is-vertically-aligned-center is-layout-flow wp-block-column-is-layout-flow\">\n<p class=\"has-text-align-center\">A je\u0161t\u011b v\u00edce\u2026<\/p>\n<\/div>\n<\/div>\n","protected":false},"excerpt":{"rendered":"<p>OberA odhaluje v\u00fdsledky nov\u00e9ho pr\u016fzkumu* proveden\u00e9ho mezi 4\u00a0102 osobami, kter\u00fd upozor\u0148uje na p\u0159etrv\u00e1vaj\u00edc\u00ed nesoulad mezi tepeln\u00fdm komfortem a kvalitou vzduchu na pracovi\u0161ti: o ide\u00e1ln\u00ed teploty se vede ostr\u00e1 debata, zimn\u00ed v\u011btr\u00e1n\u00ed je vz\u00e1cn\u00e9, chyb\u00ed za\u0159\u00edzen\u00ed na \u010di\u0161t\u011bn\u00ed vzduchu, vlhkost je m\u00e1lo kontrolov\u00e1na a panuje nejistota ohledn\u011b spr\u00e1vn\u00fdch postup\u016f proti vir\u016fm. Studie tak\u00e9 zd\u016fraz\u0148uje siln\u00e9 o\u010dek\u00e1v\u00e1n\u00ed v\u016f\u010di zam\u011bstnavatel\u016fm: velk\u00e1 v\u011bt\u0161ina po\u017eaduje konkr\u00e9tn\u00ed kroky pro zdrav\u011bj\u0161\u00ed vnit\u0159n\u00ed vzduch ve firm\u00e1ch a na ve\u0159ejn\u00fdch m\u00edstech. Pracovi\u0161t\u011b se \u0161patn\u011b regulovanou teplotou? M\u00edt na pracovi\u0161ti p\u0159\u00edli\u0161 chladno nebo p\u0159\u00edli\u0161 teplo se m\u016f\u017ee st\u00e1t skute\u010dn\u00fdm probl\u00e9mem. V tomto t\u00e9matu v\u0161ak nem\u00e1 ka\u017ed\u00fd stejnou p\u0159edstavu o ide\u00e1ln\u00ed &#8230; <\/p>\n<p class=\"read-more-container\"><a title=\"D\u00fdchaj\u00ed Francouzi v zim\u011b na pracovi\u0161ti zdrav\u00fd vzduch?\" class=\"read-more button\" href=\"https:\/\/obera.fr\/cs\/tisk-2\/dychaji-francouzi-v-zime-na-pracovisti-zdravy-vzduch\/#more-145828\" aria-label=\"\u010c\u00edst v\u00edce o D\u00fdchaj\u00ed Francouzi v zim\u011b na pracovi\u0161ti zdrav\u00fd vzduch?\">Lire la suite<\/a><\/p>\n","protected":false},"author":13,"featured_media":0,"comment_status":"open","ping_status":"closed","sticky":false,"template":"","format":"standard","meta":{"_acf_changed":false,"_seopress_robots_primary_cat":"none","_seopress_titles_title":"Studie kvality ovzdu\u0161\u00ed na pracovi\u0161ti v zim\u011b \u2013 OberA","_seopress_titles_desc":"OberA odhaluje v\u00fdsledky nov\u00e9ho pr\u016fzkumu mezi 4102 osobami, kter\u00fd poukazuje na rozd\u00edl mezi tepeln\u00fdm komfortem a kvalitou vzduchu na pracovi\u0161ti.","_seopress_robots_index":"","footnotes":""},"categories":[988],"tags":[113],"class_list":["post-145828","post","type-post","status-publish","format-standard","hentry","category-tisk-2","tag-entete-male","generate-columns","tablet-grid-50","mobile-grid-100","grid-parent","grid-50","no-featured-image-padding"],"acf":[],"_links":{"self":[{"href":"https:\/\/obera.fr\/cs\/wp-json\/wp\/v2\/posts\/145828","targetHints":{"allow":["GET"]}}],"collection":[{"href":"https:\/\/obera.fr\/cs\/wp-json\/wp\/v2\/posts"}],"about":[{"href":"https:\/\/obera.fr\/cs\/wp-json\/wp\/v2\/types\/post"}],"author":[{"embeddable":true,"href":"https:\/\/obera.fr\/cs\/wp-json\/wp\/v2\/users\/13"}],"replies":[{"embeddable":true,"href":"https:\/\/obera.fr\/cs\/wp-json\/wp\/v2\/comments?post=145828"}],"version-history":[{"count":1,"href":"https:\/\/obera.fr\/cs\/wp-json\/wp\/v2\/posts\/145828\/revisions"}],"predecessor-version":[{"id":145835,"href":"https:\/\/obera.fr\/cs\/wp-json\/wp\/v2\/posts\/145828\/revisions\/145835"}],"wp:attachment":[{"href":"https:\/\/obera.fr\/cs\/wp-json\/wp\/v2\/media?parent=145828"}],"wp:term":[{"taxonomy":"category","embeddable":true,"href":"https:\/\/obera.fr\/cs\/wp-json\/wp\/v2\/categories?post=145828"},{"taxonomy":"post_tag","embeddable":true,"href":"https:\/\/obera.fr\/cs\/wp-json\/wp\/v2\/tags?post=145828"}],"curies":[{"name":"wp","href":"https:\/\/api.w.org\/{rel}","templated":true}]}}