{"id":36432,"date":"2024-10-24T10:50:30","date_gmt":"2024-10-24T08:50:30","guid":{"rendered":"https:\/\/obera.fr\/non-classifiee\/cisticka-vzduchu-hepa-14-pro-skoly-reseni-zamerene-na-znecisteni-vnitrnich-prostor-ve-skolach\/"},"modified":"2025-04-14T15:38:01","modified_gmt":"2025-04-14T13:38:01","slug":"purificateur-air-college","status":"publish","type":"post","link":"https:\/\/obera.fr\/cs\/nase-rady\/purificateur-air-college\/","title":{"rendered":"\u010cisti\u010dka vzduchu HEPA 14 pro \u0161koly: \u0159e\u0161en\u00ed zam\u011b\u0159en\u00e9 na zne\u010di\u0161t\u011bn\u00ed vnit\u0159n\u00edch prostor ve \u0161kol\u00e1ch"},"content":{"rendered":"\n<p>\u010cisti\u010dky vzduchu OberA se zam\u011b\u0159uj\u00ed na <strong>kvalitu vzduchu v za\u0159\u00edzen\u00edch, jako jsou jesle, \u0161kolky, \u0161koly, vysok\u00e9 \u0161koly a lycea<\/strong>. Pro ochranu zdrav\u00ed d\u011bt\u00ed a zam\u011bstnanc\u016f jsou filtra\u010dn\u00ed syst\u00e9my konfigurov\u00e1ny tak, aby filtrovaly a odstra\u0148ovaly prach, viry, bakterie, pyl, chemick\u00e9 \u010d\u00e1stice a vn\u011bj\u0161\u00ed zne\u010di\u0161t\u011bn\u00ed.<strong> Vysoce v\u00fdkonn\u00e9 <\/strong>za\u0159\u00edzen\u00ed omezuj\u00edc\u00ed riziko respira\u010dn\u00edch infekc\u00ed, astmatu a epidemi\u00ed.    <\/p>\n\n<h2 class=\"wp-block-heading\">Zdroje zne\u010di\u0161t\u011bn\u00ed ve \u0161kol\u00e1ch<\/h2>\n\n<figure class=\"wp-block-image alignright size-large is-resized\"><img decoding=\"async\" width=\"1024\" height=\"683\" src=\"https:\/\/obera.fr\/wp-content\/uploads\/2024\/10\/ecole-1024x683.jpg\" alt=\"U&#x10D;itel ukazuje na studenty, kte&#x159;&#xED; zvedaj&#xED; ruce\" class=\"wp-image-53300\" style=\"width:353px;height:auto\" srcset=\"https:\/\/obera.fr\/wp-content\/uploads\/2024\/10\/ecole-1024x683.jpg 1024w, https:\/\/obera.fr\/wp-content\/uploads\/2024\/10\/ecole-300x200.jpg 300w, https:\/\/obera.fr\/wp-content\/uploads\/2024\/10\/ecole-768x513.jpg 768w, https:\/\/obera.fr\/wp-content\/uploads\/2024\/10\/ecole-1536x1025.jpg 1536w, https:\/\/obera.fr\/wp-content\/uploads\/2024\/10\/ecole-2048x1367.jpg 2048w\" sizes=\"(max-width: 1024px) 100vw, 1024px\" \/><\/figure>\n\n<p>U\u010debny a studovny jsou <strong>obl\u00edben\u00fdm h\u0159i\u0161t\u011bm vir\u016f a bakteri\u00ed<\/strong>. To v\u0161ak nen\u00ed v\u0161e: jsou zde p\u0159\u00edtomny i dal\u0161\u00ed \u0161kodliviny, kter\u00e9 mohou ovlivnit zdrav\u00ed d\u011bt\u00ed, obzvl\u00e1\u0161t\u011b k\u0159ehk\u00e9 populace. Pat\u0159\u00ed mezi n\u011b :  <\/p>\n\n<ul class=\"wp-block-list\">\n<li>Chemick\u00e9 v\u00fdrobky pou\u017e\u00edvan\u00e9 k \u00fadr\u017eb\u011b a \u010di\u0161t\u011bn\u00ed u\u010deben;<\/li>\n\n\n\n<li><strong>zem\u011bpisn\u00e1 poloha \u0161koly,<\/strong> kter\u00e1 se m\u016f\u017ee nach\u00e1zet v oblasti s vysok\u00fdm zne\u010di\u0161t\u011bn\u00edm;<\/li>\n\n\n\n<li>Materi\u00e1ly pou\u017eit\u00e9 p\u0159i stavb\u011b provozovny a vybaven\u00ed, kter\u00e9 uvol\u0148uj\u00ed <a href=\"https:\/\/obera.fr\/conseils\/quels-procedes-ameliorent-qualite-air-eliminant-cov\/\">t\u011bkav\u00e9 organick\u00e9 slou\u010deniny (VOC)<\/a>, je\u017e z\u016fst\u00e1vaj\u00ed suspendov\u00e1ny v ovzdu\u0161\u00ed;<\/li>\n\n\n\n<li><strong>Viry a bakterie, kter\u00e9 se mohou p\u0159en\u00e1\u0161et<\/strong> mezi \u017e\u00e1ky a zam\u011bstnanci, jako je nap\u0159\u00edklad kovid 19, kde i p\u0159es bari\u00e9rov\u00e1 opat\u0159en\u00ed virus nad\u00e1le koluje.<\/li>\n<\/ul>\n\n<p>Uv\u00e1\u017e\u00edme-li, \u017ee \u017e\u00e1ci tr\u00e1v\u00ed 90 % dne ve t\u0159\u00edd\u011b, je z\u0159ejm\u00e9, \u017ee riziko \u0161\u00ed\u0159en\u00ed vir\u016f je obzvl\u00e1\u0161t\u011b vysok\u00e9.  <\/p>\n\n<p><\/p>\n\n<p class=\"has-text-align-center\">&#8220;  <em>Zat\u00edmco riziko infekce je <strong>pro \u0161koly velk\u00fdm probl\u00e9mem<\/strong>, kvalita ovzdu\u0161\u00ed m\u00e1 vliv i na kognitivn\u00ed schopnosti d\u011bt\u00ed. Je \u010d\u00e1ste\u010dn\u011b zodpov\u011bdn\u00e1 za sn\u00ed\u017eenou koncentraci a m\u016f\u017ee m\u00edt d\u016fsledky pro studijn\u00ed v\u00fdsledky \u017e\u00e1k\u016f.  &#8220;  <\/em><\/p>\n\n<p>\u0158\u00edk\u00e1 Thibaut Samsel, gener\u00e1ln\u00ed \u0159editel, kter\u00fd se na \u00fapravu vzduchu specializuje ji\u017e 20 let.<\/p>\n\n<h2 class=\"wp-block-heading\">Kvalita vnit\u0159n\u00edho ovzdu\u0161\u00ed: jak m\u016f\u017eeme chr\u00e1nit zdrav\u00ed d\u011bt\u00ed a pedagogick\u00fdch pracovn\u00edk\u016f?<\/h2>\n\n<h3 class=\"wp-block-heading\">Kvalita ovzdu\u0161\u00ed: povinnosti \u0159editel\u016f \u0161kol ve Francii  <\/h3>\n\n<p><strong>Ministerstva zdravotnictv\u00ed a \u017eivotn\u00edho prost\u0159ed\u00ed zah\u00e1jila ak\u010dn\u00ed pl\u00e1n<\/strong> na omezen\u00ed zne\u010di\u0161t\u011bn\u00ed ve\u0159ejn\u00fdch prostranstv\u00ed, kter\u00fd zahrnuje i \u0161koly. Od roku 2015 jsou \u0159editel\u00e9 \u0161kol na z\u00e1klad\u011b vyhl\u00e1\u0161ky \u010d. 2015-1000 povinni monitorovat kvalitu vnit\u0159n\u00edho ovzdu\u0161\u00ed.   <\/p>\n\n<p><\/p>\n\n<p>Je povinn\u00e9 sledovat a <strong>nep\u0159ekra\u010dovat povolen\u00e9 prahov\u00e9 hodnoty koncentrace zne\u010di\u0161\u0165uj\u00edc\u00edch l\u00e1tek<\/strong> v provozovn\u00e1ch, jako jsou C02, formaldehyd, perchlorethylen a benzen.<\/p>\n\n<p>Senzory CO2, analyz\u00e1tory vzduchu v u\u010debn\u00e1ch s upozorn\u011bn\u00edm na p\u0159ekro\u010den\u00ed prahov\u00fdch hodnot CO2&#8230; Krom\u011b profesion\u00e1ln\u00edch \u010disti\u010dek vzduchu nab\u00edz\u00edme monitorovac\u00ed za\u0159\u00edzen\u00ed, kter\u00e1 spln\u00ed va\u0161e po\u017eadavky.<\/p>\n\n<h3 class=\"wp-block-heading\">Covid, viry, jemn\u00e9 \u010d\u00e1stice, zne\u010di\u0161t\u011bn\u00ed&#8230; jak\u00e1 \u010disti\u010dka vzduchu je nejlep\u0161\u00ed pro u\u010debny a spole\u010dn\u00e9 prostory?  <\/h3>\n\n<p>Pro zaji\u0161t\u011bn\u00ed \u00fa\u010dinnosti za\u0159\u00edzen\u00ed doporu\u010dujeme<strong>zvolit \u010disti\u010dky s filtra\u010dn\u00edm syst\u00e9mem HEPA<\/strong>, kter\u00fd je schopen zachytit a\u017e 99,995 % vir\u016f, bakteri\u00ed, pyl\u016f a<a href=\"https:\/\/obera.fr\/cs\/nase-rady\/filtre-hepa-et-purificateur-d-air\/\"> jemn\u00fdch \u010d\u00e1stic (filtr HEPA 14).<\/a> Tyto filtry jsou schopny zachytit suspendovan\u00e9 \u010d\u00e1stice o velikosti 0,3 mikronu nebo v\u011bt\u0161\u00ed. <\/p>\n\n<p><\/p>\n\n<p>Je tak\u00e9 nutn\u00e9 zkontrolovat kapacitu pokryt\u00ed jednotky, aby mohla nep\u0159etr\u017eit\u011b <strong>recirkulovat vzduch v cel\u00e9 u\u010debn\u011b<\/strong>. Pro <strong>pohodl\u00ed \u017e\u00e1k\u016f i u\u010ditel\u016f<\/strong> se ujist\u011bte, \u017ee je za\u0159\u00edzen\u00ed tich\u00e9. <\/p>\n\n<p><\/p>\n\n<p class=\"has-text-align-center\"><em>V\u011bd\u011bli jste to? V\u0161echny na\u0161e \u010disti\u010dky vzduchu jsou plug &amp; play: sta\u010d\u00ed je po obdr\u017een\u00ed zapojit do dom\u00e1c\u00ed z\u00e1suvky a za\u010dnou pracovat. Pokud jde o um\u00edst\u011bn\u00ed, <strong>\u010disti\u010dka by m\u011bla b\u00fdt ide\u00e1ln\u011b um\u00edst\u011bna p\u0159ed tabul\u00ed <\/strong>nebo v zadn\u00ed \u010d\u00e1sti t\u0159\u00eddy (uprost\u0159ed), aby zachytila co nejv\u00edce \u0161kodlivin. P\u0159esto je vhodn\u00e9 m\u00edstnosti v\u011btrat, zejm\u00e9na o p\u0159est\u00e1vk\u00e1ch. Filtra\u010dn\u00ed v\u00fdkon \u010disti\u010dky vzduchu OberA se t\u00edm nijak nesn\u00ed\u017e\u00ed.    <\/em><\/p>\n\n<h2 class=\"wp-block-heading\">Antivirov\u00e9 \u010disti\u010dky vzduchu OberA s HEPA filtrem: vy\u010dist\u00ed 99,995 % vir\u016f a bakteri\u00ed v u\u010debn\u00e1ch.<\/h2>\n\n<p>Filtry HEPA jsou <strong>navr\u017eeny tak, aby zachycovaly nejmen\u0161\u00ed \u010d\u00e1stice<\/strong> v\u010detn\u011b vir\u016f a bakteri\u00ed. Jsou stejn\u011b obl\u00edben\u00e9 ve vzd\u011bl\u00e1vac\u00edch za\u0159\u00edzen\u00edch jako v \u010dist\u00fdch prostor\u00e1ch a l\u00e9ka\u0159sk\u00fdch laborato\u0159\u00edch. Na\u0161e \u010disti\u010dky vzduchu s aktivn\u00edm uhl\u00edm dopl\u0148ujeme o dal\u0161\u00ed \u00farovn\u011b filtrace, nap\u0159\u00edklad o filtr \u010d\u00e1stic, abychom byli schopni zpracovat v\u0161echny velikosti zne\u010di\u0161\u0165uj\u00edc\u00edch l\u00e1tek.  <\/p>\n\n<p><\/p>\n\n<p>Nab\u00edz\u00edme n\u011bkolik \u0159ad za\u0159\u00edzen\u00ed s filtry HEPA pro nep\u0159etr\u017eit\u00e9 pou\u017eit\u00ed ve \u0161kol\u00e1ch:<\/p>\n\n<div class=\"wp-block-columns is-layout-flex wp-container-core-columns-is-layout-28f84493 wp-block-columns-is-layout-flex\">\n<div class=\"wp-block-column is-layout-flow wp-block-column-is-layout-flow\" style=\"flex-basis:33.34%\">\n<figure class=\"wp-block-image aligncenter size-full is-resized\"><a href=\"https:\/\/obera.fr\/produits\/purificateurs-air\/poussieres-epur-b01-ecoprime\/\"><img decoding=\"async\" width=\"433\" height=\"433\" src=\"https:\/\/obera.fr\/wp-content\/uploads\/2020\/09\/epur-b01-ecoprime.jpg\" alt=\"Ober&#xE1; - &#x10C;isti&#x10D;ka vzduchu\" class=\"wp-image-1008\" style=\"width:250px\" srcset=\"https:\/\/obera.fr\/wp-content\/uploads\/2020\/09\/epur-b01-ecoprime.jpg 433w, https:\/\/obera.fr\/wp-content\/uploads\/2020\/09\/epur-b01-ecoprime-300x300.jpg 300w, https:\/\/obera.fr\/wp-content\/uploads\/2020\/09\/epur-b01-ecoprime-150x150.jpg 150w\" sizes=\"(max-width: 433px) 100vw, 433px\" \/><\/a><figcaption class=\"wp-element-caption\"><a href=\"https:\/\/obera.fr\/cs\/produits\/purificateurs-air\/epur-b01-cisticka-vzduchu-ecoprime-na-prach\/\">EPUR B01 EcoPrime<\/a><\/figcaption><\/figure>\n\n\n\n<ul class=\"wp-block-list\">\n<li>Kompaktn\u00ed a tich\u00fd;<\/li>\n\n\n\n<li>O\u0161et\u0159en\u00ed vir\u016f, bakteri\u00ed, prachu a aerosol\u016f;<\/li>\n\n\n\n<li>Ide\u00e1ln\u00ed pro \u010di\u0161t\u011bn\u00ed mal\u00fdch u\u010deben (20 a\u017e 60 m2);<\/li>\n\n\n\n<li>99,53% \u00fa\u010dinnost p\u0159i l\u00e9\u010db\u011b vir\u016f a bakteri\u00ed.<\/li>\n<\/ul>\n<\/div>\n\n\n\n<div class=\"wp-block-column is-layout-flow wp-block-column-is-layout-flow\" style=\"flex-basis:33.34%\">\n<figure class=\"wp-block-image aligncenter size-full is-resized\"><a href=\"https:\/\/obera.fr\/produits\/purificateurs-air\/anti-covid-virus-bacteries\/epur05\/\"><img decoding=\"async\" width=\"600\" height=\"600\" src=\"https:\/\/obera.fr\/wp-content\/uploads\/2021\/05\/Sans-titre-17.jpg\" alt=\"epur05\" class=\"wp-image-5552\" style=\"width:250px\" srcset=\"https:\/\/obera.fr\/wp-content\/uploads\/2021\/05\/Sans-titre-17.jpg 600w, https:\/\/obera.fr\/wp-content\/uploads\/2021\/05\/Sans-titre-17-300x300.jpg 300w, https:\/\/obera.fr\/wp-content\/uploads\/2021\/05\/Sans-titre-17-150x150.jpg 150w\" sizes=\"(max-width: 600px) 100vw, 600px\" \/><\/a><figcaption class=\"wp-element-caption\"><a href=\"https:\/\/obera.fr\/produits\/purificateurs-air\/anti-covid-virus-bacteries\/epur05\/\">EPUR 05<\/a><\/figcaption><\/figure>\n\n\n\n<ul class=\"wp-block-list\">\n<li>Diskr\u00e9tn\u00ed design;<\/li>\n\n\n\n<li>O\u0161et\u0159en\u00ed vir\u016f, bakteri\u00ed, jemn\u00e9ho prachu, CMR (chemick\u00fdch l\u00e1tek) a aerosol\u016f;<\/li>\n\n\n\n<li>Pokoj do 100 m2 ;<\/li>\n\n\n\n<li>99,9% \u00fa\u010dinnost p\u0159i l\u00e9\u010db\u011b vir\u016f a bakteri\u00ed.<\/li>\n<\/ul>\n<\/div>\n\n\n\n<div class=\"wp-block-column is-layout-flow wp-block-column-is-layout-flow\" style=\"flex-basis:33.33%\">\n<figure class=\"wp-block-image aligncenter size-full is-resized\"><a href=\"https:\/\/obera.fr\/produits\/purificateurs-air\/anti-covid-virus-bacteries\/virbox\/\"><img decoding=\"async\" width=\"547\" height=\"688\" src=\"https:\/\/obera.fr\/wp-content\/uploads\/2021\/04\/Virbox-1-et-2.png\" alt=\"virbox 1 a 2\" class=\"wp-image-5271\" style=\"width:198px;height:auto\" srcset=\"https:\/\/obera.fr\/wp-content\/uploads\/2021\/04\/Virbox-1-et-2.png 547w, https:\/\/obera.fr\/wp-content\/uploads\/2021\/04\/Virbox-1-et-2-239x300.png 239w\" sizes=\"(max-width: 547px) 100vw, 547px\" \/><\/a><figcaption class=\"wp-element-caption\"><a href=\"https:\/\/obera.fr\/cs\/produits\/purificateurs-air\/antivirove-a-antibakterialni-cisticky-vzduchu-covid-19\/antivirova-cisticka-vzduchu-virbox\/\">VIRBOX 750<\/a><\/figcaption><\/figure>\n\n\n\n<ul class=\"wp-block-list\">\n<li>Flexibiln\u00ed a tich\u00fd, voliteln\u00fd senzor C02 ;<\/li>\n\n\n\n<li>Viry, bakterie, prach ;<\/li>\n\n\n\n<li>O\u0161et\u0159ovan\u00e1 plocha a\u017e 200 m2 ;<\/li>\n\n\n\n<li>99,995 % vir\u016f a bakteri\u00ed je odstran\u011bno.<\/li>\n<\/ul>\n<\/div>\n<\/div>\n\n<p><\/p>\n","protected":false},"excerpt":{"rendered":"<p>\u010cisti\u010dky vzduchu OberA se zam\u011b\u0159uj\u00ed na kvalitu vzduchu v za\u0159\u00edzen\u00edch, jako jsou jesle, \u0161kolky, \u0161koly, vysok\u00e9 \u0161koly a lycea. Pro ochranu zdrav\u00ed d\u011bt\u00ed a zam\u011bstnanc\u016f jsou filtra\u010dn\u00ed syst\u00e9my nastaveny tak, aby filtrovaly a odstra\u0148ovaly prach, viry, bakterie, pyl, chemick\u00e9 \u010d\u00e1stice a vn\u011bj\u0161\u00ed zne\u010di\u0161t\u011bn\u00ed.<\/p>\n","protected":false},"author":13,"featured_media":80987,"comment_status":"open","ping_status":"closed","sticky":false,"template":"","format":"standard","meta":{"_acf_changed":false,"_seopress_robots_primary_cat":"none","_seopress_titles_title":"Vysoce v\u00fdkonn\u00e9 \u010disti\u010dky vzduchu pro vysok\u00e9 \u0161koly I OberA","_seopress_titles_desc":"Zlep\u0161ete kvalitu vnit\u0159n\u00edho ovzdu\u0161\u00ed a sni\u017ete riziko infekc\u00ed, alergi\u00ed a astmatu ve va\u0161\u00ed \u0161kole.","_seopress_robots_index":"","footnotes":""},"categories":[310],"tags":[113],"class_list":["post-36432","post","type-post","status-publish","format-standard","has-post-thumbnail","hentry","category-nase-rady","tag-entete-male","generate-columns","tablet-grid-50","mobile-grid-100","grid-parent","grid-50","no-featured-image-padding","resize-featured-image"],"acf":[],"_links":{"self":[{"href":"https:\/\/obera.fr\/cs\/wp-json\/wp\/v2\/posts\/36432","targetHints":{"allow":["GET"]}}],"collection":[{"href":"https:\/\/obera.fr\/cs\/wp-json\/wp\/v2\/posts"}],"about":[{"href":"https:\/\/obera.fr\/cs\/wp-json\/wp\/v2\/types\/post"}],"author":[{"embeddable":true,"href":"https:\/\/obera.fr\/cs\/wp-json\/wp\/v2\/users\/13"}],"replies":[{"embeddable":true,"href":"https:\/\/obera.fr\/cs\/wp-json\/wp\/v2\/comments?post=36432"}],"version-history":[{"count":4,"href":"https:\/\/obera.fr\/cs\/wp-json\/wp\/v2\/posts\/36432\/revisions"}],"predecessor-version":[{"id":81298,"href":"https:\/\/obera.fr\/cs\/wp-json\/wp\/v2\/posts\/36432\/revisions\/81298"}],"wp:featuredmedia":[{"embeddable":true,"href":"https:\/\/obera.fr\/cs\/wp-json\/wp\/v2\/media\/80987"}],"wp:attachment":[{"href":"https:\/\/obera.fr\/cs\/wp-json\/wp\/v2\/media?parent=36432"}],"wp:term":[{"taxonomy":"category","embeddable":true,"href":"https:\/\/obera.fr\/cs\/wp-json\/wp\/v2\/categories?post=36432"},{"taxonomy":"post_tag","embeddable":true,"href":"https:\/\/obera.fr\/cs\/wp-json\/wp\/v2\/tags?post=36432"}],"curies":[{"name":"wp","href":"https:\/\/api.w.org\/{rel}","templated":true}]}}