{"id":39330,"date":"2024-10-08T10:26:07","date_gmt":"2024-10-08T08:26:07","guid":{"rendered":"https:\/\/obera.fr\/non-classifiee\/letecky-prumysl-jaky-odsavaci-stul-zvolit-pro-praci-s-hlinikovymi-dily\/"},"modified":"2025-06-27T14:38:34","modified_gmt":"2025-06-27T12:38:34","slug":"table-aspirante-aeronautique","status":"publish","type":"post","link":"https:\/\/obera.fr\/cs\/nase-rady\/table-aspirante-aeronautique\/","title":{"rendered":"Leteck\u00fd pr\u016fmysl: jak\u00fd ods\u00e1vac\u00ed st\u016fl zvolit pro pr\u00e1ci s hlin\u00edkov\u00fdmi d\u00edly?"},"content":{"rendered":"\n<p>Leteck\u00fd pr\u016fmysl podl\u00e9h\u00e1 obzvl\u00e1\u0161t\u011b p\u0159\u00edsn\u00fdm norm\u00e1m a p\u0159edpis\u016fm t\u00fdkaj\u00edc\u00edm se<strong>prachu a kvality ovzdu\u0161\u00ed<\/strong> (nap\u0159\u00edklad norma ISO 14644). Pro zaji\u0161t\u011bn\u00ed bezpe\u010dn\u00fdch pracovn\u00edch podm\u00ednek pro va\u0161e t\u00fdmy d\u016frazn\u011b doporu\u010dujeme pou\u017e\u00edvat pr\u016fmyslov\u00e9 vakuov\u00e9 syst\u00e9my, jako je nap\u0159\u00edklad sac\u00ed st\u016fl. Zachycuje zne\u010di\u0161\u0165uj\u00edc\u00ed l\u00e1tky uvol\u0148ovan\u00e9 p\u0159i <strong>obr\u00e1b\u011bn\u00ed<\/strong> p\u0159\u00edmo u zdroje, tak\u017ee pracovn\u00ed plocha je maxim\u00e1ln\u011b bezpe\u010dn\u00e1.  <\/p>\n\n<p>Zam\u011b\u0159te se na na\u0161e pr\u016fmyslov\u00e9 vakuov\u00e9 stoly, kter\u00e9 sni\u017euj\u00ed expozici hlin\u00edkov\u00fdm \u0161kodlivin\u00e1m v leteck\u00e9m pr\u016fmyslu.<\/p>\n\n<h2 class=\"wp-block-heading\">Leteck\u00e9 spole\u010dnosti: Jak\u00e1 jsou rizika hlin\u00edkov\u00e9ho prachu ve va\u0161em z\u00e1vod\u011b?<\/h2>\n\n<figure class=\"wp-block-image alignright size-large is-resized\"><img decoding=\"async\" width=\"1024\" height=\"768\" src=\"https:\/\/obera.fr\/wp-content\/uploads\/2024\/10\/pexels-pixabay-46148-1024x768.jpg\" alt=\"Letadlo ve vzduchu uprost&#x159;ed mrak&#x16F;\" class=\"wp-image-36075\" style=\"width:350px\" srcset=\"https:\/\/obera.fr\/wp-content\/uploads\/2024\/10\/pexels-pixabay-46148-1024x768.jpg 1024w, https:\/\/obera.fr\/wp-content\/uploads\/2024\/10\/pexels-pixabay-46148-300x225.jpg 300w, https:\/\/obera.fr\/wp-content\/uploads\/2024\/10\/pexels-pixabay-46148-768x576.jpg 768w, https:\/\/obera.fr\/wp-content\/uploads\/2024\/10\/pexels-pixabay-46148-1536x1152.jpg 1536w, https:\/\/obera.fr\/wp-content\/uploads\/2024\/10\/pexels-pixabay-46148-2048x1536.jpg 2048w\" sizes=\"(max-width: 1024px) 100vw, 1024px\" \/><\/figure>\n\n<p>Hlin\u00edk se hojn\u011b pou\u017e\u00edv\u00e1 v leteck\u00e9m pr\u016fmyslu pro sv\u00e9 <strong>vynikaj\u00edc\u00ed elektrick\u00e9 a tepeln\u00e9 vlastnosti<\/strong>, ale pr\u00e1ce s n\u00edm m\u016f\u017ee b\u00fdt nebezpe\u010dn\u00e1 pro zdrav\u00ed obsluhy. P\u0159i brou\u0161en\u00ed, brou\u0161en\u00ed a \u0159ez\u00e1n\u00ed (abychom jmenovali alespo\u0148 n\u011bkter\u00e9) <strong>vznikaj\u00ed<\/strong> <strong>toxick\u00e9 \u010d\u00e1stice<\/strong>, kter\u00e9 jsou \u010d\u00e1ste\u010dn\u011b zodpov\u011bdn\u00e9 za \u0159adu komplikac\u00ed: <\/p>\n\n<ul class=\"wp-block-list\">\n<li>respira\u010dn\u00ed onemocn\u011bn\u00ed (plicn\u00ed fibr\u00f3za zp\u016fsoben\u00e1 hlin\u00edkem, inhala\u010dn\u00ed pneumonitida zp\u016fsoben\u00e1 hlin\u00edkem, astma);<\/li>\n\n\n\n<li>Podr\u00e1\u017ed\u011bn\u00ed d\u00fdchac\u00edch cest a k\u016f\u017ee.<\/li>\n<\/ul>\n\n<p>Krom\u011b toho m\u016f\u017ee hromad\u011bn\u00ed hlin\u00edkov\u00e9ho prachu (p\u0159esn\u011bji oxidu hlinit\u00e9ho, kter\u00fd je p\u0159irozen\u011b abrazivn\u00ed) po\u0161kodit va\u0161e stroje a za\u0159\u00edzen\u00ed. <strong>Ucp\u00e1n\u00ed filtr\u016f a vzduchov\u00fdch kan\u00e1l\u016f<\/strong>, po\u0161kozen\u00ed citliv\u00fdch sou\u010d\u00e1st\u00ed, jako jsou elektrick\u00e9 obvody&#8230; Dopad\u016f je mnoho a v kone\u010dn\u00e9m d\u016fsledku mohou zp\u016fsobit poruchy a hav\u00e1rie va\u0161ich stroj\u016f.<\/p>\n\n<p>Hlin\u00edkov\u00fd prach je ho\u0159lav\u00fd a p\u0159edstavuje riziko ATEX. Proto doporu\u010dujeme<a href=\"https:\/\/obera.fr\/cs\/nase-rady\/quand-suis-je-soumis-reglementation-atex\/\">zvolit za\u0159\u00edzen\u00ed vyhovuj\u00edc\u00ed sm\u011brnici ATEX<\/a><strong>.<\/strong> <\/p>\n\n<p><\/p>\n\n<p class=\"has-text-align-center\"><em>V\u011bd\u011bli jste to? Byly identifikov\u00e1ny dv\u011b zne\u010di\u0161\u0165uj\u00edc\u00ed l\u00e1tky: hlin\u00edk a oxid hlinit\u00fd. Oxid hlinit\u00fd se tvo\u0159\u00ed na povrchu oxidu hlinit\u00e9ho p\u0159i <strong>p\u016fsoben\u00ed vzdu\u0161n\u00e9ho kysl\u00edku<\/strong>. Projevuje se jako b\u00edl\u00fd pr\u00e1\u0161ek bez z\u00e1pachu a je nerozpustn\u00fd ve vod\u011b. Ob\u011b jsou toxick\u00e9 zne\u010di\u0161\u0165uj\u00edc\u00ed l\u00e1tky, kter\u00e9 p\u0159i vdechov\u00e1n\u00ed p\u0159edstavuj\u00ed pro pracovn\u00edky zdravotn\u00ed riziko.      <\/em><\/p>\n\n<p><\/p>\n\n<p>Aby bylo pracovi\u0161t\u011b co nejbezpe\u010dn\u011bj\u0161\u00ed, nab\u00edzej\u00ed \u0159e\u0161en\u00ed pro zachycov\u00e1n\u00ed a <a href=\"https:\/\/obera.fr\/cs\/nase-rady\/quest-ce-que-la-poussiere-en-industrie\/\">\u00fapravu prachu<\/a>, v\u00fdpar\u016f a par bezpe\u010dn\u00e9 alternativy. Umo\u017e\u0148uj\u00ed tak\u00e9 dodr\u017eovat p\u0159edpisy o kvalit\u011b ovzdu\u0161\u00ed a bezpe\u010dnosti na pracovi\u0161ti.   <\/p>\n\n<p>Krom\u011b osobn\u00edch ochrann\u00fdch pracovn\u00edch prost\u0159edk\u016f, zaveden\u00ed program\u016f l\u00e9ka\u0159sk\u00e9ho dohledu a \u0161kolen\u00ed obsluhy tedy zvy\u0161uje bezpe\u010dnost pracovn\u00edk\u016f<strong>instalace za\u0159\u00edzen\u00ed pro \u00fapravu vzduchu,<\/strong> jako jsou ods\u00e1vac\u00ed stoly.<\/p>\n\n<h2 class=\"wp-block-heading\">Leteck\u00fd pr\u016fmysl: jak si vybrat sac\u00ed st\u016fl?<\/h2>\n\n<p>Nab\u00edz\u00edme n\u011bkolik \u0159ad vakuov\u00fdch stol\u016f, kter\u00e9 spl\u0148uj\u00ed specifick\u00e9 pot\u0159eby. Abychom v\u00e1m zajistili nejvhodn\u011bj\u0161\u00ed volbu pro <strong>\u0161kodliviny emitovan\u00e9 va\u0161\u00ed v\u00fdrobou<\/strong>, nab\u00edz\u00edme podrobnou anal\u00fdzu va\u0161eho pracovn\u00edho prost\u0159ed\u00ed.   <\/p>\n\n<p><\/p>\n\n<p class=\"has-text-align-center\">&#8220;  <em>Tato f\u00e1ze je rozhoduj\u00edc\u00ed pro ur\u010den\u00ed povahy zne\u010di\u0161\u0165uj\u00edc\u00edch l\u00e1tek a jejich koncentrace. Zat\u00edmco p\u0159i pr\u00e1ci s hlin\u00edkov\u00fdmi d\u00edly se skute\u010dn\u011b uvol\u0148uje \u0161kodliv\u00fd prach, p\u0159i jin\u00fdch pr\u016fmyslov\u00fdch operac\u00edch prov\u00e1d\u011bn\u00fdch ve<strong> va\u0161em z\u00e1vod\u011b mohou vznikat jin\u00e9 zne\u010di\u0161\u0165uj\u00edc\u00ed l\u00e1tky,<\/strong> jako jsou v\u00fdpary, rozpou\u0161t\u011bdla a dokonce i <a href=\"https:\/\/obera.fr\/cs\/nase-rady\/quels-procedes-ameliorent-qualite-air-eliminant-cov\/\">jemn\u00fd prach (VOC)<\/a>. <\/em>  &#8222;\u0159\u00edk\u00e1 Thibaut Samsel, technick\u00fd \u0159editel spole\u010dnosti OberA.  <\/p>\n\n<p class=\"has-text-align-center\"><\/p>\n\n<p class=\"has-text-align-left\">Tento prvn\u00ed krok ur\u010d\u00ed nejvhodn\u011bj\u0161\u00ed model vakuov\u00e9ho stolu a konfiguraci filtra\u010dn\u00edho syst\u00e9mu. Dal\u0161\u00edm rozhoduj\u00edc\u00edm krit\u00e9riem je velikost obrobk\u016f ur\u010den\u00fdch k obr\u00e1b\u011bn\u00ed a prostor, kter\u00fd m\u00e1te v d\u00edln\u011b k dispozici. Pro pr\u00e1ci s velk\u00fdmi obrobky doporu\u010dujeme nap\u0159\u00edklad<strong> pr\u016fmyslov\u00e9 stoly A &amp; AT<\/strong> nebo na\u0161e samostatn\u00e9 stoly. Naproti tomu 360\u00b0 rota\u010dn\u00ed ods\u00e1vac\u00ed st\u016fl je ide\u00e1ln\u00ed pro obr\u00e1b\u011bn\u00ed men\u0161\u00edch a slo\u017eit\u00fdch obrobk\u016f. Nav\u00edc v z\u00e1vislosti na va\u0161ich prostorov\u00fdch omezen\u00edch <strong>se<\/strong> m\u016f\u017eete <strong>rozhodnout pro kompaktn\u00ed za\u0159\u00edzen\u00ed<\/strong> nebo <strong>za\u0159\u00edzen\u00ed na<\/strong> m\u00edru.    <\/p>\n\n<p><\/p>\n\n<p>V neposledn\u00ed \u0159ad\u011b lze p\u0159idat dal\u0161\u00ed funkce, jako jsou<strong>ergonomick\u00e9 \u00fapravy a p\u0159\u00edslu\u0161enstv\u00ed <\/strong>(osv\u011btlen\u00ed, konektory k dal\u0161\u00edm za\u0159\u00edzen\u00edm, p\u0159izp\u016fsobiteln\u00e9 m\u0159\u00ed\u017eky), kter\u00e9 usnad\u0148uj\u00ed pou\u017e\u00edv\u00e1n\u00ed nebo vyhovuj\u00ed bezpe\u010dnostn\u00edm norm\u00e1m. Ve v\u0161ech p\u0159\u00edpadech s v\u00e1mi ve f\u00e1zi nab\u00eddky prozkoum\u00e1me specifick\u00e9 vlastnosti va\u0161\u00ed d\u00edlny, abychom v\u00e1m mohli zaru\u010dit nejvhodn\u011bj\u0161\u00ed vybaven\u00ed. <\/p>\n\n<h2 class=\"wp-block-heading\">Na\u0161e sac\u00ed stoly pro leteck\u00e9 spole\u010dnosti a pr\u016fmyslov\u00e9 subdodavatele  <\/h2>\n\n<div class=\"wp-block-columns is-layout-flex wp-container-core-columns-is-layout-28f84493 wp-block-columns-is-layout-flex\">\n<div class=\"wp-block-column is-layout-flow wp-block-column-is-layout-flow\" style=\"flex-basis:25%\">\n<figure class=\"wp-block-image aligncenter size-large is-resized\"><a href=\"https:\/\/obera.fr\/produits\/tables-aspirantes\/table-aspirante-a-at\/\"><img decoding=\"async\" width=\"1024\" height=\"1024\" src=\"https:\/\/obera.fr\/wp-content\/uploads\/2024\/04\/obera-tableaspirante-aat-2024.jpg-1024x1024.png\" alt=\"obera tableaspirante aat 2024.jpg\" class=\"wp-image-30206\" style=\"width:318px;height:auto\" srcset=\"https:\/\/obera.fr\/wp-content\/uploads\/2024\/04\/obera-tableaspirante-aat-2024.jpg-1024x1024.png 1024w, https:\/\/obera.fr\/wp-content\/uploads\/2024\/04\/obera-tableaspirante-aat-2024.jpg-300x300.png 300w, https:\/\/obera.fr\/wp-content\/uploads\/2024\/04\/obera-tableaspirante-aat-2024.jpg-150x150.png 150w, https:\/\/obera.fr\/wp-content\/uploads\/2024\/04\/obera-tableaspirante-aat-2024.jpg-768x768.png 768w, https:\/\/obera.fr\/wp-content\/uploads\/2024\/04\/obera-tableaspirante-aat-2024.jpg.png 1200w\" sizes=\"(max-width: 1024px) 100vw, 1024px\" \/><\/a><figcaption class=\"wp-element-caption\"><a href=\"https:\/\/obera.fr\/cs\/produits\/tables-aspirantes\/table-aspirante-a-at\/\">Sac\u00ed stoly A a AT (k p\u0159ipojen\u00ed)<\/a><\/figcaption><\/figure>\n<\/div>\n\n\n\n<div class=\"wp-block-column is-layout-flow wp-block-column-is-layout-flow\" style=\"flex-basis:25%\">\n<figure class=\"wp-block-image aligncenter size-full\"><a href=\"https:\/\/obera.fr\/produits\/tables-aspirantes\/table-rotative-360\/\"><img decoding=\"async\" width=\"600\" height=\"600\" src=\"https:\/\/obera.fr\/wp-content\/uploads\/2022\/12\/table-aspirante-360-600x600-1.png\" alt=\"360 vakuov&#xFD; st&#x16F;l 600x600 1\" class=\"wp-image-16609\" srcset=\"https:\/\/obera.fr\/wp-content\/uploads\/2022\/12\/table-aspirante-360-600x600-1.png 600w, https:\/\/obera.fr\/wp-content\/uploads\/2022\/12\/table-aspirante-360-600x600-1-300x300.png 300w, https:\/\/obera.fr\/wp-content\/uploads\/2022\/12\/table-aspirante-360-600x600-1-150x150.png 150w\" sizes=\"(max-width: 600px) 100vw, 600px\" \/><\/a><figcaption class=\"wp-element-caption\"><a href=\"https:\/\/obera.fr\/cs\/produits\/tables-aspirantes\/table-rotative-360\/\">Rota\u010dn\u00ed ods\u00e1vac\u00ed st\u016fl (k p\u0159ipojen\u00ed)<\/a><\/figcaption><\/figure>\n<\/div>\n\n\n\n<div class=\"wp-block-column is-layout-flow wp-block-column-is-layout-flow\" style=\"flex-basis:25%\">\n<figure class=\"wp-block-image aligncenter size-large\"><img decoding=\"async\" width=\"1024\" height=\"1024\" src=\"https:\/\/obera.fr\/wp-content\/uploads\/2024\/05\/epurbox-tsp-1024x1024.png\" alt=\"epurbox tsp\" class=\"wp-image-30348\" srcset=\"https:\/\/obera.fr\/wp-content\/uploads\/2024\/05\/epurbox-tsp-1024x1024.png 1024w, https:\/\/obera.fr\/wp-content\/uploads\/2024\/05\/epurbox-tsp-300x300.png 300w, https:\/\/obera.fr\/wp-content\/uploads\/2024\/05\/epurbox-tsp-150x150.png 150w, https:\/\/obera.fr\/wp-content\/uploads\/2024\/05\/epurbox-tsp-768x768.png 768w, https:\/\/obera.fr\/wp-content\/uploads\/2024\/05\/epurbox-tsp.png 1200w\" sizes=\"(max-width: 1024px) 100vw, 1024px\" \/><figcaption class=\"wp-element-caption\">Sac\u00ed st\u016fl ePURBOX TSP (bez p\u0159ipojen\u00ed)<\/figcaption><\/figure>\n<\/div>\n\n\n\n<div class=\"wp-block-column is-layout-flow wp-block-column-is-layout-flow\" style=\"flex-basis:25%\">\n<figure class=\"wp-block-image aligncenter size-large is-resized\"><a href=\"https:\/\/obera.fr\/produits\/tables-aspirantes\/table-autonome\/\"><img decoding=\"async\" width=\"1024\" height=\"1024\" src=\"https:\/\/obera.fr\/wp-content\/uploads\/2024\/04\/obera-tableaspirante-autonome-2024.jpg-1024x1024.png\" alt=\"obera tableaspirante autonome 2024.jpg\" class=\"wp-image-30210\" style=\"width:358px;height:auto\" srcset=\"https:\/\/obera.fr\/wp-content\/uploads\/2024\/04\/obera-tableaspirante-autonome-2024.jpg-1024x1024.png 1024w, https:\/\/obera.fr\/wp-content\/uploads\/2024\/04\/obera-tableaspirante-autonome-2024.jpg-300x300.png 300w, https:\/\/obera.fr\/wp-content\/uploads\/2024\/04\/obera-tableaspirante-autonome-2024.jpg-150x150.png 150w, https:\/\/obera.fr\/wp-content\/uploads\/2024\/04\/obera-tableaspirante-autonome-2024.jpg-768x768.png 768w, https:\/\/obera.fr\/wp-content\/uploads\/2024\/04\/obera-tableaspirante-autonome-2024.jpg.png 1200w\" sizes=\"(max-width: 1024px) 100vw, 1024px\" \/><\/a><figcaption class=\"wp-element-caption\"><a href=\"https:\/\/obera.fr\/cs\/produits\/tables-aspirantes\/table-autonome\/\">Samostatn\u00e9 sac\u00ed stoly (bez p\u0159ipojen\u00ed)<\/a><\/figcaption><\/figure>\n<\/div>\n<\/div>\n\n<div class=\"wp-block-columns is-layout-flex wp-container-core-columns-is-layout-28f84493 wp-block-columns-is-layout-flex\">\n<div class=\"wp-block-column is-layout-flow wp-block-column-is-layout-flow\" style=\"flex-basis:100%\">\n<div class=\"wp-block-columns is-layout-flex wp-container-core-columns-is-layout-28f84493 wp-block-columns-is-layout-flex\">\n<div class=\"wp-block-column is-layout-flow wp-block-column-is-layout-flow\">\n<div class=\"wp-block-columns is-layout-flex wp-container-core-columns-is-layout-28f84493 wp-block-columns-is-layout-flex\">\n<div class=\"wp-block-column has-global-color-9-background-color has-background is-layout-flow wp-block-column-is-layout-flow\" style=\"flex-basis:25%\">\n<ul class=\"wp-block-list\">\n<li><strong>Robustn\u00ed konstrukce<\/strong>, pozinkovan\u00e1 ocelov\u00e1 m\u0159\u00ed\u017eka<\/li>\n\n\n\n<li>Z\u00e1suvka pro sb\u011br hrub\u00e9ho odpadu<\/li>\n\n\n\n<li>P\u0159ipojen\u00ed k bo\u010dn\u00edmu odlu\u010dova\u010di prachu nebo ventila\u010dn\u00edmu syst\u00e9mu<\/li>\n\n\n\n<li><strong>Zachycuje v\u0161echny zne\u010di\u0161\u0165uj\u00edc\u00ed l\u00e1tky<\/strong>: hlin\u00edkov\u00fd, ocelov\u00fd, nerezov\u00fd a plastov\u00fd prach, rozpou\u0161t\u011bdla, \u010distic\u00ed prost\u0159edky, lepidla atd.<\/li>\n\n\n\n<li>K dispozici v r\u016fzn\u00fdch velikostech (v\u010detn\u011b velikosti na m\u00edru)<\/li>\n<\/ul>\n<\/div>\n\n\n\n<div class=\"wp-block-column is-layout-flow wp-block-column-is-layout-flow\" style=\"flex-basis:25%\">\n<ul class=\"wp-block-list has-base-2-background-color has-background\">\n<li>Ot\u00e1\u010den\u00ed kolem vlastn\u00ed osy pro \u00fapln\u00fd p\u0159\u00edstup k d\u00edlu<\/li>\n\n\n\n<li><strong>Maxim\u00e1ln\u00ed ergonomie<\/strong><\/li>\n\n\n\n<li>Optimalizovan\u00e9 proud\u011bn\u00ed vzduchu a flexibiln\u00ed odsava\u010d par na pracovn\u00ed desce<\/li>\n\n\n\n<li>P\u0159ipojen\u00ed k bo\u010dn\u00edmu odlu\u010dova\u010di prachu nebo ventila\u010dn\u00edmu syst\u00e9mu<\/li>\n\n\n\n<li>Ide\u00e1ln\u00ed pro <strong>t\u011b\u017ek\u00e9 zne\u010di\u0161\u0165uj\u00edc\u00ed l\u00e1tky,<\/strong> brusn\u00fd prach, sv\u00e1\u0159e\u010dsk\u00e9 v\u00fdpary, odstra\u0148ov\u00e1n\u00ed ot\u0159ep\u016f z kovov\u00fdch d\u00edl\u016f atd.<\/li>\n\n\n\n<li>P\u0159edn\u00ed sac\u00ed tryska<\/li>\n\n\n\n<li>K dispozici ve verzi ATEX<\/li>\n<\/ul>\n<\/div>\n\n\n\n<div class=\"wp-block-column has-global-color-9-background-color has-background is-layout-flow wp-block-column-is-layout-flow\" style=\"flex-basis:25%\">\n<ul class=\"wp-block-list\">\n<li>Konfigurovateln\u00fd 2 nebo 3stup\u0148ov\u00fd filtra\u010dn\u00ed syst\u00e9m, nap\u0159. p\u0159edfiltr G4, filtr pevn\u00fdch \u010d\u00e1stic, aktivn\u00ed uhl\u00ed<\/li>\n\n\n\n<li>Ide\u00e1ln\u00ed pro rozpou\u0161t\u011bdla\/pachy, t\u011bkav\u00e9 organick\u00e9 l\u00e1tky<\/li>\n\n\n\n<li><strong>Plynul\u00e1 regulace pr\u016ftoku vzduchu <\/strong>pomoc\u00ed knofl\u00edku<\/li>\n\n\n\n<li>Z\u00e1suvka na odpad pod m\u0159\u00ed\u017ekou<\/li>\n\n\n\n<li>Technologie EC (tich\u00fd a \u00fasporn\u00fd provoz)<\/li>\n<\/ul>\n<\/div>\n\n\n\n<div class=\"wp-block-column has-base-2-background-color has-background is-layout-flow wp-block-column-is-layout-flow\" style=\"flex-basis:25%\">\n<ul class=\"wp-block-list\">\n<li>P\u0159izp\u016fsobiteln\u00e1 extrak\u010dn\u00ed lavice<\/li>\n\n\n\n<li>Odlu\u010dova\u010d jisker<\/li>\n\n\n\n<li>Dvoukomorov\u00fd odpadkov\u00fd ko\u0161<\/li>\n\n\n\n<li><strong>Ide\u00e1ln\u00ed pro prach, rozpou\u0161t\u011bdla\/sm\u011bsi<\/strong> a v\u00fdpary<\/li>\n\n\n\n<li>K dispozici ve verzi ATEX<\/li>\n<\/ul>\n<\/div>\n<\/div>\n<\/div>\n<\/div>\n<\/div>\n<\/div>\n\n<p><\/p>\n","protected":false},"excerpt":{"rendered":"<p>Leteck\u00fd pr\u016fmysl podl\u00e9h\u00e1 obzvl\u00e1\u0161t\u011b p\u0159\u00edsn\u00fdm norm\u00e1m a p\u0159edpis\u016fm t\u00fdkaj\u00edc\u00edm se prachu a kvality ovzdu\u0161\u00ed (nap\u0159\u00edklad norma ISO 14644). Pro zaji\u0161t\u011bn\u00ed bezpe\u010dn\u00fdch pracovn\u00edch podm\u00ednek pro va\u0161e t\u00fdmy d\u016frazn\u011b doporu\u010dujeme pou\u017e\u00edvat pr\u016fmyslov\u00e9 vakuov\u00e9 syst\u00e9my, jako je nap\u0159\u00edklad sac\u00ed st\u016fl.<\/p>\n","protected":false},"author":13,"featured_media":80202,"comment_status":"open","ping_status":"closed","sticky":false,"template":"","format":"standard","meta":{"_acf_changed":false,"_seopress_robots_primary_cat":"none","_seopress_titles_title":"Leteck\u00fd sektor: vakuov\u00fd st\u016fl pro hlin\u00edkov\u00e9 d\u00edly","_seopress_titles_desc":"Pr\u00e1ce s hlin\u00edkem s sebou nese jak zdravotn\u00ed rizika pro pracovn\u00edky, tak rizika ATEX. Aby bylo va\u0161e pracovi\u0161t\u011b co nejbezpe\u010dn\u011bj\u0161\u00ed, vyberte si robustn\u00ed pr\u016fmyslov\u00fd vakuov\u00fd st\u016fl nakonfigurovan\u00fd podle va\u0161ich pot\u0159eb.","_seopress_robots_index":"","footnotes":""},"categories":[310],"tags":[113],"class_list":["post-39330","post","type-post","status-publish","format-standard","has-post-thumbnail","hentry","category-nase-rady","tag-entete-male","generate-columns","tablet-grid-50","mobile-grid-100","grid-parent","grid-50","no-featured-image-padding","resize-featured-image"],"acf":[],"_links":{"self":[{"href":"https:\/\/obera.fr\/cs\/wp-json\/wp\/v2\/posts\/39330","targetHints":{"allow":["GET"]}}],"collection":[{"href":"https:\/\/obera.fr\/cs\/wp-json\/wp\/v2\/posts"}],"about":[{"href":"https:\/\/obera.fr\/cs\/wp-json\/wp\/v2\/types\/post"}],"author":[{"embeddable":true,"href":"https:\/\/obera.fr\/cs\/wp-json\/wp\/v2\/users\/13"}],"replies":[{"embeddable":true,"href":"https:\/\/obera.fr\/cs\/wp-json\/wp\/v2\/comments?post=39330"}],"version-history":[{"count":5,"href":"https:\/\/obera.fr\/cs\/wp-json\/wp\/v2\/posts\/39330\/revisions"}],"predecessor-version":[{"id":116720,"href":"https:\/\/obera.fr\/cs\/wp-json\/wp\/v2\/posts\/39330\/revisions\/116720"}],"wp:featuredmedia":[{"embeddable":true,"href":"https:\/\/obera.fr\/cs\/wp-json\/wp\/v2\/media\/80202"}],"wp:attachment":[{"href":"https:\/\/obera.fr\/cs\/wp-json\/wp\/v2\/media?parent=39330"}],"wp:term":[{"taxonomy":"category","embeddable":true,"href":"https:\/\/obera.fr\/cs\/wp-json\/wp\/v2\/categories?post=39330"},{"taxonomy":"post_tag","embeddable":true,"href":"https:\/\/obera.fr\/cs\/wp-json\/wp\/v2\/tags?post=39330"}],"curies":[{"name":"wp","href":"https:\/\/api.w.org\/{rel}","templated":true}]}}