{"id":39350,"date":"2024-10-08T10:11:22","date_gmt":"2024-10-08T08:11:22","guid":{"rendered":"https:\/\/obera.fr\/non-classifiee\/truhlarstvi-jaky-vakuovy-stul-pro-brouseni\/"},"modified":"2025-06-27T15:18:14","modified_gmt":"2025-06-27T13:18:14","slug":"table-aspirante-menuiserie","status":"publish","type":"post","link":"https:\/\/obera.fr\/cs\/nase-rady\/table-aspirante-menuiserie\/","title":{"rendered":"Truhl\u00e1\u0159stv\u00ed: jak\u00fd vakuov\u00fd st\u016fl pro brou\u0161en\u00ed?"},"content":{"rendered":"\n<figure class=\"wp-block-image alignleft size-large is-resized\"><img decoding=\"async\" width=\"683\" height=\"1024\" src=\"https:\/\/obera.fr\/wp-content\/uploads\/2024\/10\/menuiserie-683x1024.jpg\" alt=\"Osoba &#x159;ezaj&#xED;c&#xED; d&#x159;evo\" class=\"wp-image-36085\" style=\"width:240px\" srcset=\"https:\/\/obera.fr\/wp-content\/uploads\/2024\/10\/menuiserie-683x1024.jpg 683w, https:\/\/obera.fr\/wp-content\/uploads\/2024\/10\/menuiserie-200x300.jpg 200w, https:\/\/obera.fr\/wp-content\/uploads\/2024\/10\/menuiserie-768x1152.jpg 768w, https:\/\/obera.fr\/wp-content\/uploads\/2024\/10\/menuiserie-1024x1536.jpg 1024w, https:\/\/obera.fr\/wp-content\/uploads\/2024\/10\/menuiserie-1365x2048.jpg 1365w, https:\/\/obera.fr\/wp-content\/uploads\/2024\/10\/menuiserie-scaled.jpg 1706w\" sizes=\"(max-width: 683px) 100vw, 683px\" \/><\/figure>\n\n<p>V truhl\u00e1\u0159stv\u00ed vznik\u00e1 p\u0159i brou\u0161en\u00ed \u0159ada <strong>zne\u010di\u0161\u0165uj\u00edc\u00edch l\u00e1tek, kter\u00e9 p\u0159edstavuj\u00ed zdravotn\u00ed riziko pro obsluhu:<\/strong> d\u0159ev\u011bn\u00fd prach, formaldehyd, izokyan\u00e1ty, rozpou\u0161t\u011bdla a t\u011b\u017ek\u00e9 kovy. Pro ochranu va\u0161ich t\u00fdm\u016f existuje jedno \u0159e\u0161en\u00ed: ods\u00e1vac\u00ed st\u016fl pro truhl\u00e1\u0159e. Ve spole\u010dnosti OberA nab\u00edz\u00edme n\u011bkolik \u0159ad <strong>pr\u016fmyslov\u00fdch ods\u00e1vac\u00edch stol\u016f <\/strong>p\u0159izp\u016fsoben\u00fdch pro truhl\u00e1\u0159stv\u00ed, kter\u00e9 spl\u0148uj\u00ed p\u0159edpisy a chr\u00e1n\u00ed va\u0161e t\u00fdmy. <\/p>\n\n<h2 class=\"wp-block-heading\">Vakuov\u00fd brusn\u00fd st\u016fl: pr\u016fmyslov\u00e9 \u0159ady OberA  <\/h2>\n\n<p>Spole\u010dnost OberA, kter\u00e1 se specializuje na \u010di\u0161t\u011bn\u00ed vzduchu, spolupracuje s <strong>truhl\u00e1\u0159sk\u00fdmi podniky na zachycov\u00e1n\u00ed<\/strong> a \u010di\u0161t\u011bn\u00ed v\u0161ech zne\u010di\u0161\u0165uj\u00edc\u00edch l\u00e1tek vznikaj\u00edc\u00edch p\u0159i jejich pr\u016fmyslov\u00fdch procesech.  <\/p>\n\n<p><\/p>\n\n<p>Pokud jde o brou\u0161en\u00ed, v\u0161echny na\u0161e modely si \u00fa\u010dinn\u011b porad\u00ed s hrub\u00fdm prachem, rozpou\u0161t\u011bdly\/pachy a v\u00fdpary. Ka\u017ed\u00fd z nich v\u0161ak nab\u00edz\u00ed jedine\u010dn\u00e9 funkce, kter\u00e9 vyhovuj\u00ed va\u0161im specifick\u00fdm po\u017eadavk\u016fm: <strong>velk\u00fd vakuov\u00fd st\u016fl<\/strong> pro pr\u00e1ci s objemn\u00fdmi obrobky, oto\u010dn\u00fd st\u016fl pro<strong> slo\u017eit\u00e9 \u00fakoly<\/strong> nebo kompaktn\u00ed, mobiln\u00ed vakuov\u00fd st\u016fl pro p\u0159esun z jednoho pracovi\u0161t\u011b na druh\u00e9. <\/p>\n\n<p><\/p>\n\n<p><\/p>\n\n<p><\/p>\n\n<h3 class=\"wp-block-heading\">P\u0159ipojiteln\u00e9 sac\u00ed stoly pro truhl\u00e1\u0159stv\u00ed  <\/h3>\n\n<p>Na\u0161e p\u0159ipojiteln\u00e9 ods\u00e1vac\u00ed stoly jsou p\u0159ipojeny k <a href=\"https:\/\/obera.fr\/cs\/nase-rady\/emissions-cov-different-secteur\/\">odsava\u010di prachu<\/a> nebo k<strong> odsava\u010di plynn\u00fdch zne\u010di\u0161\u0165uj\u00edc\u00edch l\u00e1tek<\/strong> (pr\u016fmyslov\u00fd odlu\u010dova\u010d prachu). Lze je tak\u00e9 p\u0159ipojit k ventil\u00e1toru. <\/p>\n\n<p>Jsou robustn\u00ed,<strong> vyroben\u00e9 z materi\u00e1l\u016f, kter\u00e9<\/strong> dlouhodob\u011b odol\u00e1vaj\u00ed pr\u016fmyslov\u00e9mu prost\u0159ed\u00ed.<\/p>\n\n<div class=\"wp-block-columns is-layout-flex wp-container-core-columns-is-layout-28f84493 wp-block-columns-is-layout-flex\">\n<div class=\"wp-block-column is-layout-flow wp-block-column-is-layout-flow\" style=\"flex-basis:50%\">\n<figure class=\"wp-block-image aligncenter size-large is-resized\"><a href=\"https:\/\/obera.fr\/produits\/tables-aspirantes\/table-aspirante-a-at\/\"><img decoding=\"async\" width=\"1024\" height=\"1024\" src=\"https:\/\/obera.fr\/wp-content\/uploads\/2024\/04\/obera-tableaspirante-aat-2024.jpg-1024x1024.png\" alt=\"obera tableaspirante aat 2024.jpg\" class=\"wp-image-30206\" style=\"width:301px;height:auto\" srcset=\"https:\/\/obera.fr\/wp-content\/uploads\/2024\/04\/obera-tableaspirante-aat-2024.jpg-1024x1024.png 1024w, https:\/\/obera.fr\/wp-content\/uploads\/2024\/04\/obera-tableaspirante-aat-2024.jpg-300x300.png 300w, https:\/\/obera.fr\/wp-content\/uploads\/2024\/04\/obera-tableaspirante-aat-2024.jpg-150x150.png 150w, https:\/\/obera.fr\/wp-content\/uploads\/2024\/04\/obera-tableaspirante-aat-2024.jpg-768x768.png 768w, https:\/\/obera.fr\/wp-content\/uploads\/2024\/04\/obera-tableaspirante-aat-2024.jpg.png 1200w\" sizes=\"(max-width: 1024px) 100vw, 1024px\" \/><\/a><\/figure>\n<\/div>\n\n\n\n<div class=\"wp-block-column is-layout-flow wp-block-column-is-layout-flow\" style=\"flex-basis:50%\">\n<figure class=\"wp-block-image aligncenter size-full is-resized\"><a href=\"https:\/\/obera.fr\/produits\/tables-aspirantes\/table-rotative-360\/\"><img decoding=\"async\" width=\"600\" height=\"600\" src=\"https:\/\/obera.fr\/wp-content\/uploads\/2022\/12\/table-aspirante-360-600x600-1.png\" alt=\"360 vakuov&#xFD; st&#x16F;l 600x600 1\" class=\"wp-image-16609\" style=\"width:304px;height:auto\" srcset=\"https:\/\/obera.fr\/wp-content\/uploads\/2022\/12\/table-aspirante-360-600x600-1.png 600w, https:\/\/obera.fr\/wp-content\/uploads\/2022\/12\/table-aspirante-360-600x600-1-300x300.png 300w, https:\/\/obera.fr\/wp-content\/uploads\/2022\/12\/table-aspirante-360-600x600-1-150x150.png 150w\" sizes=\"(max-width: 600px) 100vw, 600px\" \/><\/a><\/figure>\n<\/div>\n<\/div>\n\n<figure class=\"wp-block-table\"><table class=\"has-fixed-layout\"><tbody><tr><td><em><a href=\"https:\/\/obera.fr\/cs\/produits\/tables-aspirantes\/table-aspirante-a-at\/\">Pr\u016fmyslov\u00e9 vakuov\u00e9 stoly A &amp; AT<\/a><\/em><br\/>K dispozici v r\u016fzn\u00fdch rozm\u011brech, kter\u00e9 odpov\u00eddaj\u00ed<strong>velikosti<\/strong> brou\u0161en\u00fdch<strong>obrobk\u016f<\/strong>.<\/td><td><em><a href=\"https:\/\/obera.fr\/cs\/produits\/tables-aspirantes\/table-rotative-360\/\">360\u00b0 oto\u010dn\u00fd sac\u00ed st\u016fl<\/a><\/em><br\/>Pro<strong>obr\u00e1b\u011bn\u00ed slo\u017eit\u00fdch d\u00edl\u016f <\/strong>, kter\u00e9 vy\u017eaduj\u00ed volnost pohybu.<\/td><\/tr><\/tbody><\/table><\/figure>\n\n<h3 class=\"wp-block-heading\">Sac\u00ed stoly s integrovan\u00fdm filtra\u010dn\u00edm syst\u00e9mem<\/h3>\n\n<p>Na\u0161e samostatn\u00e9 vakuov\u00e9 stoly jsou vybaveny vlastn\u00edm<strong> syst\u00e9mem s\u00e1n\u00ed a filtrace \u0161kodlivin<\/strong>. Jedn\u00e1 se o kompaktn\u011bj\u0161\u00ed \u0159e\u0161en\u00ed, kter\u00e1 nijak nesni\u017euj\u00ed svou \u00fa\u010dinnost p\u0159i zachycov\u00e1n\u00ed a \u010di\u0161t\u011bn\u00ed \u0161kodlivin uvol\u0148ovan\u00fdch p\u0159i brou\u0161en\u00ed obrobk\u016f. <\/p>\n\n<div class=\"wp-block-columns is-layout-flex wp-container-core-columns-is-layout-28f84493 wp-block-columns-is-layout-flex\">\n<div class=\"wp-block-column is-layout-flow wp-block-column-is-layout-flow\" style=\"flex-basis:50%\">\n<figure class=\"wp-block-image aligncenter size-large is-resized\"><img decoding=\"async\" width=\"1024\" height=\"1024\" src=\"https:\/\/obera.fr\/wp-content\/uploads\/2024\/05\/epurbox-tsp-1024x1024.png\" alt=\"epurbox tsp\" class=\"wp-image-30348\" style=\"width:393px;height:auto\" srcset=\"https:\/\/obera.fr\/wp-content\/uploads\/2024\/05\/epurbox-tsp-1024x1024.png 1024w, https:\/\/obera.fr\/wp-content\/uploads\/2024\/05\/epurbox-tsp-300x300.png 300w, https:\/\/obera.fr\/wp-content\/uploads\/2024\/05\/epurbox-tsp-150x150.png 150w, https:\/\/obera.fr\/wp-content\/uploads\/2024\/05\/epurbox-tsp-768x768.png 768w, https:\/\/obera.fr\/wp-content\/uploads\/2024\/05\/epurbox-tsp.png 1200w\" sizes=\"(max-width: 1024px) 100vw, 1024px\" \/><\/figure>\n<\/div>\n\n\n\n<div class=\"wp-block-column is-layout-flow wp-block-column-is-layout-flow\" style=\"flex-basis:50%\">\n<figure class=\"wp-block-image aligncenter size-large is-resized\"><a href=\"https:\/\/obera.fr\/produits\/tables-aspirantes\/table-autonome\/\"><img decoding=\"async\" width=\"1024\" height=\"1024\" src=\"https:\/\/obera.fr\/wp-content\/uploads\/2024\/04\/obera-tableaspirante-autonome-2024.jpg-1024x1024.png\" alt=\"obera tableaspirante autonome 2024.jpg\" class=\"wp-image-30210\" style=\"width:393px;height:auto\" srcset=\"https:\/\/obera.fr\/wp-content\/uploads\/2024\/04\/obera-tableaspirante-autonome-2024.jpg-1024x1024.png 1024w, https:\/\/obera.fr\/wp-content\/uploads\/2024\/04\/obera-tableaspirante-autonome-2024.jpg-300x300.png 300w, https:\/\/obera.fr\/wp-content\/uploads\/2024\/04\/obera-tableaspirante-autonome-2024.jpg-150x150.png 150w, https:\/\/obera.fr\/wp-content\/uploads\/2024\/04\/obera-tableaspirante-autonome-2024.jpg-768x768.png 768w, https:\/\/obera.fr\/wp-content\/uploads\/2024\/04\/obera-tableaspirante-autonome-2024.jpg.png 1200w\" sizes=\"(max-width: 1024px) 100vw, 1024px\" \/><\/a><\/figure>\n<\/div>\n<\/div>\n\n<figure class=\"wp-block-table\"><table class=\"has-fixed-layout\"><tbody><tr><td><em>St\u016fl ePURBOX ATEX<\/em><br\/>Mobiln\u00ed a kompaktn\u00ed st\u016fl nab\u00edzej\u00edc\u00ed optim\u00e1ln\u00ed komfort obsluhy.<\/td><td><em><a href=\"https:\/\/obera.fr\/cs\/produits\/tables-aspirantes\/table-autonome\/\">Samostatn\u00fd sac\u00ed st\u016fl<\/a><\/em><br\/>Skute\u010dn\u00fd pracovn\u00ed prostor vybaven\u00fd <strong>automatick\u00fdm syst\u00e9mem \u010di\u0161t\u011bn\u00ed <\/strong>filtr\u016f. K dispozici v r\u016fzn\u00fdch velikostech. <\/td><\/tr><\/tbody><\/table><\/figure>\n\n<p class=\"has-text-align-center\"><em>Slovo odborn\u00edka: na\u0161e <strong>sac\u00ed stoly lze p\u0159izp\u016fsobit va\u0161im specifick\u00fdm po\u017eadavk\u016fm<\/strong>. Shoda s ATEX, rozm\u011bry na m\u00edru, p\u0159idan\u00e1 antistatick\u00e1 ochrana, ergonomick\u00e9 nastaven\u00ed stolu, integrovan\u00e9 osv\u011btlen\u00ed, sac\u00ed ramena, trubkov\u00e9 vstupy a v\u00fdstupy&#8230; V z\u00e1vislosti na na\u0161\u00ed nab\u00eddce m\u016f\u017eeme v\u00e1\u0161 <strong>budouc\u00ed vakuov\u00fd st\u016fl<\/strong> p\u0159izp\u016fsobit p\u0159id\u00e1n\u00edm p\u0159\u00edslu\u0161enstv\u00ed a funkc\u00ed.   <\/em><\/p>\n\n<h2 class=\"wp-block-heading\">P\u0159\u00edsavn\u00fd st\u016fl pro truhl\u00e1\u0159e: s p\u0159\u00edpojkou nebo bez n\u00ed?<\/h2>\n\n<p>Vakuov\u00e9 stoly vybaven\u00e9 vlastn\u00edm sac\u00edm syst\u00e9mem jsou \u010dasto kompaktn\u011bj\u0161\u00ed v\u00fdrobky, kter\u00e9 se snadno vejdou do men\u0161\u00edch d\u00edlen.  <\/p>\n\n<p><\/p>\n\n<p class=\"has-text-align-center\">&#8220;  <em>Jsou ide\u00e1ln\u00ed pro p\u0159\u00edle\u017eitostn\u00e9 brou\u0161en\u00ed, ale nejsou vhodn\u00e9 pro <strong>pr\u016fmyslovou v\u00fdrobu<\/strong> s v\u011bt\u0161\u00edmi objemy. V takov\u00e9m p\u0159\u00edpad\u011b jsou emise \u0161kodlivin mnohem koncentrovan\u011bj\u0161\u00ed a vy\u017eaduj\u00ed p\u0159ipojen\u00ed <strong>vakuov\u00e9ho stolu k ods\u00e1va\u010di <\/strong>, aby byla zaji\u0161t\u011bna maxim\u00e1ln\u00ed bezpe\u010dnost na pracovi\u0161ti.  &#8220;  <\/em>Technik spole\u010dnosti OberA vysv\u011btluje.<em> <\/em>To je ostatn\u011b cel\u00e1 v\u00fdhoda p\u0159ipojen\u00ed stolu k odlu\u010dova\u010di prachu: zachycen\u00ed v\u011bt\u0161\u00edho objemu zne\u010di\u0161\u0165uj\u00edc\u00edch l\u00e1tek, kter\u00e9 projdou <a href=\"https:\/\/obera.fr\/cs\/produits\/depoussiereurs-industriels\/\">odlu\u010dova\u010dem prachu, kter\u00fd je od stolu odd\u011blen<\/a>. &#8220;  <em>Doporu\u010dujeme zvolit <strong>vysava\u010d prachu vybaven\u00fd za\u0159\u00edzen\u00edm na \u010di\u0161t\u011bn\u00ed filtra\u010dn\u00edch m\u00e9di\u00ed<\/strong>. To znamen\u00e1, \u017ee obsluha bude muset m\u011bnit filtry mnohem m\u00e9n\u011b \u010dasto. <\/em>  &#8222;.  <\/p>\n\n<p><\/p>\n\n<p>Uv\u011bdomte si, \u017ee brusn\u00e1 pracovi\u0161t\u011b, stejn\u011b jako <strong>pracovi\u0161t\u011b pro brou\u0161en\u00ed, le\u0161t\u011bn\u00ed a fouk\u00e1n\u00ed<\/strong>, p\u0159irozen\u011b uvol\u0148uj\u00ed vysokou koncentraci prachu. Nev\u00e1hejte po\u017e\u00e1dat na\u0161e t\u00fdmy o radu ohledn\u011b va\u0161ich pot\u0159eb a typu v\u00fdrobku nejvhodn\u011bj\u0161\u00edho pro va\u0161i d\u00edlnu. <\/p>\n","protected":false},"excerpt":{"rendered":"<p>V truhl\u00e1\u0159stv\u00ed p\u0159i brou\u0161en\u00ed vznik\u00e1 \u0159ada zne\u010di\u0161\u0165uj\u00edc\u00edch l\u00e1tek, kter\u00e9 p\u0159edstavuj\u00ed zdravotn\u00ed riziko pro obsluhu: d\u0159ev\u011bn\u00fd prach, formaldehyd, izokyan\u00e1ty, rozpou\u0161t\u011bdla a t\u011b\u017ek\u00e9 kovy.<\/p>\n","protected":false},"author":13,"featured_media":80246,"comment_status":"open","ping_status":"closed","sticky":false,"template":"","format":"standard","meta":{"_acf_changed":false,"_seopress_robots_primary_cat":"none","_seopress_titles_title":"Truhl\u00e1\u0159stv\u00ed: I OberA vakuov\u00fd brusn\u00fd st\u016fl","_seopress_titles_desc":"Objevte na\u0161i \u0159adu vakuov\u00fdch stol\u016f ur\u010den\u00fdch k ods\u00e1v\u00e1n\u00ed a zpracov\u00e1n\u00ed \u0161kodlivin vznikaj\u00edc\u00edch p\u0159i brou\u0161en\u00ed.","_seopress_robots_index":"","footnotes":""},"categories":[310],"tags":[],"class_list":["post-39350","post","type-post","status-publish","format-standard","has-post-thumbnail","hentry","category-nase-rady","generate-columns","tablet-grid-50","mobile-grid-100","grid-parent","grid-50","no-featured-image-padding","resize-featured-image"],"acf":[],"_links":{"self":[{"href":"https:\/\/obera.fr\/cs\/wp-json\/wp\/v2\/posts\/39350","targetHints":{"allow":["GET"]}}],"collection":[{"href":"https:\/\/obera.fr\/cs\/wp-json\/wp\/v2\/posts"}],"about":[{"href":"https:\/\/obera.fr\/cs\/wp-json\/wp\/v2\/types\/post"}],"author":[{"embeddable":true,"href":"https:\/\/obera.fr\/cs\/wp-json\/wp\/v2\/users\/13"}],"replies":[{"embeddable":true,"href":"https:\/\/obera.fr\/cs\/wp-json\/wp\/v2\/comments?post=39350"}],"version-history":[{"count":4,"href":"https:\/\/obera.fr\/cs\/wp-json\/wp\/v2\/posts\/39350\/revisions"}],"predecessor-version":[{"id":116940,"href":"https:\/\/obera.fr\/cs\/wp-json\/wp\/v2\/posts\/39350\/revisions\/116940"}],"wp:featuredmedia":[{"embeddable":true,"href":"https:\/\/obera.fr\/cs\/wp-json\/wp\/v2\/media\/80246"}],"wp:attachment":[{"href":"https:\/\/obera.fr\/cs\/wp-json\/wp\/v2\/media?parent=39350"}],"wp:term":[{"taxonomy":"category","embeddable":true,"href":"https:\/\/obera.fr\/cs\/wp-json\/wp\/v2\/categories?post=39350"},{"taxonomy":"post_tag","embeddable":true,"href":"https:\/\/obera.fr\/cs\/wp-json\/wp\/v2\/tags?post=39350"}],"curies":[{"name":"wp","href":"https:\/\/api.w.org\/{rel}","templated":true}]}}