{"id":39562,"date":"2024-10-07T15:29:28","date_gmt":"2024-10-07T13:29:28","guid":{"rendered":"https:\/\/obera.fr\/non-classifiee\/svarovani-jaky-je-spravny-odsavaci-stul-pro-zachyceni-svarecskych-vyparu-u-zdroje\/"},"modified":"2025-06-27T15:17:00","modified_gmt":"2025-06-27T13:17:00","slug":"table-aspirante-soudure","status":"publish","type":"post","link":"https:\/\/obera.fr\/cs\/nase-rady\/table-aspirante-soudure\/","title":{"rendered":"Sva\u0159ov\u00e1n\u00ed: kter\u00fd ods\u00e1vac\u00ed st\u016fl je nejlep\u0161\u00ed pro zachycen\u00ed sv\u00e1\u0159e\u010dsk\u00fdch v\u00fdpar\u016f u zdroje?"},"content":{"rendered":"\n<p>Hled\u00e1te <a href=\"https:\/\/obera.fr\/cs\/produits\/tables-aspirantes\/\">ods\u00e1vac\u00ed st\u016fl pro sv\u00e9 sva\u0159ovac\u00ed pracovi\u0161t\u011b<\/a>?<strong> <\/strong>? Spole\u010dnost OberA nab\u00edz\u00ed n\u011bkolik \u0159ad vakuov\u00fdch stol\u016f pro profesion\u00e1ly, kter\u00e9 nab\u00edzej\u00ed vysok\u00fd v\u00fdkon s r\u016fzn\u00fdmi filtra\u010dn\u00edmi syst\u00e9my pro bezpe\u010dnou pr\u00e1ci. Pom\u00e1h\u00e1me v\u00fdrobc\u016fm vybrat to nejlep\u0161\u00ed vybaven\u00ed, aby minimalizovali <strong>zdravotn\u00ed rizika, kter\u00fdm<\/strong> jsou va\u0161i oper\u00e1to\u0159i vystaveni.  <\/p>\n\n<h2 class=\"wp-block-heading\">Sv\u00e1\u0159ec\u00ed v\u00fdpary: jak\u00fdm rizik\u016fm jsou va\u0161i pracovn\u00edci vystaveni?<\/h2>\n\n<figure class=\"wp-block-image alignright size-large is-resized\"><img decoding=\"async\" width=\"1024\" height=\"683\" src=\"https:\/\/obera.fr\/wp-content\/uploads\/2024\/10\/soudure-1024x683.jpg\" alt=\"mu&#x17E; ve sv&#xE1;&#x159;ec&#xED;m za&#x159;&#xED;zen&#xED; sva&#x159;uj&#xED;c&#xED; kov\" class=\"wp-image-36184\" style=\"width:350px\" srcset=\"https:\/\/obera.fr\/wp-content\/uploads\/2024\/10\/soudure-1024x683.jpg 1024w, https:\/\/obera.fr\/wp-content\/uploads\/2024\/10\/soudure-300x200.jpg 300w, https:\/\/obera.fr\/wp-content\/uploads\/2024\/10\/soudure-768x512.jpg 768w, https:\/\/obera.fr\/wp-content\/uploads\/2024\/10\/soudure-1536x1024.jpg 1536w, https:\/\/obera.fr\/wp-content\/uploads\/2024\/10\/soudure-2048x1365.jpg 2048w\" sizes=\"(max-width: 1024px) 100vw, 1024px\" \/><\/figure>\n\n<p>P\u0159i sva\u0159ov\u00e1n\u00ed se uvol\u0148uj\u00ed sva\u0159ovac\u00ed d\u00fdmy, kter\u00e9 obsahuj\u00ed \u0159adu l\u00e1tek \u0161kodliv\u00fdch pro organismus. Tyto l\u00e1tky jsou p\u0159\u00edtomny ve form\u011b plynu, ale tak\u00e9 ve <strong>form\u011b jemn\u00fdch prachov\u00fdch \u010d\u00e1stic<\/strong>. Je t\u0159eba poznamenat, \u017ee slo\u017een\u00ed sva\u0159ovac\u00edch d\u00fdm\u016f z\u00e1vis\u00ed na dal\u0161\u00edch faktorech, jako je nap\u0159\u00edklad sva\u0159ovan\u00fd kov, a m\u016f\u017ee obsahovat r\u016fzn\u00e9 l\u00e1tky:    <\/p>\n\n<ul class=\"wp-block-list\">\n<li>\u0160kodliv\u00e9 l\u00e1tky, jako jsou oxidy hlin\u00edku a \u017eeleza;<\/li>\n\n\n\n<li>Toxick\u00e9 l\u00e1tky, jako je oxid mangani\u010dit\u00fd a oxid uhelnat\u00fd;  <\/li>\n\n\n\n<li>Karcinogenn\u00ed l\u00e1tky, jako je oxid olovnat\u00fd, oxid nikelnat\u00fd a slou\u010deniny chromu.<\/li>\n<\/ul>\n\n<p>Velikost prachov\u00fdch \u010d\u00e1stic vyvrhovan\u00fdch<a href=\"https:\/\/obera.fr\/cs\/nase-rady\/fumee-de-soudage-quel-est-leur-degre-de-nocivite-et-quelles-sont-les-reglementations-en-vigueur\/\"> sv\u00e1\u0159e\u010dsk\u00fdmi d\u00fdmy<\/a> je tak mal\u00e1, \u017ee jsou pouh\u00fdm okem neviditeln\u00e9, p\u0159esto jsou schopny proniknout do plicn\u00edch skl\u00edpk\u016f a krevn\u00edho ob\u011bhu. Proto jsou pro sv\u00e1\u0159e\u010de obzvl\u00e1\u0161t\u011b nebezpe\u010dn\u00e9 a zp\u016fsobuj\u00ed \u0159adu komplikac\u00ed: onemocn\u011bn\u00ed d\u00fdchac\u00edch cest, po\u0161kozen\u00ed nerv\u016f, z\u00e1vrat\u011b, nevolnost, bolesti hlavy a dokonce i rakovinu.   <\/p>\n\n<p>Tato nebezpe\u010dnost vysv\u011btluje, pro\u010d <strong>mus\u00ed v\u00fdrobci dodr\u017eovat \u010detn\u00e9 normy<\/strong> a vybavit se za\u0159\u00edzen\u00edmi, kter\u00e1 se vypo\u0159\u00e1daj\u00ed s riziky sva\u0159ovac\u00edch d\u00fdm\u016f (ochrann\u00e9 z\u00e1v\u011bsy a ochrann\u00e9 sva\u0159ovac\u00ed p\u00e1sy, ods\u00e1vac\u00ed st\u016fl, pr\u016fmyslov\u00fd odlu\u010dova\u010d prachu atd.).  <\/p>\n\n<p><\/p>\n\n<p class=\"has-text-align-center\">&#8220;  <em>Ze v\u0161ech t\u011bchto d\u016fvod\u016f jsou p\u0159edpisy t\u00fdkaj\u00edc\u00ed se provoz\u016f, p\u0159i nich\u017e vznikaj\u00ed sv\u00e1\u0159e\u010dsk\u00e9 v\u00fdpary, obzvl\u00e1\u0161t\u011b p\u0159\u00edsn\u00e9. Proto spole\u010dnost OberA nab\u00edz\u00ed \u0159adu <strong>\u0159e\u0161en\u00ed pro ods\u00e1v\u00e1n\u00ed a \u00fapravu jemn\u00fdch \u010d\u00e1stic<\/strong>: od pr\u016fmyslov\u00fdch ods\u00e1vac\u00edch stol\u016f pro sva\u0159ov\u00e1n\u00ed a\u017e po odlu\u010dova\u010de prachu pro l\u00e9ka\u0159sk\u00e9 \u00fa\u010dely. S jedin\u00fdm c\u00edlem: ochrana sv\u00e1\u0159e\u010d\u016f.   &#8220;  <\/em>dod\u00e1v\u00e1 Thibaut Samsel, technick\u00fd \u0159editel spole\u010dnosti OberA.  <\/p>\n\n<h2 class=\"wp-block-heading\">Pr\u00e9miov\u00e9 sac\u00ed \u0159e\u0161en\u00ed: v\u00fdb\u011br OberA pro zabezpe\u010den\u00ed sva\u0159ovac\u00edch stanic<\/h2>\n\n<p>V\u0161echny ods\u00e1vac\u00ed stoly OberA jsou vhodn\u00e9 pro <strong>sva\u0159ov\u00e1n\u00ed, brou\u0161en\u00ed, odstra\u0148ov\u00e1n\u00ed ot\u0159ep\u016f, brou\u0161en\u00ed, lepen\u00ed a lakov\u00e1n\u00ed<\/strong>atd. P\u0159i<a href=\"https:\/\/obera.fr\/cs\/conseils\/comment-choisir-sa-table-aspirante-industrielle\/\"> v\u00fdb\u011bru ods\u00e1vac\u00edho \u0159e\u0161en\u00ed<\/a> rozhoduje plocha pot\u0159ebn\u00e1 k opracov\u00e1n\u00ed obrobk\u016f, v\u0161echny zne\u010di\u0161\u0165uj\u00edc\u00ed l\u00e1tky, kter\u00e9 je t\u0159eba zpracovat, a jejich koncentrace v pracovn\u00edm prost\u0159ed\u00ed.  <\/p>\n\n<p><\/p>\n\n<p class=\"has-text-align-center\">&#8220;  <em>Pokud nap\u0159\u00edklad p\u0159i sva\u0159ov\u00e1n\u00ed vznik\u00e1 velk\u00e9 mno\u017estv\u00ed \u0161kodlivin, je nutn\u00e9 zvolit ods\u00e1vac\u00ed st\u016fl p\u0159ipojen\u00fd k odlu\u010dova\u010di prachu nebo ventil\u00e1toru (a\u0165 u\u017e st\u00e1vaj\u00edc\u00edmu, nebo ne). Na druhou stranu pro sva\u0159ov\u00e1n\u00ed mal\u00fdch d\u00edl\u016f m\u016f\u017ee sta\u010dit st\u016fl vybaven\u00fd <strong>satura\u010dn\u00ed filtrac\u00ed<\/strong> (s n\u00e1hradn\u00edm filtrem).  &#8220;  <\/em>Ozna\u010duje technika OberA.<\/p>\n\n<p class=\"has-text-align-center\"><\/p>\n\n<div class=\"wp-block-columns is-layout-flex wp-container-core-columns-is-layout-28f84493 wp-block-columns-is-layout-flex\">\n<div class=\"wp-block-column is-layout-flow wp-block-column-is-layout-flow\" style=\"flex-basis:25%\">\n<figure class=\"wp-block-image aligncenter size-large is-resized\"><img decoding=\"async\" width=\"1024\" height=\"1024\" src=\"https:\/\/obera.fr\/wp-content\/uploads\/2024\/05\/epurbox-tsp-1024x1024.png\" alt=\"epurbox tsp\" class=\"wp-image-30348\" style=\"width:200px\" srcset=\"https:\/\/obera.fr\/wp-content\/uploads\/2024\/05\/epurbox-tsp-1024x1024.png 1024w, https:\/\/obera.fr\/wp-content\/uploads\/2024\/05\/epurbox-tsp-300x300.png 300w, https:\/\/obera.fr\/wp-content\/uploads\/2024\/05\/epurbox-tsp-150x150.png 150w, https:\/\/obera.fr\/wp-content\/uploads\/2024\/05\/epurbox-tsp-768x768.png 768w, https:\/\/obera.fr\/wp-content\/uploads\/2024\/05\/epurbox-tsp.png 1200w\" sizes=\"(max-width: 1024px) 100vw, 1024px\" \/><\/figure>\n<\/div>\n\n\n\n<div class=\"wp-block-column is-layout-flow wp-block-column-is-layout-flow\" style=\"flex-basis:25%\">\n<figure class=\"wp-block-image aligncenter size-large is-resized\"><a href=\"https:\/\/obera.fr\/produits\/tables-aspirantes\/table-aspirante-a-at\/\"><img decoding=\"async\" width=\"1024\" height=\"1024\" src=\"https:\/\/obera.fr\/wp-content\/uploads\/2024\/04\/obera-tableaspirante-aat-2024.jpg-1024x1024.png\" alt=\"obera tableaspirante aat 2024.jpg\" class=\"wp-image-30206\" style=\"width:200px\" srcset=\"https:\/\/obera.fr\/wp-content\/uploads\/2024\/04\/obera-tableaspirante-aat-2024.jpg-1024x1024.png 1024w, https:\/\/obera.fr\/wp-content\/uploads\/2024\/04\/obera-tableaspirante-aat-2024.jpg-300x300.png 300w, https:\/\/obera.fr\/wp-content\/uploads\/2024\/04\/obera-tableaspirante-aat-2024.jpg-150x150.png 150w, https:\/\/obera.fr\/wp-content\/uploads\/2024\/04\/obera-tableaspirante-aat-2024.jpg-768x768.png 768w, https:\/\/obera.fr\/wp-content\/uploads\/2024\/04\/obera-tableaspirante-aat-2024.jpg.png 1200w\" sizes=\"(max-width: 1024px) 100vw, 1024px\" \/><\/a><\/figure>\n<\/div>\n\n\n\n<div class=\"wp-block-column is-layout-flow wp-block-column-is-layout-flow\" style=\"flex-basis:25%\">\n<figure class=\"wp-block-image aligncenter size-large is-resized\"><a href=\"https:\/\/obera.fr\/produits\/tables-aspirantes\/table-autonome\/\"><img decoding=\"async\" width=\"1024\" height=\"1024\" src=\"https:\/\/obera.fr\/wp-content\/uploads\/2024\/04\/obera-tableaspirante-autonome-2024.jpg-1024x1024.png\" alt=\"obera tableaspirante autonome 2024.jpg\" class=\"wp-image-30210\" style=\"width:200px\" srcset=\"https:\/\/obera.fr\/wp-content\/uploads\/2024\/04\/obera-tableaspirante-autonome-2024.jpg-1024x1024.png 1024w, https:\/\/obera.fr\/wp-content\/uploads\/2024\/04\/obera-tableaspirante-autonome-2024.jpg-300x300.png 300w, https:\/\/obera.fr\/wp-content\/uploads\/2024\/04\/obera-tableaspirante-autonome-2024.jpg-150x150.png 150w, https:\/\/obera.fr\/wp-content\/uploads\/2024\/04\/obera-tableaspirante-autonome-2024.jpg-768x768.png 768w, https:\/\/obera.fr\/wp-content\/uploads\/2024\/04\/obera-tableaspirante-autonome-2024.jpg.png 1200w\" sizes=\"(max-width: 1024px) 100vw, 1024px\" \/><\/a><\/figure>\n<\/div>\n\n\n\n<div class=\"wp-block-column is-layout-flow wp-block-column-is-layout-flow\" style=\"flex-basis:25%\">\n<figure class=\"wp-block-image aligncenter size-full is-resized\"><a href=\"https:\/\/obera.fr\/produits\/tables-aspirantes\/table-rotative-360\/\"><img decoding=\"async\" width=\"600\" height=\"600\" src=\"https:\/\/obera.fr\/wp-content\/uploads\/2022\/12\/table-aspirante-360-600x600-1.png\" alt=\"360 vakuov&#xFD; st&#x16F;l 600x600 1\" class=\"wp-image-16609\" style=\"width:200px\" srcset=\"https:\/\/obera.fr\/wp-content\/uploads\/2022\/12\/table-aspirante-360-600x600-1.png 600w, https:\/\/obera.fr\/wp-content\/uploads\/2022\/12\/table-aspirante-360-600x600-1-300x300.png 300w, https:\/\/obera.fr\/wp-content\/uploads\/2022\/12\/table-aspirante-360-600x600-1-150x150.png 150w\" sizes=\"(max-width: 600px) 100vw, 600px\" \/><\/a><\/figure>\n<\/div>\n<\/div>\n\n<figure class=\"wp-block-table\"><table class=\"has-fixed-layout\"><tbody><tr><td class=\"has-text-align-left\" data-align=\"left\"><em>Sac\u00ed st\u016fl ePURBOX TSP<\/em><\/td><td class=\"has-text-align-left\" data-align=\"left\"><em><a href=\"https:\/\/obera.fr\/cs\/produits\/tables-aspirantes\/table-aspirante-a-at\/\">Sac\u00ed st\u016fl A &amp; AT<\/a><\/em><\/td><td class=\"has-text-align-left\" data-align=\"left\"><em><a href=\"https:\/\/obera.fr\/cs\/produits\/tables-aspirantes\/table-autonome\/\">Samostatn\u00fd sac\u00ed st\u016fl<\/a><\/em><\/td><td class=\"has-text-align-left\" data-align=\"left\"><em><a href=\"https:\/\/obera.fr\/cs\/produits\/tables-aspirantes\/table-rotative-360\/\">360\u00b0 oto\u010dn\u00fd sac\u00ed st\u016fl<\/a><\/em><\/td><\/tr><tr><td class=\"has-text-align-left\" data-align=\"left\"><strong> St\u016fl <\/strong>je integrov\u00e1n do mobiln\u00ed ods\u00e1vac\u00ed jednotky ePURBOX a<strong> m\u00e1 vlastn\u00ed filtra\u010dn\u00ed <\/strong>a ventila\u010dn\u00ed<strong> syst\u00e9m <\/strong>.  <br\/><br\/>Je mobiln\u00ed a kompaktn\u00ed a obsahuje 3 \u00farovn\u011b filtru pro \u00fa\u010dinn\u00e9 zachycen\u00ed hrub\u00fdch \u010d\u00e1stic,<strong> z\u00e1pachu a jemn\u00fdch \u010d\u00e1stic<\/strong>. Lze jej roz\u0161\u00ed\u0159it o vybaven\u00ed, jako je nap\u0159\u00edklad sac\u00ed rameno. <\/td><td class=\"has-text-align-left\" data-align=\"left\">St\u016fl pro p\u0159ipojen\u00ed k ventil\u00e1toru nebo <strong>odlu\u010dova\u010di prachu pro zpracov\u00e1n\u00ed prachu<\/strong>, jemn\u00fdch \u010d\u00e1stic a plynn\u00fdch zne\u010di\u0161\u0165uj\u00edc\u00edch l\u00e1tek. <br\/><br\/>Tento univerz\u00e1ln\u00ed a robustn\u00ed st\u016fl je ide\u00e1ln\u00ed pro <strong>zachycov\u00e1n\u00ed a \u00fapravu prachu<\/strong>, rozpou\u0161t\u011bdel, \u010distic\u00edch prost\u0159edk\u016f, lepidel atd.<\/td><td class=\"has-text-align-left\" data-align=\"left\">Vakuov\u00fd st\u016fl s <strong>automatick\u00fdm <\/strong>syst\u00e9mem <strong>\u010di\u0161t\u011bn\u00ed filtru <\/strong>a rovnom\u011brnou filtrac\u00ed (spodn\u00ed a p\u0159edn\u00ed filtrace). Dod\u00e1v\u00e1 se s vlastn\u00edm sac\u00edm syst\u00e9mem. <br\/><br\/>Ide\u00e1ln\u00ed pro<strong>ods\u00e1v\u00e1n\u00ed kou\u0159e, prachu<\/strong> (jemn\u00e9ho VOC i hrub\u00e9ho) a pach\u016f, s volitelnou verz\u00ed ATEX pro pou\u017eit\u00ed v prost\u0159ed\u00ed s nebezpe\u010d\u00edm v\u00fdbuchu a filtrac\u00ed HEPA pro maxim\u00e1ln\u00ed ochranu p\u0159ed jemn\u00fdm prachem.  <\/td><td class=\"has-text-align-left\" data-align=\"left\">Ide\u00e1ln\u00ed pro mechanickou a tepelnou separaci. Ot\u00e1\u010d\u00ed se kolem vlastn\u00ed osy a umo\u017e\u0148uje voln\u00fd pohyb. Optimalizovan\u00e9 proud\u011bn\u00ed vzduchu a<strong>flexibiln\u00ed ods<\/strong>\u00e1vac\u00ed kukla<strong>pro optim\u00e1ln\u00ed ochranu sv\u00e1\u0159e\u010d\u016f<\/strong>.    <br\/><br\/>V p\u0159\u00edpad\u011b vysok\u00e9 koncentrace zne\u010di\u0161\u0165uj\u00edc\u00edch l\u00e1tek p\u0159ipojit k odlu\u010dova\u010di prachu nebo ventil\u00e1toru. <strong>Vhodn\u00e9 pro kou\u0159, prach<\/strong> (jemn\u00fd prach, hrub\u00fd prach) a pachy.<\/td><\/tr><\/tbody><\/table><\/figure>\n\n<p class=\"has-text-align-center\"><em>Pot\u0159ebujete poradit? Jako specialist\u00e9 na \u00fapravu vzduchu ji\u017e v\u00edce ne\u017e 20 let spolupracujeme s v\u00fdrobci, kte\u0159\u00ed cht\u011bj\u00ed<strong>zlep\u0161it kvalitu vzduchu ve sv\u00fdch prostor\u00e1ch<\/strong> a bezpe\u010dnost sv\u00fdch zam\u011bstnanc\u016f. Na\u0161i technici analyzuj\u00ed va\u0161e pot\u0159eby a nab\u00eddnou v\u00e1m<strong> \u0159e\u0161en\u00ed ods\u00e1v\u00e1n\u00ed, kter\u00e9 <\/strong>nejl\u00e9pe odpov\u00edd\u00e1 va\u0161im specifick\u00fdm po\u017eadavk\u016fm. K na\u0161im v\u00fdrobk\u016fm lze p\u0159idat mnoho p\u0159\u00edslu\u0161enstv\u00ed, kter\u00e9 spln\u00ed va\u0161e po\u017eadavky.   <\/em><\/p>\n","protected":false},"excerpt":{"rendered":"<p>Hled\u00e1te ods\u00e1vac\u00ed st\u016fl pro sv\u00e9 sva\u0159ovac\u00ed pracovi\u0161t\u011b? Spole\u010dnost OberA nab\u00edz\u00ed n\u011bkolik \u0159ad vakuov\u00fdch stol\u016f pro profesion\u00e1ly, kter\u00e9 nab\u00edzej\u00ed vysok\u00fd v\u00fdkon s r\u016fzn\u00fdmi filtra\u010dn\u00edmi syst\u00e9my pro bezpe\u010dn\u00fd pracovn\u00ed prostor.  <\/p>\n","protected":false},"author":13,"featured_media":80336,"comment_status":"open","ping_status":"closed","sticky":false,"template":"","format":"standard","meta":{"_acf_changed":false,"_seopress_robots_primary_cat":"none","_seopress_titles_title":"Vakuov\u00fd st\u016fl: vyberte si vysoce v\u00fdkonn\u00fd sva\u0159ovac\u00ed st\u016fl","_seopress_titles_desc":"Sac\u00ed st\u016fl k p\u0159ipojen\u00ed nebo vybaven\u00fd vlastn\u00edm sac\u00edm syst\u00e9mem. Vyberte si vysoce v\u00fdkonn\u00e9 za\u0159\u00edzen\u00ed, kter\u00e9 ochr\u00e1n\u00ed va\u0161e pracovn\u00edky vystaven\u00e9 sv\u00e1\u0159e\u010dsk\u00fdm v\u00fdpar\u016fm.","_seopress_robots_index":"","footnotes":""},"categories":[310],"tags":[113],"class_list":["post-39562","post","type-post","status-publish","format-standard","has-post-thumbnail","hentry","category-nase-rady","tag-entete-male","generate-columns","tablet-grid-50","mobile-grid-100","grid-parent","grid-50","no-featured-image-padding","resize-featured-image"],"acf":[],"_links":{"self":[{"href":"https:\/\/obera.fr\/cs\/wp-json\/wp\/v2\/posts\/39562","targetHints":{"allow":["GET"]}}],"collection":[{"href":"https:\/\/obera.fr\/cs\/wp-json\/wp\/v2\/posts"}],"about":[{"href":"https:\/\/obera.fr\/cs\/wp-json\/wp\/v2\/types\/post"}],"author":[{"embeddable":true,"href":"https:\/\/obera.fr\/cs\/wp-json\/wp\/v2\/users\/13"}],"replies":[{"embeddable":true,"href":"https:\/\/obera.fr\/cs\/wp-json\/wp\/v2\/comments?post=39562"}],"version-history":[{"count":7,"href":"https:\/\/obera.fr\/cs\/wp-json\/wp\/v2\/posts\/39562\/revisions"}],"predecessor-version":[{"id":116920,"href":"https:\/\/obera.fr\/cs\/wp-json\/wp\/v2\/posts\/39562\/revisions\/116920"}],"wp:featuredmedia":[{"embeddable":true,"href":"https:\/\/obera.fr\/cs\/wp-json\/wp\/v2\/media\/80336"}],"wp:attachment":[{"href":"https:\/\/obera.fr\/cs\/wp-json\/wp\/v2\/media?parent=39562"}],"wp:term":[{"taxonomy":"category","embeddable":true,"href":"https:\/\/obera.fr\/cs\/wp-json\/wp\/v2\/categories?post=39562"},{"taxonomy":"post_tag","embeddable":true,"href":"https:\/\/obera.fr\/cs\/wp-json\/wp\/v2\/tags?post=39562"}],"curies":[{"name":"wp","href":"https:\/\/api.w.org\/{rel}","templated":true}]}}