{"id":41334,"date":"2023-11-14T12:07:12","date_gmt":"2023-11-14T10:07:12","guid":{"rendered":"https:\/\/obera.fr\/non-classifiee\/obera-pripad-pouziti-odmastovani-kovu-parami\/"},"modified":"2025-04-15T11:15:18","modified_gmt":"2025-04-15T09:15:18","slug":"cas-usage-traitement-vapeurs-degraissant-nettoyage-pieces-metalliques","status":"publish","type":"post","link":"https:\/\/obera.fr\/cs\/nase-rady\/cas-usage-traitement-vapeurs-degraissant-nettoyage-pieces-metalliques\/","title":{"rendered":"oberA P\u0159\u00edpad pou\u017eit\u00ed: \u00daprava par z odma\u0161\u0165ov\u00e1n\u00ed kov\u016f"},"content":{"rendered":"\n<figure class=\"wp-block-image alignright size-large is-resized\"><img decoding=\"async\" width=\"576\" height=\"1024\" src=\"https:\/\/obera.fr\/wp-content\/uploads\/2023\/12\/epurbox-1-576x1024.jpg\" alt=\"epurbox 1\" class=\"wp-image-26448\" style=\"width:237px;height:auto\" srcset=\"https:\/\/obera.fr\/wp-content\/uploads\/2023\/12\/epurbox-1-576x1024.jpg 576w, https:\/\/obera.fr\/wp-content\/uploads\/2023\/12\/epurbox-1-169x300.jpg 169w, https:\/\/obera.fr\/wp-content\/uploads\/2023\/12\/epurbox-1-768x1365.jpg 768w, https:\/\/obera.fr\/wp-content\/uploads\/2023\/12\/epurbox-1-864x1536.jpg 864w, https:\/\/obera.fr\/wp-content\/uploads\/2023\/12\/epurbox-1-1152x2048.jpg 1152w, https:\/\/obera.fr\/wp-content\/uploads\/2023\/12\/epurbox-1-scaled.jpg 1440w\" sizes=\"(max-width: 576px) 100vw, 576px\" \/><\/figure>\n\n<p>M\u011bli jsme mo\u017enost vybavit mezin\u00e1rodn\u00edho z\u00e1kazn\u00edka, kter\u00fd se specializuje na v\u00fdvoj, konstrukci, v\u00fdrobu a <strong>distribuci membr\u00e1nov\u00fdch \u010derpadel a syst\u00e9m\u016f pro plyny<\/strong> a kapaliny. N\u00e1\u0161 z\u00e1kazn\u00edk, kter\u00fd si je v\u011bdom d\u016fle\u017eitosti ochrany \u017eivotn\u00edho prost\u0159ed\u00ed a zdrav\u00ed sv\u00fdch zam\u011bstnanc\u016f, n\u00e1s po\u017e\u00e1dal o vy\u0159e\u0161en\u00ed kritick\u00e9ho probl\u00e9mu v r\u00e1mci sv\u00e9ho v\u00fdrobn\u00edho procesu. <\/p>\n\n<p>Odma\u0161\u0165ovac\u00ed prost\u0159edky pou\u017e\u00edvan\u00e9 k \u010di\u0161t\u011bn\u00ed kovov\u00fdch \u010d\u00e1st\u00ed \u010derpadel vytv\u00e1\u0159ely odma\u0161\u0165ovac\u00ed v\u00fdpary, kter\u00e9 \u0161kodily \u017eivotn\u00edmu prost\u0159ed\u00ed a <a href=\"https:\/\/obera.fr\/cs\/nase-rady\/traitement-odeurs-industrielles\/\">kvalit\u011b vzduchu ve<\/a> v\u00fdrobn\u00ed d\u00edln\u011b.<\/p>\n\n<p>Proto\u017ee jsme si v\u011bdomi \u0161kodliv\u00e9ho dopadu emis\u00ed v\u00fdpar\u016f z odma\u0161\u0165ovadel na zdrav\u00ed pracovn\u00edk\u016f a \u017eivotn\u00ed prost\u0159ed\u00ed, p\u0159i\u0161li jsme s \u0159e\u0161en\u00edm na m\u00edru. Navrhli jsme a nainstalovali <strong>ods\u00e1vac\u00ed backsplash<\/strong> dopln\u011bn\u00fd syst\u00e9mem ods\u00e1v\u00e1n\u00ed prachu s aktivn\u00edm uhl\u00edm <a href=\"https:\/\/obera.fr\/cs\/produits\/traitement-cov\/aspiration-mobile-odeurs-epur-box\/\">ePURBOX<\/a> p\u0159\u00edmo na stanici \u010di\u0161t\u011bn\u00ed kovov\u00fdch d\u00edl\u016f, kter\u00fd \u00fa\u010dinn\u011b zachycuje a filtruje v\u00fdpary odma\u0161\u0165ovadla u zdroje a chr\u00e1n\u00ed tak obsluhu. <\/p>\n\n<p>D\u00edky na\u0161im odborn\u00fdm znalostem v oblasti \u00fapravy vzduchu se n\u00e1m poda\u0159ilo <strong>v\u00fdrazn\u011b sn\u00ed\u017eit emise v\u00fdpar\u016f<\/strong> odma\u0161\u0165ovadel do okoln\u00edho ovzdu\u0161\u00ed v jejich d\u00edln\u011b. Vytvo\u0159ili jsme tak zdrav\u011bj\u0161\u00ed a bezpe\u010dn\u011bj\u0161\u00ed pracovi\u0161t\u011b pro zam\u011bstnance a z\u00e1rove\u0148 jsme sn\u00ed\u017eili dopad jejich podnik\u00e1n\u00ed na \u017eivotn\u00ed prost\u0159ed\u00ed. <\/p>\n\n<p>V\u00fdb\u011brem na\u0161eho<strong> \u0159e\u0161en\u00ed vzduchotechniky<\/strong> u\u010dinil n\u00e1\u0161 z\u00e1kazn\u00edk krok k odpov\u011bdn\u011bj\u0161\u00ed v\u00fdrob\u011b v souladu s normami ochrany \u017eivotn\u00edho prost\u0159ed\u00ed a bezpe\u010dnosti a ochrany zdrav\u00ed p\u0159i pr\u00e1ci. Tato \u00fasp\u011b\u0161n\u00e1 spolupr\u00e1ce je p\u0159\u00edkladem na\u0161eho z\u00e1vazku k inovac\u00edm a udr\u017eitelnosti, kter\u00fd pom\u00e1h\u00e1 na\u0161im z\u00e1kazn\u00edk\u016fm dos\u00e1hnout jejich c\u00edl\u016f a vytvo\u0159it bezpe\u010dn\u011bj\u0161\u00ed a zdrav\u011bj\u0161\u00ed pracovi\u0161t\u011b. <\/p>\n\n<h2 class=\"wp-block-heading\"><strong>Nebezpe\u010d\u00ed odma\u0161\u0165ovac\u00edch v\u00fdpar\u016f pro zdrav\u00ed obsluhy<\/strong><\/h2>\n\n<figure class=\"wp-block-image alignleft size-full is-resized\"><img decoding=\"async\" width=\"600\" height=\"600\" src=\"https:\/\/obera.fr\/wp-content\/uploads\/2023\/12\/picto-risque-mutagene-1.jpg\" alt=\"picto mutagenn&#xED; riziko 1\" class=\"wp-image-26460\" style=\"width:73px;height:auto\" srcset=\"https:\/\/obera.fr\/wp-content\/uploads\/2023\/12\/picto-risque-mutagene-1.jpg 600w, https:\/\/obera.fr\/wp-content\/uploads\/2023\/12\/picto-risque-mutagene-1-300x300.jpg 300w, https:\/\/obera.fr\/wp-content\/uploads\/2023\/12\/picto-risque-mutagene-1-150x150.jpg 150w\" sizes=\"(max-width: 600px) 100vw, 600px\" \/><\/figure>\n\n<p>P\u0159i <strong>pr\u016fmyslov\u00e9m \u010di\u0161t\u011bn\u00ed kovov\u00fdch d\u00edl\u016f<\/strong> pomoc\u00ed odma\u0161\u0165ovac\u00edch prost\u0159edk\u016f vznikaj\u00ed t\u011bkav\u00e9 organick\u00e9 slou\u010deniny (VOC), kter\u00e9 p\u0159edstavuj\u00ed \u0159adu zdravotn\u00edch rizik pro obsluhu, kter\u00e1 je jim vystavena chronicky a ve vysok\u00fdch koncentrac\u00edch. T\u011bkav\u00e9 organick\u00e9 l\u00e1tky jsou chemick\u00e9 l\u00e1tky, kter\u00e9 se p\u0159i pokojov\u00e9 teplot\u011b snadno odpa\u0159uj\u00ed a mohou b\u00fdt<strong> vdechov\u00e1ny obsluhou<\/strong>, co\u017e vede ke zdravotn\u00edm rizik\u016fm. Zde jsou uvedena n\u011bkter\u00e1 nebezpe\u010d\u00ed spojen\u00e1 s t\u00edmto procesem.  <\/p>\n\n<h3 class=\"wp-block-heading\"><strong>Podr\u00e1\u017ed\u011bn\u00ed d\u00fdchac\u00edch cest  <\/strong><\/h3>\n\n<p>Vdechov\u00e1n\u00ed t\u011bkav\u00fdch organick\u00fdch l\u00e1tek m\u016f\u017ee zp\u016fsobit podr\u00e1\u017ed\u011bn\u00ed d\u00fdchac\u00edch cest, <strong>co\u017e vede k p\u0159\u00edznak\u016fm, jako je ka\u0161el<\/strong>, bolest v krku, k\u00fdch\u00e1n\u00ed a du\u0161nost.<\/p>\n\n<h3 class=\"wp-block-heading\"><strong>Neurologick\u00e9 probl\u00e9my  <\/strong><\/h3>\n\n<p>N\u011bkter\u00e9 t\u011bkav\u00e9 organick\u00e9 l\u00e1tky jsou <strong>pova\u017eov\u00e1ny za neurotoxiny<\/strong> a mohou ovliv\u0148ovat centr\u00e1ln\u00ed nervov\u00fd syst\u00e9m. Dlouhodob\u00e9 vystaven\u00ed vysok\u00fdm hladin\u00e1m t\u011bkav\u00fdch organick\u00fdch l\u00e1tek m\u016f\u017ee v\u00e9st k bolestem hlavy, z\u00e1vrat\u00edm, poruch\u00e1m pam\u011bti a soust\u0159ed\u011bn\u00ed. <\/p>\n\n<h3 class=\"wp-block-heading\"><strong>Chronick\u00e9 respira\u010dn\u00ed poruchy  <\/strong><\/h3>\n\n<p><strong>Pokra\u010duj\u00edc\u00ed expozice t\u011bkav\u00fdm organick\u00fdm l\u00e1tk\u00e1m <\/strong>m\u016f\u017ee v\u00e9st k chronick\u00fdm d\u00fdchac\u00edm pot\u00ed\u017e\u00edm, jako je astma, nebo ke zhor\u0161en\u00ed p\u0159\u00edznak\u016f u osob s predispozic\u00ed.<\/p>\n\n<h3 class=\"wp-block-heading\"><strong>Ko\u017en\u00ed probl\u00e9my<\/strong><\/h3>\n\n<p>N\u011bkter\u00e9 odma\u0161\u0165ova\u010de obsahuj\u00ed chemick\u00e9 l\u00e1tky, kter\u00e9 mohou u exponovan\u00fdch pracovn\u00edk\u016f <strong>vyvolat alergick\u00e9 ko\u017en\u00ed reakce<\/strong>.<\/p>\n\n<h3 class=\"wp-block-heading\"><strong>\u00da\u010dinky na j\u00e1tra a ledviny<\/strong><\/h3>\n\n<p>N\u011bkter\u00e9 t\u011bkav\u00e9 organick\u00e9 l\u00e1tky jsou toxick\u00e9 pro j\u00e1tra a ledviny a dlouhodob\u00e1 expozice m\u016f\u017ee zp\u016fsobit po\u0161kozen\u00ed t\u011bchto org\u00e1n\u016f.<\/p>\n\n<h3 class=\"wp-block-heading\"><strong>Karcinogenn\u00ed rizika  <\/strong><\/h3>\n\n<p>N\u011bkter\u00e9 t\u011bkav\u00e9 organick\u00e9 l\u00e1tky jsou n\u011bkter\u00fdmi mezin\u00e1rodn\u00edmi zdravotnick\u00fdmi agenturami <strong>klasifikov\u00e1ny jako <\/strong>pravd\u011bpodobn\u00e9 lidsk\u00e9 <strong>karcinogeny <\/strong>, co\u017e vyvol\u00e1v\u00e1 obavy, \u017ee mohou u exponovan\u00fdch osob zp\u016fsobit rakovinu.<\/p>\n\n<p>Je d\u016fle\u017eit\u00e9 <strong>si uv\u011bdomit, \u017ee nebezpe\u010dnost t\u011bkav\u00fdch organick\u00fdch l\u00e1tek<\/strong> z\u00e1vis\u00ed na koncentraci v ovzdu\u0161\u00ed, d\u00e9lce trv\u00e1n\u00ed a \u010detnosti expozice a na individu\u00e1ln\u00ed citlivosti. Obsluha, kter\u00e1 pravideln\u011b pracuje s odma\u0161\u0165ovac\u00edmi prost\u0159edky, kter\u00e9 vytv\u00e1\u0159ej\u00ed t\u011bkav\u00e9 organick\u00e9 l\u00e1tky, m\u016f\u017ee b\u00fdt vystavena vysok\u00fdm hladin\u00e1m t\u011bchto chemick\u00fdch l\u00e1tek, co\u017e <strong>zvy\u0161uje riziko pro jej\u00ed zdrav\u00ed<\/strong>. <\/p>\n\n<p>Pro ochranu zdrav\u00ed obsluhy je nezbytn\u00e9 zav\u00e9st preventivn\u00ed opat\u0159en\u00ed, jako je pou\u017e\u00edv\u00e1n\u00ed odma\u0161\u0165ovac\u00edch prost\u0159edk\u016f s n\u00edzk\u00fdm obsahem t\u011bkav\u00fdch organick\u00fdch l\u00e1tek nebo bez nich, <strong>odpov\u00eddaj\u00edc\u00ed \u00faprava vzduchu v \u010distic\u00edch prostor\u00e1ch<\/strong>, aby se sn\u00ed\u017eila koncentrace t\u011bkav\u00fdch organick\u00fdch l\u00e1tek ve vzduchu, a pou\u017e\u00edv\u00e1n\u00ed vhodn\u00fdch osobn\u00edch ochrann\u00fdch prost\u0159edk\u016f (OOP), aby se minimalizoval p\u0159\u00edm\u00fd kontakt s nebezpe\u010dn\u00fdmi chemick\u00fdmi l\u00e1tkami. Krom\u011b toho mus\u00ed b\u00fdt obsluha informov\u00e1na o rizic\u00edch spojen\u00fdch s t\u011bkav\u00fdmi organick\u00fdmi l\u00e1tkami a mus\u00ed b\u00fdt pro\u0161kolena v oblasti spr\u00e1vn\u00fdch bezpe\u010dnostn\u00edch postup\u016f, aby se sn\u00ed\u017eila jej\u00ed expozice a p\u0159ede\u0161lo se souvisej\u00edc\u00edm zdravotn\u00edm probl\u00e9m\u016fm. P\u0159ijet\u00edm t\u011bchto opat\u0159en\u00ed je mo\u017en\u00e9<strong> vytvo\u0159it bezpe\u010dn\u011bj\u0161\u00ed a zdrav\u011bj\u0161\u00ed pracovn\u00ed prost\u0159ed\u00ed p\u0159i<\/strong> \u010di\u0161t\u011bn\u00ed kovov\u00fdch d\u00edl\u016f pomoc\u00ed odma\u0161\u0165ovac\u00edch prost\u0159edk\u016f, kter\u00e9 vytv\u00e1\u0159ej\u00ed \u0161kodliv\u00e9 t\u011bkav\u00e9 organick\u00e9 l\u00e1tky.  <\/p>\n\n<h2 class=\"wp-block-heading\"><strong>V\u00fdhody odma\u0161\u0165ov\u00e1n\u00ed parami p\u0159i \u010di\u0161t\u011bn\u00ed kovov\u00fdch d\u00edl\u016f<\/strong><\/h2>\n\n<p>Zpracov\u00e1n\u00ed t\u011bkav\u00fdch organick\u00fdch l\u00e1tek (VOC) vznikaj\u00edc\u00edch p\u0159i odma\u0161\u0165ov\u00e1n\u00ed kovov\u00fdch d\u00edl\u016f nab\u00edz\u00ed n\u011bkolik d\u016fle\u017eit\u00fdch v\u00fdhod. Zaprv\u00e9<strong> chr\u00e1n\u00ed zdrav\u00ed obsluhy<\/strong> t\u00edm, \u017ee eliminuje nebo sni\u017euje emise t\u011bkav\u00fdch organick\u00fdch l\u00e1tek do okoln\u00edho ovzdu\u0161\u00ed, \u010d\u00edm\u017e minimalizuje riziko podr\u00e1\u017ed\u011bn\u00ed d\u00fdchac\u00edch cest, chronick\u00fdch respira\u010dn\u00edch probl\u00e9m\u016f, neurologick\u00fdch poruch a dal\u0161\u00edch nep\u0159\u00edzniv\u00fdch zdravotn\u00edch \u00fa\u010dink\u016f. <\/p>\n\n<figure class=\"wp-block-image alignright size-large is-resized\"><img decoding=\"async\" width=\"1024\" height=\"683\" src=\"https:\/\/obera.fr\/wp-content\/uploads\/2023\/12\/environnement-sain-1-1024x683.jpg\" alt=\"mlad&#xFD; chlapec s hlavou k nebi a zav&#x159;en&#xFD;ma o&#x10D;ima za jasn&#xE9;ho dne\" class=\"wp-image-26455\" style=\"width:376px;height:auto\" srcset=\"https:\/\/obera.fr\/wp-content\/uploads\/2023\/12\/environnement-sain-1-1024x683.jpg 1024w, https:\/\/obera.fr\/wp-content\/uploads\/2023\/12\/environnement-sain-1-300x200.jpg 300w, https:\/\/obera.fr\/wp-content\/uploads\/2023\/12\/environnement-sain-1-768x512.jpg 768w, https:\/\/obera.fr\/wp-content\/uploads\/2023\/12\/environnement-sain-1-1536x1024.jpg 1536w, https:\/\/obera.fr\/wp-content\/uploads\/2023\/12\/environnement-sain-1-2048x1365.jpg 2048w\" sizes=\"(max-width: 1024px) 100vw, 1024px\" \/><\/figure>\n\n<p>\u00daprava vzduchu nav\u00edc zlep\u0161uje kvalitu vzduchu v odma\u0161\u0165ovac\u00ed d\u00edln\u011b t\u00edm, \u017ee zachycuje a odstra\u0148uje t\u011bkav\u00e9 organick\u00e9 l\u00e1tky p\u0159\u00edmo u zdroje. T\u00edm <strong>se vytv\u00e1\u0159\u00ed zdrav\u011bj\u0161\u00ed pracovn\u00ed prost\u0159ed\u00ed pro<\/strong> obsluhu, sni\u017euje se riziko bolest\u00ed hlavy, \u00fanavy a dal\u0161\u00edch p\u0159\u00edznak\u016f spojen\u00fdch se \u0161patnou kvalitou vzduchu. <\/p>\n\n<p>Z hlediska ochrany \u017eivotn\u00edho prost\u0159ed\u00ed zaji\u0161\u0165uj\u00ed syst\u00e9my pro zpracov\u00e1n\u00ed VOC dodr\u017eov\u00e1n\u00ed p\u0159\u00edsn\u00fdch ekologick\u00fdch p\u0159edpis\u016f t\u00fdkaj\u00edc\u00edch se emis\u00ed VOC. T\u00edmto zp\u016fsobem<strong> se spole\u010dnosti vyh\u00fdbaj\u00ed mo\u017en\u00fdm pokut\u00e1m a sankc\u00edm<\/strong> a posiluj\u00ed svou odpov\u011bdnost za \u017eivotn\u00ed prost\u0159ed\u00ed. <\/p>\n\n<p>\u00daprava vzduchu nav\u00edc zvy\u0161uje \u00fa\u010dinnost odma\u0161\u0165ov\u00e1n\u00ed t\u00edm, \u017ee umo\u017e\u0148uje lep\u0161\u00ed \u0159\u00edzen\u00ed emis\u00ed t\u011bkav\u00fdch organick\u00fdch l\u00e1tek. To vede k efektivn\u011bj\u0161\u00edmu vyu\u017e\u00edv\u00e1n\u00ed odma\u0161\u0165ovac\u00edch prost\u0159edk\u016f, lep\u0161\u00edmu \u0161et\u0159en\u00ed zdroj\u016f a sn\u00ed\u017een\u00ed provozn\u00edch n\u00e1klad\u016f. <\/p>\n\n<p>P\u0159ijet\u00edm odpov\u011bdn\u00fdch postup\u016f nakl\u00e1d\u00e1n\u00ed s t\u011bkav\u00fdmi organick\u00fdmi l\u00e1tkami spole\u010dnosti prokazuj\u00ed sv\u016fj z\u00e1vazek k ochran\u011b zdrav\u00ed a bezpe\u010dnosti zam\u011bstnanc\u016f a tak\u00e9 sv\u016fj z\u00e1jem o \u017eivotn\u00ed prost\u0159ed\u00ed. To m\u016f\u017ee<strong> zlep\u0161it jejich image u z\u00e1kazn\u00edk\u016f<\/strong>, obchodn\u00edch partner\u016f i \u0161irok\u00e9 ve\u0159ejnosti. <\/p>\n\n<blockquote class=\"wp-block-quote is-layout-flow wp-block-quote-is-layout-flow\">\n<p>Objevte tak\u00e9 p\u0159\u00edpad pou\u017eit\u00ed t\u00fdkaj\u00edc\u00ed se <a href=\"https:\/\/obera.fr\/cs\/nase-rady\/cas-usage-traitement-hydrocarbures-milieu-industriel\/\">zpracov\u00e1n\u00ed uhlovod\u00edk\u016f<\/a> v pr\u016fmyslov\u00e9m prost\u0159ed\u00ed.<\/p>\n<\/blockquote>\n","protected":false},"excerpt":{"rendered":"<p>M\u011bli jsme mo\u017enost vybavit mezin\u00e1rodn\u00edho z\u00e1kazn\u00edka, kter\u00fd se specializuje na v\u00fdvoj, konstrukci, v\u00fdrobu a distribuci membr\u00e1nov\u00fdch \u010derpadel a syst\u00e9m\u016f pro plyny a kapaliny. N\u00e1\u0161 z\u00e1kazn\u00edk, kter\u00fd si je v\u011bdom d\u016fle\u017eitosti ochrany \u017eivotn\u00edho prost\u0159ed\u00ed a zdrav\u00ed sv\u00fdch zam\u011bstnanc\u016f, n\u00e1s po\u017e\u00e1dal o vy\u0159e\u0161en\u00ed kritick\u00e9ho probl\u00e9mu v r\u00e1mci sv\u00e9ho v\u00fdrobn\u00edho procesu. <\/p>\n","protected":false},"author":4,"featured_media":81836,"comment_status":"open","ping_status":"closed","sticky":false,"template":"","format":"standard","meta":{"_acf_changed":false,"_seopress_robots_primary_cat":"none","_seopress_titles_title":"oberA P\u0159\u00edpad pou\u017eit\u00ed: \u00daprava par z odma\u0161\u0165ov\u00e1n\u00ed kov\u016f","_seopress_titles_desc":"Spole\u010dnost OberA dostala p\u0159\u00edle\u017eitost vybavit mezin\u00e1rodn\u00edho z\u00e1kazn\u00edka, kter\u00fd se specializuje na v\u00fdvoj, konstrukci, v\u00fdrobu a distribuci membr\u00e1nov\u00fdch \u010derpadel a syst\u00e9m\u016f pro plyny a kapaliny. Zjist\u011bte, jak jsme byli schopni tuto popt\u00e1vku splnit. ","_seopress_robots_index":"","footnotes":""},"categories":[310],"tags":[113],"class_list":["post-41334","post","type-post","status-publish","format-standard","has-post-thumbnail","hentry","category-nase-rady","tag-entete-male","generate-columns","tablet-grid-50","mobile-grid-100","grid-parent","grid-50","no-featured-image-padding","resize-featured-image"],"acf":[],"_links":{"self":[{"href":"https:\/\/obera.fr\/cs\/wp-json\/wp\/v2\/posts\/41334","targetHints":{"allow":["GET"]}}],"collection":[{"href":"https:\/\/obera.fr\/cs\/wp-json\/wp\/v2\/posts"}],"about":[{"href":"https:\/\/obera.fr\/cs\/wp-json\/wp\/v2\/types\/post"}],"author":[{"embeddable":true,"href":"https:\/\/obera.fr\/cs\/wp-json\/wp\/v2\/users\/4"}],"replies":[{"embeddable":true,"href":"https:\/\/obera.fr\/cs\/wp-json\/wp\/v2\/comments?post=41334"}],"version-history":[{"count":3,"href":"https:\/\/obera.fr\/cs\/wp-json\/wp\/v2\/posts\/41334\/revisions"}],"predecessor-version":[{"id":82397,"href":"https:\/\/obera.fr\/cs\/wp-json\/wp\/v2\/posts\/41334\/revisions\/82397"}],"wp:featuredmedia":[{"embeddable":true,"href":"https:\/\/obera.fr\/cs\/wp-json\/wp\/v2\/media\/81836"}],"wp:attachment":[{"href":"https:\/\/obera.fr\/cs\/wp-json\/wp\/v2\/media?parent=41334"}],"wp:term":[{"taxonomy":"category","embeddable":true,"href":"https:\/\/obera.fr\/cs\/wp-json\/wp\/v2\/categories?post=41334"},{"taxonomy":"post_tag","embeddable":true,"href":"https:\/\/obera.fr\/cs\/wp-json\/wp\/v2\/tags?post=41334"}],"curies":[{"name":"wp","href":"https:\/\/api.w.org\/{rel}","templated":true}]}}