{"id":42105,"date":"2023-05-30T14:14:28","date_gmt":"2023-05-30T12:14:28","guid":{"rendered":"https:\/\/obera.fr\/non-classifiee\/vyhody-mobilniho-odlucovace-prachu-ve-srovnani-s-pevnym-odlucovacem-prachu\/"},"modified":"2025-04-23T08:53:02","modified_gmt":"2025-04-23T06:53:02","slug":"avantages-depoussiereur-mobile-par-rapport-a-depoussiereur-fixe","status":"publish","type":"post","link":"https:\/\/obera.fr\/cs\/nase-rady\/avantages-depoussiereur-mobile-par-rapport-a-depoussiereur-fixe\/","title":{"rendered":"V\u00fdhody mobiln\u00edho odlu\u010dova\u010de prachu oproti pevn\u00e9mu odlu\u010dova\u010di prachu"},"content":{"rendered":"\n<p><strong>Pr\u016fmyslov\u00e9 \u010di\u0161t\u011bn\u00ed vzduchu<\/strong> je velkou v\u00fdzvou pro zdrav\u00ed a bezpe\u010dnost pracovn\u00edk\u016f a \u017eivotn\u00ed prost\u0159ed\u00ed. Umo\u017e\u0148uje zachycovat zne\u010di\u0161\u0165uj\u00edc\u00ed l\u00e1tky emitovan\u00e9 pr\u016fmyslov\u00fdmi stroji a procesy p\u0159\u00edmo u zdroje. Toho lze dos\u00e1hnout instalac\u00ed stacion\u00e1rn\u00edch nebo mobiln\u00edch za\u0159\u00edzen\u00ed na \u00fapravu vzduchu. V tomto \u010dl\u00e1nku se zam\u011b\u0159\u00edme na v\u00fdhody <strong>mobiln\u00edho syst\u00e9mu pr\u016fmyslov\u00e9 \u00fapravy vzduchu<\/strong> (mobiln\u00ed odlu\u010dova\u010d prachu nebo mobiln\u00ed ods\u00e1vac\u00ed jednotka).   <\/p>\n\n<h2 class=\"wp-block-heading\">Rychl\u00e9 vy\u0159\u00edzen\u00ed urgentn\u00edch po\u017eadavk\u016f<\/h2>\n\n<div class=\"wp-block-columns is-layout-flex wp-container-core-columns-is-layout-28f84493 wp-block-columns-is-layout-flex\">\n<div class=\"wp-block-column is-vertically-aligned-center is-layout-flow wp-block-column-is-layout-flow\" style=\"flex-basis:33.33%\">\n<figure class=\"wp-block-image aligncenter size-full is-resized\"><img decoding=\"async\" width=\"300\" height=\"200\" src=\"https:\/\/obera.fr\/wp-content\/uploads\/2023\/05\/1-1.png\" alt=\"1 1\" class=\"wp-image-22866\"\/><\/figure>\n<\/div>\n\n\n\n<div class=\"wp-block-column is-vertically-aligned-center is-layout-flow wp-block-column-is-layout-flow\" style=\"flex-basis:66.66%\">\n<p>Jednou z nejv\u00fdznamn\u011bj\u0161\u00edch v\u00fdhod<strong> mobiln\u00edho vzduchotechnick\u00e9ho syst\u00e9mu <\/strong>je rychlost, s jakou jej lze v p\u0159\u00edpad\u011b nouze uv\u00e9st do provozu. Mobiln\u00ed za\u0159\u00edzen\u00ed lze toti\u017e velmi rychle rozm\u00edstit na pracovi\u0161ti a reagovat na havarijn\u00ed situaci. M\u016f\u017ee se tak st\u00e1t v p\u0159\u00edpad\u011b, \u017ee dojde k poru\u0161e <strong>pevn\u00e9ho syst\u00e9mu vzduchotechniky<\/strong> nebo je t\u0159eba upravit v\u00fdrobn\u00ed procesy tak, aby bylo mo\u017en\u00e9 okam\u017eit\u011b reagovat.  <\/p>\n<\/div>\n<\/div>\n\n<h2 class=\"wp-block-heading\">N\u00edzk\u00e9 po\u0159izovac\u00ed n\u00e1klady ve srovn\u00e1n\u00ed s pevnou instalac\u00ed<\/h2>\n\n<div class=\"wp-block-columns are-vertically-aligned-center is-layout-flex wp-container-core-columns-is-layout-28f84493 wp-block-columns-is-layout-flex\">\n<div class=\"wp-block-column is-vertically-aligned-center is-layout-flow wp-block-column-is-layout-flow\" style=\"flex-basis:66.66%\">\n<p>Po\u0159izovac\u00ed n\u00e1klady na <strong>mobiln\u00ed odlu\u010dova\u010d prachu<\/strong> jsou obecn\u011b ni\u017e\u0161\u00ed ne\u017e na pevnou instalaci. Je to proto, \u017ee mobiln\u00ed instalace je typu Plug and Play a nevy\u017eaduje \u017e\u00e1dn\u00e9 stavebn\u00ed pr\u00e1ce,<strong>elektrickou instalaci <\/strong>ani slo\u017eit\u00e9 potrub\u00ed. To plat\u00ed je\u0161t\u011b v\u00edce, pokud se mobiln\u00ed za\u0159\u00edzen\u00ed pou\u017e\u00edv\u00e1 po omezenou dobu. V takov\u00e9m p\u0159\u00edpad\u011b si jej lze dokonce pronajmout nebo zakoupit za atraktivn\u011bj\u0161\u00ed cenu ne\u017e pevnou instalaci.   <\/p>\n<\/div>\n\n\n\n<div class=\"wp-block-column is-vertically-aligned-center is-layout-flow wp-block-column-is-layout-flow\" style=\"flex-basis:33.33%\">\n<figure class=\"wp-block-image aligncenter size-full is-resized\"><img decoding=\"async\" width=\"300\" height=\"200\" src=\"https:\/\/obera.fr\/wp-content\/uploads\/2023\/05\/1.png\" alt=\"Dustomat 4.24 s ramenem\" class=\"wp-image-22851\"\/><\/figure>\n<\/div>\n<\/div>\n\n<h2 class=\"wp-block-heading\">Flexibilita v p\u0159\u00edpad\u011b \u00faprav za\u0159\u00edzen\u00ed<\/h2>\n\n<div class=\"wp-block-columns are-vertically-aligned-center is-layout-flex wp-container-core-columns-is-layout-28f84493 wp-block-columns-is-layout-flex\">\n<div class=\"wp-block-column is-vertically-aligned-center is-layout-flow wp-block-column-is-layout-flow\" style=\"flex-basis:33.33%\">\n<figure class=\"wp-block-image aligncenter size-full is-resized\"><img decoding=\"async\" width=\"1200\" height=\"675\" src=\"https:\/\/obera.fr\/wp-content\/uploads\/2023\/12\/dustomat-4-poussiere_bras.jpg\" alt=\"dustomat 4 prachov&#xE9; rameno\" class=\"wp-image-26355\" style=\"aspect-ratio:1.5;width:330px;height:auto\" srcset=\"https:\/\/obera.fr\/wp-content\/uploads\/2023\/12\/dustomat-4-poussiere_bras.jpg 1200w, https:\/\/obera.fr\/wp-content\/uploads\/2023\/12\/dustomat-4-poussiere_bras-300x169.jpg 300w, https:\/\/obera.fr\/wp-content\/uploads\/2023\/12\/dustomat-4-poussiere_bras-1024x576.jpg 1024w, https:\/\/obera.fr\/wp-content\/uploads\/2023\/12\/dustomat-4-poussiere_bras-768x432.jpg 768w\" sizes=\"(max-width: 1200px) 100vw, 1200px\" \/><\/figure>\n<\/div>\n\n\n\n<div class=\"wp-block-column is-vertically-aligned-center is-layout-flow wp-block-column-is-layout-flow\" style=\"flex-basis:66.66%\">\n<p><strong>Modern\u00ed tov\u00e1rny<\/strong> se \u010dasto vyv\u00edjej\u00ed, v\u00fdrobn\u00ed za\u0159\u00edzen\u00ed se neust\u00e1le p\u0159esouvaj\u00ed a tov\u00e1rna se p\u0159estavuje podle sortimentu vyr\u00e1b\u011bn\u00fdch v\u00fdrobk\u016f. \u010casto je proto vhodn\u00e9 vybavit v\u00fdrobn\u00ed za\u0159\u00edzen\u00ed vlastn\u00edm <strong>mobiln\u00edm odlu\u010dova\u010dem prachu<\/strong>. Mobiln\u00ed odlu\u010dova\u010d prachu toti\u017e nab\u00edz\u00ed velkou flexibilitu v p\u0159\u00edpad\u011b \u00faprav z\u00e1vodu. Pokud se zm\u011bn\u00ed v\u00fdrobn\u00ed procesy, lze<strong>mobiln\u00ed za\u0159\u00edzen\u00ed<\/strong> snadno p\u0159em\u00edstit<strong>na nov\u00e9 m\u00edsto<\/strong> bez dal\u0161\u00edch n\u00e1klad\u016f. To usnad\u0148uje rychl\u00e9 p\u0159izp\u016fsoben\u00ed vzduchotechniky zm\u011bn\u00e1m v z\u00e1vod\u011b, co\u017e m\u016f\u017ee b\u00fdt <a href=\"https:\/\/obera.fr\/conseils\/reglementation-vlep-evaluation-risque-chimique-lieu-de-travail\/\">v\u00fdznamnou ekonomickou v\u00fdhodou<\/a>.    <\/p>\n<\/div>\n<\/div>\n\n<p>Na druhou stranu<strong> centr\u00e1ln\u00ed pevn\u00fd odlu\u010dova\u010d prachu <\/strong>a jeho<strong> potrubn\u00ed s\u00ed\u0165 <\/strong>rozm\u00edst\u011bn\u00e1 po cel\u00e9m z\u00e1vod\u011b m\u016f\u017ee m\u00edt smysl, pokud se v\u00fdrobn\u00ed proces p\u0159\u00edli\u0161 nem\u011bn\u00ed, ale \u00fapravy potrub\u00ed se st\u00e1vaj\u00ed n\u00e1kladn\u00fdmi a omezuj\u00edc\u00edmi, kdy\u017e se po\u017eadavky na ods\u00e1v\u00e1n\u00ed m\u011bn\u00ed. Sac\u00ed s\u00ed\u0165 je ze sv\u00e9 podstaty pevn\u00e1 a m\u016f\u017ee nas\u00e1vat pouze takov\u00fd pr\u016ftok, pro kter\u00fd byla navr\u017eena, aby byly <strong>dodr\u017eeny spr\u00e1vn\u00e9 dopravn\u00ed rychlosti<\/strong> a zachov\u00e1na dobr\u00e1 \u00fa\u010dinnost ods\u00e1v\u00e1n\u00ed. <\/p>\n\n<div class=\"wp-block-columns are-vertically-aligned-center is-layout-flex wp-container-core-columns-is-layout-ec2e7a44 wp-block-columns-is-layout-flex\" style=\"padding-top:0;padding-bottom:0\">\n<div class=\"wp-block-column is-vertically-aligned-center is-layout-flow wp-block-column-is-layout-flow\" style=\"flex-basis:66.66%\">\n<h2 class=\"wp-block-heading\">Rychlej\u0161\u00ed a levn\u011bj\u0161\u00ed \u00fadr\u017eba<\/h2>\n\n\n\n<p>Dal\u0161\u00ed d\u016fle\u017eitou v\u00fdhodou <strong>mobiln\u00edho pr\u016fmyslov\u00e9ho odlu\u010dova\u010de prachu<\/strong> je, \u017ee obecn\u011b vy\u017eaduje mnohem m\u00e9n\u011b \u00fadr\u017eby ne\u017e pevn\u00e1 instalace. Mobiln\u00ed vzduchotechnick\u00e9 syst\u00e9my jsou navr\u017eeny tak, aby je bylo mo\u017en\u00e9 <strong>snadno demontovat a p\u0159epravovat<\/strong>, co\u017e znamen\u00e1, \u017ee jejich sou\u010d\u00e1sti jsou snadno p\u0159\u00edstupn\u00e9 a lze je snadno \u010distit a udr\u017eovat mimo v\u00fdrobn\u00ed m\u00edsto. <\/p>\n\n\n\n<p>Naproti tomu<strong>pevn\u00fd vzduchotechnick\u00fd syst\u00e9m<\/strong> \u010dasto vy\u017eaduje del\u0161\u00ed a n\u00e1kladn\u011bj\u0161\u00ed \u00fadr\u017ebu, proto\u017ee komponenty jsou \u010dasto v\u011bt\u0161\u00ed a slo\u017eit\u011bj\u0161\u00ed a jsou integrov\u00e1ny do infrastruktury z\u00e1vodu. Poruchy nebo z\u00e1vady mohou v\u00e9st k n\u00e1kladn\u00fdm prostoj\u016fm a zpo\u017ed\u011bn\u00ed v\u00fdroby, co\u017e m\u016f\u017ee negativn\u011b ovlivnit<strong> ziskovost podniku<\/strong>. <\/p>\n<\/div>\n\n\n\n<div class=\"wp-block-column is-vertically-aligned-center is-layout-flow wp-block-column-is-layout-flow\" style=\"flex-basis:33.33%\">\n<figure class=\"wp-block-image aligncenter size-full is-resized\"><img decoding=\"async\" width=\"600\" height=\"600\" src=\"https:\/\/obera.fr\/wp-content\/uploads\/2023\/12\/epurbex-1000-2000.png\" alt=\"epurbex 1000 2000\" class=\"wp-image-26360\" style=\"width:277px;height:auto\" srcset=\"https:\/\/obera.fr\/wp-content\/uploads\/2023\/12\/epurbex-1000-2000.png 600w, https:\/\/obera.fr\/wp-content\/uploads\/2023\/12\/epurbex-1000-2000-300x300.png 300w, https:\/\/obera.fr\/wp-content\/uploads\/2023\/12\/epurbex-1000-2000-150x150.png 150w\" sizes=\"(max-width: 600px) 100vw, 600px\" \/><\/figure>\n<\/div>\n<\/div>\n\n<p>Nav\u00edc porucha <strong>pevn\u00e9ho centr\u00e1ln\u00edho odlu\u010dova\u010de prachu<\/strong> zastav\u00ed cel\u00fd provoz, zat\u00edmco porucha mobiln\u00edho odlu\u010dova\u010de prachu zastav\u00ed vys\u00e1van\u00e9 m\u00e9dium. Je snadn\u00e9 m\u00edt <strong>pohotovostn\u00ed mobiln\u00ed odlu\u010dova\u010d prachu <\/strong>, kter\u00fd rychle nahrad\u00ed jednu z porouchan\u00fdch jednotek v z\u00e1vod\u011b. To je samoz\u0159ejm\u011b nemo\u017en\u00e9, pokud je za\u0159\u00edzen\u00ed vybaveno pevn\u00fdm centr\u00e1ln\u00edm odlu\u010dova\u010dem prachu.  <\/p>\n\n<h2 class=\"wp-block-heading\">Mobilita v p\u0159\u00edpad\u011b mobiln\u00edho zdroje emis\u00ed zne\u010di\u0161\u0165uj\u00edc\u00edch l\u00e1tek nebo pot\u0159eby mobiln\u00edho pracovi\u0161t\u011b.<\/h2>\n\n<div class=\"wp-block-columns are-vertically-aligned-center is-layout-flex wp-container-core-columns-is-layout-28f84493 wp-block-columns-is-layout-flex\">\n<div class=\"wp-block-column is-vertically-aligned-center is-layout-flow wp-block-column-is-layout-flow\" style=\"flex-basis:33.33%\">\n<figure class=\"wp-block-image aligncenter size-full\"><img decoding=\"async\" width=\"300\" height=\"200\" src=\"https:\/\/obera.fr\/wp-content\/uploads\/2023\/05\/4.png\" alt=\"Vacumat s ramenem\" class=\"wp-image-22872\"\/><\/figure>\n<\/div>\n\n\n\n<div class=\"wp-block-column is-vertically-aligned-center is-layout-flow wp-block-column-is-layout-flow\" style=\"flex-basis:66.66%\">\n<p><strong>Mobiln\u00ed jednotka pro pr\u016fmyslovou \u00fapravu vzduchu<\/strong> je vysoce mobiln\u00ed. Lze ji snadno p\u0159emis\u0165ovat po pracovi\u0161ti a upravovat tak zne\u010di\u0161\u0165uj\u00edc\u00ed l\u00e1tky emitovan\u00e9 mobiln\u00edm zdrojem. Lze ji tak\u00e9 pou\u017e\u00edt jako <strong>mobiln\u00ed pracovi\u0161t\u011b <\/strong>pro zam\u011bstnance pracuj\u00edc\u00ed ve zne\u010di\u0161t\u011bn\u00e9m prost\u0159ed\u00ed na cest\u00e1ch. V takov\u00e9m p\u0159\u00edpad\u011b lze mobiln\u00ed za\u0159\u00edzen\u00ed um\u00edstit v bl\u00edzkosti jejich pracovi\u0161t\u011b a \u010distit vzduch, kter\u00fd d\u00fdchaj\u00ed, a zlep\u0161it jejich pracovn\u00ed podm\u00ednky.   <\/p>\n\n\n\n<p>Z\u00e1v\u011brem lze \u0159\u00edci, \u017ee <strong>mobiln\u00ed pr\u016fmyslov\u00e9 vzduchotechnick\u00e9 syst\u00e9my<\/strong> maj\u00ed oproti pevn\u00fdm instalac\u00edm mnoho v\u00fdhod. Mohou rychle reagovat na nal\u00e9hav\u00e9 pot\u0159eby, jsou ekonomi\u010dt\u011bj\u0161\u00ed na po\u0159\u00edzen\u00ed a \u00fadr\u017ebu, nab\u00edzej\u00ed <strong>velkou flexibilitu<\/strong>, pokud je t\u0159eba za\u0159\u00edzen\u00ed upravit, a jsou mobiln\u00ed, aby spl\u0148ovaly <a href=\"https:\/\/obera.fr\/conseils\/solutions-pour-traiter-poussiere\/\">specifick\u00e9 po\u017eadavky na \u00fapravu vzduchu<\/a>. <\/p>\n<\/div>\n<\/div>\n\n<p>Ze v\u0161ech t\u011bchto d\u016fvod\u016f m\u016f\u017ee b\u00fdt<strong>pou\u017eit\u00ed mobiln\u00edch vzduchotechnick\u00fdch syst\u00e9m\u016f<\/strong> \u00fa\u010dinn\u00fdm \u0159e\u0161en\u00edm pro uspokojen\u00ed pot\u0159eb v oblasti odstra\u0148ov\u00e1n\u00ed, ods\u00e1v\u00e1n\u00ed a filtrace prachu v pr\u016fmyslov\u00e9m prost\u0159ed\u00ed.<\/p>\n\n<div class=\"wp-block-columns is-layout-flex wp-container-core-columns-is-layout-28f84493 wp-block-columns-is-layout-flex\">\n<div class=\"wp-block-column is-vertically-aligned-center is-layout-flow wp-block-column-is-layout-flow\">\n<div class=\"wp-block-buttons is-content-justification-center is-layout-flex wp-container-core-buttons-is-layout-a89b3969 wp-block-buttons-is-layout-flex\">\n<div class=\"wp-block-button\"><a class=\"wp-block-button__link wp-element-button\" href=\"https:\/\/obera.fr\/produits\/depoussiereurs-industriels\/mobiles\/\">Pod\u00edvejte se na na\u0161e mobiln\u00ed odlu\u010dova\u010de prachu<\/a><\/div>\n<\/div>\n<\/div>\n\n\n\n<div class=\"wp-block-column is-vertically-aligned-center is-layout-flow wp-block-column-is-layout-flow\">\n<div class=\"wp-block-buttons is-horizontal is-content-justification-center is-layout-flex wp-container-core-buttons-is-layout-03627597 wp-block-buttons-is-layout-flex\">\n<div class=\"wp-block-button has-custom-width wp-block-button__width-100\"><a class=\"wp-block-button__link wp-element-button\" href=\"https:\/\/obera.fr\/cs\/kontaktujte-nas\/\">Zjist\u011bte v\u00edce<\/a><\/div>\n<\/div>\n<\/div>\n<\/div>\n","protected":false},"excerpt":{"rendered":"<p>Pr\u016fmyslov\u00e9 \u010di\u0161t\u011bn\u00ed vzduchu je v\u00fdznamn\u00fdm probl\u00e9mem pro zdrav\u00ed a bezpe\u010dnost pracovn\u00edk\u016f a \u017eivotn\u00ed prost\u0159ed\u00ed. Toho lze dos\u00e1hnout instalac\u00ed pevn\u00e9ho nebo mobiln\u00edho odlu\u010dova\u010de prachu. V tomto \u010dl\u00e1nku se zam\u011b\u0159\u00edme na v\u00fdhody mobiln\u00edho syst\u00e9mu pr\u016fmyslov\u00e9 \u00fapravy vzduchu.  <\/p>\n","protected":false},"author":4,"featured_media":85193,"comment_status":"open","ping_status":"closed","sticky":false,"template":"","format":"standard","meta":{"_acf_changed":false,"_seopress_robots_primary_cat":"none","_seopress_titles_title":"V\u00fdhody mobiln\u00edho odlu\u010dova\u010de prachu oproti tradi\u010dn\u00edmu odlu\u010dova\u010di prachu","_seopress_titles_desc":"Pr\u016fmyslov\u00e9 \u010di\u0161t\u011bn\u00ed vzduchu je v\u00fdznamn\u00fdm probl\u00e9mem pro zdrav\u00ed a bezpe\u010dnost pracovn\u00edk\u016f a \u017eivotn\u00ed prost\u0159ed\u00ed. Objevte v\u00fdhody mobiln\u00edho odlu\u010dova\u010de prachu. ","_seopress_robots_index":"","footnotes":""},"categories":[310],"tags":[113],"class_list":["post-42105","post","type-post","status-publish","format-standard","has-post-thumbnail","hentry","category-nase-rady","tag-entete-male","generate-columns","tablet-grid-50","mobile-grid-100","grid-parent","grid-50","no-featured-image-padding","resize-featured-image"],"acf":[],"_links":{"self":[{"href":"https:\/\/obera.fr\/cs\/wp-json\/wp\/v2\/posts\/42105","targetHints":{"allow":["GET"]}}],"collection":[{"href":"https:\/\/obera.fr\/cs\/wp-json\/wp\/v2\/posts"}],"about":[{"href":"https:\/\/obera.fr\/cs\/wp-json\/wp\/v2\/types\/post"}],"author":[{"embeddable":true,"href":"https:\/\/obera.fr\/cs\/wp-json\/wp\/v2\/users\/4"}],"replies":[{"embeddable":true,"href":"https:\/\/obera.fr\/cs\/wp-json\/wp\/v2\/comments?post=42105"}],"version-history":[{"count":3,"href":"https:\/\/obera.fr\/cs\/wp-json\/wp\/v2\/posts\/42105\/revisions"}],"predecessor-version":[{"id":85416,"href":"https:\/\/obera.fr\/cs\/wp-json\/wp\/v2\/posts\/42105\/revisions\/85416"}],"wp:featuredmedia":[{"embeddable":true,"href":"https:\/\/obera.fr\/cs\/wp-json\/wp\/v2\/media\/85193"}],"wp:attachment":[{"href":"https:\/\/obera.fr\/cs\/wp-json\/wp\/v2\/media?parent=42105"}],"wp:term":[{"taxonomy":"category","embeddable":true,"href":"https:\/\/obera.fr\/cs\/wp-json\/wp\/v2\/categories?post=42105"},{"taxonomy":"post_tag","embeddable":true,"href":"https:\/\/obera.fr\/cs\/wp-json\/wp\/v2\/tags?post=42105"}],"curies":[{"name":"wp","href":"https:\/\/api.w.org\/{rel}","templated":true}]}}