{"id":42524,"date":"2023-04-18T10:18:21","date_gmt":"2023-04-18T08:18:21","guid":{"rendered":"https:\/\/obera.fr\/non-classifiee\/jake-jsou-vyhody-adiabatickeho-chlazeni\/"},"modified":"2025-04-23T08:53:36","modified_gmt":"2025-04-23T06:53:36","slug":"les-avantages-du-rafraichissement-adiabatique-dominent-largement-ses-inconvenients","status":"publish","type":"post","link":"https:\/\/obera.fr\/cs\/nase-rady\/les-avantages-du-rafraichissement-adiabatique-dominent-largement-ses-inconvenients\/","title":{"rendered":"V\u00fdhody chladi\u010d\u016f vzduchu pro profesion\u00e1ly a pr\u016fmysl"},"content":{"rendered":"\n<div class=\"wp-block-columns is-layout-flex wp-container-core-columns-is-layout-28f84493 wp-block-columns-is-layout-flex\">\n<div class=\"wp-block-column is-layout-flow wp-block-column-is-layout-flow\" style=\"flex-basis:50%\">\n<p>V pr\u016fmyslov\u00e9m prost\u0159ed\u00ed vytv\u00e1\u0159\u00ed mnoho za\u0159\u00edzen\u00ed, jako jsou pece, pece nebo vst\u0159ikovac\u00ed stroje, intenzivn\u00ed teplo, kter\u00e9 m\u016f\u017ee ovlivnit kvalitu vnit\u0159n\u00edho ovzdu\u0161\u00ed, pohodl\u00ed obsluhy, produktivitu t\u00fdm\u016f, a dokonce i <strong>kvalitu vyr\u00e1b\u011bn\u00fdch v\u00fdrobk\u016f<\/strong>. Tv\u00e1\u0159\u00ed v tv\u00e1\u0159 t\u011bmto v\u00fdzv\u00e1m je pr\u016fmyslov\u00fd chladi\u010d vzduchu nebo <a href=\"https:\/\/obera.fr\/cs\/produits\/rafraichisseurs-air\/\">adiabatick\u00fd chladi\u010d<\/a> ide\u00e1ln\u00edm \u0159e\u0161en\u00edm pro chlazen\u00ed velk\u00fdch prostor.   <\/p>\n\n\n\n<p>Tato mobiln\u00ed, energeticky \u00fa\u010dinn\u00e1 jednotka se snadnou instalac\u00ed a \u00fadr\u017ebou a dostupn\u00e1 za p\u0159ijatelnou cenu nab\u00edz\u00ed mnoho v\u00fdhod pro<strong> efektivn\u00ed chlazen\u00ed d\u00edlen<\/strong>, sklad\u016f, tov\u00e1ren nebo velk\u00fdch pr\u016fmyslov\u00fdch prostor. Ale zn\u00e1te skute\u010dn\u011b v\u0161echny jej\u00ed v\u00fdhody? <\/p>\n<\/div>\n\n\n\n<div class=\"wp-block-column is-layout-flow wp-block-column-is-layout-flow\" style=\"flex-basis:50%\">\n<figure class=\"wp-block-embed is-type-video is-provider-youtube wp-block-embed-youtube wp-embed-aspect-16-9 wp-has-aspect-ratio\"><div class=\"wp-block-embed__wrapper\">\n<iframe title=\"Rafraichisseur d&#039;air - Gamme IC - OberA\" width=\"1200\" height=\"675\" src=\"https:\/\/www.youtube.com\/embed\/NG-Ssy2oM70?feature=oembed\" frameborder=\"0\" allow=\"accelerometer; autoplay; clipboard-write; encrypted-media; gyroscope; picture-in-picture; web-share\" referrerpolicy=\"strict-origin-when-cross-origin\" allowfullscreen><\/iframe>\n<\/div><\/figure>\n<\/div>\n<\/div>\n\n<h2 class=\"wp-block-heading\">Jak funguje pr\u016fmyslov\u00fd chladi\u010d vzduchu<\/h2>\n\n<h3 class=\"wp-block-heading\">Jak funguj\u00ed osv\u011b\u017eova\u010de vzduchu na pracovi\u0161ti?<\/h3>\n\n<p>Chladi\u010d vzduchu funguje na <strong>principu odpa\u0159ovac\u00edho chlazen\u00ed<\/strong>. Prakticky \u0159e\u010deno, syst\u00e9m nas\u00e1v\u00e1 hork\u00fd such\u00fd vzduch pomoc\u00ed ventil\u00e1toru. Vzduch pak proch\u00e1z\u00ed m\u00e9diem nas\u00e1kl\u00fdm vodou ze z\u00e1sobn\u00edku jednotky, \u010d\u00edm\u017e se zvlh\u010duje. Kdy\u017e se hork\u00fd vzduch dostane do kontaktu s t\u00edmto vlhk\u00fdm m\u00e9diem, \u010d\u00e1st vody se odpa\u0159\u00ed. Odpa\u0159ov\u00e1n\u00ed vody vy\u017eaduje energii, kter\u00e1 p\u0159eru\u0161\u00ed vod\u00edkov\u00e9 vazby mezi molekulami vody. Tato energie se odeb\u00edr\u00e1 hork\u00e9mu vzduchu, \u010d\u00edm\u017e se sni\u017euje jeho teplota. \u010c\u00edm vy\u0161\u0161\u00ed je okoln\u00ed teplota, t\u00edm <strong>v\u011bt\u0161\u00ed je sn\u00ed\u017een\u00ed z\u00edskan\u00e9ho tepla,<\/strong> proto\u017ee teplej\u0161\u00ed vzduch podporuje odpa\u0159ov\u00e1n\u00ed, \u010d\u00edm\u017e se zvy\u0161uje energetick\u00e1 \u00fa\u010dinnost chladi\u010de. Na rozd\u00edl od klimatizace nab\u00edz\u00ed adiabatick\u00fd chladi\u010d \u00fasporn\u00e9 a vysoce \u00fa\u010dinn\u00e9 \u0159e\u0161en\u00ed chlazen\u00ed vzduchu, zejm\u00e9na v hork\u00e9m a such\u00e9m prost\u0159ed\u00ed. Hod\u00ed se zejm\u00e9na do velk\u00fdch, otev\u0159en\u00fdch, dob\u0159e v\u011btran\u00fdch prostor a tak\u00e9 do pr\u016fmyslov\u00fdch odv\u011btv\u00ed, kde je vysok\u00e1 produkce tepla.        <\/p>\n\n<figure class=\"wp-block-image aligncenter size-full is-resized\"><img decoding=\"async\" width=\"1000\" height=\"800\" src=\"https:\/\/obera.fr\/wp-content\/uploads\/2023\/04\/rafraichissement-dun-batiment.png\" alt=\"osv&#x11B;&#x17E;en&#xED; budovy\" class=\"wp-image-20884\" style=\"width:740px;height:auto\" srcset=\"https:\/\/obera.fr\/wp-content\/uploads\/2023\/04\/rafraichissement-dun-batiment.png 1000w, https:\/\/obera.fr\/wp-content\/uploads\/2023\/04\/rafraichissement-dun-batiment-300x240.png 300w, https:\/\/obera.fr\/wp-content\/uploads\/2023\/04\/rafraichissement-dun-batiment-768x614.png 768w\" sizes=\"(max-width: 1000px) 100vw, 1000px\" \/><\/figure>\n\n<h3 class=\"wp-block-heading\">Chladi\u010d vzduchu, klimatizace, pr\u016fmyslov\u00fd ventil\u00e1tor&#8230; jak\u00e9 jsou mezi nimi rozd\u00edly?<\/h3>\n\n<p>Ventil\u00e1tor pouze rozv\u00ed\u0159\u00ed vzduch v m\u00edstnosti, ani\u017e by zm\u011bnil jeho teplotu. Jeho \u010dist\u011b mechanick\u00e9 p\u016fsoben\u00ed vytv\u00e1\u0159\u00ed proud\u011bn\u00ed vzduchu, kter\u00e9 zlep\u0161uje pocit sv\u011b\u017eesti t\u00edm, \u017ee <strong>urychluje odpa\u0159ov\u00e1n\u00ed potu z poko\u017eky<\/strong>. Nem\u00e1 tedy \u017e\u00e1dn\u00fd vliv na teplo nebo vlhkost vzduchu v m\u00edstnosti, co\u017e omezuje jeho \u00fa\u010dinnost v pr\u016fmyslov\u00e9m prost\u0159ed\u00ed, kde je intenzivn\u00ed horko a stagnuj\u00edc\u00ed vzduch.  <\/p>\n\n<p>Pr\u016fmyslov\u00e9 klimatizace vy\u017eaduj\u00ed pou\u017eit\u00ed chladiv, kter\u00e1 mohou m\u00edt vliv na \u017eivotn\u00ed prost\u0159ed\u00ed a <strong>spot\u0159ebov\u00e1vaj\u00ed velk\u00e9 mno\u017estv\u00ed energie,<\/strong> zejm\u00e9na p\u0159i vy\u0161\u0161\u00edch venkovn\u00edch teplot\u00e1ch. Klimatizace nav\u00edc vysu\u0161uje vzduch a m\u016f\u017ee zp\u016fsobovat &#8222;chladov\u00fd&#8220; efekt. P\u0159esto\u017ee je klimatiza\u010dn\u00ed syst\u00e9m schopen udr\u017eovat p\u0159esnou teplotu, nen\u00ed vhodn\u00fd pro velk\u00e9 pr\u016fmyslov\u00e9 prostory kv\u016fli vysok\u00e9 energetick\u00e9 n\u00e1ro\u010dnosti.  <\/p>\n\n<p>Naproti tomu <strong>chladi\u010de vzduchu<\/strong> jsou jednoduch\u00e9 a \u00fasporn\u00e9 na provoz. Jsou zalo\u017eeny na principu adiabatick\u00e9ho chlazen\u00ed odpa\u0159ov\u00e1n\u00edm vody a nepou\u017e\u00edvaj\u00ed kompresor ani chemick\u00e9 chladivo, co\u017e v\u00fdrazn\u011b sni\u017euje spot\u0159ebu energie. Chladi\u010d je \u00fa\u010dinn\u00fd zejm\u00e9na v hork\u00e9m a such\u00e9m prost\u0159ed\u00ed, kde<strong>je odpa\u0159ov\u00e1n\u00ed optimalizov\u00e1no<\/strong>, a nab\u00edz\u00ed vysokou energetickou \u00fa\u010dinnost, co\u017e z n\u011bj \u010din\u00ed ide\u00e1ln\u00ed \u0159e\u0161en\u00ed pro chlazen\u00ed velk\u00fdch pr\u016fmyslov\u00fdch prostor a otev\u0159en\u00fdch ploch.  <\/p>\n\n<h2 class=\"wp-block-heading\">Hlavn\u00ed v\u00fdhody chladi\u010d\u016f vzduchu pro profesion\u00e1ly<\/h2>\n\n<figure class=\"wp-block-image aligncenter size-large is-resized\"><img decoding=\"async\" width=\"1024\" height=\"1024\" src=\"https:\/\/obera.fr\/wp-content\/uploads\/2025\/01\/image-avantages-1024x1024.jpg\" alt=\"v&#xFD;hody obr&#xE1;zku\" class=\"wp-image-57732\" style=\"width:106px;height:auto\" srcset=\"https:\/\/obera.fr\/wp-content\/uploads\/2025\/01\/image-avantages-1024x1024.jpg 1024w, https:\/\/obera.fr\/wp-content\/uploads\/2025\/01\/image-avantages-300x300.jpg 300w, https:\/\/obera.fr\/wp-content\/uploads\/2025\/01\/image-avantages-150x150.jpg 150w, https:\/\/obera.fr\/wp-content\/uploads\/2025\/01\/image-avantages-768x768.jpg 768w, https:\/\/obera.fr\/wp-content\/uploads\/2025\/01\/image-avantages-400x400.jpg 400w, https:\/\/obera.fr\/wp-content\/uploads\/2025\/01\/image-avantages-600x600.jpg 600w, https:\/\/obera.fr\/wp-content\/uploads\/2025\/01\/image-avantages.jpg 1200w\" sizes=\"(max-width: 1024px) 100vw, 1024px\" \/><\/figure>\n\n<h3 class=\"wp-block-heading\">Sn\u00ed\u017een\u00ed spot\u0159eby energie a provozn\u00edch n\u00e1klad\u016f<\/h3>\n\n<p><strong>Chladi\u010d vzduchu spot\u0159ebov\u00e1v\u00e1 pouze elekt\u0159inu<\/strong> pot\u0159ebnou k cirkulaci vzduchu a vody, co\u017e v\u00fdrazn\u011b sni\u017euje \u00fa\u010dty za elekt\u0159inu ve srovn\u00e1n\u00ed s klimatizac\u00ed. Proto\u017ee nevy\u017eaduje \u017e\u00e1dn\u00e9 chladivo, pracuje energeticky \u00fasporn\u011b, co\u017e <strong>minimalizuje jeho dopad na \u017eivotn\u00ed prost\u0159ed\u00ed<\/strong>, a p\u0159edstavuje tak ekologi\u010dt\u011bj\u0161\u00ed a \u0161etrn\u011bj\u0161\u00ed alternativu. <\/p>\n\n<p>\u00dadr\u017eba je tak\u00e9 jednodu\u0161\u0161\u00ed, proto\u017ee adiabatick\u00fd chladi\u010d nevy\u017eaduje z\u00e1sah certifikovan\u00e9ho odborn\u00edka, jako je tomu u klimatizace. Nav\u00edc jsou denn\u00ed n\u00e1klady na provoz adiabatick\u00e9ho chladi\u010de velmi n\u00edzk\u00e9, \u010dasto jen n\u011bkolik des\u00edtek cent\u016f na m\u00edstnost o rozloze 250 m\u00b2, co\u017e je mnohem m\u00e9n\u011b ne\u017e u klimatizace.<strong>Instalace je rovn\u011b\u017e levn\u011bj\u0161\u00ed<\/strong> a \u00fadr\u017eba se omezuje na pravideln\u00e9 \u010di\u0161t\u011bn\u00ed n\u00e1dr\u017ee a filtru a ka\u017edoro\u010dn\u00ed servis ostatn\u00edch komponent. T\u00edm se v\u00fdrazn\u011b sni\u017euj\u00ed n\u00e1klady na \u00fadr\u017ebu, kter\u00e9 jsou p\u0159ibli\u017en\u011b desetkr\u00e1t ni\u017e\u0161\u00ed ne\u017e u tradi\u010dn\u00edch klimatiza\u010dn\u00edch za\u0159\u00edzen\u00ed.   <\/p>\n\n<p>Stru\u010dn\u011b \u0159e\u010deno, adiabatick\u00fd chladi\u010d vzduchu nab\u00edz\u00ed n\u00edzkou spot\u0159ebu energie, zanedbateln\u00e9 <strong>denn\u00ed provozn\u00ed n\u00e1klady <\/strong>a n\u00edzk\u00e9 n\u00e1klady na instalaci a \u00fadr\u017ebu. Je to ekologick\u00e1 alternativa s n\u00edzkou spot\u0159ebou energie, minim\u00e1ln\u00ed uhl\u00edkovou stopou a p\u0159ijatelnou po\u0159izovac\u00ed cenou. <\/p>\n\n<h3 class=\"wp-block-heading\">Zlep\u0161en\u00ed pracovn\u00edch podm\u00ednek a produktivity<\/h3>\n\n<p>Sn\u00ed\u017een\u00edm teploty a zv\u00fd\u0161en\u00edm relativn\u00ed vlhkosti vzduchu v d\u00edln\u00e1ch pom\u00e1haj\u00ed<strong> pr\u016fmyslov\u00e9 chladi\u010de<\/strong> bojovat proti tepeln\u00e9mu stresu, kter\u00fd se projevuje p\u0159i teplot\u00e1ch nad 24-26 \u00b0C a jeho\u017e \u00fa\u010dinky jsou je\u0161t\u011b v\u00fdrazn\u011bj\u0161\u00ed p\u0159i teplot\u00e1ch nad 33-34 \u00b0C, kdy doch\u00e1z\u00ed k poklesu produktivity a\u017e o 50 %. Rozptylov\u00e1n\u00edm chladn\u00e9ho a vlhk\u00e9ho vzduchu do m\u00edstnosti poskytuj\u00ed osv\u011b\u017eova\u010de vzduchu v\u011bt\u0161\u00ed tepeln\u00fd komfort a sni\u017euj\u00ed pocit nepohody. <\/p>\n\n<p><strong>Chladi\u010de jsou nav\u00edc vybaveny filtrem, kter\u00fd zachycuje prach a zne\u010di\u0161\u0165uj\u00edc\u00ed l\u00e1tky<\/strong> a zaji\u0161\u0165uje \u010dist\u00fd a hygienick\u00fd vzduch v m\u00edstnosti. Jejich n\u00edzk\u00e1 hladina hluku, o 10 dB ni\u017e\u0161\u00ed ne\u017e u klimatizac\u00ed, p\u0159isp\u00edv\u00e1 k p\u0159\u00edjemn\u011bj\u0161\u00edmu pracovn\u00edmu prost\u0159ed\u00ed, kter\u00e9 je v souladu s regula\u010dn\u00edmi normami z hlediska pracovn\u00edch podm\u00ednek. Tento zv\u00fd\u0161en\u00fd komfort se projevuje v men\u0161\u00edm po\u010dtu pracovn\u00edch p\u0159est\u00e1vek a <strong>vy\u0161\u0161\u00ed produktivit\u011b zam\u011bstnanc\u016f<\/strong>.  <\/p>\n\n<h3 class=\"wp-block-heading\">Univerz\u00e1ln\u00ed za\u0159\u00edzen\u00ed pro pou\u017eit\u00ed v d\u00edln\u00e1ch, skladech a kancel\u00e1\u0159\u00edch<\/h3>\n\n<p><strong> Chladi\u010d vzduchu je univerz\u00e1ln\u00ed, <\/strong>tak\u017ee jej lze pou\u017e\u00edt v r\u016fzn\u00fdch prostor\u00e1ch, jako jsou pr\u016fmyslov\u00e9 d\u00edlny, sklady, kancel\u00e1\u0159e nebo dokonce komer\u010dn\u00ed prostory. Dokonale se hod\u00ed do r\u016fzn\u00fdch prostorov\u00fdch konfigurac\u00ed, od otev\u0159en\u00fdch prostor a m\u00edstnost\u00ed se specifick\u00fdm uspo\u0159\u00e1d\u00e1n\u00edm a\u017e po prost\u0159ed\u00ed, kde je intenzivn\u00ed teplo. D\u00edky r\u016fzn\u00fdm model\u016fm (dvoustup\u0148ov\u00e9 chlazen\u00ed, p\u0159\u00edm\u00e9, reverzibiln\u00ed atd.), mobiln\u00edm nebo pevn\u00fdm, nab\u00edz\u00ed chladi\u010d vzduchu<strong> \u0159e\u0161en\u00ed chlazen\u00ed <\/strong>na m\u00edru.  <\/p>\n\n<h2 class=\"wp-block-heading\">Limity, kter\u00e9 je t\u0159eba zohlednit v pr\u016fmyslov\u00e9m prost\u0159ed\u00ed<\/h2>\n\n<h3 class=\"wp-block-heading\">P\u0159izp\u016fsoben\u00ed klimatick\u00fdm podm\u00ednk\u00e1m<\/h3>\n\n<p>Chladi\u010de vzduchu jsou obzvl\u00e1\u0161t\u011b \u00fa\u010dinn\u00e9 v hork\u00e9m a such\u00e9m prost\u0159ed\u00ed. Jejich v\u00fdkonnost v\u0161ak m\u016f\u017ee b\u00fdt sn\u00ed\u017eena v podm\u00ednk\u00e1ch vysok\u00e9 vlhkosti, proto\u017ee vodou nasycen\u00fd vzduch omezuje odpa\u0159ov\u00e1n\u00ed pot\u0159ebn\u00e9 pro chlazen\u00ed. V d\u016fsledku toho nejsou vhodn\u00e9 pro prost\u0159ed\u00ed s vysokou vlhkost\u00ed.  <\/p>\n\n<p><strong> Chladi\u010de vzduchu<\/strong> nav\u00edc neumo\u017e\u0148uj\u00ed p\u0159esnou regulaci teploty. A\u010dkoli mohou sn\u00ed\u017eit teplotu vzduchu o 5 a\u017e 11 \u00b0C v z\u00e1vislosti na velikosti za\u0159\u00edzen\u00ed a venkovn\u00edch podm\u00ednk\u00e1ch, nemohou udr\u017eovat konstantn\u00ed teplotu v uzav\u0159en\u00e9m prostoru. Na rozd\u00edl od klimatiza\u010dn\u00edch jednotek, kter\u00e9 nab\u00edzej\u00ed stabiln\u00ed a p\u0159esnou regulaci, v\u0161ak maj\u00ed chladi\u010de vzduchu tu v\u00fdhodu, \u017ee jsou cenov\u011b dostupn\u011bj\u0161\u00ed, <strong>zejm\u00e9na pro velk\u00e9 objemy a otev\u0159en\u00e9 prostory<\/strong>, kde m\u016f\u017ee b\u00fdt instalace klimatiza\u010dn\u00ed jednotky technicky nebo ekonomicky nemo\u017en\u00e1.  <\/p>\n\n<h3 class=\"wp-block-heading\">\u00dadr\u017eba a \u017eivotnost intenzivn\u011b pou\u017e\u00edvan\u00e9ho za\u0159\u00edzen\u00ed<\/h3>\n\n<p>V pr\u016fmyslov\u00e9m prost\u0159ed\u00ed je \u00fadr\u017eba chladi\u010d\u016f vzduchu v porovn\u00e1n\u00ed s <strong>klimatizac\u00ed<\/strong> pom\u011brn\u011b jednoduch\u00e1 a levn\u00e1. Pokud jsou intenzivn\u011b pou\u017e\u00edv\u00e1ny, je nutn\u00e1 pravideln\u00e1 \u00fadr\u017eba, kter\u00e1 zajist\u00ed jejich spr\u00e1vnou funkci, zejm\u00e9na kontrola spr\u00e1vn\u00e9ho fungov\u00e1n\u00ed odpa\u0159ovac\u00edch syst\u00e9m\u016f. Filtry by se m\u011bly pravideln\u011b \u010distit a vodn\u00ed n\u00e1dr\u017ee by se m\u011bly kontrolovat, aby se zabr\u00e1nilo tvorb\u011b pl\u00edsn\u00ed nebo usazenin. D\u00edky<strong>absenci kompresor\u016f a chladiv<\/strong> jsou tyto spot\u0159ebi\u010de m\u00e9n\u011b n\u00e1chyln\u00e9 ke slo\u017eit\u00fdm poruch\u00e1m. Nicm\u00e9n\u011b nedostate\u010dn\u00e1 \u00fadr\u017eba by mohla sn\u00ed\u017eit jejich \u017eivotnost a v\u00fdkon.    <\/p>\n\n<h2 class=\"wp-block-heading\">Jak vybrat odpa\u0159ovac\u00ed chladi\u010d pro profesion\u00e1ln\u00ed pou\u017eit\u00ed?<\/h2>\n\n<figure class=\"wp-block-image aligncenter size-large is-resized\"><img decoding=\"async\" width=\"1024\" height=\"1024\" src=\"https:\/\/obera.fr\/wp-content\/uploads\/2025\/01\/image-choix-1024x1024.jpg\" alt=\"v&#xFD;b&#x11B;r obr&#xE1;zku\" class=\"wp-image-57754\" style=\"width:114px;height:auto\" srcset=\"https:\/\/obera.fr\/wp-content\/uploads\/2025\/01\/image-choix-1024x1024.jpg 1024w, https:\/\/obera.fr\/wp-content\/uploads\/2025\/01\/image-choix-300x300.jpg 300w, https:\/\/obera.fr\/wp-content\/uploads\/2025\/01\/image-choix-150x150.jpg 150w, https:\/\/obera.fr\/wp-content\/uploads\/2025\/01\/image-choix-768x768.jpg 768w, https:\/\/obera.fr\/wp-content\/uploads\/2025\/01\/image-choix-400x400.jpg 400w, https:\/\/obera.fr\/wp-content\/uploads\/2025\/01\/image-choix-600x600.jpg 600w, https:\/\/obera.fr\/wp-content\/uploads\/2025\/01\/image-choix.jpg 1200w\" sizes=\"(max-width: 1024px) 100vw, 1024px\" \/><\/figure>\n\n<h3 class=\"wp-block-heading\">Objem upravovan\u00e9ho vzduchu a pot\u0159ebn\u00fd v\u00fdkon<\/h3>\n\n<p><strong>V\u00fdb\u011br chladi\u010de vzduchu <\/strong>z\u00e1vis\u00ed p\u0159edev\u0161\u00edm na konkr\u00e9tn\u00edch po\u017eadavc\u00edch na chlazen\u00ed pracovn\u00edho prost\u0159ed\u00ed a na plo\u0161e d\u00edlny nebo v\u00fdrobn\u00edho prostoru. \u010c\u00edm vy\u0161\u0161\u00ed je okoln\u00ed teplota a \u010d\u00edm v\u011bt\u0161\u00ed je o\u0161et\u0159ovan\u00e1 plocha, t\u00edm v\u011bt\u0161\u00ed je pr\u016ftok vzduchu a v\u00fdkon chladi\u010de pot\u0159ebn\u00fd k tomu, aby byl \u00fa\u010dinn\u00fd. <\/p>\n\n<p>Spole\u010dnost Obera nab\u00edz\u00ed modely<strong> ochlazova\u010d\u016f vzduchu p\u0159izp\u016fsoben\u00e9 r\u016fzn\u00fdm typ\u016fm pot\u0159eb<\/strong>, p\u0159i\u010dem\u017e jednotky jsou schopny o\u0161et\u0159it prostory o rozloze od 80 do 400 m\u00b2 v z\u00e1vislosti na zvolen\u00e9m v\u00fdkonu. Je tak\u00e9 mo\u017en\u00e9 kombinovat n\u011bkolik jednotek a pokr\u00fdt tak je\u0161t\u011b v\u011bt\u0161\u00ed prostory, co\u017e nab\u00edz\u00ed flexibiln\u00ed mo\u017enost, kterou lze modernizovat podle toho, jak se m\u011bn\u00ed po\u017eadavky na chlazen\u00ed. <\/p>\n\n<h3 class=\"wp-block-heading\">Mobilita a slu\u010ditelnost s pr\u016fmyslov\u00fdmi oblastmi<\/h3>\n\n<p>Dal\u0161\u00edm krit\u00e9riem, kter\u00e9 je t\u0159eba vz\u00edt v \u00favahu, je mobilita chladi\u010de, zejm\u00e9na pokud je vy\u017eadov\u00e1no <strong>lok\u00e1ln\u00ed chlazen\u00ed<\/strong> v ur\u010dit\u00fdch pracovn\u00edch oblastech. Mobiln\u00ed modely vybaven\u00e9 kole\u010dky umo\u017e\u0148uj\u00ed snadn\u00e9 p\u0159emis\u0165ov\u00e1n\u00ed spot\u0159ebi\u010de po m\u00edstnosti a rychlou reakci na nal\u00e9hav\u00e9 nebo jednor\u00e1zov\u00e9 po\u017eadavky na chlazen\u00ed. Tato flexibilita je velkou v\u00fdhodou na<strong> atypick\u00fdch<\/strong> pracovi\u0161t\u00edch nebo ve v\u00fdrobn\u00edch prostor\u00e1ch, kde by instalace klimatizace byla p\u0159\u00edli\u0161 slo\u017eit\u00e1 nebo nepraktick\u00e1.  <\/p>\n\n<p>Pro ilustraci<strong>\u00fa\u010dinnosti adiabatick\u00e9ho chladi\u010de vzduchu<\/strong> ve slo\u017eit\u00e9m prost\u0159ed\u00ed uve\u010fme p\u0159\u00edklad chlazen\u00ed n\u00e1mo\u0159n\u00edho kontejneru. Mobiln\u00ed syst\u00e9m, kter\u00fd jsme instalovali (modely z \u0159ady Ecoclim), sn\u00ed\u017eil vnit\u0159n\u00ed teplotu kontejneru, kter\u00e1 dosahovala extr\u00e9mn\u00edch hodnot, t\u00e9m\u011b\u0159 50 \u00b0C. D\u00edky odpa\u0159ov\u00e1n\u00ed vody ventil\u00e1tor zabudovan\u00fd v jednotce \u00fa\u010dinn\u011b ochlazoval vzduch a\u017e na 32 \u00b0C. Tato strategie zv\u00fd\u0161ila produktivitu p\u0159i zachov\u00e1n\u00ed <strong>bezpe\u010dnosti obsluhy<\/strong>.   <\/p>\n\n<h3 class=\"wp-block-heading\">Dodr\u017eov\u00e1n\u00ed ekologick\u00fdch a energetick\u00fdch norem<\/h3>\n\n<p><strong>Chladi\u010de vzduchu spl\u0148uj\u00ed<\/strong> sou\u010dasn\u00e9 <strong>ekologick\u00e9<\/strong> a energetick\u00e9 <strong>normy pro<\/strong> klimatizaci. Pom\u00e1haj\u00ed sni\u017eovat emise sklen\u00edkov\u00fdch plyn\u016f v souladu s evropsk\u00fdmi sm\u011brnicemi. D\u00edky sv\u00e9 n\u00edzk\u00e9 spot\u0159eb\u011b energie spl\u0148uj\u00ed po\u017eadavky normy ISO 50001 o hospoda\u0159en\u00ed s energi\u00ed a na\u0159\u00edzen\u00ed EcoDesign. Nav\u00edc d\u00edky tomu, \u017ee jsou navr\u017eeny tak, aby <strong>optimalizovaly energetickou \u00fa\u010dinnost,<\/strong> dokonale zapadaj\u00ed do syst\u00e9m\u016f environment\u00e1ln\u00edho managementu. To z nich \u010din\u00ed udr\u017eiteln\u00e9 a ekologick\u00e9 \u0159e\u0161en\u00ed pr\u016fmyslov\u00e9ho chlazen\u00ed.    <\/p>\n\n<div style=\"height:20px\" aria-hidden=\"true\" class=\"wp-block-spacer\"><\/div>\n\n<div class=\"wp-block-buttons is-content-justification-center is-layout-flex wp-container-core-buttons-is-layout-a89b3969 wp-block-buttons-is-layout-flex\">\n<div class=\"wp-block-button\"><a class=\"wp-block-button__link wp-element-button\" href=\"https:\/\/obera.fr\/cs\/contact\/\">POT\u0158EBUJETE INDIVIDU\u00c1LN\u00cd RADU?<\/a><\/div>\n<\/div>\n","protected":false},"excerpt":{"rendered":"<p>Adiabatick\u00e9 chlazen\u00ed je jednoduch\u00fdm \u0159e\u0161en\u00edm pro zaji\u0161t\u011bn\u00ed komfortu v hork\u00e9m po\u010das\u00ed pro pracovn\u00edky ve velk\u00fdch pr\u016fmyslov\u00fdch, zem\u011bd\u011blsk\u00fdch a servisn\u00edch za\u0159\u00edzen\u00edch a na akc\u00edch.<\/p>\n","protected":false},"author":4,"featured_media":0,"comment_status":"closed","ping_status":"closed","sticky":false,"template":"","format":"standard","meta":{"_acf_changed":false,"_seopress_robots_primary_cat":"none","_seopress_titles_title":"Quels sont les avantages du rafra\u00eechissement adiabatique ?","_seopress_titles_desc":"Contribuant \u00e0 la qualit\u00e9 de l'air et du confort des salari\u00e9 et \u00e9tant \u00e9conomique et \u00e9cologique, le rafraichissement adiabatique domine tous ces inconv\u00e9nients.","_seopress_robots_index":"","footnotes":""},"categories":[310],"tags":[113],"class_list":["post-42524","post","type-post","status-publish","format-standard","hentry","category-nase-rady","tag-entete-male","generate-columns","tablet-grid-50","mobile-grid-100","grid-parent","grid-50","no-featured-image-padding"],"acf":[],"_links":{"self":[{"href":"https:\/\/obera.fr\/cs\/wp-json\/wp\/v2\/posts\/42524","targetHints":{"allow":["GET"]}}],"collection":[{"href":"https:\/\/obera.fr\/cs\/wp-json\/wp\/v2\/posts"}],"about":[{"href":"https:\/\/obera.fr\/cs\/wp-json\/wp\/v2\/types\/post"}],"author":[{"embeddable":true,"href":"https:\/\/obera.fr\/cs\/wp-json\/wp\/v2\/users\/4"}],"replies":[{"embeddable":true,"href":"https:\/\/obera.fr\/cs\/wp-json\/wp\/v2\/comments?post=42524"}],"version-history":[{"count":4,"href":"https:\/\/obera.fr\/cs\/wp-json\/wp\/v2\/posts\/42524\/revisions"}],"predecessor-version":[{"id":77943,"href":"https:\/\/obera.fr\/cs\/wp-json\/wp\/v2\/posts\/42524\/revisions\/77943"}],"wp:attachment":[{"href":"https:\/\/obera.fr\/cs\/wp-json\/wp\/v2\/media?parent=42524"}],"wp:term":[{"taxonomy":"category","embeddable":true,"href":"https:\/\/obera.fr\/cs\/wp-json\/wp\/v2\/categories?post=42524"},{"taxonomy":"post_tag","embeddable":true,"href":"https:\/\/obera.fr\/cs\/wp-json\/wp\/v2\/tags?post=42524"}],"curies":[{"name":"wp","href":"https:\/\/api.w.org\/{rel}","templated":true}]}}