{"id":42614,"date":"2023-04-25T16:45:46","date_gmt":"2023-04-25T14:45:46","guid":{"rendered":"https:\/\/obera.fr\/non-classifiee\/jake-jsou-vyhody-cisticky-vzduchu-pro-ucty-za-energii\/"},"modified":"2025-04-23T09:02:55","modified_gmt":"2025-04-23T07:02:55","slug":"les-avantages-de-la-purification-dair-sur-vos-factures-energetiques","status":"publish","type":"post","link":"https:\/\/obera.fr\/cs\/nase-rady\/les-avantages-de-la-purification-dair-sur-vos-factures-energetiques\/","title":{"rendered":"Jak\u00e9 jsou v\u00fdhody \u010disti\u010dky vzduchu pro va\u0161e \u00fa\u010dty za energie?"},"content":{"rendered":"\n<p><strong>Rozvrstven\u00ed <\/strong>vzduchu v pr\u016fmyslov\u00fdch prostorech m\u016f\u017ee v\u00e9st ke zna\u010dn\u00fdm tepeln\u00fdm ztr\u00e1t\u00e1m, \u0161patn\u00e9 kvalit\u011b vzduchu a nedostate\u010dn\u00e9mu komfortu pro pracovn\u00edky. <strong>Destratifikace <\/strong>vzduchu spo\u010d\u00edv\u00e1 ve sm\u011b\u0161ov\u00e1n\u00ed tepl\u00e9ho a studen\u00e9ho vzduchu za \u00fa\u010delem vyrovn\u00e1n\u00ed teploty v m\u00edstnosti, \u010d\u00edm\u017e se sn\u00ed\u017e\u00ed tepeln\u00e9 ztr\u00e1ty a omez\u00ed spot\u0159eba tepla na vyt\u00e1p\u011bn\u00ed a klimatizaci. <strong>Pr\u016fmyslov\u00e9 \u010disti\u010dky vzduchu<\/strong> spole\u010dnosti OberA umo\u017e\u0148uj\u00ed tuto destratifikaci prov\u00e1d\u011bt hospod\u00e1rn\u011b a efektivn\u011b a z\u00e1rove\u0148 eliminovat prachov\u00e9 \u010d\u00e1stice, plyny a pachy, \u010d\u00edm\u017e vytv\u00e1\u0159ej\u00ed zdrav\u011bj\u0161\u00ed a bezpe\u010dn\u011bj\u0161\u00ed pracovn\u00ed prost\u0159ed\u00ed pro pracovn\u00edky. Podrobn\u011bji v\u00e1m to vysv\u011btl\u00edme v n\u00e1sleduj\u00edc\u00edm \u010dl\u00e1nku.   <\/p>\n\n<div class=\"wp-block-buttons is-horizontal is-content-justification-center is-layout-flex wp-container-core-buttons-is-layout-03627597 wp-block-buttons-is-layout-flex\">\n<div class=\"wp-block-button has-custom-width wp-block-button__width-100\"><a class=\"wp-block-button__link wp-element-button\" href=\"https:\/\/obera.fr\/cs\/kontaktujte-nas\/\">Zjist\u011bte v\u00edce<\/a><\/div>\n<\/div>\n\n<h2 class=\"wp-block-heading\">Co je to stratifikace vzduchu?<\/h2>\n\n<p><strong>Stratifikace <\/strong>vzduchu je b\u011b\u017en\u00fdm jevem v pr\u016fmyslov\u00fdch prostor\u00e1ch, kde se vzduch oh\u0159\u00edv\u00e1. Projevuje se vytv\u00e1\u0159en\u00edm vrstev tepl\u00e9ho vzduchu v horn\u00ed \u010d\u00e1sti m\u00edstnosti a studen\u00e9ho vzduchu v doln\u00ed \u010d\u00e1sti, \u010d\u00edm\u017e vznikaj\u00ed<strong> zna\u010dn\u00e9 teplotn\u00ed rozd\u00edly<\/strong>. Tato stratifikace m\u016f\u017ee v\u00e9st ke zna\u010dn\u00fdm tepeln\u00fdm ztr\u00e1t\u00e1m, nedostate\u010dn\u00e9mu komfortu pro pracovn\u00edky a <a href=\"https:\/\/obera.fr\/cs\/nase-rady\/qualite-l-air-interieur-critere-essentiel-industrie\/\">\u0161patn\u00e9 kvalit\u011b vzduchu<\/a>.  <\/p>\n\n<figure class=\"wp-block-image aligncenter size-medium is-resized\"><img decoding=\"async\" width=\"300\" height=\"300\" src=\"https:\/\/obera.fr\/wp-content\/uploads\/2023\/04\/sans-titre-2023-04-25t154307.808-300x300.png\" alt=\"Stratifikace vzduchu\" class=\"wp-image-21980\" style=\"width:225px;height:225px\" srcset=\"https:\/\/obera.fr\/wp-content\/uploads\/2023\/04\/sans-titre-2023-04-25t154307.808-300x300.png 300w, https:\/\/obera.fr\/wp-content\/uploads\/2023\/04\/sans-titre-2023-04-25t154307.808-150x150.png 150w, https:\/\/obera.fr\/wp-content\/uploads\/2023\/04\/sans-titre-2023-04-25t154307.808.png 700w\" sizes=\"(max-width: 300px) 100vw, 300px\" \/><\/figure>\n\n<h2 class=\"wp-block-heading\">Co je to destratifikace vzduchu?<\/h2>\n\n<p><strong>Destratifikace <\/strong>vzduchu spo\u010d\u00edv\u00e1 ve sm\u011b\u0161ov\u00e1n\u00ed tepl\u00e9ho a studen\u00e9ho vzduchu za \u00fa\u010delem<strong> vyrovn\u00e1n\u00ed teploty v m\u00edstnosti<\/strong>. Tato technika sni\u017euje tepeln\u00e9 ztr\u00e1ty, podporuje cirkulaci vzduchu a vytv\u00e1\u0159\u00ed p\u0159\u00edjemn\u011bj\u0161\u00ed pracovn\u00ed prost\u0159ed\u00ed pro zam\u011bstnance. Krom\u011b toho destratifikace vzduchu <a href=\"https:\/\/obera.fr\/conseils\/industriels-des-solutions-pour-faire-des-economies-denergie\/\">sni\u017euje n\u00e1klady na energii<\/a> t\u00edm, \u017ee omezuje po\u017eadavky na vyt\u00e1p\u011bn\u00ed.  <\/p>\n\n<figure class=\"wp-block-image aligncenter size-medium is-resized\"><img decoding=\"async\" width=\"300\" height=\"300\" src=\"https:\/\/obera.fr\/wp-content\/uploads\/2023\/04\/sans-titre-76-300x300.jpg\" alt=\"destratifikace vzduchu\" class=\"wp-image-21984\" style=\"width:225px;height:225px\" srcset=\"https:\/\/obera.fr\/wp-content\/uploads\/2023\/04\/sans-titre-76-300x300.jpg 300w, https:\/\/obera.fr\/wp-content\/uploads\/2023\/04\/sans-titre-76-150x150.jpg 150w, https:\/\/obera.fr\/wp-content\/uploads\/2023\/04\/sans-titre-76.jpg 700w\" sizes=\"(max-width: 300px) 100vw, 300px\" \/><\/figure>\n\n<h2 class=\"wp-block-heading\">Jak\u00e9 jsou v\u00fdhody destratifikace vzduchu v pr\u016fmyslov\u00e9m prost\u0159ed\u00ed?<\/h2>\n\n<p>V pr\u016fmyslov\u00e9m prost\u0159ed\u00ed m\u00e1 destratifikace \u0159adu v\u00fdhod. Zaprv\u00e9 pom\u00e1h\u00e1 <strong>udr\u017eovat konstantn\u00ed teplotu<\/strong> v pracovn\u00edch prostor\u00e1ch, co\u017e <strong>zvy\u0161uje pohodl\u00ed a produktivitu pracovn\u00edk\u016f<\/strong>. Destratifikace vzduchu tak\u00e9 pom\u00e1h\u00e1 <strong>sni\u017eovat n\u00e1klady na energii <\/strong>t\u00edm, \u017ee omezuje spot\u0159ebu tepla a klimatizace.  <\/p>\n\n<p>P\u0159ipom\u00edn\u00e1me, \u017ee ADEME doporu\u010duje sn\u00ed\u017eit teplotu vyt\u00e1p\u011bn\u00ed o 1 \u00b0C, aby <strong>se dos\u00e1hlo v\u00fdrazn\u00fdch \u00faspor energie<\/strong>. Ka\u017ed\u00fd stupe\u0148 m\u00e9n\u011b toti\u017e sni\u017euje spot\u0159ebu tepla na vyt\u00e1p\u011bn\u00ed o 7 %. Toto jednoduch\u00e9 a \u00fa\u010dinn\u00e9 opat\u0159en\u00ed tedy m\u016f\u017ee v\u00e9st k v\u00fdznamn\u00fdm \u00faspor\u00e1m energie a pomoci v boji proti zm\u011bn\u011b klimatu.  <\/p>\n\n<h2 class=\"wp-block-heading\">Co mohu ud\u011blat pro sv\u016fj pracovn\u00ed prostor nebo logistickou halu?  <\/h2>\n\n<div class=\"wp-block-columns is-layout-flex wp-container-core-columns-is-layout-28f84493 wp-block-columns-is-layout-flex\">\n<div class=\"wp-block-column is-vertically-aligned-center is-layout-flow wp-block-column-is-layout-flow\" style=\"flex-basis:66.66%\">\n<p>Ve spole\u010dnosti OberA nab\u00edz\u00edme <a href=\"https:\/\/obera.fr\/cs\/produits\/purificateurs-air\/\" data-type=\"page\" data-id=\"26\">pr\u016fmyslov\u00e9 \u010disti\u010dky vzduchu,<\/a> kter\u00e9 <strong>\u00fa\u010dinn\u011b a hospod\u00e1rn\u011b destratifikuj\u00ed vzduch<\/strong>. Jsou vybaveny v\u00fdkonn\u00fdm ods\u00e1vac\u00edm syst\u00e9mem, kter\u00fd sb\u00edr\u00e1 tepl\u00fd vzduch v horn\u00ed \u010d\u00e1sti m\u00edstnosti a p\u0159iv\u00e1d\u00ed jej zp\u011bt dol\u016f, kde se sm\u00eds\u00ed se studen\u00fdm vzduchem. Tato technika sni\u017euje teplotn\u00ed rozd\u00edly a<strong>zlep\u0161uje kvalitu vzduchu<\/strong>.  <\/p>\n\n\n\n<p>Na\u0161e pr\u016fmyslov\u00e9 \u010disti\u010dky vzduchu nab\u00edzej\u00ed krom\u011b <strong>destratace vzduchu<\/strong> i dal\u0161\u00ed v\u00fdhody. Odstra\u0148uj\u00ed prachov\u00e9 \u010d\u00e1stice, plyny a pachy, \u010d\u00edm\u017e vytv\u00e1\u0159ej\u00ed zdrav\u011bj\u0161\u00ed a bezpe\u010dn\u011bj\u0161\u00ed pracovn\u00ed prost\u0159ed\u00ed pro zam\u011bstnance. Na\u0161e pr\u016fmyslov\u00e9 \u010disti\u010dky vzduchu jsou nav\u00edc<strong> energeticky \u00fa\u010dinn\u00e9,<\/strong> tak\u017ee m\u016f\u017eete sn\u00ed\u017eit spot\u0159ebu energie a prodlou\u017eit \u017eivotnost za\u0159\u00edzen\u00ed ve sv\u00fdch hal\u00e1ch a d\u00edln\u00e1ch.  <\/p>\n<\/div>\n\n\n\n<div class=\"wp-block-column is-vertically-aligned-center is-layout-flow wp-block-column-is-layout-flow\" style=\"flex-basis:33.33%\">\n<figure class=\"wp-block-image aligncenter size-medium is-resized\"><a href=\"https:\/\/obera.fr\/produits\/purificateurs-air\/industriel-epur\/\"><img decoding=\"async\" width=\"300\" height=\"300\" src=\"https:\/\/obera.fr\/wp-content\/uploads\/2023\/05\/gamme-de-purificateur-dair-epur-garantie-300x300.png\" alt=\"zaru&#x10D;en&#xE1; &#x159;ada &#x10D;isti&#x10D;ek vzduchu epur\" class=\"wp-image-22613\" style=\"width:225px;height:225px\" srcset=\"https:\/\/obera.fr\/wp-content\/uploads\/2023\/05\/gamme-de-purificateur-dair-epur-garantie-300x300.png 300w, https:\/\/obera.fr\/wp-content\/uploads\/2023\/05\/gamme-de-purificateur-dair-epur-garantie-150x150.png 150w, https:\/\/obera.fr\/wp-content\/uploads\/2023\/05\/gamme-de-purificateur-dair-epur-garantie.png 600w\" sizes=\"(max-width: 300px) 100vw, 300px\" \/><\/a><\/figure>\n<\/div>\n<\/div>\n\n<div class=\"wp-block-buttons is-horizontal is-content-justification-center is-layout-flex wp-container-core-buttons-is-layout-03627597 wp-block-buttons-is-layout-flex\">\n<div class=\"wp-block-button has-custom-width wp-block-button__width-100\"><a class=\"wp-block-button__link wp-element-button\" href=\"https:\/\/obera.fr\/cs\/kontaktujte-nas\/\">Zjist\u011bte v\u00edce<\/a><\/div>\n<\/div>\n\n<h2 class=\"wp-block-heading\">Z\u00e1v\u011br<\/h2>\n\n<p>Z\u00e1v\u011brem lze \u0159\u00edci, \u017ee destratifikace vzduchu je <strong>\u00fa\u010dinnou technikou pro sn\u00ed\u017een\u00ed n\u00e1klad\u016f na energii<\/strong>, zlep\u0161en\u00ed komfortu pracovn\u00edk\u016f a podporu cirkulace vzduchu v pr\u016fmyslov\u00fdch prostor\u00e1ch. Pr\u016fmyslov\u00e9 \u010disti\u010dky vzduchu OberA jsou \u00fa\u010dinn\u00fdm \u0159e\u0161en\u00edm, jak t\u00e9to <strong>destratifikace<\/strong>dos\u00e1hnout <strong>hospod\u00e1rn\u011b a<\/strong>s dal\u0161\u00edmi v\u00fdhodami z hlediska kvality vzduchu a energetick\u00e9 \u00fa\u010dinnosti. <\/p>\n","protected":false},"excerpt":{"rendered":"<p>\u010ci\u0161t\u011bn\u00ed vzduchu v pr\u016fmyslov\u00e9m prost\u0159ed\u00ed m\u00e1 mnoho v\u00fdhod, ale sly\u0161eli jste n\u011bkdy o destratifikaci vzduchu? Tento jev m\u00eds\u00ed tepl\u00fd vzduch v horn\u00ed \u010d\u00e1sti budovy s \u010derstv\u00fdm vzduchem v doln\u00ed \u010d\u00e1sti, \u010d\u00edm\u017e zaji\u0161\u0165uje zdrav\u00e9 a pohodln\u00e9 pracovn\u00ed prost\u0159ed\u00ed a sni\u017euje n\u00e1klady na energii.   <\/p>\n","protected":false},"author":4,"featured_media":85337,"comment_status":"closed","ping_status":"closed","sticky":false,"template":"","format":"standard","meta":{"_acf_changed":false,"_seopress_robots_primary_cat":"none","_seopress_titles_title":"Jak\u00e9 jsou v\u00fdhody \u010disti\u010dky vzduchu pro va\u0161e \u00fa\u010dty?","_seopress_titles_desc":"V tomto \u010dl\u00e1nku se dozv\u00edte, jak\u00e9 v\u00fdhody m\u00e1 destratifikace vzduchu na va\u0161e n\u00e1klady na energie d\u00edky pr\u016fmyslov\u00e9mu \u010di\u0161t\u011bn\u00ed vzduchu.","_seopress_robots_index":"","footnotes":""},"categories":[310],"tags":[113],"class_list":["post-42614","post","type-post","status-publish","format-standard","has-post-thumbnail","hentry","category-nase-rady","tag-entete-male","generate-columns","tablet-grid-50","mobile-grid-100","grid-parent","grid-50","no-featured-image-padding","resize-featured-image"],"acf":[],"_links":{"self":[{"href":"https:\/\/obera.fr\/cs\/wp-json\/wp\/v2\/posts\/42614","targetHints":{"allow":["GET"]}}],"collection":[{"href":"https:\/\/obera.fr\/cs\/wp-json\/wp\/v2\/posts"}],"about":[{"href":"https:\/\/obera.fr\/cs\/wp-json\/wp\/v2\/types\/post"}],"author":[{"embeddable":true,"href":"https:\/\/obera.fr\/cs\/wp-json\/wp\/v2\/users\/4"}],"replies":[{"embeddable":true,"href":"https:\/\/obera.fr\/cs\/wp-json\/wp\/v2\/comments?post=42614"}],"version-history":[{"count":3,"href":"https:\/\/obera.fr\/cs\/wp-json\/wp\/v2\/posts\/42614\/revisions"}],"predecessor-version":[{"id":85718,"href":"https:\/\/obera.fr\/cs\/wp-json\/wp\/v2\/posts\/42614\/revisions\/85718"}],"wp:featuredmedia":[{"embeddable":true,"href":"https:\/\/obera.fr\/cs\/wp-json\/wp\/v2\/media\/85337"}],"wp:attachment":[{"href":"https:\/\/obera.fr\/cs\/wp-json\/wp\/v2\/media?parent=42614"}],"wp:term":[{"taxonomy":"category","embeddable":true,"href":"https:\/\/obera.fr\/cs\/wp-json\/wp\/v2\/categories?post=42614"},{"taxonomy":"post_tag","embeddable":true,"href":"https:\/\/obera.fr\/cs\/wp-json\/wp\/v2\/tags?post=42614"}],"curies":[{"name":"wp","href":"https:\/\/api.w.org\/{rel}","templated":true}]}}