{"id":42650,"date":"2023-04-18T10:16:57","date_gmt":"2023-04-18T08:16:57","guid":{"rendered":"https:\/\/obera.fr\/non-classifiee\/mam-se-v-dobe-vln-veder-rozhodnout-pro-adiabaticke-chlazeni-velkych-prostor\/"},"modified":"2025-04-25T09:53:19","modified_gmt":"2025-04-25T07:53:19","slug":"le-rafraichissement-adiabatique-un-coefficient-de-performance-thermique-inegale-pour-les-grands-volumes","status":"publish","type":"post","link":"https:\/\/obera.fr\/cs\/nase-rady\/le-rafraichissement-adiabatique-un-coefficient-de-performance-thermique-inegale-pour-les-grands-volumes\/","title":{"rendered":"Velkoobjemov\u00e9 osv\u011b\u017eova\u010de vzduchu: krit\u00e9ria v\u00fdb\u011bru a pr\u016fvodce n\u00e1kupem"},"content":{"rendered":"\n<div class=\"wp-block-columns is-layout-flex wp-container-core-columns-is-layout-28f84493 wp-block-columns-is-layout-flex\">\n<div class=\"wp-block-column is-layout-flow wp-block-column-is-layout-flow\" style=\"flex-basis:66.66%\">\n<p><strong> Velkoobjemov\u00e9 chladi\u010de vzduchu<\/strong> jsou ide\u00e1ln\u00ed pro udr\u017eov\u00e1n\u00ed p\u0159\u00edjemn\u00e9 teploty ve velk\u00fdch prostor\u00e1ch, jako jsou d\u00edlny, hang\u00e1ry, sklady, obchody a sportovn\u00ed haly. Tyto jednotky jsou navr\u017eeny pro \u00fa\u010dinn\u00e9 chlazen\u00ed t\u011bchto velk\u00fdch prostor a vyu\u017e\u00edvaj\u00ed principu odpa\u0159ov\u00e1n\u00ed vody, co\u017e je p\u0159irozen\u00e1 metoda, kter\u00e1 je \u0161etrn\u00e1 k \u017eivotn\u00edmu prost\u0159ed\u00ed a energeticky \u00fa\u010dinn\u00e1. V\u00fdb\u011br modelu z\u00e1vis\u00ed p\u0159edev\u0161\u00edm na velikosti ochlazovan\u00e9 m\u00edstnosti, ale <strong>je t\u0159eba zohlednit i \u0159adu dal\u0161\u00edch krit\u00e9ri\u00ed<\/strong>. V\u00fdb\u011br spr\u00e1vn\u00e9ho chladi\u010de je z\u00e1sadn\u00ed pro zaji\u0161t\u011bn\u00ed komfortn\u00edch pracovn\u00edch podm\u00ednek a z\u00e1rove\u0148 pro udr\u017een\u00ed n\u00e1klad\u016f na energii pod kontrolou. Tento \u010dl\u00e1nek v\u00e1m<strong>pom\u016f\u017ee vybrat<\/strong> spr\u00e1vn\u00fd<strong>chladi\u010d vzduchu pro<\/strong> velk\u00fd objem.    <\/p>\n<\/div>\n\n\n\n<div class=\"wp-block-column is-layout-flow wp-block-column-is-layout-flow\" style=\"flex-basis:33.33%\">\n<figure class=\"wp-block-image aligncenter size-large is-resized\"><img decoding=\"async\" width=\"1024\" height=\"1024\" src=\"https:\/\/obera.fr\/wp-content\/uploads\/2025\/02\/9-1024x1024.png\" alt=\"9\" class=\"wp-image-67897\" style=\"width:266px;height:auto\" srcset=\"https:\/\/obera.fr\/wp-content\/uploads\/2025\/02\/9-1024x1024.png 1024w, https:\/\/obera.fr\/wp-content\/uploads\/2025\/02\/9-300x300.png 300w, https:\/\/obera.fr\/wp-content\/uploads\/2025\/02\/9-150x150.png 150w, https:\/\/obera.fr\/wp-content\/uploads\/2025\/02\/9-768x768.png 768w, https:\/\/obera.fr\/wp-content\/uploads\/2025\/02\/9.png 1200w\" sizes=\"(max-width: 1024px) 100vw, 1024px\" \/><\/figure>\n<\/div>\n<\/div>\n\n<h2 class=\"wp-block-heading\">Jak funguj\u00ed chladi\u010de vzduchu<\/h2>\n\n<div class=\"wp-block-columns is-layout-flex wp-container-core-columns-is-layout-28f84493 wp-block-columns-is-layout-flex\">\n<div class=\"wp-block-column is-layout-flow wp-block-column-is-layout-flow\" style=\"flex-basis:50%\">\n<h3 class=\"wp-block-heading\">Chlazen\u00ed odpa\u0159ov\u00e1n\u00edm vody<\/h3>\n\n\n\n<p><a href=\"https:\/\/obera.fr\/conseils\/comment-fonctionne-un-rafraichisseur-adiabatique\/\">Osv\u011b\u017eova\u010d vzduchu funguje na principu odpa\u0159ov\u00e1n\u00ed vody<\/a>, co\u017e je termodynamick\u00fd proces, kter\u00fd umo\u017e\u0148uje p\u0159irozen\u011b a \u00fa\u010dinn\u011b sn\u00ed\u017eit teplotu okoln\u00edho vzduchu. Osv\u011b\u017eova\u010d nas\u00e1v\u00e1 tepl\u00fd vzduch z m\u00edstnosti pomoc\u00ed v\u00fdkonn\u00e9ho ventil\u00e1toru a pot\u00e9 jej propou\u0161t\u00ed p\u0159es m\u00e9dium napu\u0161t\u011bn\u00e9 vodou.   <\/p>\n\n\n\n<p><\/p>\n\n\n\n<p>P\u0159i kontaktu s tepl\u00fdm vzduchem se voda odpa\u0159uje, pohlcuje teplo a ochlazuje vzduch p\u0159edt\u00edm, ne\u017e se dostane do m\u00edstnosti. <strong>Chladi\u010d vzduchu je adiabatick\u00fd a nab\u00edz\u00ed n\u011bkolik rychlost\u00ed <\/strong>pro regulaci proud\u011bn\u00ed vzduchu, co\u017e zaji\u0161\u0165uje optim\u00e1ln\u00ed chlazen\u00ed v kr\u00e1tk\u00e9m \u010dase. <\/p>\n<\/div>\n\n\n\n<div class=\"wp-block-column is-layout-flow wp-block-column-is-layout-flow\" style=\"flex-basis:50%\">\n<figure class=\"wp-block-embed is-type-video is-provider-youtube wp-block-embed-youtube wp-embed-aspect-16-9 wp-has-aspect-ratio\"><div class=\"wp-block-embed__wrapper\">\n<iframe title=\"Rafraichisseur d&#039;air - Gamme IC - OberA\" width=\"1200\" height=\"675\" src=\"https:\/\/www.youtube.com\/embed\/NG-Ssy2oM70?feature=oembed\" frameborder=\"0\" allow=\"accelerometer; autoplay; clipboard-write; encrypted-media; gyroscope; picture-in-picture; web-share\" referrerpolicy=\"strict-origin-when-cross-origin\" allowfullscreen><\/iframe>\n<\/div><\/figure>\n<\/div>\n\n\n\n<div class=\"wp-block-column is-layout-flow wp-block-column-is-layout-flow\"><\/div>\n<\/div>\n\n<h3 class=\"wp-block-heading\">V\u00fdhody odpa\u0159ovac\u00edho chladi\u010de oproti klimatizaci<\/h3>\n\n<p><a href=\"https:\/\/obera.fr\/cs\/nase-rady\/ucinnost-osvezovace-vzduchu\/\">Chladi\u010de vzduchu jsou \u00fa\u010dinn\u00e9 zejm\u00e9na<\/a> p\u0159i vysok\u00e9 venkovn\u00ed teplot\u011b a such\u00e9m vzduchu. Na rozd\u00edl od tradi\u010dn\u00edch klimatiza\u010dn\u00edch jednotek se jejich v\u00fdkon zvy\u0161uje s rostouc\u00edm teplem a suchem, co\u017e zaji\u0161\u0165uje optim\u00e1ln\u00ed chlazen\u00ed v pr\u016fmyslov\u00e9m prost\u0159ed\u00ed. <\/p>\n\n<p><\/p>\n\n<p>Jsou tak\u00e9 \u0161etrn\u011bj\u0161\u00ed k \u017eivotn\u00edmu prost\u0159ed\u00ed, proto\u017ee nevypou\u0161t\u011bj\u00ed \u017e\u00e1dn\u00e9 chladic\u00ed plyny a spot\u0159ebov\u00e1vaj\u00ed m\u00e1lo energie. Jsou \u00fasporn\u011bj\u0161\u00ed ne\u017e klimatizace, maj\u00ed <strong>ni\u017e\u0161\u00ed po\u0159izovac\u00ed cenu a odpadaj\u00ed n\u00e1klady na instalaci<\/strong>. Jejich \u00fadr\u017eba je nav\u00edc jednoduch\u00e1 a levn\u00e1, nevy\u017eaduj\u00ed \u017e\u00e1dn\u00e9 specializovan\u00e9 n\u00e1\u0159ad\u00ed ani technick\u00e9 dovednosti, co\u017e zkracuje dobu pot\u0159ebnou k servisu.  <\/p>\n\n<p><\/p>\n\n<p>Odpa\u0159ovac\u00ed chladi\u010d zaji\u0161\u0165uje v\u00fdrazn\u00e9 <a href=\"https:\/\/obera.fr\/cs\/nase-rady\/rafraichisseur-air-basse-temperature\/\">sn\u00ed\u017een\u00ed teploty<\/a> od 4 do 12 \u00b0C, ani\u017e by<strong> zp\u016fsoboval tepeln\u00fd stres<\/strong> nebo pocit nadm\u011brn\u00e9ho chladu, co\u017e jsou nev\u00fdhody \u010dasto spojovan\u00e9 s klimatizac\u00ed. Vzduch nav\u00edc z\u016fst\u00e1v\u00e1 p\u0159\u00edjemn\u011b vlhk\u00fd, co\u017e zabra\u0148uje dehydrataci a nep\u0159\u00edjemn\u00fdm pocit\u016fm spojen\u00fdm s p\u0159\u00edli\u0161 such\u00fdm vzduchem, co\u017e je dal\u0161\u00ed nev\u00fdhoda \u010dasto spojovan\u00e1 s klimatizac\u00ed. <strong>Integrovan\u00e9 filtry a UV lampa tak\u00e9 zaji\u0161\u0165uj\u00ed lep\u0161\u00ed hygienu vzduchu<\/strong>.  <\/p>\n\n<p><\/p>\n\n<p>D\u00edky sv\u00e9 mobiln\u00ed konfiguraci jsou odpa\u0159ovac\u00ed chladi\u010de ide\u00e1ln\u00ed pro chlazen\u00ed prostor v bl\u00edzkosti pracovn\u00edch stanic, stroj\u016f nebo server\u016f, \u010d\u00edm\u017e zabra\u0148uj\u00ed <strong>riziku p\u0159eh\u0159\u00e1t\u00ed za\u0159\u00edzen\u00ed<\/strong> a z\u00e1rove\u0148 zvy\u0161uj\u00ed komfort obsluhy. Jejich \u00fa\u010dinnost v\u0161ak z\u00e1vis\u00ed na spr\u00e1vn\u00e9m dimenzov\u00e1n\u00ed spot\u0159ebi\u010de a dob\u011b pot\u0159ebn\u00e9 k dosa\u017een\u00ed po\u017eadovan\u00e9 teploty. <\/p>\n\n<figure class=\"wp-block-image aligncenter size-large is-resized\"><img decoding=\"async\" width=\"1024\" height=\"1024\" src=\"https:\/\/obera.fr\/wp-content\/uploads\/2025\/01\/image-avantages-1024x1024.jpg\" alt=\"v&#xFD;hody obr&#xE1;zku\" class=\"wp-image-57732\" style=\"width:130px;height:auto\" srcset=\"https:\/\/obera.fr\/wp-content\/uploads\/2025\/01\/image-avantages-1024x1024.jpg 1024w, https:\/\/obera.fr\/wp-content\/uploads\/2025\/01\/image-avantages-300x300.jpg 300w, https:\/\/obera.fr\/wp-content\/uploads\/2025\/01\/image-avantages-150x150.jpg 150w, https:\/\/obera.fr\/wp-content\/uploads\/2025\/01\/image-avantages-768x768.jpg 768w, https:\/\/obera.fr\/wp-content\/uploads\/2025\/01\/image-avantages-400x400.jpg 400w, https:\/\/obera.fr\/wp-content\/uploads\/2025\/01\/image-avantages-600x600.jpg 600w, https:\/\/obera.fr\/wp-content\/uploads\/2025\/01\/image-avantages.jpg 1200w\" sizes=\"(max-width: 1024px) 100vw, 1024px\" \/><\/figure>\n\n<h3 class=\"wp-block-heading\">V jak\u00fdch typech budov lze pou\u017e\u00edt adiabatick\u00fd chladi\u010d vzduchu?<\/h3>\n\n<p>Pr\u016fmyslov\u00e9 chladi\u010de vzduchu jsou vhodn\u00e9 zejm\u00e9na pro dob\u0159e v\u011btran\u00e9 m\u00edstnosti nebo m\u00edstnosti otev\u0159en\u00e9 ven. Ide\u00e1ln\u011b se hod\u00ed do velk\u00fdch prostor a nedoporu\u010duj\u00ed se do mal\u00fdch uzav\u0159en\u00fdch m\u00edstnost\u00ed. <strong>D\u00edky tomu jsou ide\u00e1ln\u00ed pro r\u016fzn\u00e1 odv\u011btv\u00ed,<\/strong> v\u010detn\u011b automobilov\u00e9ho, kovopr\u016fmyslov\u00e9ho, chemick\u00e9ho a polygrafick\u00e9ho pr\u016fmyslu, kde je nezbytn\u00e9 \u00fa\u010dinn\u00e9 a n\u00e1kladov\u011b efektivn\u00ed chlazen\u00ed. Jsou tak\u00e9 hojn\u011b vyu\u017e\u00edv\u00e1ny v komer\u010dn\u00edm a maloobchodn\u00edm prost\u0159ed\u00ed a ve sportovn\u00edch hal\u00e1ch, kde poskytuj\u00ed <strong>vysoce v\u00fdkonn\u00e9 \u0159e\u0161en\u00ed chlazen\u00ed<\/strong> v t\u011bchto prost\u0159ed\u00edch.   <\/p>\n\n<h2 class=\"wp-block-heading\">Krit\u00e9ria v\u00fdb\u011bru velkoobjemov\u00e9ho chladi\u010de vzduchu<\/h2>\n\n<p>Zde jsou hlavn\u00ed krit\u00e9ria, kter\u00e1 je t\u0159eba zv\u00e1\u017eit p\u0159i n\u00e1kupu pr\u016fmyslov\u00e9ho chladi\u010de vzduchu:<\/p>\n\n<ul class=\"wp-block-list\">\n<li>Kapacita pr\u016ftoku vzduchu<\/li>\n<\/ul>\n\n<p>Chladi\u010d mus\u00ed nab\u00edzet<strong> pr\u016ftok vzduchu p\u0159izp\u016fsoben\u00fd plo\u0161e ochlazovan\u00e9ho prostoru.<\/strong> V\u00fdkonn\u00fd spot\u0159ebi\u010d zajist\u00ed rovnom\u011brnou a \u00fa\u010dinnou distribuci chladn\u00e9ho vzduchu, \u010d\u00edm\u017e optimalizuje u\u017eivatelsk\u00fd komfort. Pro d\u00edlnu nebo sklad o rozloze 100 a\u017e 200 m\u00b2 se doporu\u010duje chladi\u010d s pr\u016ftokem vzduchu 10 000 a\u017e 20 000 m\u00b3\/h. Pro v\u011bt\u0161\u00ed prostory o rozloze v\u011bt\u0161\u00ed ne\u017e 500 m\u00b2 bude efektivn\u011bj\u0161\u00ed model s pr\u016ftokem vzduchu 30 000 m\u00b3\/h nebo v\u00edce.  <\/p>\n\n<ul class=\"wp-block-list\">\n<li>Velikost n\u00e1dr\u017ee na vodu<\/li>\n<\/ul>\n\n<p>Objem n\u00e1dr\u017eky na vodu m\u00e1 p\u0159\u00edm\u00fd vliv na autonomii spot\u0159ebi\u010de. \u010c\u00edm v\u011bt\u0161\u00ed je jej\u00ed kapacita, t\u00edm d\u00e9le ji lze pou\u017e\u00edvat bez nutnosti \u010dast\u00e9ho dopl\u0148ov\u00e1n\u00ed. N\u00e1dr\u017e o objemu 50 a\u017e 100 litr\u016f poskytuje 4 a\u017e 8 hodin nep\u0159etr\u017eit\u00e9ho provozu. <strong>Pr\u016fmyslov\u00e9 modely ur\u010den\u00e9 pro velmi velk\u00e9 prostory<\/strong> mohou m\u00edt objem a\u017e 300 litr\u016f, co\u017e sni\u017euje \u010detnost dopl\u0148ov\u00e1n\u00ed.   <\/p>\n\n<ul class=\"wp-block-list\">\n<li>Hladina hluku<\/li>\n<\/ul>\n\n<p>Pr\u016fmyslov\u00e9 chladi\u010de vzduchu jsou \u010dasto oce\u0148ov\u00e1ny pro sv\u016fj tich\u00fd provoz. Na rozd\u00edl od klimatizac\u00ed, kter\u00e9 maj\u00ed hlu\u010dn\u00fd kompresor, se tyto jednotky spol\u00e9haj\u00ed na <strong>tich\u00fd ventila\u010dn\u00ed syst\u00e9m<\/strong>, jeho\u017e hlu\u010dnost se obvykle pohybuje mezi 50 a 65 dB v z\u00e1vislosti na zvolen\u00e9m v\u00fdkonu. Model s v\u00fdkonem 15 000 m\u00b3\/h vyprodukuje v pr\u016fm\u011bru 55 dB, co\u017e odpov\u00edd\u00e1 b\u011b\u017en\u00e9mu rozhovoru.  <\/p>\n\n<ul class=\"wp-block-list\">\n<li>Mobilita a snadn\u00e9 pou\u017e\u00edv\u00e1n\u00ed<\/li>\n<\/ul>\n\n<p>Mobiln\u00ed model nab\u00edz\u00ed v\u011bt\u0161\u00ed flexibilitu pou\u017eit\u00ed. D\u00edky robustn\u00edm kole\u010dk\u016fm a hmotnosti od 30 do 80 kg v z\u00e1vislosti na kapacit\u011b lze chladic\u00ed boxy snadno p\u0159emis\u0165ovat z jednoho m\u00edsta na druh\u00e9. <strong>N\u011bkter\u00e9 v\u00fdrobky jsou vybaveny d\u00e1lkov\u00fdm ovl\u00e1d\u00e1n\u00edm a nastaviteln\u00fdmi rychlostmi ventil\u00e1toru<\/strong> pro v\u011bt\u0161\u00ed pohodl\u00ed. Instalace a uveden\u00ed do provozu jsou zpravidla rychl\u00e9, co\u017e zkracuje dobu p\u0159ed pou\u017eit\u00edm.  <\/p>\n\n<ul class=\"wp-block-list\">\n<li>Spot\u0159eba energie<\/li>\n<\/ul>\n\n<p><a href=\"https:\/\/obera.fr\/cs\/nase-rady\/les-avantages-du-rafraichissement-adiabatique-dominent-largement-ses-inconvenients\/\">Pr\u016fmyslov\u00fd chladi\u010d vzduchu je mnohem \u00fasporn\u011bj\u0161\u00ed<\/a> ne\u017e klimatizace. Jeho v\u00fdkon se obvykle pohybuje mezi 200 a 2 000 W v z\u00e1vislosti na velikosti za\u0159\u00edzen\u00ed. D\u00edky n\u00edzk\u00fdm energetick\u00fdm n\u00e1rok\u016fm je ide\u00e1ln\u00edm \u0159e\u0161en\u00edm pro \u00fa\u010dinn\u00e9 chlazen\u00ed velk\u00fdch prostor, ani\u017e by zvy\u0161oval \u00fa\u010dty za elekt\u0159inu. Pro srovn\u00e1n\u00ed, ekvivalentn\u00ed <strong>pr\u016fmyslov\u00e1 klimatizace<\/strong> bude pot\u0159ebovat 5 a\u017e 10kr\u00e1t v\u00edce energie.   <\/p>\n\n<figure class=\"wp-block-image aligncenter size-large is-resized\"><img decoding=\"async\" width=\"1024\" height=\"1024\" src=\"https:\/\/obera.fr\/wp-content\/uploads\/2025\/03\/conseil-raf-1024x1024.png\" alt=\"rady raf\" class=\"wp-image-77456\" style=\"width:182px;height:auto\" srcset=\"https:\/\/obera.fr\/wp-content\/uploads\/2025\/03\/conseil-raf-1024x1024.png 1024w, https:\/\/obera.fr\/wp-content\/uploads\/2025\/03\/conseil-raf-300x300.png 300w, https:\/\/obera.fr\/wp-content\/uploads\/2025\/03\/conseil-raf-150x150.png 150w, https:\/\/obera.fr\/wp-content\/uploads\/2025\/03\/conseil-raf-768x768.png 768w, https:\/\/obera.fr\/wp-content\/uploads\/2025\/03\/conseil-raf.png 1200w\" sizes=\"(max-width: 1024px) 100vw, 1024px\" \/><\/figure>\n\n<h2 class=\"wp-block-heading\">Na\u0161e produkty Obera: kompletn\u00ed \u0159ada pr\u016fmyslov\u00fdch osv\u011b\u017eova\u010d\u016f vzduchu<\/h2>\n\n<p>Spole\u010dnost Obera nab\u00edz\u00ed \u0161irokou \u0161k\u00e1lu tich\u00fdch chladi\u010d\u016f vzduchu ur\u010den\u00fdch k chlazen\u00ed velk\u00fdch prostor s intenzivn\u00edmi po\u017eadavky na chlazen\u00ed.<\/p>\n\n<figure class=\"wp-block-table\"><table class=\"has-fixed-layout\"><tbody><tr><td><\/td><td class=\"has-text-align-center\" data-align=\"center\" colspan=\"3\"><strong>Mobiln\u00ed chladi\u010d<\/strong><\/td><\/tr><tr><td><strong>Produkt<\/strong><\/td><td class=\"has-text-align-center\" data-align=\"center\"><strong>IC12<\/strong><\/td><td class=\"has-text-align-center\" data-align=\"center\"><strong>IC22<\/strong><\/td><td class=\"has-text-align-center\" data-align=\"center\"><strong>IC30<\/strong><\/td><\/tr><tr><td>Chladic\u00ed plocha<\/td><td class=\"has-text-align-center\" data-align=\"center\">80 a\u017e 150 m\u00b2 podlahov\u00e9 plochy<\/td><td class=\"has-text-align-center\" data-align=\"center\">150 a\u017e 250 m\u00b2 podlahov\u00e9 plochy<\/td><td class=\"has-text-align-center\" data-align=\"center\">200 a\u017e 400 m\u00b2 podlahov\u00e9 plochy<\/td><\/tr><tr><td>Pr\u016ftok vzduchu<\/td><td class=\"has-text-align-center\" data-align=\"center\">12 000<sup>m3\/h<\/sup><\/td><td class=\"has-text-align-center\" data-align=\"center\">22 000<sup>m3\/h<\/sup><\/td><td class=\"has-text-align-center\" data-align=\"center\">30 000<sup>m3\/h<\/sup><\/td><\/tr><tr><td>Rychlosti ventil\u00e1toru<\/td><td class=\"has-text-align-center\" data-align=\"center\">3  <\/td><td class=\"has-text-align-center\" data-align=\"center\">3  <\/td><td class=\"has-text-align-center\" data-align=\"center\">3<\/td><\/tr><tr><td>N\u00edzk\u00e1 hladina hluku<\/td><td class=\"has-text-align-center\" data-align=\"center\">54 a\u017e 63 decibel\u016f<\/td><td class=\"has-text-align-center\" data-align=\"center\">58 a\u017e 68 decibel\u016f<\/td><td class=\"has-text-align-center\" data-align=\"center\">66 a\u017e 70 decibel\u016f<\/td><\/tr><tr><td>N\u00e1dr\u017e na vodu<\/td><td class=\"has-text-align-center\" data-align=\"center\">70 L<\/td><td class=\"has-text-align-center\" data-align=\"center\">130 L<\/td><td class=\"has-text-align-center\" data-align=\"center\">280 L<\/td><\/tr><tr><td>Vlastn\u00ed hmotnost<\/td><td class=\"has-text-align-center\" data-align=\"center\">43 kg<\/td><td class=\"has-text-align-center\" data-align=\"center\">50 kg<\/td><td class=\"has-text-align-center\" data-align=\"center\">110 kg<\/td><\/tr><tr><td>Power  <\/td><td class=\"has-text-align-center\" data-align=\"center\">440 W<\/td><td class=\"has-text-align-center\" data-align=\"center\">640 W<\/td><td class=\"has-text-align-center\" data-align=\"center\">850 W<\/td><\/tr><\/tbody><\/table><\/figure>\n\n<h2 class=\"wp-block-heading\">V\u00fdb\u011br spr\u00e1vn\u00e9ho chladi\u010de vzduchu pro velk\u00e9 prostory<\/h2>\n\n<p>P\u0159i <strong>v\u00fdb\u011bru spr\u00e1vn\u00e9ho ochlazova\u010de vzduchu<\/strong> je t\u0159eba zohlednit n\u011bkolik krit\u00e9ri\u00ed: dobr\u00fd pr\u016ftok vzduchu, velk\u00fd z\u00e1sobn\u00edk na vodu a tich\u00fd a energeticky \u00fasporn\u00fd spot\u0159ebi\u010d. V\u00fdkon syst\u00e9mu hraje kl\u00ed\u010dovou roli v \u00fa\u010dinnosti chlazen\u00ed. Vysoce v\u00fdkonn\u00fd ventil\u00e1tor <strong>zaji\u0161\u0165uje dobrou cirkulaci vzduchu a optimalizuje rychlost proud\u011bn\u00ed<\/strong>, \u010d\u00edm\u017e se vyhnete \u0161patn\u011b chlazen\u00fdm m\u00edst\u016fm.    <\/p>\n\n<p><\/p>\n\n<p>N\u011bkter\u00e9 v\u00fdrobky maj\u00ed n\u011bkolik rychlost\u00ed ventil\u00e1toru, tak\u017ee si m\u016f\u017eete nastavit v\u00fdkon podle sv\u00fdch pot\u0159eb. V\u011bt\u0161\u00ed pohodl\u00ed poskytuje d\u00e1lkov\u00e9 ovl\u00e1d\u00e1n\u00ed, kter\u00e9 umo\u017e\u0148uje snadnou \u00fapravu nastaven\u00ed na d\u00e1lku. A kone\u010dn\u011b, a\u0165 u\u017e  <strong> <\/strong><a href=\"https:\/\/obera.fr\/cs\/produits\/rafraichisseurs-air\/\">A\u0165 u\u017e si vyberete mobiln\u00ed chladic\u00ed za\u0159\u00edzen\u00ed pro v\u011bt\u0161\u00ed flexibilitu<\/a>, nebo pevn\u00fd model pro dlouhodobou instalaci, mus\u00edte zvolit za\u0159\u00edzen\u00ed, kter\u00e9 p\u0159esn\u011b spl\u0148uje po\u017eadavky va\u0161eho prostoru. A p\u0159ed n\u00e1kupem si nezapome\u0148te zkontrolovat recenze z\u00e1kazn\u00edk\u016f a dodac\u00ed lh\u016fty. <\/p>\n\n<div style=\"height:20px\" aria-hidden=\"true\" class=\"wp-block-spacer\"><\/div>\n\n<div class=\"wp-block-buttons is-content-justification-center is-layout-flex wp-container-core-buttons-is-layout-a89b3969 wp-block-buttons-is-layout-flex\">\n<div class=\"wp-block-button\"><a class=\"wp-block-button__link wp-element-button\" href=\"https:\/\/obera.fr\/cs\/contact\/\">POT\u0158EBUJETE INDIVIDU\u00c1LN\u00cd RADU?<\/a><\/div>\n<\/div>\n","protected":false},"excerpt":{"rendered":"<p>V l\u00e9t\u011b, zejm\u00e9na v dob\u011b veder, p\u0159edstavuje chlazen\u00ed velk\u00fdch objem\u016f podniku probl\u00e9m pro b\u011b\u017enou klimatizaci, zat\u00edmco adiabatick\u00e9 chlazen\u00ed zvy\u0161uje jej\u00ed v\u00fdkon.<\/p>\n","protected":false},"author":4,"featured_media":89734,"comment_status":"closed","ping_status":"closed","sticky":false,"template":"","format":"standard","meta":{"_acf_changed":false,"_seopress_robots_primary_cat":"none","_seopress_titles_title":"Faut-il opter pour rafra\u00eechissement adiabatique durant les vanicules ?","_seopress_titles_desc":"D\u00e9couvrez comment le rafraichissement adiabatique peut \u00eatre ma solution id\u00e9ale pour maintenir une temp\u00e9rature agr\u00e9able dans les grands espaces.","_seopress_robots_index":"","footnotes":""},"categories":[310],"tags":[113],"class_list":["post-42650","post","type-post","status-publish","format-standard","has-post-thumbnail","hentry","category-nase-rady","tag-entete-male","generate-columns","tablet-grid-50","mobile-grid-100","grid-parent","grid-50","no-featured-image-padding","resize-featured-image"],"acf":[],"_links":{"self":[{"href":"https:\/\/obera.fr\/cs\/wp-json\/wp\/v2\/posts\/42650","targetHints":{"allow":["GET"]}}],"collection":[{"href":"https:\/\/obera.fr\/cs\/wp-json\/wp\/v2\/posts"}],"about":[{"href":"https:\/\/obera.fr\/cs\/wp-json\/wp\/v2\/types\/post"}],"author":[{"embeddable":true,"href":"https:\/\/obera.fr\/cs\/wp-json\/wp\/v2\/users\/4"}],"replies":[{"embeddable":true,"href":"https:\/\/obera.fr\/cs\/wp-json\/wp\/v2\/comments?post=42650"}],"version-history":[{"count":5,"href":"https:\/\/obera.fr\/cs\/wp-json\/wp\/v2\/posts\/42650\/revisions"}],"predecessor-version":[{"id":77952,"href":"https:\/\/obera.fr\/cs\/wp-json\/wp\/v2\/posts\/42650\/revisions\/77952"}],"wp:featuredmedia":[{"embeddable":true,"href":"https:\/\/obera.fr\/cs\/wp-json\/wp\/v2\/media\/89734"}],"wp:attachment":[{"href":"https:\/\/obera.fr\/cs\/wp-json\/wp\/v2\/media?parent=42650"}],"wp:term":[{"taxonomy":"category","embeddable":true,"href":"https:\/\/obera.fr\/cs\/wp-json\/wp\/v2\/categories?post=42650"},{"taxonomy":"post_tag","embeddable":true,"href":"https:\/\/obera.fr\/cs\/wp-json\/wp\/v2\/tags?post=42650"}],"curies":[{"name":"wp","href":"https:\/\/api.w.org\/{rel}","templated":true}]}}