{"id":42681,"date":"2023-04-18T10:17:44","date_gmt":"2023-04-18T08:17:44","guid":{"rendered":"https:\/\/obera.fr\/non-classifiee\/mobilni-adiabaticke-chladice-vzduchu-flexibilni-a-prakticke-reseni-pro-prumyslove-aplikace\/"},"modified":"2025-04-25T09:51:57","modified_gmt":"2025-04-25T07:51:57","slug":"rafraichisseur-dair-adiabatique-mobile-une-solution-souple-et-pratique-pour-lindustriel","status":"publish","type":"post","link":"https:\/\/obera.fr\/cs\/nase-rady\/rafraichisseur-dair-adiabatique-mobile-une-solution-souple-et-pratique-pour-lindustriel\/","title":{"rendered":"Mobiln\u00ed adiabatick\u00e9 chladi\u010de vzduchu: flexibiln\u00ed a praktick\u00e9 \u0159e\u0161en\u00ed pro pr\u016fmyslov\u00e9 aplikace"},"content":{"rendered":"\n<p>Ke standardn\u00edm v\u00fdhod\u00e1m adiabatick\u00e9ho chlazen\u00ed p\u0159id\u00e1v\u00e1 <strong>mobiln\u00ed adiabatick\u00fd<\/strong> chladi\u010d v\u0161udyp\u0159\u00edtomnost a jednoduchost v \u0161irok\u00e9 \u0161k\u00e1le situac\u00ed.<\/p>\n\n<h2 class=\"wp-block-heading\">V\u0161udyp\u0159\u00edtomn\u00e9 pou\u017eit\u00ed mobiln\u00edho adiabatick\u00e9ho chladi\u010de<\/h2>\n\n<p>Podstatou <a href=\"https:\/\/obera.fr\/cs\/produits\/rafraichisseurs-air\/\">mobiln\u00edho odpa\u0159ovac\u00edho chladi\u010de<\/a> je flexibilita<strong>.<\/strong> Jeho mobilita znamen\u00e1, \u017ee jej lze pou\u017e\u00edt v \u0161irok\u00e9 \u0161k\u00e1le situac\u00ed, kdy je nezbytn\u00e9 ochlazovat pracovn\u00ed prost\u0159ed\u00ed. Je <strong>prostorov\u011b i \u010dasov\u011b mobiln\u00ed<\/strong>. <\/p>\n\n<p><strong>Mobiln\u00ed adiabatick\u00fd chladi\u010d<\/strong> lze um\u00edstit na nejvhodn\u011bj\u0161\u00ed m\u00edsto v objemu, kter\u00fd m\u00e1 b\u00fdt chlazen. Nap\u0159\u00edklad: hork\u00e1 z\u00f3na pr\u016fmyslov\u00e9ho procesu, pracovn\u00ed prostor zvl\u00e1\u0161t\u011b vystaven\u00fd tepeln\u00e9mu proud\u011bn\u00ed atd. <strong>Princip odpa\u0159ovac\u00edho chlazen\u00ed <\/strong>nav\u00edc roz\u0161i\u0159uje provoz jednotek na r\u016fzn\u00e1 m\u00edsta uvnit\u0159 i vn\u011b budovy. Mobiln\u00ed odpa\u0159ovac\u00ed chladi\u010d \u00fa\u010dinn\u011b ochlad\u00ed<strong> firemn\u00ed terasu, logistick\u00fd sklad, stan pro po\u0159\u00e1d\u00e1n\u00ed akc\u00ed<\/strong> nebo krytou terasu restaurace.   <\/p>\n\n<p>Mobiln\u00ed adiabatick\u00fd chladi\u010d lze nav\u00edc um\u00edstit postupn\u011b na n\u011bkolik m\u00edst v z\u00e1vislosti na<strong>v\u00fdvoji tepeln\u00e9ho toku ovliv\u0148uj\u00edc\u00edho pracovn\u00ed objem<\/strong>. Nap\u0159\u00edklad : <\/p>\n\n<ul class=\"wp-block-list\">\n<li>Slune\u010dn\u00ed z\u00e1\u0159en\u00ed na<strong> neizolovanou nebo \u0161patn\u011b izolovanou pr\u016fmyslovou budovu<\/strong> z v\u00fdchodu a pak ze z\u00e1padu v z\u00e1vislosti na denn\u00ed dob\u011b;<\/li>\n\n\n\n<li>St\u0159\u00edd\u00e1n\u00ed<strong> p\u0159eh\u0159\u00e1t\u00fdch pracovn\u00edch m\u00edst b\u011bhem dne,<\/strong> nap\u0159\u00edklad p\u0159i nakl\u00e1d\u00e1n\u00ed nebo vykl\u00e1d\u00e1n\u00ed kontejner\u016f nebo p\u0159\u00edv\u011bs\u016f.<\/li>\n<\/ul>\n\n<div class=\"wp-block-columns is-layout-flex wp-container-core-columns-is-layout-28f84493 wp-block-columns-is-layout-flex\">\n<div class=\"wp-block-column is-layout-flow wp-block-column-is-layout-flow\">\n<p>V tomto ohledu lze<strong> zn\u00e1soben\u00ed specifick\u00fdch hork\u00fdch m\u00edst<\/strong> snadno vy\u0159e\u0161it vhodn\u00fdm um\u00edst\u011bn\u00edm n\u011bkolika odpa\u0159ovac\u00edch chladi\u010d\u016f v objemu. V\u0161udyp\u0159\u00edtomnost a cenov\u00e1 v\u00fdhodnost t\u011bchto za\u0159\u00edzen\u00ed a jejich koeficient energetick\u00e9 \u00fa\u010dinnosti znamenaj\u00ed, \u017ee<strong>v\u00fdrobci mohou k tomuto p\u0159\u00edstupu s v\u00edce chladi\u010di p\u0159istupovat s d\u016fv\u011brou.<\/strong> Flexibilita a rozmanitost pou\u017eit\u00ed, dosa\u017een\u00e9 \u00faspory energie a ni\u017e\u0161\u00ed provozn\u00ed n\u00e1klady ve srovn\u00e1n\u00ed s konven\u010dn\u00edm \u0159e\u0161en\u00edm klimatizace, to v\u0161e hovo\u0159\u00ed ve prosp\u011bch volby n\u011bkolika jednotek nam\u00edsto instalace<strong>pevn\u00e9 s\u00edt\u011b pro dopravu a distribuci vzduchu.<\/strong> <\/p>\n\n\n\n<p>Flexibilita a rychlost reakce mobiln\u00edho chladi\u010de umo\u017e\u0148uje v jist\u00e9m smyslu <strong>v\u00fdrobu<\/strong> chladn\u00e9ho <strong>vzduchu &#8222;just-in-time&#8220;,<\/strong> aby se vyhov\u011blo sez\u00f3nn\u00edm nebo pr\u016fmyslov\u00fdm teplotn\u00edm \u0161pi\u010dk\u00e1m. T\u00edm sp\u00ed\u0161e, \u017ee v <a href=\"https:\/\/obera.fr\/cs\/nase-rady\/le-principe-de-fonctionnement-du-refroidissement-adiabatique-air-eau-evaporation\/\">adiabatick\u00e9m chladi\u010di<\/a> je to vn\u011bj\u0161\u00ed tepeln\u00fd tok, kter\u00fd poh\u00e1n\u00ed v\u00fdrobu chladu. \u010c\u00edm teplej\u0161\u00ed a su\u0161\u0161\u00ed je, t\u00edm je odpa\u0159ovac\u00ed chladi\u010d \u00fa\u010dinn\u011bj\u0161\u00ed.  <\/p>\n<\/div>\n\n\n\n<div class=\"wp-block-column is-layout-flow wp-block-column-is-layout-flow\">\n<figure class=\"wp-block-embed is-type-video is-provider-youtube wp-block-embed-youtube wp-embed-aspect-16-9 wp-has-aspect-ratio\"><div class=\"wp-block-embed__wrapper\">\n<iframe title=\"Rafraichisseur d&#039;air - Gamme IC - OberA\" width=\"1200\" height=\"675\" src=\"https:\/\/www.youtube.com\/embed\/NG-Ssy2oM70?feature=oembed\" frameborder=\"0\" allow=\"accelerometer; autoplay; clipboard-write; encrypted-media; gyroscope; picture-in-picture; web-share\" referrerpolicy=\"strict-origin-when-cross-origin\" allowfullscreen><\/iframe>\n<\/div><\/figure>\n<\/div>\n<\/div>\n\n<div class=\"wp-block-columns is-layout-flex wp-container-core-columns-is-layout-28f84493 wp-block-columns-is-layout-flex\">\n<div class=\"wp-block-column is-layout-flow wp-block-column-is-layout-flow\">\n<figure class=\"wp-block-image aligncenter size-full is-resized\"><img decoding=\"async\" width=\"600\" height=\"600\" src=\"https:\/\/obera.fr\/wp-content\/uploads\/2023\/04\/zone-logstique.png\" alt=\"logistick&#xE1; oblast\" class=\"wp-image-20904\" style=\"width:450px;height:450px\" srcset=\"https:\/\/obera.fr\/wp-content\/uploads\/2023\/04\/zone-logstique.png 600w, https:\/\/obera.fr\/wp-content\/uploads\/2023\/04\/zone-logstique-300x300.png 300w, https:\/\/obera.fr\/wp-content\/uploads\/2023\/04\/zone-logstique-150x150.png 150w\" sizes=\"(max-width: 600px) 100vw, 600px\" \/><figcaption class=\"wp-element-caption\"><em>Logistick\u00e1 z\u00f3na<\/em><\/figcaption><\/figure>\n<\/div>\n\n\n\n<div class=\"wp-block-column is-layout-flow wp-block-column-is-layout-flow\">\n<figure class=\"wp-block-image aligncenter size-full is-resized\"><img decoding=\"async\" width=\"600\" height=\"600\" src=\"https:\/\/obera.fr\/wp-content\/uploads\/2023\/04\/zone-industrielle.png\" alt=\"pr&#x16F;myslov&#xE1; z&#xF3;na\" class=\"wp-image-20907\" style=\"width:450px;height:450px\" srcset=\"https:\/\/obera.fr\/wp-content\/uploads\/2023\/04\/zone-industrielle.png 600w, https:\/\/obera.fr\/wp-content\/uploads\/2023\/04\/zone-industrielle-300x300.png 300w, https:\/\/obera.fr\/wp-content\/uploads\/2023\/04\/zone-industrielle-150x150.png 150w\" sizes=\"(max-width: 600px) 100vw, 600px\" \/><figcaption class=\"wp-element-caption\"><em>Velk\u00e1 pr\u016fmyslov\u00e1 z\u00f3na<\/em><\/figcaption><\/figure>\n<\/div>\n<\/div>\n\n<h2 class=\"wp-block-heading\">Snadn\u00e9 pou\u017eit\u00ed mobiln\u00edho adiabatick\u00e9ho chladi\u010de<\/h2>\n\n<p>Napl\u0148te n\u00e1dr\u017eku na vodu, zapojte chladni\u010dku do z\u00e1suvky, stiskn\u011bte d\u00e1lkov\u00e9 ovl\u00e1d\u00e1n\u00ed a proces chlazen\u00ed se spust\u00ed.<\/p>\n\n<p><strong> Mobiln\u00ed odpa\u0159ovac\u00ed chladi\u010d distribuuje <\/strong>chlazen\u00fd vzduch jednoduch\u00fdm p\u0159esunem vzduchu z ochlazovan\u00e9ho objemu. Pro urychlen\u00ed distribuce proudu \u010derstv\u00e9ho vzduchu lze p\u0159idat i funkci zamet\u00e1n\u00ed. Zv\u00fd\u0161en\u00ed v\u00fdkonu v\u011btr\u00e1n\u00ed lze nav\u00edc vyu\u017e\u00edt v situac\u00edch, kdy se velmi <strong>rychl\u00e9<\/strong>ochlazen\u00ed <strong>hork\u00e9ho objemu<\/strong>st\u00e1v\u00e1 prioritou z d\u016fvodu bezpe\u010dnosti nebo produktivity, nap\u0159\u00edklad u p\u0159eh\u0159\u00e1t\u00e9ho stroje nebo p\u0159eh\u0159\u00e1t\u00e9ho prostoru. P\u0159i chlazen\u00ed vn\u011bj\u0161\u00edho stanu umo\u017e\u0148uje p\u0159id\u00e1n\u00ed flexibiln\u00ed hadice v p\u0159\u00edpad\u011b pot\u0159eby <strong>um\u00edstit chladi\u010d ven<\/strong>.   <\/p>\n\n<p>Mobiln\u00ed odpa\u0159ovac\u00ed chladi\u010d je navr\u017een tak, aby se snadno a rychle p\u0159em\u00edstil do prostoru, kter\u00fd m\u00e1 b\u00fdt ochlazov\u00e1n. Kole\u010dka, zmen\u0161en\u00e1 \u0161\u00ed\u0159ka, kompaktn\u00ed objem a n\u00edzk\u00e1 hmotnost p\u0159isp\u00edvaj\u00ed k man\u00e9vrovatelnosti jednotky, co\u017e j\u00ed umo\u017e\u0148uje proj\u00ed\u017ed\u011bt \u00fazk\u00fdmi pr\u016fchody (dve\u0159e, chodba, p\u0159\u00edstupov\u00e1 rampa) a n\u00e1sledn\u011b snadno upravit <strong>polohu chladi\u010de<\/strong> tak, aby bylo dosa\u017eeno \u00fa\u010dinn\u00e9ho proud\u011bn\u00ed chladn\u00e9ho vzduchu nad ochlazovanou plochou. <\/p>\n\n<p><strong>N\u00e1dr\u017e je navr\u017eena tak, <\/strong>aby mohla autonomn\u011b fungovat 10 a\u017e 12 hodin. D\u00edky tomu je mo\u017en\u00e9 chladit <strong>lehkou konstrukci venku<\/strong> nebo se b\u011bhem pracovn\u00edho dne n\u011bkolikr\u00e1t pohybovat po staveni\u0161ti, ani\u017e by bylo nutn\u00e9 hledat v bl\u00edzkosti odb\u011brn\u00e1 m\u00edsta vody. Pokud je poloha chladi\u010de trvale fixov\u00e1na, zaji\u0161\u0165uje jeho p\u0159ipojen\u00ed ke standardn\u00edmu vodovodn\u00edmu kohoutku<strong> st\u00e1l\u00fd p\u0159\u00edsun vody,<\/strong> regulovan\u00fd plov\u00e1kem.  <\/p>\n\n<p>Elekt\u0159ina je dod\u00e1v\u00e1na prost\u0159ednictv\u00edm<strong> standardn\u00ed jednof\u00e1zov\u00e9 z\u00e1suvky uvnit\u0159 budovy<\/strong>. Venku se p\u0159ipojuje k mobiln\u00edmu zdroji nebo k jednof\u00e1zov\u00e9mu gener\u00e1toru, stejn\u011b jako v\u0161echna elektrick\u00e1 za\u0159\u00edzen\u00ed ur\u010den\u00e1 pro venkovn\u00ed pou\u017eit\u00ed. <\/p>\n\n<h2 class=\"wp-block-heading\">Z\u00e1v\u011br: Mobiln\u00ed adiabatick\u00fd chladi\u010d p\u0159edstavuje \u0159e\u0161en\u00ed pro v\u011bt\u0161inu situac\u00ed.<\/h2>\n\n<p><strong>Mobiln\u00ed adiabatick\u00fd chladi\u010d<\/strong> kombinuje rozmanitost a flexibilitu pou\u017eit\u00ed s jednoduch\u00fdm a praktick\u00fdm ovl\u00e1d\u00e1n\u00edm. Spl\u0148uje tak \u0161irokou \u0161k\u00e1lu pot\u0159eb a aplikac\u00ed a z\u00e1rove\u0148 poskytuje tepeln\u00fd komfort a ekologick\u00e9 a ekonomick\u00e9 v\u00fdhody adiabatick\u00e9ho chlazen\u00ed. <\/p>\n\n<p>Jeho cenov\u00e1 v\u00fdhodnost a v\u0161udyp\u0159\u00edtomnost znamen\u00e1, \u017ee zam\u011bstnavatel\u00e9 si mohou b\u00fdt jisti <strong>n\u00e1kupem n\u011bkolika jednotek<\/strong>, proto\u017ee je mohou pou\u017e\u00edvat spole\u010dn\u011b nebo samostatn\u011b, v z\u00e1vislosti na r\u016fzn\u00fdch tepeln\u00fdch situac\u00edch, kter\u00e9 pot\u0159ebuj\u00ed \u0159e\u0161it. Lze je pou\u017e\u00edt bu\u010f pro trval\u00e9 chlazen\u00ed konkr\u00e9tn\u00edch hork\u00fdch z\u00f3n nebo velk\u00fdch objem\u016f, nebo pro postupn\u00e9 chlazen\u00ed r\u016fzn\u00fdch prostor v r\u00e1mci podniku (logistick\u00e1 hala, n\u00e1v\u011bs n\u00e1kladn\u00edho automobilu, recep\u010dn\u00ed terasa, stan atd.). <\/p>\n\n<div style=\"height:20px\" aria-hidden=\"true\" class=\"wp-block-spacer\"><\/div>\n\n<div class=\"wp-block-buttons is-content-justification-center is-layout-flex wp-container-core-buttons-is-layout-a89b3969 wp-block-buttons-is-layout-flex\">\n<div class=\"wp-block-button\"><a class=\"wp-block-button__link wp-element-button\" href=\"https:\/\/obera.fr\/cs\/contact\/\">POT\u0158EBUJETE INDIVIDU\u00c1LN\u00cd RADU?<\/a><\/div>\n<\/div>\n","protected":false},"excerpt":{"rendered":"<p>Podstatou mobiln\u00edho odpa\u0159ovac\u00edho chladi\u010de je flexibilita. D\u00edky sv\u00e9 mobilit\u011b se d\u00e1 pou\u017e\u00edt v \u0161irok\u00e9 \u0161k\u00e1le situac\u00ed, kdy je nezbytn\u00e9 chladit pracovn\u00ed prost\u0159ed\u00ed. Jde o prostorovou a \u010dasovou mobilitu.<\/p>\n","protected":false},"author":4,"featured_media":89654,"comment_status":"closed","ping_status":"closed","sticky":false,"template":"","format":"standard","meta":{"_acf_changed":false,"_seopress_robots_primary_cat":"none","_seopress_titles_title":"Mobiln\u00ed adiabatick\u00fd chladi\u010d: flexibiln\u00ed \u0159e\u0161en\u00ed pro pr\u016fmysl","_seopress_titles_desc":"Krom\u011b r\u016fzn\u00fdch v\u00fdhod adiabatick\u00e9ho chladi\u010de je to tak\u00e9 flexibiln\u00ed a praktick\u00e9 \u0159e\u0161en\u00ed pro pr\u016fmysl p\u0159i vysok\u00fdch teplot\u00e1ch.","_seopress_robots_index":"","footnotes":""},"categories":[310],"tags":[113],"class_list":["post-42681","post","type-post","status-publish","format-standard","has-post-thumbnail","hentry","category-nase-rady","tag-entete-male","generate-columns","tablet-grid-50","mobile-grid-100","grid-parent","grid-50","no-featured-image-padding","resize-featured-image"],"acf":[],"_links":{"self":[{"href":"https:\/\/obera.fr\/cs\/wp-json\/wp\/v2\/posts\/42681","targetHints":{"allow":["GET"]}}],"collection":[{"href":"https:\/\/obera.fr\/cs\/wp-json\/wp\/v2\/posts"}],"about":[{"href":"https:\/\/obera.fr\/cs\/wp-json\/wp\/v2\/types\/post"}],"author":[{"embeddable":true,"href":"https:\/\/obera.fr\/cs\/wp-json\/wp\/v2\/users\/4"}],"replies":[{"embeddable":true,"href":"https:\/\/obera.fr\/cs\/wp-json\/wp\/v2\/comments?post=42681"}],"version-history":[{"count":3,"href":"https:\/\/obera.fr\/cs\/wp-json\/wp\/v2\/posts\/42681\/revisions"}],"predecessor-version":[{"id":89699,"href":"https:\/\/obera.fr\/cs\/wp-json\/wp\/v2\/posts\/42681\/revisions\/89699"}],"wp:featuredmedia":[{"embeddable":true,"href":"https:\/\/obera.fr\/cs\/wp-json\/wp\/v2\/media\/89654"}],"wp:attachment":[{"href":"https:\/\/obera.fr\/cs\/wp-json\/wp\/v2\/media?parent=42681"}],"wp:term":[{"taxonomy":"category","embeddable":true,"href":"https:\/\/obera.fr\/cs\/wp-json\/wp\/v2\/categories?post=42681"},{"taxonomy":"post_tag","embeddable":true,"href":"https:\/\/obera.fr\/cs\/wp-json\/wp\/v2\/tags?post=42681"}],"curies":[{"name":"wp","href":"https:\/\/api.w.org\/{rel}","templated":true}]}}