{"id":42839,"date":"2023-04-18T10:12:23","date_gmt":"2023-04-18T08:12:23","guid":{"rendered":"https:\/\/obera.fr\/non-classifiee\/mobilni-adiabaticky-chladic-splnuje-pozadavky-na-nouzove-chlazeni-a-docasne-potreby\/"},"modified":"2025-04-25T09:58:05","modified_gmt":"2025-04-25T07:58:05","slug":"le-rafraichisseur-adiabatique-mobile-repond-aux-situations-de-rafraichissement-durgence-et-aux-besoins-temporaires","status":"publish","type":"post","link":"https:\/\/obera.fr\/cs\/nase-rady\/le-rafraichisseur-adiabatique-mobile-repond-aux-situations-de-rafraichissement-durgence-et-aux-besoins-temporaires\/","title":{"rendered":"Mobiln\u00ed adiabatick\u00fd chladi\u010d spl\u0148uje po\u017eadavky na nouzov\u00e9 chlazen\u00ed a do\u010dasn\u00e9 pot\u0159eby."},"content":{"rendered":"\n<p>Nen\u00ed pochyb o tom, \u017ee <strong>zm\u011bna klimatu zp\u016fsobuje ka\u017edoro\u010dn\u011b v\u011bt\u0161\u00ed horka<\/strong> a neo\u010dek\u00e1van\u00e9 vlny veder.<\/p>\n\n<p>Tato nahodil\u00e1 obdob\u00ed mohou <strong>p\u0159et\u00ed\u017eit obvykl\u00fd chladic\u00ed syst\u00e9m na staveni\u0161ti<\/strong>. To vede k hrani\u010dn\u00edm situac\u00edm, kter\u00e9 je t\u0159eba velmi rychle \u0159e\u0161it. Pracovn\u00edci ztr\u00e1cej\u00ed produktivitu a riskuj\u00ed sv\u00e9 zdrav\u00ed (vyd\u00fdchan\u00fd vzduch, hor\u0161\u00ed pracovn\u00ed podm\u00ednky). <strong>Provoz za\u0159\u00edzen\u00ed se st\u00e1v\u00e1 nejist\u00fdm <\/strong>(elektrostatick\u00e9 riziko, riziko p\u0159eh\u0159\u00e1t\u00ed) s d\u016fsledky pro v\u00fdrobu.   <\/p>\n\n<p>Na str\u00e1nk\u00e1ch<strong> <\/strong>\u0159e\u0161en\u00edm tohoto probl\u00e9mu jsou mobiln\u00ed adiabatick\u00e9 chladi\u010de. Instalace trv\u00e1 pouh\u00fdch 5 minut. Jsou okam\u017eit\u011b p\u0159ipraveny k pou\u017eit\u00ed. Chladn\u00fd vzduch se vyr\u00e1b\u00ed velmi rychle. Rychle spl\u0148uj\u00ed nejr\u016fzn\u011bj\u0161\u00ed po\u017eadavky na chlazen\u00ed. <a href=\"https:\/\/obera.fr\/cs\/nase-rady\/le-rafraichissement-adiabatique-savere-un-mode-de-climatisation-tres-economique\/\">Lze<\/a> je p\u0159izp\u016fsobit \u0161irok\u00e9 \u0161k\u00e1le probl\u00e9m\u016f, <strong>s<\/strong> nimi\u017e <strong>se podniky pot\u00fdkaj\u00ed v hork\u00e9m po\u010das\u00ed<\/strong>.     <\/p>\n\n<p>Jsou um\u00edst\u011bny na nejr\u016fzn\u011bj\u0161\u00edch m\u00edstech. Pro sou\u010dasn\u00e9 \u0159e\u0161en\u00ed mimo\u0159\u00e1dn\u00fdch ud\u00e1lost\u00ed na r\u016fzn\u00fdch m\u00edstech lze instalovat n\u011bkolik <strong>mobiln\u00edch adiabatick\u00fdch chladi\u010d\u016f<\/strong>. M\u011bn\u00ed se priority chlazen\u00ed? Mobiln\u00ed odpa\u0159ovac\u00ed chladi\u010d je mo\u017en\u00e9 okam\u017eit\u011b p\u0159em\u00edstit.   <\/p>\n\n<div class=\"wp-block-columns is-layout-flex wp-container-core-columns-is-layout-28f84493 wp-block-columns-is-layout-flex\">\n<div class=\"wp-block-column is-layout-flow wp-block-column-is-layout-flow\" style=\"flex-basis:50%\">\n<p>Mobiln\u00ed <a href=\"https:\/\/obera.fr\/cs\/nase-rady\/comment-fonctionne-un-rafraichisseur-adiabatique\/\">adiabatick\u00fd chladi\u010d<\/a> vyhovuje tak\u00e9 <strong>do\u010dasn\u00fdm, jednor\u00e1zov\u00fdm pot\u0159eb\u00e1m<\/strong>, obvykle spojen\u00fdm s akc\u00ed, kterou spole\u010dnost pl\u00e1nuje ve sv\u00e9m are\u00e1lu. V l\u00e9t\u011b se akce obvykle kon\u00e1 v neizolovan\u00e9m venkovn\u00edm prostoru (terasa, stan, terasa). B\u011bhem vlny veder <strong>se<\/strong> \u00fa\u010dastn\u00edci mohou <strong>ocitnout v nep\u0159\u00edjemn\u00e9m prost\u0159ed\u00ed,<\/strong> kter\u00e9 je na \u00fakor c\u00edl\u016f akce. Adiabatick\u00e9 chlazen\u00ed je pro tento typ situac\u00ed ide\u00e1ln\u00ed, proto\u017ee dokonale funguje ve vysoce v\u011btran\u00e9m prost\u0159ed\u00ed.   <\/p>\n\n\n\n<p>Pokud proces rozhodov\u00e1n\u00ed, zda<strong>investovat v r\u00e1mci spole\u010dnosti<\/strong>, trv\u00e1 dlouho, v nouzov\u00e9 situaci se rozhodneme pro pron\u00e1jem. Pron\u00e1jem lze vyu\u017e\u00edt i na zku\u0161ebn\u00ed dobu b\u011bhem tepl\u00e9 sez\u00f3ny. Toho lze vyu\u017e\u00edt ke <strong>zji\u0161t\u011bn\u00ed pot\u0159eb spole\u010dnosti v oblasti adiabatick\u00e9ho chlazen\u00ed<\/strong> a k p\u0159\u00edprav\u011b investi\u010dn\u00edho projektu.  <\/p>\n<\/div>\n\n\n\n<div class=\"wp-block-column is-layout-flow wp-block-column-is-layout-flow\" style=\"flex-basis:50%\">\n<figure class=\"wp-block-embed is-type-video is-provider-youtube wp-block-embed-youtube wp-embed-aspect-16-9 wp-has-aspect-ratio\"><div class=\"wp-block-embed__wrapper\">\n<iframe title=\"Rafraichisseur d&#039;air - Gamme IC - OberA\" width=\"1200\" height=\"675\" src=\"https:\/\/www.youtube.com\/embed\/NG-Ssy2oM70?feature=oembed\" frameborder=\"0\" allow=\"accelerometer; autoplay; clipboard-write; encrypted-media; gyroscope; picture-in-picture; web-share\" referrerpolicy=\"strict-origin-when-cross-origin\" allowfullscreen><\/iframe>\n<\/div><\/figure>\n<\/div>\n<\/div>\n\n<div style=\"height:20px\" aria-hidden=\"true\" class=\"wp-block-spacer\"><\/div>\n\n<div class=\"wp-block-buttons is-content-justification-center is-layout-flex wp-container-core-buttons-is-layout-a89b3969 wp-block-buttons-is-layout-flex\">\n<div class=\"wp-block-button\"><a class=\"wp-block-button__link wp-element-button\" href=\"https:\/\/obera.fr\/cs\/contact\/\">POT\u0158EBUJETE INDIVIDU\u00c1LN\u00cd RADU?<\/a><\/div>\n<\/div>\n","protected":false},"excerpt":{"rendered":"<p>Nen\u00ed pochyb o tom, \u017ee zm\u011bna klimatu zp\u016fsobuje ka\u017edoro\u010dn\u011b v\u011bt\u0161\u00ed horka a neo\u010dek\u00e1van\u00e9 vlny veder. Tato nahodil\u00e1 obdob\u00ed mohou p\u0159et\u00ed\u017eit obvykl\u00fd chladic\u00ed syst\u00e9m na staveni\u0161ti.  <\/p>\n","protected":false},"author":4,"featured_media":89774,"comment_status":"closed","ping_status":"closed","sticky":false,"template":"","format":"standard","meta":{"_acf_changed":false,"_seopress_robots_primary_cat":"none","_seopress_titles_title":"Mobiln\u00ed adiabatick\u00e9 chladi\u010de: odpov\u011b\u010f na nal\u00e9hav\u00e9 pot\u0159eby","_seopress_titles_desc":"Adiabatick\u00fd chladi\u010d je \u00fa\u010dinn\u00fdm \u0159e\u0161en\u00edm pro nouzov\u00e9 situace a do\u010dasn\u00e9 po\u017eadavky na klimatizaci.","_seopress_robots_index":"","footnotes":""},"categories":[310],"tags":[113],"class_list":["post-42839","post","type-post","status-publish","format-standard","has-post-thumbnail","hentry","category-nase-rady","tag-entete-male","generate-columns","tablet-grid-50","mobile-grid-100","grid-parent","grid-50","no-featured-image-padding","resize-featured-image"],"acf":[],"_links":{"self":[{"href":"https:\/\/obera.fr\/cs\/wp-json\/wp\/v2\/posts\/42839","targetHints":{"allow":["GET"]}}],"collection":[{"href":"https:\/\/obera.fr\/cs\/wp-json\/wp\/v2\/posts"}],"about":[{"href":"https:\/\/obera.fr\/cs\/wp-json\/wp\/v2\/types\/post"}],"author":[{"embeddable":true,"href":"https:\/\/obera.fr\/cs\/wp-json\/wp\/v2\/users\/4"}],"replies":[{"embeddable":true,"href":"https:\/\/obera.fr\/cs\/wp-json\/wp\/v2\/comments?post=42839"}],"version-history":[{"count":3,"href":"https:\/\/obera.fr\/cs\/wp-json\/wp\/v2\/posts\/42839\/revisions"}],"predecessor-version":[{"id":89806,"href":"https:\/\/obera.fr\/cs\/wp-json\/wp\/v2\/posts\/42839\/revisions\/89806"}],"wp:featuredmedia":[{"embeddable":true,"href":"https:\/\/obera.fr\/cs\/wp-json\/wp\/v2\/media\/89774"}],"wp:attachment":[{"href":"https:\/\/obera.fr\/cs\/wp-json\/wp\/v2\/media?parent=42839"}],"wp:term":[{"taxonomy":"category","embeddable":true,"href":"https:\/\/obera.fr\/cs\/wp-json\/wp\/v2\/categories?post=42839"},{"taxonomy":"post_tag","embeddable":true,"href":"https:\/\/obera.fr\/cs\/wp-json\/wp\/v2\/tags?post=42839"}],"curies":[{"name":"wp","href":"https:\/\/api.w.org\/{rel}","templated":true}]}}