{"id":43006,"date":"2023-04-18T10:02:38","date_gmt":"2023-04-18T08:02:38","guid":{"rendered":"https:\/\/obera.fr\/non-classifiee\/jak-zakonik-prace-vyzaduje-aby-byla-pracoviste-aktualizovana\/"},"modified":"2025-04-23T09:13:20","modified_gmt":"2025-04-23T07:13:20","slug":"code-du-travail-et-canicule-lobligation-de-rafraichir-les-locaux","status":"publish","type":"post","link":"https:\/\/obera.fr\/cs\/nase-rady\/code-du-travail-et-canicule-lobligation-de-rafraichir-les-locaux\/","title":{"rendered":"Jak z\u00e1kon\u00edk pr\u00e1ce vy\u017eaduje, aby byla pracovi\u0161t\u011b aktualizov\u00e1na?"},"content":{"rendered":"\n<p><strong> V<\/strong> souvislosti se zm\u011bnou klimatu<strong> se Francie pot\u00fdk\u00e1 s intenzivn\u011bj\u0161\u00edmi a \u010dast\u011bj\u0161\u00edmi vlnami veder<\/strong>. Podle M\u00e9t\u00e9o France p\u0159ed rokem 1989 Francie za\u017eila v pr\u016fm\u011bru 1,7 dne vln veder ro\u010dn\u011b. V posledn\u00edm desetilet\u00ed se tento po\u010det zv\u00fd\u0161il na 9,4 dne. M\u00e9t\u00e9o France p\u0159edpov\u00edd\u00e1, \u017ee do roku 2050 se vlny veder zdvojn\u00e1sob\u00ed.   <\/p>\n\n<p>Tato obdob\u00ed intenzivn\u00edho horka zp\u016fsobuj\u00ed <strong>abnorm\u00e1ln\u011b vysok\u00e9 teploty<\/strong> a p\u0159edstavuj\u00ed zdravotn\u00ed riziko pro pracovn\u00edky. Hroz\u00ed dehydratace, vy\u010derp\u00e1n\u00ed, \u00fapal atd. Tato rizika se mohou projevit ji\u017e v prvn\u00edch dnech horka. <\/p>\n\n<p>Francouzsk\u00fd <strong>z\u00e1kon\u00edk pr\u00e1ce<\/strong> stanov\u00ed, \u017ee zam\u011bstnavatel mus\u00ed p\u0159ijmout nezbytn\u00e1 opat\u0159en\u00ed k zaji\u0161t\u011bn\u00ed bezpe\u010dnosti a <a href=\"https:\/\/obera.fr\/cs\/nase-rady\/qualite-de-lair-etablissements-de-sante\/\">ochrany zdrav\u00ed zam\u011bstnanc\u016f v<\/a> souvislosti se zvy\u0161ov\u00e1n\u00edm teploty. Tato opat\u0159en\u00ed se t\u00fdkaj\u00ed : <\/p>\n\n<ul class=\"wp-block-list\">\n<li><strong>instalace ventilace<\/strong> v souladu s p\u0159edpisy (\u010dl\u00e1nek R4222-1 francouzsk\u00e9ho z\u00e1kon\u00edku pr\u00e1ce).<\/li>\n\n\n\n<li><strong>poskytuje zam\u011bstnanc\u016fm <\/strong>ochranu p\u0159ed extr\u00e9mn\u00edm teplem.<\/li>\n\n\n\n<li><strong>\u010cerstv\u00e1 voda zdarma.<\/strong><\/li>\n<\/ul>\n\n<p>Zam\u011bstnavatel tato opat\u0159en\u00ed upravuje odkazem na syst\u00e9m <strong>meteorologick\u00e9 bd\u011blosti M\u00e9t\u00e9o France <\/strong>, kter\u00fd varuje p\u0159ed vlnami veder p\u0159edstavuj\u00edc\u00edmi zdravotn\u00ed riziko. Tento syst\u00e9m je charakterizov\u00e1n teplotn\u00edmi prahov\u00fdmi hodnotami podle jednotliv\u00fdch departement\u016f, kter\u00e9 nesm\u00ed b\u00fdt p\u0159ekro\u010deny. <\/p>\n\n<figure class=\"wp-block-image aligncenter size-full is-resized\"><img decoding=\"async\" width=\"500\" height=\"500\" src=\"https:\/\/obera.fr\/wp-content\/uploads\/2023\/06\/france_ete-1.png\" alt=\"Francie ete 1\" class=\"wp-image-23220\" style=\"width:375px;height:375px\" srcset=\"https:\/\/obera.fr\/wp-content\/uploads\/2023\/06\/france_ete-1.png 500w, https:\/\/obera.fr\/wp-content\/uploads\/2023\/06\/france_ete-1-300x300.png 300w, https:\/\/obera.fr\/wp-content\/uploads\/2023\/06\/france_ete-1-150x150.png 150w\" sizes=\"(max-width: 500px) 100vw, 500px\" \/><\/figure>\n\n<p><strong>Modr\u00e1 v\u00fdstraha:<\/strong> <strong>vrchol <\/strong>intenzivn\u00edho <strong>horka <\/strong>po dobu 1 nebo 2 dn\u016f p\u0159ekra\u010duj\u00edc\u00ed prahovou hodnotu nebo <strong>p\u0159etrv\u00e1vaj\u00edc\u00ed epizoda horka<\/strong> (v\u00edce ne\u017e 3 dny) s teplotami bl\u00edzk\u00fdmi resortn\u00ed prahov\u00e9 hodnot\u011b. Tyto ud\u00e1losti p\u0159edstavuj\u00ed zdravotn\u00ed riziko pro pracovn\u00edky nadm\u011brn\u011b vystaven\u00e9 horku v prost\u0159ed\u00ed, jako jsou barv\u00edrny, pr\u00e1delny, kuchyn\u011b, sl\u00e9v\u00e1rny atd. Instalace mobiln\u00edch chladi\u010d\u016f v bl\u00edzkosti nadm\u011brn\u011b exponovan\u00fdch pracovn\u00edk\u016f je rychl\u00fdm a \u00fa\u010dinn\u00fdm \u0159e\u0161en\u00edm.  <\/p>\n\n<p><strong>Oran\u017eov\u00e1 v\u00fdstraha:<\/strong> <strong>vlna veder<\/strong> trvaj\u00edc\u00ed 3 po sob\u011b jdouc\u00ed dny a noci p\u0159ekra\u010duj\u00edc\u00ed minim\u00e1ln\u00ed a maxim\u00e1ln\u00ed prahov\u00e9 hodnoty. I zde je rychl\u00fdm a vhodn\u00fdm \u0159e\u0161en\u00edm <a href=\"https:\/\/obera.fr\/cs\/nase-rada\/mobilni-adiabaticke-chladice-vzduchu-flexibilni-a-prakticke-reseni-pro-prumyslove-aplikace\/\">mobiln\u00ed adiabatick\u00fd chladi\u010d<\/a> pro pracovn\u00edky vystaven\u00e9 horku v d\u016fsledku jejich fyzick\u00e9 aktivity nebo tepeln\u00e9ho prost\u0159ed\u00ed na pracovi\u0161ti. <\/p>\n\n<p><strong>\u010cerven\u00fd poplach<\/strong> <strong>: extr\u00e9mn\u00ed vlna veder. <\/strong>Vlna veder v\u00fdjime\u010dn\u00e1 svou d\u00e9lkou trv\u00e1n\u00ed a intenzitou, s p\u0159it\u011b\u017euj\u00edc\u00edmi faktory, kter\u00e9 maj\u00ed z\u00e1sadn\u00ed dopad na zdrav\u00ed v\u0161ech typ\u016f zam\u011bstnanc\u016f a kter\u00e9 mohou m\u00edt vedlej\u0161\u00ed \u00fa\u010dinky z hlediska kontinuity podnik\u00e1n\u00ed.<\/p>\n\n<div class=\"wp-block-columns is-layout-flex wp-container-core-columns-is-layout-28f84493 wp-block-columns-is-layout-flex\">\n<div class=\"wp-block-column is-layout-flow wp-block-column-is-layout-flow\" style=\"flex-basis:50%\">\n<p>\u010cerven\u00fd poplach automaticky generuje regula\u010dn\u00ed povinnosti. Zam\u011bstnavatel mus\u00ed ka\u017ed\u00fd den p\u0159ehodnotit rizika pro zam\u011bstnance s ohledem na: zm\u011bny teploty b\u011bhem dne, charakter pr\u00e1ce a v\u011bk a zdravotn\u00ed stav zam\u011bstnanc\u016f. Pokud tak zam\u011bstnavatel neu\u010din\u00ed, m\u016f\u017ee se zam\u011bstnanec obr\u00e1tit na inspektor\u00e1t pr\u00e1ce nebo na soci\u00e1ln\u00ed a hospod\u00e1\u0159sk\u00fd v\u00fdbor nebo m\u016f\u017ee vyu\u017e\u00edt sv\u00e9ho pr\u00e1va na odstoupen\u00ed od smlouvy.<\/p>\n\n\n\n<p>V p\u0159\u00edpad\u011b \u010derven\u00e9ho poplachu<strong>mus\u00ed zam\u011bstnavatel\u00e9<\/strong> reagovat rychle. \u0158e\u0161en\u00edm tohoto probl\u00e9mu je pron\u00e1jem osv\u011b\u017eova\u010d\u016f vzduchu. \u010c\u00edm vy\u0161\u0161\u00ed teplota, t\u00edm \u00fa\u010dinn\u011bj\u0161\u00ed osv\u011b\u017eova\u010d. V p\u0159\u00edpad\u011b \u010derven\u00e9ho poplachu mus\u00ed m\u00edt ochlazova\u010d dostate\u010dn\u011b vysok\u00fd pr\u016ftok vzduchu, aby udr\u017eel p\u0159\u00edjemnou teplotu. Pro \u00fa\u010dinn\u00fd boj s extr\u00e9mn\u00ed vlnou veder si m\u016f\u017eete pronajmout i n\u011bkolik ochlazova\u010d\u016f.    <\/p>\n<\/div>\n\n\n\n<div class=\"wp-block-column is-layout-flow wp-block-column-is-layout-flow\" style=\"flex-basis:50%\">\n<figure class=\"wp-block-embed is-type-video is-provider-youtube wp-block-embed-youtube wp-embed-aspect-16-9 wp-has-aspect-ratio\"><div class=\"wp-block-embed__wrapper\">\n<iframe title=\"Rafraichisseur d&#039;air - Gamme IC - OberA\" width=\"1200\" height=\"675\" src=\"https:\/\/www.youtube.com\/embed\/NG-Ssy2oM70?feature=oembed\" frameborder=\"0\" allow=\"accelerometer; autoplay; clipboard-write; encrypted-media; gyroscope; picture-in-picture; web-share\" referrerpolicy=\"strict-origin-when-cross-origin\" allowfullscreen><\/iframe>\n<\/div><\/figure>\n<\/div>\n<\/div>\n\n<div style=\"height:20px\" aria-hidden=\"true\" class=\"wp-block-spacer\"><\/div>\n\n<div class=\"wp-block-buttons is-content-justification-center is-layout-flex wp-container-core-buttons-is-layout-a89b3969 wp-block-buttons-is-layout-flex\">\n<div class=\"wp-block-button\"><a class=\"wp-block-button__link wp-element-button\" href=\"https:\/\/obera.fr\/cs\/contact\/\">POT\u0158EBUJETE INDIVIDU\u00c1LN\u00cd RADU?<\/a><\/div>\n<\/div>\n","protected":false},"excerpt":{"rendered":"<p>V souvislosti se zm\u011bnou klimatu se Francie pot\u00fdk\u00e1 s intenzivn\u011bj\u0161\u00edmi a \u010dast\u011bj\u0161\u00edmi obdob\u00edmi veder. Podle M\u00e9t\u00e9o France p\u0159ed rokem 1989 Francie trp\u011bla vlnami veder v pr\u016fm\u011bru 1,7 dne ro\u010dn\u011b. Za posledn\u00edch deset let to bylo 9,4 dne. M\u00e9t\u00e9o France p\u0159edpov\u00edd\u00e1, \u017ee do roku 2050 se vlny veder zdvojn\u00e1sob\u00ed.<\/p>\n","protected":false},"author":4,"featured_media":85442,"comment_status":"closed","ping_status":"closed","sticky":false,"template":"","format":"standard","meta":{"_acf_changed":false,"_seopress_robots_primary_cat":"none","_seopress_titles_title":"Vy\u017eaduje z\u00e1kon\u00edk pr\u00e1ce ob\u010derstven\u00ed na pracovi\u0161ti?","_seopress_titles_desc":"Podle z\u00e1kon\u00edku pr\u00e1ce jsou zam\u011bstnavatel\u00e9 povinni zajistit, aby v p\u0159\u00edpad\u011b vlny veder byly jejich prostory chladn\u00e9. Zjist\u011bte, jak\u00e1 opat\u0159en\u00ed je t\u0159eba zav\u00e9st.","_seopress_robots_index":"","footnotes":""},"categories":[310],"tags":[113],"class_list":["post-43006","post","type-post","status-publish","format-standard","has-post-thumbnail","hentry","category-nase-rady","tag-entete-male","generate-columns","tablet-grid-50","mobile-grid-100","grid-parent","grid-50","no-featured-image-padding","resize-featured-image"],"acf":[],"_links":{"self":[{"href":"https:\/\/obera.fr\/cs\/wp-json\/wp\/v2\/posts\/43006","targetHints":{"allow":["GET"]}}],"collection":[{"href":"https:\/\/obera.fr\/cs\/wp-json\/wp\/v2\/posts"}],"about":[{"href":"https:\/\/obera.fr\/cs\/wp-json\/wp\/v2\/types\/post"}],"author":[{"embeddable":true,"href":"https:\/\/obera.fr\/cs\/wp-json\/wp\/v2\/users\/4"}],"replies":[{"embeddable":true,"href":"https:\/\/obera.fr\/cs\/wp-json\/wp\/v2\/comments?post=43006"}],"version-history":[{"count":3,"href":"https:\/\/obera.fr\/cs\/wp-json\/wp\/v2\/posts\/43006\/revisions"}],"predecessor-version":[{"id":86128,"href":"https:\/\/obera.fr\/cs\/wp-json\/wp\/v2\/posts\/43006\/revisions\/86128"}],"wp:featuredmedia":[{"embeddable":true,"href":"https:\/\/obera.fr\/cs\/wp-json\/wp\/v2\/media\/85442"}],"wp:attachment":[{"href":"https:\/\/obera.fr\/cs\/wp-json\/wp\/v2\/media?parent=43006"}],"wp:term":[{"taxonomy":"category","embeddable":true,"href":"https:\/\/obera.fr\/cs\/wp-json\/wp\/v2\/categories?post=43006"},{"taxonomy":"post_tag","embeddable":true,"href":"https:\/\/obera.fr\/cs\/wp-json\/wp\/v2\/tags?post=43006"}],"curies":[{"name":"wp","href":"https:\/\/api.w.org\/{rel}","templated":true}]}}