{"id":43033,"date":"2023-04-18T09:57:36","date_gmt":"2023-04-18T07:57:36","guid":{"rendered":"https:\/\/obera.fr\/non-classifiee\/adiabaticky-chladic-je-bioklimaticke-zarizeni-setrne-k-zivotnimu-prostredi\/"},"modified":"2025-04-23T09:09:28","modified_gmt":"2025-04-23T07:09:28","slug":"le-rafraichisseur-adiabatique-represente-un-dispositif-bioclimatique-respectueux-de-lenvironnement","status":"publish","type":"post","link":"https:\/\/obera.fr\/cs\/nase-rady\/le-rafraichisseur-adiabatique-represente-un-dispositif-bioclimatique-respectueux-de-lenvironnement\/","title":{"rendered":"Adiabatick\u00fd chladi\u010d je bioklimatick\u00e9 za\u0159\u00edzen\u00ed \u0161etrn\u00e9 k \u017eivotn\u00edmu prost\u0159ed\u00ed."},"content":{"rendered":"\n<h2 class=\"wp-block-heading\">Adiabatick\u00fd chladi\u010d p\u0159isp\u00edv\u00e1 k \u00faspor\u00e1m energie<\/h2>\n\n<p><strong>Adiabatick\u00e9 chlazen\u00ed<\/strong> lze ozna\u010dit za energeticky nej\u00fa\u010dinn\u011bj\u0161\u00ed klimatiza\u010dn\u00ed syst\u00e9m na trhu.<\/p>\n\n<p>V\u011bt\u0161inu chladic\u00edho v\u00fdkonu chladi\u010de zaji\u0161\u0165uje<strong> p\u0159irozen\u00fd proces odpa\u0159ov\u00e1n\u00ed vody <\/strong>. Spot\u0159eba energie na v\u011btr\u00e1n\u00ed a cirkulaci vody p\u0159edstavuje pouze 5 % chladic\u00edho v\u00fdkonu. A jeho <strong>energetick\u00e1 \u00fa\u010dinnost<\/strong> je t\u00edm vy\u0161\u0161\u00ed, \u010d\u00edm teplej\u0161\u00ed je po\u010das\u00ed. Je to proto, \u017ee p\u0159i <strong>vy\u0161\u0161\u00edch teplot\u00e1ch se proces odpa\u0159ov\u00e1n\u00ed zrychluje,<\/strong> tak\u017ee se zvy\u0161uje mno\u017estv\u00ed tepla odebran\u00e9ho ze vzduchu. Chladic\u00ed v\u00fdkon chladi\u010de se zvy\u0161uje, zat\u00edmco spot\u0159eba energie spot\u0159ebi\u010de z\u016fst\u00e1v\u00e1 stejn\u00e1.    <\/p>\n\n<p>Nav\u00edc budovy s malou nebo \u017e\u00e1dnou izolac\u00ed nespot\u0159ebuj\u00ed <strong>v\u00fdrazn\u011b v\u00edce energie, <\/strong>proto\u017ee 95 % chladic\u00edho v\u00fdkonu adiabatick\u00e9ho syst\u00e9mu z\u00e1vis\u00ed na odpa\u0159ov\u00e1n\u00ed vody.<\/p>\n\n<div class=\"wp-block-columns is-layout-flex wp-container-core-columns-is-layout-28f84493 wp-block-columns-is-layout-flex\">\n<div class=\"wp-block-column is-layout-flow wp-block-column-is-layout-flow\" style=\"flex-basis:50%\">\n<p>Energie <strong>pot\u0159ebn\u00e1 pro elektromotory<\/strong>, kter\u00e9 poh\u00e1n\u011bj\u00ed vodn\u00ed a vzduchov\u00fd cyklus chladi\u010de, vy\u017eaduje velmi m\u00e1lo energie, a to jak p\u0159i spu\u0161t\u011bn\u00ed, tak b\u011bhem provozu. Energetick\u00e9 ztr\u00e1ty zp\u016fsoben\u00e9 mechanick\u00fdm t\u0159en\u00edm p\u0159i v\u011btr\u00e1n\u00ed a cirkulaci vody p\u0159edstavuj\u00ed d\u00edky jednoduch\u00e9 hardwarov\u00e9 konfiguraci pouze 5 %<strong> spot\u0159eby energie<\/strong>. <\/p>\n\n\n\n<p>Spot\u0159eba elekt\u0159iny samoz\u0159ejm\u011b z\u00e1vis\u00ed na rychlosti<strong> v\u011btr\u00e1n\u00ed a cirkulace vody<\/strong>. V z\u00e1vislosti na modelu se m\u016f\u017ee pohybovat mezi 1 a 3 kWh na ochlazen\u00ed plochy 250 m\u00b2. Celkov\u011b lze \u0159\u00edci, \u017ee <a href=\"https:\/\/obera.fr\/cs\/nase-rady\/comment-fonctionne-un-rafraichisseur-adiabatique\/\">adiabatick\u00fd chladi\u010d <\/a>je pro ka\u017ed\u00fd pr\u016fmyslov\u00fd podnik zdrojem \u00faspory energie na klimatizaci v hork\u00fdch obdob\u00edch.  <\/p>\n<\/div>\n\n\n\n<div class=\"wp-block-column is-layout-flow wp-block-column-is-layout-flow\" style=\"flex-basis:50%\">\n<figure class=\"wp-block-embed is-type-video is-provider-youtube wp-block-embed-youtube wp-embed-aspect-16-9 wp-has-aspect-ratio\"><div class=\"wp-block-embed__wrapper\">\n<iframe title=\"Rafraichisseur d&#039;air - Gamme IC - OberA\" width=\"1200\" height=\"675\" src=\"https:\/\/www.youtube.com\/embed\/NG-Ssy2oM70?feature=oembed\" frameborder=\"0\" allow=\"accelerometer; autoplay; clipboard-write; encrypted-media; gyroscope; picture-in-picture; web-share\" referrerpolicy=\"strict-origin-when-cross-origin\" allowfullscreen><\/iframe>\n<\/div><\/figure>\n<\/div>\n<\/div>\n\n<h2 class=\"wp-block-heading\">Adiabatick\u00e9 chlazen\u00ed se vyzna\u010duje m\u00edrnou spot\u0159ebou vody.<\/h2>\n\n<p><strong> Pr\u016fmyslov\u00e9 odv\u011btv\u00ed<\/strong> spot\u0159ebuje v pr\u016fm\u011bru 500 litr\u016f denn\u011b na jednoho pracovn\u00edka. Adiabatick\u00fd chladi\u010d odpa\u0159\u00ed 120 litr\u016f denn\u011b na <strong>m\u00edstnost o rozloze 250 m\u00b2.<\/strong> M\u00e1-li tato m\u00edstnost 12 pracovn\u00edch m\u00edst, \u010din\u00ed to 2 % pr\u016fm\u011brn\u00e9 denn\u00ed spot\u0159eby. <\/p>\n\n<p>N\u00edzk\u00e1 spot\u0159eba vody <strong>adiabatick\u00e9ho chladi\u010de<\/strong> nen\u00ed v rozporu s omezen\u00edmi pou\u017e\u00edv\u00e1n\u00ed vyhl\u00e1\u0161en\u00fdmi na letn\u00ed obdob\u00ed v souvislosti s glob\u00e1ln\u00edm oteplov\u00e1n\u00edm.<\/p>\n\n<p>Nav\u00edc<strong> voda spot\u0159ebovan\u00e1 ve form\u011b vodn\u00ed p\u00e1ry <\/strong>nen\u00ed p\u0159edm\u011btem pr\u016fmyslov\u00e9ho zne\u010di\u0161t\u011bn\u00ed, ale vrac\u00ed se zp\u011bt do atmosf\u00e9ry a pokra\u010duje ve sv\u00e9m p\u0159irozen\u00e9m kolob\u011bhu. Stejn\u011b tak m\u016f\u017ee b\u00fdt odv\u00e1d\u011bn\u00e1 voda vypou\u0161t\u011bna bez p\u0159ed\u010di\u0161t\u011bn\u00ed do <strong>syst\u00e9mu odpadn\u00edch vod pr\u016fmyslov\u00e9ho are\u00e1lu<\/strong>. <\/p>\n\n<h2 class=\"wp-block-heading\">Adiabatick\u00e9 chlazen\u00ed m\u00e1 n\u00edzkou ekologickou stopu<\/h2>\n\n<p>Zjistili jsme, \u017ee <strong>adiabatick\u00fd chladi\u010d pracuje s velmi n\u00edzkou spot\u0159ebou energie a vody<\/strong>. M\u00e1 m\u00edrnou uhl\u00edkovou stopu. <\/p>\n\n<figure class=\"wp-block-image alignright size-full is-resized\"><img decoding=\"async\" width=\"613\" height=\"441\" src=\"https:\/\/obera.fr\/wp-content\/uploads\/2024\/09\/ecologie.png\" alt=\"ruka dr&#x17E;&#xED;c&#xED; p&#x16F;du s rostouc&#xED; rostlinou\" class=\"wp-image-33973\" style=\"width:278px;height:auto\" srcset=\"https:\/\/obera.fr\/wp-content\/uploads\/2024\/09\/ecologie.png 613w, https:\/\/obera.fr\/wp-content\/uploads\/2024\/09\/ecologie-300x216.png 300w\" sizes=\"(max-width: 613px) 100vw, 613px\" \/><\/figure>\n\n<p>Adiabatick\u00fd chladi\u010d nepou\u017e\u00edv\u00e1 \u017e\u00e1dn\u00e1 chladiva, kter\u00e1 p\u0159isp\u00edvaj\u00ed ke zne\u010di\u0161t\u011bn\u00ed ovzdu\u0161\u00ed a ni\u010den\u00ed ozonov\u00e9 vrstvy. Jedin\u00fdm chladivem je vodn\u00ed p\u00e1ra. <strong>Adiabatick\u00fd chladi\u010d <\/strong>tedy <strong>nep\u0159isp\u00edv\u00e1 ke sklen\u00edkov\u00e9mu efektu <\/strong>spojen\u00e9mu s emisemi chladiv zp\u016fsoben\u00fdmi \u010dlov\u011bkem. Proto\u017ee vodn\u00ed p\u00e1ra p\u0159isp\u00edv\u00e1 pouze k p\u0159irozen\u00e9mu sklen\u00edkov\u00e9mu efektu Zem\u011b spojen\u00e9mu s p\u0159irozen\u00fdm kolob\u011bhem vody. Adiabatick\u00fd chladi\u010d nav\u00edc emituje nepatrn\u00e9 mno\u017estv\u00ed vodn\u00ed p\u00e1ry ve srovn\u00e1n\u00ed s mno\u017estv\u00edm vypou\u0161t\u011bn\u00fdm<strong> pr\u016fmyslovou \u010dinnost\u00ed<\/strong>.    <\/p>\n\n<p>Jednoduch\u00e9 materi\u00e1lov\u00e9 uspo\u0159\u00e1d\u00e1n\u00ed adiabatick\u00e9ho chladi\u010de znamen\u00e1, \u017ee po skon\u010den\u00ed \u017eivotnosti je velmi dob\u0159e recyklovateln\u00fd. Propylen v pl\u00e1\u0161ti lze recyklovat na kyselinu akrylovou, kter\u00e1 se pou\u017e\u00edv\u00e1 k v\u00fdrob\u011b polymer\u016f, jako je polystyren a PVC. Podobn\u011b<strong>je vysoce recyklovateln\u00fd<\/strong> i<strong>hlin\u00edk v pl\u00e1\u0161ti<\/strong>. Ventil\u00e1tor, \u010derpadlo, sondy a dal\u0161\u00ed sou\u010d\u00e1sti jsou pova\u017eov\u00e1ny za elektrick\u00fd a elektronick\u00fd odpad a mus\u00ed b\u00fdt shroma\u017e\u010fov\u00e1ny a zpracov\u00e1v\u00e1ny v souladu s<strong> evropskou sm\u011brnic\u00ed o odpadn\u00edch elektrick\u00fdch a elektronick\u00fdch za\u0159\u00edzen\u00edch<\/strong>. Odpa\u0159ovac\u00ed panel lze kompostovat ve sb\u011brn\u00e9m st\u0159edisku odpad\u016f.    <\/p>\n\n<p><strong> Adiabatick\u00fd chladi\u010d<\/strong> m\u00e1 po celou dobu sv\u00e9 \u017eivotnosti<strong> n\u00edzk\u00fd dopad na \u017eivotn\u00ed prost\u0159ed\u00ed.<\/strong> N\u00e1kup adiabatick\u00e9ho chladi\u010de je sou\u010d\u00e1st\u00ed politiky udr\u017eiteln\u00e9ho rozvoje spole\u010dnosti jako opat\u0159en\u00ed proti glob\u00e1ln\u00edmu oteplov\u00e1n\u00ed.<\/p>\n\n<div style=\"height:20px\" aria-hidden=\"true\" class=\"wp-block-spacer\"><\/div>\n\n<div class=\"wp-block-buttons alignwide is-content-justification-center is-layout-flex wp-container-core-buttons-is-layout-a89b3969 wp-block-buttons-is-layout-flex\">\n<div class=\"wp-block-button\"><a class=\"wp-block-button__link wp-element-button\" href=\"https:\/\/obera.fr\/cs\/contact\/\">POT\u0158EBUJETE INDIVIDU\u00c1LN\u00cd RADU?<\/a><\/div>\n<\/div>\n","protected":false},"excerpt":{"rendered":"<p>Adiabatick\u00fd chladi\u010d je bioklimatick\u00e9 za\u0159\u00edzen\u00ed \u0161etrn\u00e9 k \u017eivotn\u00edmu prost\u0159ed\u00ed. P\u0159isp\u00edv\u00e1 k \u00faspor\u00e1m energie, vyzna\u010duje se m\u00edrnou spot\u0159ebou vody a m\u00e1 malou ekologickou stopu.<\/p>\n","protected":false},"author":4,"featured_media":85568,"comment_status":"closed","ping_status":"closed","sticky":false,"template":"","format":"standard","meta":{"_acf_changed":false,"_seopress_robots_primary_cat":"none","_seopress_titles_title":"Adiabatick\u00e9 chladi\u010de: bioklimatick\u00e1 ekologick\u00e1 za\u0159\u00edzen\u00ed","_seopress_titles_desc":"Adiabatick\u00fd chladi\u010d, kter\u00fd je \u0161etrn\u00fd k \u017eivotn\u00edmu prost\u0159ed\u00ed, je bioklimatick\u00e9 za\u0159\u00edzen\u00ed pro sn\u00ed\u017een\u00ed teploty v pracovn\u00edch prostor\u00e1ch.","_seopress_robots_index":"","footnotes":""},"categories":[310],"tags":[113],"class_list":["post-43033","post","type-post","status-publish","format-standard","has-post-thumbnail","hentry","category-nase-rady","tag-entete-male","generate-columns","tablet-grid-50","mobile-grid-100","grid-parent","grid-50","no-featured-image-padding","resize-featured-image"],"acf":[],"_links":{"self":[{"href":"https:\/\/obera.fr\/cs\/wp-json\/wp\/v2\/posts\/43033","targetHints":{"allow":["GET"]}}],"collection":[{"href":"https:\/\/obera.fr\/cs\/wp-json\/wp\/v2\/posts"}],"about":[{"href":"https:\/\/obera.fr\/cs\/wp-json\/wp\/v2\/types\/post"}],"author":[{"embeddable":true,"href":"https:\/\/obera.fr\/cs\/wp-json\/wp\/v2\/users\/4"}],"replies":[{"embeddable":true,"href":"https:\/\/obera.fr\/cs\/wp-json\/wp\/v2\/comments?post=43033"}],"version-history":[{"count":3,"href":"https:\/\/obera.fr\/cs\/wp-json\/wp\/v2\/posts\/43033\/revisions"}],"predecessor-version":[{"id":85977,"href":"https:\/\/obera.fr\/cs\/wp-json\/wp\/v2\/posts\/43033\/revisions\/85977"}],"wp:featuredmedia":[{"embeddable":true,"href":"https:\/\/obera.fr\/cs\/wp-json\/wp\/v2\/media\/85568"}],"wp:attachment":[{"href":"https:\/\/obera.fr\/cs\/wp-json\/wp\/v2\/media?parent=43033"}],"wp:term":[{"taxonomy":"category","embeddable":true,"href":"https:\/\/obera.fr\/cs\/wp-json\/wp\/v2\/categories?post=43033"},{"taxonomy":"post_tag","embeddable":true,"href":"https:\/\/obera.fr\/cs\/wp-json\/wp\/v2\/tags?post=43033"}],"curies":[{"name":"wp","href":"https:\/\/api.w.org\/{rel}","templated":true}]}}