{"id":43476,"date":"2023-04-14T15:51:16","date_gmt":"2023-04-14T13:51:16","guid":{"rendered":"https:\/\/obera.fr\/non-classifiee\/jak-funguje-adiabaticky-chladic\/"},"modified":"2025-04-25T10:06:15","modified_gmt":"2025-04-25T08:06:15","slug":"comment-fonctionne-un-rafraichisseur-adiabatique","status":"publish","type":"post","link":"https:\/\/obera.fr\/cs\/nase-rady\/comment-fonctionne-un-rafraichisseur-adiabatique\/","title":{"rendered":"Jak funguj\u00ed pr\u016fmyslov\u00e9 chladi\u010de vzduchu"},"content":{"rendered":"\n<div class=\"wp-block-columns is-layout-flex wp-container-core-columns-is-layout-28f84493 wp-block-columns-is-layout-flex\">\n<div class=\"wp-block-column is-layout-flow wp-block-column-is-layout-flow\" style=\"flex-basis:66.66%\">\n<p>Na rozd\u00edl od klimatiza\u010dn\u00edch syst\u00e9m\u016f funguje<strong> ochlazova\u010d vzduchu<\/strong> jednodu\u0161e a p\u0159irozen\u011b a ochlazuje m\u00edstnost. Je zalo\u017een na principu <strong>odpa\u0159ovac\u00edho chlazen\u00ed<\/strong>: tepl\u00fd vzduch p\u0159ich\u00e1z\u00ed do styku s vodou, \u010d\u00edm\u017e se sni\u017euje okoln\u00ed teplo. Tento syst\u00e9m se hod\u00ed zejm\u00e9na do pr\u016fmyslov\u00e9ho prost\u0159ed\u00ed, proto\u017ee je \u00fa\u010dinn\u00fd, energeticky \u00fasporn\u00fd a cenov\u011b mnohem dostupn\u011bj\u0161\u00ed ne\u017e tradi\u010dn\u00ed klimatizace.  <\/p>\n\n\n\n<p>Pokud v\u00e1s zaj\u00edm\u00e1: <strong>&#8222;Jak funguje chladi\u010d vzduchu?<\/strong> &#8222;, v tomto \u010dl\u00e1nku v\u00e1m vysv\u011btl\u00edme, jak funguje, jak\u00e9 jsou jeho v\u00fdhody, a porad\u00edme v\u00e1m, jak ho v pr\u016fmyslov\u00e9m prost\u0159ed\u00ed co nejl\u00e9pe vyu\u017e\u00edt.<\/p>\n<\/div>\n\n\n\n<div class=\"wp-block-column is-layout-flow wp-block-column-is-layout-flow\" style=\"flex-basis:33.33%\">\n<figure class=\"wp-block-image aligncenter size-large is-resized\"><img decoding=\"async\" width=\"1024\" height=\"856\" src=\"https:\/\/obera.fr\/wp-content\/uploads\/2024\/11\/gamme-ic-1-1024x856.png\" alt=\"rozsah ic\" class=\"wp-image-49129\" style=\"width:285px;height:auto\" srcset=\"https:\/\/obera.fr\/wp-content\/uploads\/2024\/11\/gamme-ic-1-1024x856.png 1024w, https:\/\/obera.fr\/wp-content\/uploads\/2024\/11\/gamme-ic-1-300x251.png 300w, https:\/\/obera.fr\/wp-content\/uploads\/2024\/11\/gamme-ic-1-768x642.png 768w, https:\/\/obera.fr\/wp-content\/uploads\/2024\/11\/gamme-ic-1.png 1200w\" sizes=\"(max-width: 1024px) 100vw, 1024px\" \/><\/figure>\n<\/div>\n<\/div>\n\n<h2 class=\"wp-block-heading\">Jak funguje chladi\u010d vzduchu?<\/h2>\n\n<h3 class=\"wp-block-heading\">Princip odpa\u0159ovac\u00edho chlazen\u00ed<\/h3>\n\n<div class=\"wp-block-columns is-layout-flex wp-container-core-columns-is-layout-28f84493 wp-block-columns-is-layout-flex\">\n<div class=\"wp-block-column is-layout-flow wp-block-column-is-layout-flow\" style=\"flex-basis:66.66%\">\n<p><strong> Odpa\u0159ovac\u00ed chlazen\u00ed<\/strong> je tepeln\u00fd proces, kter\u00fd sni\u017euje teplotu okoln\u00edho vzduchu vyu\u017eit\u00edm energie absorbovan\u00e9 vodou p\u0159i jej\u00edm odpa\u0159ov\u00e1n\u00ed. Kdy\u017e se voda dostane do kontaktu s tepl\u00fdm vzduchem, \u010d\u00e1st se j\u00ed vypa\u0159\u00ed. Tato zm\u011bna stavu vy\u017eaduje absorpci tepeln\u00e9 energie. Tento tok tepla z okoln\u00edho vzduchu<strong>ochlazuje okoln\u00ed vzduch<\/strong>. Tento jev se naz\u00fdv\u00e1 adiabatick\u00fd, proto\u017ee tepeln\u00e1 energie se v syst\u00e9mu voda\/vzduch zachov\u00e1v\u00e1 bez v\u00fdm\u011bny s okol\u00edm.    <\/p>\n\n\n\n<h3 class=\"wp-block-heading\">Adiabatick\u00fd chladi\u010d: zes\u00edlen\u00ed p\u0159irozen\u00e9ho jevu vypa\u0159ov\u00e1n\u00ed<\/h3>\n\n\n\n<p>Le<strong> <\/strong><a href=\"https:\/\/obera.fr\/cs\/produits\/rafraichisseurs-air\/\">adiabatick\u00fd chladi\u010d<\/a> optimalizuje kontakt mezi proudem vzduchu a proudem vody prost\u0159ednictv\u00edm odpa\u0159ovac\u00edho m\u00e9dia. Odpa\u0159ovac\u00ed m\u00e9dium je proto kl\u00ed\u010dovou sou\u010d\u00e1st\u00ed spot\u0159ebi\u010de a je navr\u017eeno tak, aby pln\u011b vyu\u017e\u00edvalo <strong>termodynamick\u00e9<\/strong> principy <strong>odpa\u0159ov\u00e1n\u00ed<\/strong> a vytv\u00e1\u0159elo intenzivn\u011bj\u0161\u00ed a \u00fa\u010dinn\u011bj\u0161\u00ed chladic\u00ed \u00fa\u010dinek.   <\/p>\n\n\n\n<h3 class=\"wp-block-heading\">Rozd\u00edly oproti klimatiza\u010dn\u00edm syst\u00e9m\u016fm<\/h3>\n\n\n\n<p>Na rozd\u00edl od b\u011b\u017en\u00fdch klimatizac\u00ed, kter\u00e9 maj\u00ed chladic\u00ed okruh a chladic\u00ed plyn ke sn\u00ed\u017een\u00ed teploty,<strong> chladi\u010d vzduchu pou\u017e\u00edv\u00e1 k ochlazen\u00ed okoln\u00edho vzduchu vodu<\/strong>. Tento proces je p\u0159irozen\u011bj\u0161\u00ed a zahrnuje m\u00e9n\u011b slo\u017eit\u00fdch sou\u010d\u00e1st\u00ed. Chladi\u010d vzduchu nav\u00edc nepot\u0159ebuje kompresory a motory, pouze ventil\u00e1tor, tak\u017ee spot\u0159ebuje mnohem m\u00e9n\u011b energie. Jedn\u00e1 se tak o ekonomi\u010dt\u011bj\u0161\u00ed a ekologi\u010dt\u011bj\u0161\u00ed alternativu, kter\u00e1 se dokonale hod\u00ed do velk\u00fdch <strong>pr\u016fmyslov\u00fdch prostor<\/strong>.   <\/p>\n<\/div>\n\n\n\n<div class=\"wp-block-column is-layout-flow wp-block-column-is-layout-flow\" style=\"flex-basis:50%\">\n<figure class=\"wp-block-embed is-type-video is-provider-youtube wp-block-embed-youtube wp-embed-aspect-16-9 wp-has-aspect-ratio\"><div class=\"wp-block-embed__wrapper\">\n<iframe title=\"Rafraichisseur d&#039;air - Gamme IC - OberA\" width=\"1200\" height=\"675\" src=\"https:\/\/www.youtube.com\/embed\/NG-Ssy2oM70?feature=oembed\" frameborder=\"0\" allow=\"accelerometer; autoplay; clipboard-write; encrypted-media; gyroscope; picture-in-picture; web-share\" referrerpolicy=\"strict-origin-when-cross-origin\" allowfullscreen><\/iframe>\n<\/div><\/figure>\n\n\n\n<figure class=\"wp-block-image aligncenter size-full is-resized\"><img decoding=\"async\" width=\"600\" height=\"600\" src=\"https:\/\/obera.fr\/wp-content\/uploads\/2022\/12\/rafraichisseur-dair-instruction-1.png\" alt=\"n&#xE1;vod k pou&#x17E;it&#xED; osv&#x11B;&#x17E;ova&#x10D;e vzduchu 1\" class=\"wp-image-17132\" style=\"width:242px;height:auto\" srcset=\"https:\/\/obera.fr\/wp-content\/uploads\/2022\/12\/rafraichisseur-dair-instruction-1.png 600w, https:\/\/obera.fr\/wp-content\/uploads\/2022\/12\/rafraichisseur-dair-instruction-1-300x300.png 300w, https:\/\/obera.fr\/wp-content\/uploads\/2022\/12\/rafraichisseur-dair-instruction-1-150x150.png 150w\" sizes=\"(max-width: 600px) 100vw, 600px\" \/><\/figure>\n<\/div>\n<\/div>\n\n<h2 class=\"wp-block-heading\">V\u00fdhody pr\u016fmyslov\u00fdch chladi\u010d\u016f vzduchu  <\/h2>\n\n<h3 class=\"wp-block-heading\">Energetick\u00e1 \u00fa\u010dinnost<\/h3>\n\n<div class=\"wp-block-columns is-layout-flex wp-container-core-columns-is-layout-28f84493 wp-block-columns-is-layout-flex\">\n<div class=\"wp-block-column is-layout-flow wp-block-column-is-layout-flow\" style=\"flex-basis:33.33%\">\n<figure class=\"wp-block-image aligncenter size-large is-resized\"><img decoding=\"async\" width=\"1024\" height=\"1024\" src=\"https:\/\/obera.fr\/wp-content\/uploads\/2025\/01\/image-avantages-1024x1024.jpg\" alt=\"v&#xFD;hody obr&#xE1;zku\" class=\"wp-image-57732\" style=\"width:107px;height:auto\" srcset=\"https:\/\/obera.fr\/wp-content\/uploads\/2025\/01\/image-avantages-1024x1024.jpg 1024w, https:\/\/obera.fr\/wp-content\/uploads\/2025\/01\/image-avantages-300x300.jpg 300w, https:\/\/obera.fr\/wp-content\/uploads\/2025\/01\/image-avantages-150x150.jpg 150w, https:\/\/obera.fr\/wp-content\/uploads\/2025\/01\/image-avantages-768x768.jpg 768w, https:\/\/obera.fr\/wp-content\/uploads\/2025\/01\/image-avantages-400x400.jpg 400w, https:\/\/obera.fr\/wp-content\/uploads\/2025\/01\/image-avantages-600x600.jpg 600w, https:\/\/obera.fr\/wp-content\/uploads\/2025\/01\/image-avantages.jpg 1200w\" sizes=\"(max-width: 1024px) 100vw, 1024px\" \/><\/figure>\n<\/div>\n\n\n\n<div class=\"wp-block-column is-layout-flow wp-block-column-is-layout-flow\" style=\"flex-basis:66.66%\">\n<p><strong>Pr\u016fmyslov\u00e9 chladi\u010de vzduchu<\/strong> jsou energeticky mnohem \u00fa\u010dinn\u011bj\u0161\u00ed ne\u017e tradi\u010dn\u00ed klimatiza\u010dn\u00ed syst\u00e9my. Ve skute\u010dnosti spot\u0159ebuj\u00ed v pr\u016fm\u011bru desetkr\u00e1t m\u00e9n\u011b elekt\u0159iny ne\u017e klimatizace s kompresorem. Elektrick\u00e1 energie se v <strong>adiabatick\u00fdch chladi\u010d\u00edch <\/strong>pou\u017e\u00edv\u00e1 pouze k cirkulaci vody a nap\u00e1jen\u00ed ventil\u00e1toru. Jejich energetick\u00e1 \u00fa\u010dinnost nav\u00edc roste s teplotou okol\u00ed, proto\u017ee tepl\u00fd vzduch podporuje odpa\u0159ov\u00e1n\u00ed vody, co\u017e zlep\u0161uje chladic\u00ed v\u00fdkon, ani\u017e by to na rozd\u00edl od klimatizac\u00ed vedlo k v\u00fdrazn\u00e9mu zv\u00fd\u0161en\u00ed spot\u0159eby energie. T\u00edm se dlouhodob\u011b sni\u017euj\u00ed n\u00e1klady na energii a optimalizuje se <strong>\u00fa\u010dinnost pr\u016fmyslov\u00fdch za\u0159\u00edzen\u00ed<\/strong> p\u0159i sou\u010dasn\u00e9m spln\u011bn\u00ed hlavn\u00edch po\u017eadavk\u016f na chlazen\u00ed.    <\/p>\n<\/div>\n<\/div>\n\n<h3 class=\"wp-block-heading\">Sn\u00ed\u017een\u00ed dopadu na \u017eivotn\u00ed prost\u0159ed\u00ed<\/h3>\n\n<div class=\"wp-block-columns is-layout-flex wp-container-core-columns-is-layout-28f84493 wp-block-columns-is-layout-flex\">\n<div class=\"wp-block-column is-layout-flow wp-block-column-is-layout-flow\" style=\"flex-basis:33.33%\">\n<figure class=\"wp-block-image aligncenter size-large is-resized\"><img decoding=\"async\" width=\"1024\" height=\"1024\" src=\"https:\/\/obera.fr\/wp-content\/uploads\/2025\/01\/image-avantages-1024x1024.jpg\" alt=\"v&#xFD;hody obr&#xE1;zku\" class=\"wp-image-57732\" style=\"width:113px;height:auto\" srcset=\"https:\/\/obera.fr\/wp-content\/uploads\/2025\/01\/image-avantages-1024x1024.jpg 1024w, https:\/\/obera.fr\/wp-content\/uploads\/2025\/01\/image-avantages-300x300.jpg 300w, https:\/\/obera.fr\/wp-content\/uploads\/2025\/01\/image-avantages-150x150.jpg 150w, https:\/\/obera.fr\/wp-content\/uploads\/2025\/01\/image-avantages-768x768.jpg 768w, https:\/\/obera.fr\/wp-content\/uploads\/2025\/01\/image-avantages-400x400.jpg 400w, https:\/\/obera.fr\/wp-content\/uploads\/2025\/01\/image-avantages-600x600.jpg 600w, https:\/\/obera.fr\/wp-content\/uploads\/2025\/01\/image-avantages.jpg 1200w\" sizes=\"(max-width: 1024px) 100vw, 1024px\" \/><\/figure>\n<\/div>\n\n\n\n<div class=\"wp-block-column is-layout-flow wp-block-column-is-layout-flow\" style=\"flex-basis:66.66%\">\n<p><strong>Pr\u016fmyslov\u00e9 chladi\u010de vzduchu<\/strong> maj\u00ed n\u00edzk\u00fd dopad na \u017eivotn\u00ed prost\u0159ed\u00ed. Zat\u00edmco klimatizace pou\u017e\u00edvaj\u00ed chladic\u00ed plyny, kter\u00e9 mohou b\u00fdt \u0161kodliv\u00e9 pro oz\u00f3novou vrstvu a p\u0159isp\u00edvat ke glob\u00e1ln\u00edmu oteplov\u00e1n\u00ed, chladi\u010de vzduchu pou\u017e\u00edvaj\u00ed k provozu pouze vzduch a vodu. Absence chladic\u00edch plyn\u016f a <strong>chemik\u00e1li\u00ed<\/strong> minimalizuje ekologickou stopu tohoto za\u0159\u00edzen\u00ed. Adiabatick\u00fd proces nav\u00edc neprodukuje \u017e\u00e1dn\u00e9 zne\u010di\u0161\u0165uj\u00edc\u00ed emise, tak\u017ee je mnohem ekologi\u010dt\u011bj\u0161\u00ed a udr\u017eiteln\u011bj\u0161\u00ed volbou pro podniky, kter\u00e9 se zaj\u00edmaj\u00ed o sv\u016fj dopad na \u017eivotn\u00ed prost\u0159ed\u00ed.   <\/p>\n<\/div>\n<\/div>\n\n<h3 class=\"wp-block-heading\">Snadn\u00e9 pou\u017eit\u00ed, instalace a \u00fadr\u017eba<\/h3>\n\n<div class=\"wp-block-columns is-layout-flex wp-container-core-columns-is-layout-28f84493 wp-block-columns-is-layout-flex\">\n<div class=\"wp-block-column is-layout-flow wp-block-column-is-layout-flow\" style=\"flex-basis:33.33%\">\n<figure class=\"wp-block-image aligncenter size-large is-resized\"><img decoding=\"async\" width=\"1024\" height=\"1024\" src=\"https:\/\/obera.fr\/wp-content\/uploads\/2025\/01\/image-avantages-1024x1024.jpg\" alt=\"v&#xFD;hody obr&#xE1;zku\" class=\"wp-image-57732\" style=\"width:113px;height:auto\" srcset=\"https:\/\/obera.fr\/wp-content\/uploads\/2025\/01\/image-avantages-1024x1024.jpg 1024w, https:\/\/obera.fr\/wp-content\/uploads\/2025\/01\/image-avantages-300x300.jpg 300w, https:\/\/obera.fr\/wp-content\/uploads\/2025\/01\/image-avantages-150x150.jpg 150w, https:\/\/obera.fr\/wp-content\/uploads\/2025\/01\/image-avantages-768x768.jpg 768w, https:\/\/obera.fr\/wp-content\/uploads\/2025\/01\/image-avantages-400x400.jpg 400w, https:\/\/obera.fr\/wp-content\/uploads\/2025\/01\/image-avantages-600x600.jpg 600w, https:\/\/obera.fr\/wp-content\/uploads\/2025\/01\/image-avantages.jpg 1200w\" sizes=\"(max-width: 1024px) 100vw, 1024px\" \/><\/figure>\n<\/div>\n\n\n\n<div class=\"wp-block-column is-layout-flow wp-block-column-is-layout-flow\" style=\"flex-basis:66.66%\">\n<p>V porovn\u00e1n\u00ed s <strong>tradi\u010dn\u00edmi klimatiza\u010dn\u00edmi syst\u00e9my,<\/strong> kter\u00e9 vy\u017eaduj\u00ed slo\u017eit\u00e9 pr\u00e1ce, jako je instalace potrub\u00ed, kompresor\u016f a specializovan\u00e9 kabel\u00e1\u017ee, lze chladi\u010de vzduchu instalovat rychle a bez nutnosti n\u00e1kladn\u00e9 infrastruktury. Nav\u00edc jsou k dispozici p\u0159enosn\u00e9 modely, kter\u00e9 nab\u00edzej\u00ed maxim\u00e1ln\u00ed flexibilitu. Naproti tomu klimatiza\u010dn\u00ed za\u0159\u00edzen\u00ed \u010dasto vy\u017eaduje v\u00fdvod vzduchu instalovan\u00fd mimo m\u00edstnost a i kdy\u017e je mobiln\u00ed, je obt\u00ed\u017en\u00e9 jej snadno p\u0159em\u00edstit. N\u00e1klady na servis a \u00fadr\u017ebu <strong>ochlazova\u010d\u016f vzduchu<\/strong> jsou d\u00edky jejich jednoduch\u00e9 konstrukci a omezen\u00e9mu po\u010dtu komponent p\u0159ibli\u017en\u011b desetkr\u00e1t ni\u017e\u0161\u00ed ne\u017e u tradi\u010dn\u00edch klimatizac\u00ed. Tato jednoduchost v\u00fdrazn\u011b sni\u017euje dlouhodob\u00e9 provozn\u00ed n\u00e1klady a umo\u017e\u0148uje podnik\u016fm vyu\u017e\u00edvat v\u00fdhod \u00fa\u010dinn\u00e9ho chladic\u00edho syst\u00e9mu bez pot\u00ed\u017e\u00ed spojen\u00fdch s <strong>\u00fadr\u017ebou tradi\u010dn\u00edch klimatiza\u010dn\u00edch jednotek<\/strong>. V neposledn\u00ed \u0159ad\u011b jsou tak\u00e9 cenov\u011b atraktivn\u011bj\u0161\u00ed.     <\/p>\n<\/div>\n<\/div>\n\n<h2 class=\"wp-block-heading\">Adiabatick\u00e9 chladi\u010de v pr\u016fmyslov\u00e9m prost\u0159ed\u00ed<\/h2>\n\n<h3 class=\"wp-block-heading\">Typy pr\u016fmyslov\u00fdch odv\u011btv\u00ed, kter\u00e1 z toho maj\u00ed prosp\u011bch<\/h3>\n\n<p><strong>Adiabatick\u00e9 jednotky <\/strong>jsou obzvl\u00e1\u0161t\u011b \u00fa\u010dinn\u00e9 v r\u016fzn\u00fdch pr\u016fmyslov\u00fdch odv\u011btv\u00edch, kde je regulace teploty nezbytn\u00e1 pro udr\u017een\u00ed optim\u00e1ln\u00edch pracovn\u00edch podm\u00ednek. Nejv\u011bt\u0161\u00ed u\u017eitek z t\u00e9to technologie maj\u00ed odv\u011btv\u00ed, jako je potravin\u00e1\u0159stv\u00ed, v\u00fdroba, chemick\u00fd pr\u016fmysl, farmaceutick\u00fd pr\u016fmysl, textiln\u00ed pr\u016fmysl a polygrafie. V t\u011bchto prost\u0159ed\u00edch mohou <strong>vysok\u00e9 teplotn\u00ed podm\u00ednky<\/strong> ovlivnit produktivitu zam\u011bstnanc\u016f i kvalitu v\u00fdrobk\u016f. Tyto pr\u016fmyslov\u00e9 chladi\u010de nejen udr\u017euj\u00ed chladn\u00e9 pracovn\u00ed prost\u0159ed\u00ed, ale tak\u00e9 zabra\u0148uj\u00ed rizik\u016fm spojen\u00fdm s nadm\u011brn\u00fdm teplem, jako je degradace surovin nebo po\u0161kozen\u00ed za\u0159\u00edzen\u00ed citliv\u00fdch na teplo. Nap\u0159\u00edklad v <strong>z\u00e1vodech na v\u00fdrobu potravin<\/strong> je udr\u017eov\u00e1n\u00ed stabiln\u00ed teploty nezbytn\u00e9 pro dodr\u017eov\u00e1n\u00ed hygienick\u00fdch norem a zaru\u010den\u00ed kvality v\u00fdrobk\u016f. Ve v\u00fdrobn\u00edch d\u00edln\u00e1ch pom\u00e1haj\u00ed <strong>chladi\u010de vzduchu<\/strong> regulovat teplotu stroj\u016f, prodlu\u017eovat jejich \u017eivotnost a optimalizovat v\u00fdrobn\u00ed v\u00fdkon.     <\/p>\n\n<h3 class=\"wp-block-heading\">P\u0159izp\u016fsobivost r\u016fzn\u00fdm pracovn\u00edm prost\u0159ed\u00edm<\/h3>\n\n<div class=\"wp-block-columns is-layout-flex wp-container-core-columns-is-layout-28f84493 wp-block-columns-is-layout-flex\">\n<div class=\"wp-block-column is-layout-flow wp-block-column-is-layout-flow\" style=\"flex-basis:66.66%\">\n<p>A\u0165 u\u017e se jedn\u00e1 o uzav\u0159en\u00e9 prostory, jako jsou sklady, v\u00fdrobn\u00ed d\u00edlny nebo velk\u00e9 tov\u00e1rny, nebo o otev\u0159en\u00e9 prostory, jako jsou staveni\u0161t\u011b, chladi\u010de vzduchu lze snadno instalovat tak, aby <strong>vyhovovaly specifick\u00fdm pot\u0159eb\u00e1m ka\u017ed\u00e9ho typu prost\u0159ed\u00ed<\/strong>. Jejich schopnost regulovat proud\u011bn\u00ed vzduchu a efektivn\u011b pracovat navzdory zm\u011bn\u00e1m vlhkosti nebo teploty z nich \u010din\u00ed flexibiln\u00ed \u0159e\u0161en\u00ed pro r\u016fzn\u00e1 pracovn\u00ed prost\u0159ed\u00ed. Nav\u00edc je lze nakonfigurovat tak, aby fungovaly centr\u00e1ln\u011b nebo decentr\u00e1ln\u011b a byly pevn\u00e9 nebo mobiln\u00ed v z\u00e1vislosti na velikosti ochlazovan\u00e9ho prostoru. Tato univerz\u00e1lnost umo\u017e\u0148uje spole\u010dnostem p\u0159ijmout <strong>chladic\u00ed syst\u00e9m<\/strong>, kter\u00fd je dokonale p\u0159izp\u016fsoben konfiguraci jejich pracovi\u0161t\u011b a specifick\u00fdm rys\u016fm jejich \u010dinnosti.   <\/p>\n<\/div>\n\n\n\n<div class=\"wp-block-column is-layout-flow wp-block-column-is-layout-flow\" style=\"flex-basis:33.33%\">\n<figure class=\"wp-block-image aligncenter size-large is-resized\"><img decoding=\"async\" width=\"1024\" height=\"1024\" src=\"https:\/\/obera.fr\/wp-content\/uploads\/2025\/02\/9-1024x1024.png\" alt=\"9\" class=\"wp-image-67897\" style=\"width:265px;height:auto\" srcset=\"https:\/\/obera.fr\/wp-content\/uploads\/2025\/02\/9-1024x1024.png 1024w, https:\/\/obera.fr\/wp-content\/uploads\/2025\/02\/9-300x300.png 300w, https:\/\/obera.fr\/wp-content\/uploads\/2025\/02\/9-150x150.png 150w, https:\/\/obera.fr\/wp-content\/uploads\/2025\/02\/9-768x768.png 768w, https:\/\/obera.fr\/wp-content\/uploads\/2025\/02\/9.png 1200w\" sizes=\"(max-width: 1024px) 100vw, 1024px\" \/><\/figure>\n<\/div>\n<\/div>\n\n<h2 class=\"wp-block-heading\">V\u00fdb\u011br pr\u016fmyslov\u00e9ho chladi\u010de vzduchu  <\/h2>\n\n<h3 class=\"wp-block-heading\">R\u016fzn\u00e9 typy adiabatick\u00fdch chladi\u010d\u016f<\/h3>\n\n<p>P\u0159i <strong>v\u00fdb\u011bru pr\u016fmyslov\u00e9ho chladi\u010de vzduchu<\/strong> je d\u016fle\u017eit\u00e9 zn\u00e1t rozd\u00edly mezi jednotliv\u00fdmi jednotkami. P\u0159\u00edm\u00fd chladi\u010d m\u00e1 tendenci zvy\u0161ovat vlhkost p\u0159iv\u00e1d\u011bn\u00e9ho vzduchu. Tento typ je \u00fa\u010dinn\u00fd zejm\u00e9na v such\u00fdch prostor\u00e1ch, kde m\u016f\u017ee b\u00fdt vlhkost prosp\u011b\u0161n\u00e1 pro zlep\u0161en\u00ed tepeln\u00e9 pohody. Nep\u0159\u00edm\u00fd chladi\u010d naopak atmosf\u00e9ru ochlazuje, ale nezvy\u0161uje vlhkost okoln\u00edho vzduchu, tak\u017ee je vhodn\u00fd do prost\u0159ed\u00ed, kde je t\u0159eba udr\u017eovat n\u00edzkou \u00farove\u0148 vlhkosti, nap\u0159\u00edklad ve<strong> farmaceutick\u00e9m nebo potravin\u00e1\u0159sk\u00e9m pr\u016fmyslu<\/strong>. V\u00fdb\u011br chladi\u010de je pak t\u0159eba p\u0159izp\u016fsobit konkr\u00e9tn\u00edm rozm\u011br\u016fm, kter\u00e9 jsou nutn\u00e9 k zaji\u0161t\u011bn\u00ed optim\u00e1ln\u00ed \u00fa\u010dinnosti v prostoru, kter\u00fd m\u00e1 b\u00fdt chlazen.    <\/p>\n\n<h3 class=\"wp-block-heading\">Dimenzov\u00e1n\u00ed  <\/h3>\n\n<p>P\u0159i <strong>dimenzov\u00e1n\u00ed chladi\u010de vzduchu <\/strong>je t\u0159eba vz\u00edt v \u00favahu velikost prostoru, kter\u00fd m\u00e1 b\u00fdt chlazen, objem vzduchu, kter\u00fd m\u00e1 b\u00fdt upraven, a po\u017eadovan\u00fd chladic\u00ed v\u00fdkon. D\u016fle\u017eit\u00e9 je tak\u00e9 zajistit, aby v\u00fdkon jednotky a pr\u016ftok vzduchu byly p\u0159im\u011b\u0159en\u00e9 a zaru\u010dovaly \u00fa\u010dinnost chlazen\u00ed v cel\u00e9m prost\u0159ed\u00ed. P\u0159i v\u00fdb\u011bru vhodn\u00e9ho adiabatick\u00e9ho za\u0159\u00edzen\u00ed je t\u0159eba zohlednit specifickou \u010dinnost v dan\u00e9m odv\u011btv\u00ed a pracovn\u00ed prost\u0159ed\u00ed. Nap\u0159\u00edklad prostory se stroji, kter\u00e9 produkuj\u00ed velk\u00e9 mno\u017estv\u00ed tepla, budou pot\u0159ebovat vy\u0161\u0161\u00ed pr\u016ftok vzduchu, zat\u00edmco prostory citliv\u011bj\u0161\u00ed na <strong>zne\u010di\u0161t\u011bn\u00ed by m\u011bly up\u0159ednost\u0148ovat modely s lep\u0161\u00ed filtrac\u00ed vzduchu<\/strong>. Krom\u011b toho bude m\u00edt na \u00fa\u010dinnost zvolen\u00e9ho syst\u00e9mu vliv i typ st\u00e1vaj\u00edc\u00ed budovy (st\u0159echa, st\u011bny, okenn\u00ed otvory atd.).      <\/p>\n\n<p>Pot\u0159ebujete poradit? Pom\u016f\u017eeme v\u00e1m vybrat ten spr\u00e1vn\u00fd pr\u016fmyslov\u00fd chladi\u010d vzduchu pro va\u0161e pot\u0159eby. <\/p>\n\n<h2 class=\"wp-block-heading\">Tipy pro optim\u00e1ln\u00ed pou\u017eit\u00ed<\/h2>\n\n<div class=\"wp-block-wpseopress-faq-block-v2 is-layout-flow wp-block-wpseopress-faq-block-v2-is-layout-flow\">\n<details id=\"comment-installer-un-rafraichisseur-dair\" class=\"wp-block-details is-layout-flow wp-block-details-is-layout-flow\"><summary>Jak nainstalovat chladi\u010d vzduchu?<\/summary>\n<p>Instalace spot\u0159ebi\u010de je velmi snadn\u00e1, a\u0165 u\u017e se jedn\u00e1 o pevn\u00fd nebo mobiln\u00ed p\u0159\u00edstroj. Sta\u010d\u00ed naplnit n\u00e1dr\u017eku vodou a zapojit spot\u0159ebi\u010d do z\u00e1suvky. <\/p>\n<\/details>\n\n\n\n<details id=\"comment-entretenir-un-rafraichisseur-dair\" class=\"wp-block-details is-layout-flow wp-block-details-is-layout-flow\"><summary>Jak udr\u017eovat chladi\u010d vzduchu?<\/summary>\n<p>\u00dadr\u017eba je jednoduch\u00e1: sta\u010d\u00ed vy\u010distit filtry, zkontrolovat n\u00e1dr\u017eku na vodu, odstranit prach ze vzduchov\u00e9ho filtru a v p\u0159\u00edpad\u011b pot\u0159eby vym\u011bnit odpa\u0159ovac\u00ed m\u00e9dium.<\/p>\n<\/details>\n\n\n\n<details id=\"comment-maximiser-lefficacite-de-votre-rafraichisseur-dair\" class=\"wp-block-details is-layout-flow wp-block-details-is-layout-flow\"><summary>Jak m\u016f\u017eete maximalizovat \u00fa\u010dinnost sv\u00e9ho chladi\u010de vzduchu?<\/summary>\n<p>Chcete-li maximalizovat \u00fa\u010dinnost adiabatick\u00e9ho ochlazova\u010de vzduchu, um\u00edst\u011bte jej do dob\u0159e v\u011btran\u00e9 m\u00edstnosti a zajist\u011bte st\u00e1l\u00fd pr\u016ftok vzduchu.  <\/p>\n<\/details>\n<script type=\"application\/ld+json\">{\"@context\":\"https:\/\/schema.org\",\"@type\":\"FAQPage\",\"url\":\"https:\/\/obera.fr\/conseils\/comment-fonctionne-un-rafraichisseur-adiabatique\/\",\"@id\":\"https:\/\/obera.fr\/conseils\/comment-fonctionne-un-rafraichisseur-adiabatique\/\",\"mainEntity\":[{\"@type\":\"Question\",\"url\":\"https:\/\/obera.fr\/conseils\/comment-fonctionne-un-rafraichisseur-adiabatique\/#comment-installer-un-rafraichisseur-dair\",\"name\":\"Comment installer un rafra\u00eechisseur d\u2019air ?\",\"acceptedAnswer\":{\"@type\":\"Answer\",\"answerCount\":1,\"text\":\"&lt;p>Fixe ou mobile, l\u2019appareil est tr\u00e8s simple d\u2019installation. Remplissez le r\u00e9servoir d\u2019eau puis branchez l\u2019appareil \u00e0 une prise murale.&lt;\/p>\"}},{\"@type\":\"Question\",\"url\":\"https:\/\/obera.fr\/conseils\/comment-fonctionne-un-rafraichisseur-adiabatique\/#comment-entretenir-un-rafraichisseur-dair\",\"name\":\"Comment entretenir un rafra\u00eechisseur d\u2019air ?\",\"acceptedAnswer\":{\"@type\":\"Answer\",\"answerCount\":1,\"text\":\"&lt;p>Leur entretien est simple : il suffit de nettoyer les filtres, de v\u00e9rifier le r\u00e9servoir d'eau, de d\u00e9poussi\u00e9rer le filtre \u00e0 air et de remplacer le m\u00e9dia \u00e9vaporatif au besoin.&lt;\/p>\"}},{\"@type\":\"Question\",\"url\":\"https:\/\/obera.fr\/conseils\/comment-fonctionne-un-rafraichisseur-adiabatique\/#comment-maximiser-lefficacite-de-votre-rafraichisseur-dair\",\"name\":\"Comment maximiser l'efficacit\u00e9 de votre rafra\u00eechisseur d\u2019air ?\",\"acceptedAnswer\":{\"@type\":\"Answer\",\"answerCount\":1,\"text\":\"&lt;p>Pour maximiser l'efficacit\u00e9 de votre rafra\u00eechisseur d'air adiabatique, placez-le dans une pi\u00e8ce bien ventil\u00e9e et assurez-vous qu'il y a un flux d'air constant.&nbsp;&lt;\/p>\"}}]}<\/script><\/div>\n","protected":false},"excerpt":{"rendered":"<p>Adiabatick\u00e9 chlazen\u00ed je zalo\u017eeno na p\u0159irozen\u00e9 schopnosti vody odeb\u00edrat teplo, kter\u00e9 pot\u0159ebuje k odpa\u0159ov\u00e1n\u00ed, z okoln\u00edho vzduchu. Z\u00e1kladem ka\u017ed\u00e9ho syst\u00e9mu adiabatick\u00e9ho chlazen\u00ed je napodobit tento p\u0159\u00edrodn\u00ed jev a z\u00e1rove\u0148 maximalizovat jeho \u00fa\u010dinnost pomoc\u00ed vhodn\u00fdch technologi\u00ed. <\/p>\n","protected":false},"author":4,"featured_media":89954,"comment_status":"closed","ping_status":"closed","sticky":false,"template":"","format":"standard","meta":{"_acf_changed":false,"_seopress_robots_primary_cat":"none","_seopress_titles_title":"Comment fonctionne un rafra\u00eechisseur adiabatique\u00a0?","_seopress_titles_desc":"Le rafraichissement adiabatique fonctionne sur la capacit\u00e9 naturelle de l\u2019eau \u00e0 puiser dans l\u2019air ambiant l'\u00e9nergie pour son \u00e9vaporation.","_seopress_robots_index":"","footnotes":""},"categories":[310],"tags":[113],"class_list":["post-43476","post","type-post","status-publish","format-standard","has-post-thumbnail","hentry","category-nase-rady","tag-entete-male","generate-columns","tablet-grid-50","mobile-grid-100","grid-parent","grid-50","no-featured-image-padding","resize-featured-image"],"acf":[],"_links":{"self":[{"href":"https:\/\/obera.fr\/cs\/wp-json\/wp\/v2\/posts\/43476","targetHints":{"allow":["GET"]}}],"collection":[{"href":"https:\/\/obera.fr\/cs\/wp-json\/wp\/v2\/posts"}],"about":[{"href":"https:\/\/obera.fr\/cs\/wp-json\/wp\/v2\/types\/post"}],"author":[{"embeddable":true,"href":"https:\/\/obera.fr\/cs\/wp-json\/wp\/v2\/users\/4"}],"replies":[{"embeddable":true,"href":"https:\/\/obera.fr\/cs\/wp-json\/wp\/v2\/comments?post=43476"}],"version-history":[{"count":7,"href":"https:\/\/obera.fr\/cs\/wp-json\/wp\/v2\/posts\/43476\/revisions"}],"predecessor-version":[{"id":77899,"href":"https:\/\/obera.fr\/cs\/wp-json\/wp\/v2\/posts\/43476\/revisions\/77899"}],"wp:featuredmedia":[{"embeddable":true,"href":"https:\/\/obera.fr\/cs\/wp-json\/wp\/v2\/media\/89954"}],"wp:attachment":[{"href":"https:\/\/obera.fr\/cs\/wp-json\/wp\/v2\/media?parent=43476"}],"wp:term":[{"taxonomy":"category","embeddable":true,"href":"https:\/\/obera.fr\/cs\/wp-json\/wp\/v2\/categories?post=43476"},{"taxonomy":"post_tag","embeddable":true,"href":"https:\/\/obera.fr\/cs\/wp-json\/wp\/v2\/tags?post=43476"}],"curies":[{"name":"wp","href":"https:\/\/api.w.org\/{rel}","templated":true}]}}