{"id":43626,"date":"2021-10-25T16:07:28","date_gmt":"2021-10-25T14:07:28","guid":{"rendered":"https:\/\/obera.fr\/non-classifiee\/casto-kladene-dotazy-adiabaticke-chladice-vzduchu-2\/"},"modified":"2024-10-30T16:11:17","modified_gmt":"2024-10-30T14:11:17","slug":"casto-kladene-dotazy-adiabaticke-chladice-vzduchu-2","status":"publish","type":"post","link":"https:\/\/obera.fr\/cs\/nase-rada\/casto-kladene-dotazy-adiabaticke-chladice-vzduchu-2\/","title":{"rendered":"\u010casto kladen\u00e9 dotazy Adiabatick\u00e9 chladi\u010de vzduchu"},"content":{"rendered":"\n<p>Zvy\u0161uj\u00ed odpa\u0159ovac\u00ed chladi\u010de vzduchu riziko legion\u00e1\u0159sk\u00e9 nemoci? A mohu je pou\u017e\u00edvat, pokud pracuji v ocel\u00e1\u0159sk\u00e9m pr\u016fmyslu? Jsou hlu\u010dn\u00e9?    <\/p>\n\n<p>Tento \u010dl\u00e1nek obsahuje odpov\u011bdi na \u010dasto kladen\u00e9 ot\u00e1zky t\u00fdkaj\u00edc\u00ed se <a href=\"https:\/\/obera.fr\/cs\/nase-rady\/comment-rafraichissement-evaporation-ameliorer-production-industrielle\/\">odpa\u0159ovac\u00edho chlazen\u00ed<\/a>.<\/p>\n\n<h2 class=\"wp-block-heading\">Zvy\u0161uj\u00ed odpa\u0159ovac\u00ed chladi\u010de riziko infekc\u00ed a dal\u0161\u00edch zdravotn\u00edch probl\u00e9m\u016f?<\/h2>\n\n<p>Ne, pr\u00e1v\u011b naopak! Tato ot\u00e1zka je obvykle zalo\u017eena na nespr\u00e1vn\u00e9m p\u0159edpokladu, \u017ee odpa\u0159ovac\u00ed chladi\u010de mohou zp\u016fsobit <strong>m\u00edrn\u00e9 zv\u00fd\u0161en\u00ed vlhkosti,<\/strong> ale tak\u00e9 zv\u00fd\u0161it riziko r\u016fstu vir\u016f, bakteri\u00ed a pl\u00edsn\u00ed. V\u0161echny <strong><a href=\"https:\/\/obera.fr\/en\/rafraichisseurs-air\/\" data-type=\"page\" data-id=\"368\">odpa\u0159ovac\u00ed chladi\u010de OberA<\/a><\/strong> jsou vybaveny <strong>p\u0159edfiltry a UV lampou<\/strong>, kter\u00e9 <a href=\"https:\/\/obera.fr\/conseils\/qualite-l-air-interieur-critere-essentiel-industrie\/\" data-type=\"post\" data-id=\"5884\">upravuj\u00ed vzduch a odstra\u0148uj\u00ed<\/a>\u010d\u00e1stice usnad\u0148uj\u00edc\u00ed pohyb vir\u016f a bakteri\u00ed.    <\/p>\n\n<p>Pozitivn\u00ed \u00fa\u010dinky odpa\u0159ov\u00e1n\u00ed jsou skute\u010dn\u011b dob\u0159e zn\u00e1m\u00e9. Odpa\u0159ovac\u00ed <a href=\"https:\/\/obera.fr\/cs\/nase-rady\/traitement-air-industriel-guide-complet\/\" data-type=\"URL\" data-id=\"https:\/\/obera.fr\/conseils\/traitement-air-industriel-guide-complet\/\">chlazen\u00ed<\/a> nejen\u017ee <a href=\"https:\/\/obera.fr\/cs\/nase-rady\/traitement-air-industriel-guide-complet\/\" data-type=\"URL\" data-id=\"https:\/\/obera.fr\/conseils\/traitement-air-industriel-guide-complet\/\">poskytuje<\/a> <a href=\"https:\/\/obera.fr\/cs\/nase-rady\/traitement-air-industriel-guide-complet\/\" data-type=\"URL\" data-id=\"https:\/\/obera.fr\/conseils\/traitement-air-industriel-guide-complet\/\">\u010dist\u00fd<\/a>, \u010derstv\u00fd a filtrovan\u00fd vzduch, ale tak\u00e9 spot\u0159ebov\u00e1v\u00e1 mnohem <strong>m\u00e9n\u011b energie<\/strong> a je <strong>jednodu\u0161\u0161\u00ed na \u00fadr\u017ebu<\/strong>. Na rozd\u00edl od mnoha klimatiza\u010dn\u00edch za\u0159\u00edzen\u00ed nevy\u017eaduje pou\u017eit\u00ed \u0161kodliv\u00fdch freon\u016f.    <\/p>\n\n<h2 class=\"wp-block-heading\">Pracuji s ocelov\u00fdmi v\u00fdrobky, tak\u017ee nechci, aby se v m\u00e9m pracovn\u00edm prost\u0159ed\u00ed vyskytovala vlhkost, abych se vyhnul riziku koroze. Znamen\u00e1 to, \u017ee nemohu pou\u017e\u00edvat odpa\u0159ovac\u00ed chlazen\u00ed?   <\/h2>\n\n<p>Odpa\u0159uj\u00ed na\u0161e chladi\u010de vodu? Voda v chladi\u010di je ve form\u011b p\u00e1ry, nikoli kapaliny (mikrokapi\u010dek). <strong> V z\u00e1vislosti na prost\u0159ed\u00ed se vlhkost zv\u00fd\u0161\u00ed o 2 a\u017e 5 %<\/strong>.    <\/p>\n\n<p>Existuje n\u011bkolik v\u011bc\u00ed, kter\u00e9 m\u016f\u017eete ud\u011blat, abyste <strong>zabr\u00e1nili zv\u00fd\u0161en\u00e9 vlhkosti<\/strong> ve va\u0161em prost\u0159ed\u00ed.<\/p>\n\n<ul class=\"wp-block-list\">\n<li><strong>Zlep\u0161ete v\u011btr\u00e1n\u00ed<\/strong>(otev\u0159ete dve\u0159e a okna). V\u011bt\u0161\u00ed v\u011btr\u00e1n\u00ed znamen\u00e1 ni\u017e\u0161\u00ed vlhkost. \u010c\u00edm v\u00edce se v\u011btr\u00e1, t\u00edm m\u00e9n\u011b se zvy\u0161uje vlhkost.    <\/li>\n\n\n\n<li><strong>Hl\u00edd\u00e1 teplotu a vlhkost a udr\u017euje ji<\/strong>na spr\u00e1vn\u00e9 \u00farovni. Na\u0161e odpa\u0159ovac\u00ed chladi\u010de maj\u00ed <strong>integrovan\u00fd ovl\u00e1dac\u00ed panel pro<\/strong> nastaven\u00ed \u00farovn\u011b.   <\/li>\n<\/ul>\n\n<p>P\u0159enosn\u00e9 chladic\u00ed jednotky se obvykle pou\u017e\u00edvaj\u00ed k chlazen\u00ed ur\u010dit\u00e9ho prostoru. To znamen\u00e1, \u017ee se chlad\u00ed pouze \u010d\u00e1st celkov\u00e9 plochy. Proto bude<strong>celkov\u00fd \u00fa\u010dinek vlhkosti<\/strong> obvykle <strong>mnohem men\u0161\u00ed ne\u017e 2-5 %<\/strong>. M\u011bjte na pam\u011bti, \u017ee v\u00fdkonn\u00e9 odpa\u0159ovac\u00ed chladi\u010de vytla\u010duj\u00ed z budovy tepl\u00fd, vlhk\u00fd vzduch.     <\/p>\n\n<h2 class=\"wp-block-heading\">Zvy\u0161uje odpa\u0159ovac\u00ed chlazen\u00ed riziko v\u00fdskytu legionelly, proto\u017ee pou\u017e\u00edv\u00e1 vodu?<\/h2>\n\n<p>Legionella je bakterie, kter\u00e1 <strong>se vyv\u00edj\u00ed v teplovodn\u00edch syst\u00e9mech<\/strong>. Na\u0161e jednotky jsou vybaveny UV lampami. UV z\u00e1\u0159en\u00edm je o\u0161et\u0159eno 100 % vody prot\u00e9kaj\u00edc\u00ed p\u0159es chladic\u00ed panely.    <\/p>\n\n<p><strong>Legionel\u00f3za se nav\u00edc p\u0159en\u00e1\u0161\u00ed vdechov\u00e1n\u00edm aerosolu vody kontaminovan\u00e9<\/strong> bakteri\u00ed legionella. Na\u0161e za\u0159\u00edzen\u00ed <strong>aerosoly neuvol\u0148uj\u00ed<\/strong>. Voda se odpa\u0159uje nebo p\u0159en\u00e1\u0161\u00ed ve form\u011b p\u00e1ry, nikoliv kapaliny.    <\/p>\n\n<p>Riziko je proto velmi n\u00edzk\u00e9 a nen\u00ed vy\u0161\u0161\u00ed ne\u017e u tradi\u010dn\u00ed klimatizace.<\/p>\n\n<h2 class=\"wp-block-heading\">Lze sn\u00ed\u017eit hlu\u010dnost odpa\u0159ovac\u00edho chladi\u010de vzduchu?<\/h2>\n\n<p>Hladina hluku <strong>na\u0161ich jednotek je obecn\u011b ni\u017e\u0161\u00ed ne\u017e na na\u0161ich<\/strong>hlavn\u00edch trz\u00edch (pr\u016fmysl, logistika, v\u00fdroba) Krom\u011b toho v\u00fdznam chladic\u00edho efektu daleko p\u0159evy\u0161uje v\u00fdznam sn\u00ed\u017een\u00ed hluku. Na\u0161e chladi\u010de jsou vybaveny <strong>regulac\u00ed ot\u00e1\u010dek<\/strong>, kter\u00e1 v p\u0159\u00edpad\u011b pot\u0159eby <strong>sni\u017euje ot\u00e1\u010dky, a t\u00edm i hluk<\/strong>. \u010c\u00edm men\u0161\u00ed je chladi\u010d, t\u00edm ni\u017e\u0161\u00ed je hladina hluku. Hladina hluku na\u0161ich jednotek je 66 dB.     <\/p>\n\n<blockquote class=\"wp-block-quote is-layout-flow wp-block-quote-is-layout-flow\">\n<p>P\u0159e\u010dt\u011bte si tak\u00e9 : <a href=\"https:\/\/obera.fr\/cs\/nase-rady\/ou-utiliser-rafraichissement-evaporation\/\" data-type=\"post\" data-id=\"7093\">Kde mohu vyu\u017e\u00edt odpa\u0159ovac\u00ed chlazen\u00ed?<\/a><\/p>\n<\/blockquote>\n\n<h2 class=\"wp-block-heading\">Jak mohu upravit proud\u011bn\u00ed vzduchu?<\/h2>\n\n<p>Podobn\u011b jako v ot\u00e1zce 4 m\u016f\u017ee n\u011bkter\u00fdm lidem v tov\u00e1rn\u011b proud\u011bn\u00ed vzduchu vadit. V takov\u00e9m p\u0159\u00edpad\u011b m\u016f\u017eete <strong>jednotku posunout d\u00e1le nebo upravit sm\u011br proud\u011bn\u00ed<\/strong>. Na\u0161e chladi\u010de vzduchu maj\u00ed nastaviteln\u00e1 \u017eebra, kter\u00e1 umo\u017e\u0148uj\u00ed <strong>ovl\u00e1dat sm\u011br proud\u011bn\u00ed vzduchu<\/strong>. Pomoc\u00ed ovl\u00e1dac\u00edho panelu m\u016f\u017eete tak\u00e9 <strong>nastavit rychlost<\/strong> a <strong>sn\u00ed\u017eit proud\u011bn\u00ed vzduchu v jednotce<\/strong>.     <\/p>\n\n<p>Dal\u0161\u00edm \u0159e\u0161en\u00edm je <strong>um\u00edstit chladi\u010d do vy\u0161\u0161\u00ed polohy<\/strong>, aby nesm\u011b\u0159oval vzduch na lidi (studen\u00fd vzduch se v\u017edy pohybuje sm\u011brem dol\u016f, tak\u017ee toto \u0159e\u0161en\u00ed tak\u00e9 zaji\u0161\u0165uje dostate\u010dn\u00e9 chlazen\u00ed).<\/p>\n\n<h2 class=\"wp-block-heading\">Pro\u010d utr\u00e1cet za pohodl\u00ed: bez n\u011bj je to levn\u011bj\u0161\u00ed, \u017ee?<\/h2>\n\n<p>N\u00e1klady na instalaci, provoz a spr\u00e1vu jsou pom\u011brn\u011b n\u00edzk\u00e9, tak\u017ee odpa\u0159ovac\u00ed chlazen\u00ed <strong>je n\u00e1kladov\u011b efektivn\u00ed<\/strong>. Krom\u011b toho jsou zam\u011bstnanci pracuj\u00edc\u00ed v hork\u00e9m prost\u0159ed\u00ed vystaveni tepeln\u00e9mu stresu, kter\u00fd m\u016f\u017ee ovlivnit jejich bezpe\u010dnost i <a href=\"https:\/\/obera.fr\/cs\/nase-rady\/comment-rafraichissement-evaporation-ameliorer-production-industrielle\/\" data-type=\"post\" data-id=\"7081\">produktivitu<\/a>. Pr\u00e1ce v p\u0159\u00edjemn\u00e9m prost\u0159ed\u00ed <strong>zlep\u0161\u00ed jejich koncentraci a schopnost efektivn\u011b pracovat<\/strong>.   <\/p>\n\n<h2 class=\"wp-block-heading\">Jak mohu chladi\u010d vzduchu vy\u010distit a uskladnit na konci hork\u00e9 sez\u00f3ny?<\/h2>\n\n<p>Pokud je va\u0161e pracovn\u00ed prost\u0159ed\u00ed pra\u0161n\u00e9 nebo \u0161pinav\u00e9, m\u011bli byste zv\u00fd\u0161it po\u010det \u010di\u0161t\u011bn\u00ed a vyprazd\u0148ov\u00e1n\u00ed d\u00e1vkova\u010de. Doporu\u010dujeme <strong>jednou za m\u011bs\u00edc vypr\u00e1zdnit n\u00e1dr\u017eku na vodu,<\/strong> kdy\u017e je v provozu, a <strong>vy\u010distit ji \u010distou vodou<\/strong>.   <\/p>\n\n<p>P\u0159\u00edprava chladi\u010d\u016f vzduchu na zimu na konci sez\u00f3ny<\/p>\n\n<p>Panely se nemus\u00ed m\u011bnit, pokud jsou na konci sez\u00f3ny ulo\u017eeny v suchu.<\/p>\n\n<p>P\u0159ed uskladn\u011bn\u00edm odpa\u0159ovac\u00edch chladi\u010d\u016f na zimu doporu\u010dujeme na konci ka\u017ed\u00e9 sez\u00f3ny prov\u00e9st n\u00e1sleduj\u00edc\u00ed \u00fakony:<\/p>\n\n<ul class=\"wp-block-list\">\n<li><strong>Vypr\u00e1zdn\u011bn\u00ed jednotek<\/strong><\/li>\n\n\n\n<li>Opl\u00e1chn\u011bte <strong>\u010distou vodou<\/strong>.<\/li>\n\n\n\n<li><strong>Spot\u0159ebi\u010de napus\u0165te \u010distou vodou<\/strong> a v p\u0159\u00edpad\u011b pot\u0159eby p\u0159idejte b\u00edl\u00fd ocet.<\/li>\n\n\n\n<li><strong>\u00dapln\u011b je vypus\u0165te<\/strong><\/li>\n\n\n\n<li>Nechte <strong>je b\u011b\u017eet alespo\u0148 6 hodin bez vody,<\/strong> aby se panely a jednotka vysu\u0161ily.<\/li>\n<\/ul>\n\n<h2 class=\"wp-block-heading\">M\u00e1te dal\u0161\u00ed ot\u00e1zku?<\/h2>\n\n<p>V p\u0159\u00edpad\u011b dal\u0161\u00edch dotaz\u016f n\u00e1s nev\u00e1hejte kontaktovat. Jeden z na\u0161ich z\u00e1stupc\u016f v\u00e1m odpov\u00ed na va\u0161e ot\u00e1zky a pom\u016f\u017ee v\u00e1m realizovat v\u00e1\u0161 <a href=\"https:\/\/obera.fr\/cs\/nase-rady\/rafraichissement-adiabatique-confort-thermique-naturel\/\" data-type=\"URL\" data-id=\"https:\/\/obera.fr\/conseils\/rafraichissement-adiabatique-confort-thermique-naturel\/\">projekt klimatizace<\/a>.   <\/p>\n\n<div class=\"wp-block-buttons is-horizontal is-content-justification-center is-layout-flex wp-container-core-buttons-is-layout-03627597 wp-block-buttons-is-layout-flex\">\n<div class=\"wp-block-button has-custom-width wp-block-button__width-100\"><a class=\"wp-block-button__link wp-element-button\" href=\"https:\/\/obera.fr\/cs\/kontaktujte-nas\/\">Zjist\u011bte v\u00edce<\/a><\/div>\n<\/div>\n","protected":false},"excerpt":{"rendered":"<p>Tento \u010dl\u00e1nek obsahuje odpov\u011bdi na \u010dasto kladen\u00e9 ot\u00e1zky t\u00fdkaj\u00edc\u00ed se odpa\u0159ovac\u00edho chlazen\u00ed.<\/p>\n","protected":false},"author":4,"featured_media":43628,"comment_status":"closed","ping_status":"closed","sticky":false,"template":"","format":"standard","meta":{"_acf_changed":false,"_seopress_robots_primary_cat":"none","_seopress_titles_title":"Adiabatick\u00e9 chladi\u010de: \u010casto kladen\u00e9 ot\u00e1zky - OberA","_seopress_titles_desc":"Odpov\u011bdi na \u010dasto kladen\u00e9 ot\u00e1zky o na\u0161ich adiabatick\u00fdch chladi\u010d\u00edch vzduchu najdete v na\u0161ich \u010dasto kladen\u00fdch dotazech.","_seopress_robots_index":"","footnotes":""},"categories":[49],"tags":[113],"class_list":["post-43626","post","type-post","status-publish","format-standard","has-post-thumbnail","hentry","category-nase-rada","tag-entete-male","generate-columns","tablet-grid-50","mobile-grid-100","grid-parent","grid-50","no-featured-image-padding","resize-featured-image"],"acf":[],"_links":{"self":[{"href":"https:\/\/obera.fr\/cs\/wp-json\/wp\/v2\/posts\/43626","targetHints":{"allow":["GET"]}}],"collection":[{"href":"https:\/\/obera.fr\/cs\/wp-json\/wp\/v2\/posts"}],"about":[{"href":"https:\/\/obera.fr\/cs\/wp-json\/wp\/v2\/types\/post"}],"author":[{"embeddable":true,"href":"https:\/\/obera.fr\/cs\/wp-json\/wp\/v2\/users\/4"}],"replies":[{"embeddable":true,"href":"https:\/\/obera.fr\/cs\/wp-json\/wp\/v2\/comments?post=43626"}],"version-history":[{"count":2,"href":"https:\/\/obera.fr\/cs\/wp-json\/wp\/v2\/posts\/43626\/revisions"}],"predecessor-version":[{"id":43632,"href":"https:\/\/obera.fr\/cs\/wp-json\/wp\/v2\/posts\/43626\/revisions\/43632"}],"wp:featuredmedia":[{"embeddable":true,"href":"https:\/\/obera.fr\/cs\/wp-json\/wp\/v2\/media\/43628"}],"wp:attachment":[{"href":"https:\/\/obera.fr\/cs\/wp-json\/wp\/v2\/media?parent=43626"}],"wp:term":[{"taxonomy":"category","embeddable":true,"href":"https:\/\/obera.fr\/cs\/wp-json\/wp\/v2\/categories?post=43626"},{"taxonomy":"post_tag","embeddable":true,"href":"https:\/\/obera.fr\/cs\/wp-json\/wp\/v2\/tags?post=43626"}],"curies":[{"name":"wp","href":"https:\/\/api.w.org\/{rel}","templated":true}]}}