{"id":43638,"date":"2021-10-29T19:00:20","date_gmt":"2021-10-29T17:00:20","guid":{"rendered":"https:\/\/obera.fr\/non-classifiee\/kde-mohu-pouzit-odparovaci-chladici-system\/"},"modified":"2025-05-07T09:01:43","modified_gmt":"2025-05-07T07:01:43","slug":"ou-utiliser-rafraichissement-evaporation","status":"publish","type":"post","link":"https:\/\/obera.fr\/cs\/nase-rady\/ou-utiliser-rafraichissement-evaporation\/","title":{"rendered":"Kde mohu pou\u017e\u00edt odpa\u0159ovac\u00ed chlazen\u00ed?"},"content":{"rendered":"\n<p>Odpa\u0159ovac\u00ed chladi\u010de lze pou\u017e\u00edt v \u0161irok\u00e9 \u0161k\u00e1le aplikac\u00ed. Obecn\u011b lze \u0159\u00edci, \u017ee jsou nejlep\u0161\u00edm \u0159e\u0161en\u00edm pro <strong>extr\u00e9mn\u00ed pracovn\u00ed podm\u00ednky<\/strong> a velk\u00e9 plochy, kde <strong>nen\u00ed mo\u017en\u00e9 pou\u017e\u00edt klimatiza\u010dn\u00ed za\u0159\u00edzen\u00ed<\/strong> a kde <strong>je po\u017eadovan\u00fd chladic\u00ed v\u00fdkon p\u0159\u00edli\u0161 velk\u00fd<\/strong>.   <\/p>\n\n<p>Nej\u010dast\u011bj\u0161\u00ed oblasti pou\u017eit\u00ed jsou uvedeny n\u00ed\u017ee.<\/p>\n\n<h2 class=\"wp-block-heading\">Pr\u016fmysl obecn\u011b<\/h2>\n\n<figure class=\"wp-block-image aligncenter size-full is-resized\"><img decoding=\"async\" width=\"1020\" height=\"175\" src=\"https:\/\/obera.fr\/wp-content\/uploads\/2021\/10\/Sans-titre-32.jpg\" alt=\"V&#x161;eobecn&#xFD; pr&#x16F;mysl\" class=\"wp-image-7095\" style=\"width:1020px;height:175px\" srcset=\"https:\/\/obera.fr\/wp-content\/uploads\/2021\/10\/Sans-titre-32.jpg 1020w, https:\/\/obera.fr\/wp-content\/uploads\/2021\/10\/Sans-titre-32-300x51.jpg 300w, https:\/\/obera.fr\/wp-content\/uploads\/2021\/10\/Sans-titre-32-768x132.jpg 768w\" sizes=\"(max-width: 1020px) 100vw, 1020px\" \/><\/figure>\n\n<p>Mnoho pr\u016fmyslov\u00fdch provoz\u016f vyu\u017e\u00edv\u00e1 jako sou\u010d\u00e1st sv\u00fdch v\u00fdrobn\u00edch proces\u016f pece nebo jin\u00e1 za\u0159\u00edzen\u00ed, kter\u00e1 vytv\u00e1\u0159ej\u00ed teplo, a zaji\u0161\u0165uj\u00ed tak celoro\u010dn\u011b tepl\u00e9 pracovn\u00ed prost\u0159ed\u00ed. <strong>Skl\u00e1\u0159sk\u00fd, ocel\u00e1\u0159sk\u00fd a plastik\u00e1\u0159sk\u00fd pr\u016fmysl<\/strong> jsou toho nejlep\u0161\u00edm p\u0159\u00edkladem. Ve <strong>v\u00edcepodla\u017en\u00edch v\u00fdrobn\u00edch za\u0159\u00edzen\u00edch<\/strong> se probl\u00e9my s teplem zvy\u0161uj\u00ed, \u010d\u00edm v\u00fd\u0161e se nach\u00e1z\u00edte uvnit\u0159 budovy.  <\/p>\n\n<p>Krom\u011b toho je mnoho tov\u00e1ren pom\u011brn\u011b star\u00fdch a podle modern\u00edch standard\u016f nebyly navr\u017eeny tak, aby zvl\u00e1daly nadm\u011brn\u00e9 teplo. Slunce je rychle zah\u0159\u00edv\u00e1, co\u017e m\u016f\u017ee u zam\u011bstnanc\u016f rychle vyvolat dojem, \u017ee pracuj\u00ed v peci. To <strong>m\u00e1 vliv<\/strong> nejen <strong>na produktivitu<\/strong>, ale m\u016f\u017ee to m\u00edt <strong>dopad<\/strong> i <strong>z pr\u00e1vn\u00edho hlediska<\/strong>. Evropsk\u00e9 z\u00e1kony a p\u0159edpisy jsou st\u00e1le p\u0159\u00edsn\u011bj\u0161\u00ed a na n\u011bkter\u00fdch m\u00edstech jsou vy\u017eadov\u00e1ny <strong>dodate\u010dn\u00e9 p\u0159est\u00e1vky,<\/strong> pokud teplota p\u0159ekro\u010d\u00ed ur\u010ditou hranici. Teplo m\u016f\u017ee <strong>m\u00edt vliv<\/strong> tak\u00e9 <strong>na strojn\u00ed za\u0159\u00edzen\u00ed,<\/strong> \u010d\u00edm\u017e se zvy\u0161uje riziko poruch nebo selh\u00e1n\u00ed (kompresory, \u010derpadla, hydraulick\u00e9 jednotky, \u0159\u00eddic\u00ed sk\u0159\u00edn\u011b atd.).    <\/p>\n\n<p>V z\u00e1vislosti na po\u017eadavc\u00edch mohou<strong> p\u0159enosn\u00e9 odpa\u0159ovac\u00ed<\/strong> <strong>chladi\u010de<\/strong><strong> vzduchu<\/strong> <a href=\"https:\/\/obera.fr\/cs\/nase-rady\/choisir-rafraichisseur-d-air-industriel-reguler-temperature\/\">poskytnout pot\u0159ebn\u00fd chladic\u00ed v\u00fdkon<\/a>. V tov\u00e1rn\u00e1ch jsou ur\u010dit\u00e9 oblasti \u010dasto teplej\u0161\u00ed ne\u017e zbytek z\u00e1vodu. Vysok\u00e9 teploty v t\u011bchto konkr\u00e9tn\u00edch oblastech mohou b\u00fdt zp\u016fsobeny teplem zp\u016fsoben\u00fdm stroji nebo v\u00fdrobn\u00edm procesem, nebo jednodu\u0161e t\u00edm, \u017ee v dan\u00e9 oblasti pracuje mnoho lid\u00ed. Pomoc\u00ed p\u0159enosn\u00fdch chladi\u010d\u016f <strong>se<\/strong> m\u016f\u017eete <strong>na tyto hork\u00e9 oblasti \u00fa\u010dinn\u011b zam\u011b\u0159it<\/strong>.   <\/p>\n\n<h2 class=\"wp-block-heading\">Automobilov\u00fd pr\u016fmysl<\/h2>\n\n<figure class=\"wp-block-image aligncenter size-full is-resized\"><img decoding=\"async\" width=\"1020\" height=\"175\" src=\"https:\/\/obera.fr\/wp-content\/uploads\/2021\/10\/Sans-titre-33.jpg\" alt=\"Automobilov&#xFD; pr&#x16F;mysl\" class=\"wp-image-7096\" style=\"width:1020px;height:175px\" srcset=\"https:\/\/obera.fr\/wp-content\/uploads\/2021\/10\/Sans-titre-33.jpg 1020w, https:\/\/obera.fr\/wp-content\/uploads\/2021\/10\/Sans-titre-33-300x51.jpg 300w, https:\/\/obera.fr\/wp-content\/uploads\/2021\/10\/Sans-titre-33-768x132.jpg 768w\" sizes=\"(max-width: 1020px) 100vw, 1020px\" \/><\/figure>\n\n<p><a href=\"https:\/\/obera.fr\/cs\/nase-rady\/rafraichissement-air-evaporation-production-automobile\/\" data-type=\"URL\" data-id=\"https:\/\/obera.fr\/conseils\/rafraichissement-air-evaporation-production-automobile\/\">Automobilov\u00fd pr\u016fmysl<\/a> a \u0159ada jeho dodavatel\u016f<strong>(tov\u00e1rny na pneumatiky, v\u00fdrobci automobilov\u00e9ho skla, sl\u00e9v\u00e1rny, kov\u00e1rny, p\u0159evodovky<\/strong> atd.) produkuj\u00ed b\u011bhem dne velk\u00e9 mno\u017estv\u00ed tepla.<\/p>\n\n<p>Opravny, autoservisy nebo pneuservisy maj\u00ed \u010dasto otev\u0159en\u00e9 dve\u0159e a pou\u017e\u00edvaj\u00ed jednoduch\u00e9 ventil\u00e1tory, kter\u00e9 se sna\u017e\u00ed trochu cirkulovat vzduch. Ventil\u00e1tory v\u0161ak slou\u017e\u00ed pouze k pohybu tepl\u00e9ho vzduchu, ani\u017e by skute\u010dn\u011b ochlazovaly lidi. <strong>Odpa\u0159ovac\u00ed chladi\u010de<\/strong> nab\u00edzej\u00ed lep\u0161\u00ed v\u00fdsledek, proto\u017ee <strong>vytv\u00e1\u0159ej\u00ed chlad a proud vzduchu je nastaviteln\u00fd<\/strong> tak, aby vyhovoval mal\u00fdm i velk\u00fdm pracovn\u00edm prostor\u016fm.  <\/p>\n\n<h2 class=\"wp-block-heading\">Letectv\u00ed<\/h2>\n\n<figure class=\"wp-block-image aligncenter size-full is-resized\"><img decoding=\"async\" width=\"1020\" height=\"175\" src=\"https:\/\/obera.fr\/wp-content\/uploads\/2021\/10\/Sans-titre-34.jpg\" alt=\"Odv&#x11B;tv&#xED; letectv&#xED;\" class=\"wp-image-7097\" style=\"width:1020px;height:175px\" srcset=\"https:\/\/obera.fr\/wp-content\/uploads\/2021\/10\/Sans-titre-34.jpg 1020w, https:\/\/obera.fr\/wp-content\/uploads\/2021\/10\/Sans-titre-34-300x51.jpg 300w, https:\/\/obera.fr\/wp-content\/uploads\/2021\/10\/Sans-titre-34-768x132.jpg 768w\" sizes=\"(max-width: 1020px) 100vw, 1020px\" \/><\/figure>\n\n<p><strong>Chladic\u00ed<\/strong> \u0159e\u0161en\u00ed pro <strong>leteck\u00fd sektor<\/strong> jsou v\u017edy velmi \u017e\u00e1dan\u00e1. Chlazen\u00ed hang\u00e1ru je kv\u016fli vysok\u00fdm strop\u016fm a \u010dasto otev\u0159en\u00fdm dve\u0159\u00edm velmi obt\u00ed\u017en\u00e9. Zde <strong>je<\/strong> pou\u017eit\u00ed <strong>p\u0159enosn\u00fdch chladic\u00edch<\/strong> \u0159e\u0161en\u00ed <strong>ide\u00e1ln\u00ed pro chlazen\u00ed konkr\u00e9tn\u00edho pracovn\u00edho prostoru<\/strong>. Chlazen\u00ed cel\u00e9ho vnit\u0159n\u00edho prostoru by bylo pl\u00fdtv\u00e1n\u00edm pen\u011bzi. Pro naprostou flexibilitu jsou chladi\u010de na kole\u010dk\u00e1ch, tak\u017ee je lze podle pot\u0159eby p\u0159emis\u0165ovat.    <\/p>\n\n<p>D\u00edky schopnosti <strong>usm\u011br\u0148ovat chladn\u00fd vzduch<\/strong> je mo\u017en\u00e9 <strong>chladit<\/strong> tak\u00e9 <strong>interi\u00e9ry letadel<\/strong>. Na\u0161e odpa\u0159ovac\u00ed chladi\u010de jsou ide\u00e1ln\u00ed pro velk\u00e9, dob\u0159e v\u011btran\u00e9 prostory, ale lze je pou\u017e\u00edt i venku &#8211; ide\u00e1ln\u00ed pro n\u011bkter\u00e9 arm\u00e1dy, kter\u00e9 pou\u017e\u00edvaj\u00ed odpa\u0159ovac\u00ed chladi\u010de pro venkovn\u00ed \u00fadr\u017ebu sv\u00fdch vrtuln\u00edk\u016f a letadel, proto\u017ee nemaj\u00ed p\u0159\u00edstup k hang\u00e1ru.   <\/p>\n\n<h2 class=\"wp-block-heading\">Zem\u011bd\u011blstv\u00ed<\/h2>\n\n<figure class=\"wp-block-image aligncenter size-full\"><img decoding=\"async\" width=\"1020\" height=\"175\" src=\"https:\/\/obera.fr\/wp-content\/uploads\/2021\/10\/Sans-titre-35.jpg\" alt=\"Odv&#x11B;tv&#xED; zem&#x11B;d&#x11B;lstv&#xED;\" class=\"wp-image-7098\" srcset=\"https:\/\/obera.fr\/wp-content\/uploads\/2021\/10\/Sans-titre-35.jpg 1020w, https:\/\/obera.fr\/wp-content\/uploads\/2021\/10\/Sans-titre-35-300x51.jpg 300w, https:\/\/obera.fr\/wp-content\/uploads\/2021\/10\/Sans-titre-35-768x132.jpg 768w\" sizes=\"(max-width: 1020px) 100vw, 1020px\" \/><\/figure>\n\n<p><strong>Vysok\u00e9 teploty mohou m\u00edt negativn\u00ed dopad na zv\u00ed\u0159ata<\/strong> (nap\u0159\u00edklad m\u00e9n\u011b vajec a ml\u00e9ka). Nap\u0159\u00edklad ku\u0159ata se nepot\u00ed, tak\u017ee p\u0159i extr\u00e9mn\u00edm horku mohou onemocn\u011bt nebo dokonce uhynout. <\/p>\n\n<p>S na\u0161imi \u0159e\u0161en\u00edmi odpa\u0159ovac\u00edho chlazen\u00ed <strong>lze snadno a \u00fa\u010dinn\u011b sn\u00ed\u017eit teplotu<\/strong> a vytvo\u0159it p\u0159\u00edjemn\u00e9 klima ve st\u00e1j\u00edch nebo kurn\u00edc\u00edch.<\/p>\n\n<h2 class=\"wp-block-heading\">Arm\u00e1da<\/h2>\n\n<figure class=\"wp-block-image aligncenter size-full is-resized\"><img decoding=\"async\" width=\"1020\" height=\"175\" src=\"https:\/\/obera.fr\/wp-content\/uploads\/2021\/10\/Sans-titre-36.jpg\" alt=\"Arm&#xE1;dn&#xED; sektor\" class=\"wp-image-7099\" style=\"width:1020px;height:175px\" srcset=\"https:\/\/obera.fr\/wp-content\/uploads\/2021\/10\/Sans-titre-36.jpg 1020w, https:\/\/obera.fr\/wp-content\/uploads\/2021\/10\/Sans-titre-36-300x51.jpg 300w, https:\/\/obera.fr\/wp-content\/uploads\/2021\/10\/Sans-titre-36-768x132.jpg 768w\" sizes=\"(max-width: 1020px) 100vw, 1020px\" \/><\/figure>\n\n<p>Mnoho vojensk\u00fdch aplikac\u00ed <strong>vy\u017eaduje pou\u017eit\u00ed odpa\u0159ovac\u00edch chladic\u00edch \u0159e\u0161en\u00ed<\/strong>. D\u00edky jejich odolnosti a praktick\u00e9mu vyu\u017eit\u00ed jsme preferovan\u00fdm dodavatelem mnoha arm\u00e1d. Mnoho vojensk\u00fdch mis\u00ed se odehr\u00e1v\u00e1 v extr\u00e9mn\u011b hork\u00e9m po\u010das\u00ed v Africe, na Bl\u00edzk\u00e9m v\u00fdchod\u011b a v podobn\u00fdch prost\u0159ed\u00edch, kter\u00e1 vy\u017eaduj\u00ed pou\u017eit\u00ed chladic\u00edch \u0159e\u0161en\u00ed. V t\u011bchto situac\u00edch se pou\u017e\u00edvaj\u00ed <strong>mobiln\u00ed jednotky,<\/strong> kter\u00e9 <strong>se snadno p\u0159epravuj\u00ed a pou\u017e\u00edvaj\u00ed<\/strong>.  <\/p>\n\n<h2 class=\"wp-block-heading\">Stany a akce<\/h2>\n\n<figure class=\"wp-block-image aligncenter size-full is-resized\"><img decoding=\"async\" width=\"1020\" height=\"175\" src=\"https:\/\/obera.fr\/wp-content\/uploads\/2021\/10\/Sans-titre-37.jpg\" alt=\"Arm&#xE1;dn&#xED; sektor\" class=\"wp-image-7100\" style=\"width:1020px;height:175px\" srcset=\"https:\/\/obera.fr\/wp-content\/uploads\/2021\/10\/Sans-titre-37.jpg 1020w, https:\/\/obera.fr\/wp-content\/uploads\/2021\/10\/Sans-titre-37-300x51.jpg 300w, https:\/\/obera.fr\/wp-content\/uploads\/2021\/10\/Sans-titre-37-768x132.jpg 768w\" sizes=\"(max-width: 1020px) 100vw, 1020px\" \/><\/figure>\n\n<p>Na akc\u00edch s velk\u00fdm po\u010dtem lid\u00ed a v hork\u00fdch letn\u00edch dnech m\u016f\u017ee b\u00fdt velmi horko. Pomoc\u00ed za\u0159\u00edzen\u00ed, jako je n\u00e1\u0161 <strong>ecoCLIM 30<\/strong>, m\u016f\u017eete <strong>ochlazovat v\u00edce ne\u017e 300 m2<\/strong> a vytvo\u0159it tak ide\u00e1ln\u00ed klima ve stanech i v jejich okol\u00ed. Po p\u0159ipojen\u00ed k p\u0159\u00edvodu vody nebo po ru\u010dn\u00edm napln\u011bn\u00ed nab\u00edz\u00ed toto \u0159e\u0161en\u00ed <a href=\"https:\/\/obera.fr\/cs\/nase-rady\/rafraichisseur-air-salle-sport\/\">okam\u017eit\u00e9 a pln\u011b mobiln\u00ed chlazen\u00ed<\/a>, ani\u017e by vy\u017eadovalo velk\u00e9 \u00fasil\u00ed.  <\/p>\n\n<h2 class=\"wp-block-heading\">Logistika<\/h2>\n\n<figure class=\"wp-block-image aligncenter size-full is-resized\"><img decoding=\"async\" width=\"1020\" height=\"175\" src=\"https:\/\/obera.fr\/wp-content\/uploads\/2021\/10\/Sans-titre-38.jpg\" alt=\"Odv&#x11B;tv&#xED; logistiky\" class=\"wp-image-7101\" style=\"width:1020px;height:175px\" srcset=\"https:\/\/obera.fr\/wp-content\/uploads\/2021\/10\/Sans-titre-38.jpg 1020w, https:\/\/obera.fr\/wp-content\/uploads\/2021\/10\/Sans-titre-38-300x51.jpg 300w, https:\/\/obera.fr\/wp-content\/uploads\/2021\/10\/Sans-titre-38-768x132.jpg 768w\" sizes=\"(max-width: 1020px) 100vw, 1020px\" \/><\/figure>\n\n<p><strong> Odpa\u0159ovac\u00ed<\/strong> <strong>chladi\u010de<\/strong><strong> vzduchu<\/strong> nemohou vytvo\u0159it garantovanou konkr\u00e9tn\u00ed teplotu, nap\u0159\u00edklad maxim\u00e1ln\u011b 23 stup\u0148\u016f. M\u00edsto toho <strong>ochlad\u00ed vzduch o 3 a\u017e 12 \u00b0C v<\/strong> z\u00e1vislosti na <strong>teplot\u011b, vlhkosti a v\u011btr\u00e1n\u00ed okoln\u00edho vzduchu<\/strong>. Logistick\u00e1 centra, kter\u00e1 cht\u011bj\u00ed<a href=\"https:\/\/obera.fr\/cs\/nase-rady\/comment-rafraichir-un-entrepot\/\"> chladit sklad<\/a>, by m\u011bla db\u00e1t na v\u00fdb\u011br \u0159e\u0161en\u00ed, kter\u00e9 spl\u0148uje jejich specifick\u00e9 po\u017eadavky. Nap\u0159\u00edklad<a href=\"https:\/\/obera.fr\/cs\/nase-rady\/rafraichisseur-dair-adiabatique-mobile-une-solution-souple-et-pratique-pour-lindustriel\/\"> mobiln\u00ed bodov\u00e9 chlazen\u00ed<\/a> je ide\u00e1ln\u00ed pro chlazen\u00ed <strong>nakl\u00e1dac\u00edch\/vykl\u00e1dac\u00edch prostor<\/strong>. Pro <strong>chlazen\u00ed cel\u00e9ho skladu<\/strong> je zapot\u0159eb\u00ed <strong>pevn\u00fd chladic\u00ed<\/strong> syst\u00e9m.    <\/p>\n\n<p><strong>Vnit\u0159n\u00ed prostory n\u00e1kladn\u00edch automobil\u016f nebo p\u0159epravn\u00edch kontejner\u016f<\/strong> se mohou p\u0159i vystaven\u00ed p\u0159\u00edm\u00e9mu slune\u010dn\u00edmu z\u00e1\u0159en\u00ed tak\u00e9 velmi zah\u0159\u00e1t. N\u011bkdy a\u017e do t\u00e9 m\u00edry, \u017ee je t\u00e9m\u011b\u0159 nemo\u017en\u00e9 je vylo\u017eit. <strong>P\u0159enosn\u00e1 \u0159e\u0161en\u00ed<\/strong> pomohou <strong>sn\u00ed\u017eit teplotu natolik,<\/strong> aby person\u00e1l mohl nakl\u00e1dat nebo vykl\u00e1dat n\u00e1kladn\u00ed automobily, kontejnery a dal\u0161\u00ed.  <\/p>\n\n<h2 class=\"wp-block-heading\">Dal\u0161\u00ed<\/h2>\n\n<p>Obecn\u011b je odpa\u0159ovac\u00ed chlazen\u00ed vynikaj\u00edc\u00ed volbou pro v\u011bt\u0161inu velk\u00fdch a \u010d\u00e1ste\u010dn\u011b nebo zcela otev\u0159en\u00fdch prostor. P\u0159\u00edkladem jsou <strong>sklen\u00edky, sportovn\u00ed haly, kostely nebo fitness centra<\/strong>. Pro takov\u00e9 aplikace \u010dasto neexistuj\u00ed re\u00e1ln\u00e9 alternativy, kter\u00e9 by poskytovaly spr\u00e1vn\u00e9 mno\u017estv\u00ed chladu finan\u010dn\u011b p\u0159ijateln\u00fdm zp\u016fsobem.  <\/p>\n\n<div class=\"wp-block-buttons is-horizontal is-content-justification-center is-layout-flex wp-container-core-buttons-is-layout-03627597 wp-block-buttons-is-layout-flex\">\n<div class=\"wp-block-button\"><a class=\"wp-block-button__link wp-element-button\" href=\"https:\/\/obera.fr\/cs\/nase-rady\/faq-rafraichisseurs-air-adiabatique\/\">\u010casto kladen\u00e9 dotazy Adiabatick\u00e9 chladi\u010de vzduchu<\/a><\/div>\n<\/div>\n","protected":false},"excerpt":{"rendered":"<p>Odpa\u0159ovac\u00ed chladi\u010de jsou nejlep\u0161\u00edm \u0159e\u0161en\u00edm pro extr\u00e9mn\u00ed pracovn\u00ed podm\u00ednky a velk\u00e9 plochy, kde nelze pou\u017e\u00edt klimatiza\u010dn\u00ed jednotky a kde je po\u017eadovan\u00fd chladic\u00ed v\u00fdkon p\u0159\u00edli\u0161 vysok\u00fd.  <\/p>\n","protected":false},"author":4,"featured_media":97518,"comment_status":"closed","ping_status":"closed","sticky":false,"template":"","format":"standard","meta":{"_acf_changed":false,"_seopress_robots_primary_cat":"none","_seopress_titles_title":"Kde mohu pou\u017e\u00edt odpa\u0159ovac\u00ed nebo adiabatick\u00fd chladi\u010d vzduchu?","_seopress_titles_desc":"Kde mohu adiabatick\u00fd osv\u011b\u017eova\u010d vzduchu pou\u017e\u00edt? Na\u0161e r\u016fzn\u00e9 modely odpov\u00eddaj\u00ed r\u016fzn\u00fdm odv\u011btv\u00edm \u010dinnosti. V\u00edce se dozv\u00edte v na\u0161\u00ed nov\u00e9 sekci rad. ","_seopress_robots_index":"","footnotes":""},"categories":[310],"tags":[113],"class_list":["post-43638","post","type-post","status-publish","format-standard","has-post-thumbnail","hentry","category-nase-rady","tag-entete-male","generate-columns","tablet-grid-50","mobile-grid-100","grid-parent","grid-50","no-featured-image-padding","resize-featured-image"],"acf":[],"_links":{"self":[{"href":"https:\/\/obera.fr\/cs\/wp-json\/wp\/v2\/posts\/43638","targetHints":{"allow":["GET"]}}],"collection":[{"href":"https:\/\/obera.fr\/cs\/wp-json\/wp\/v2\/posts"}],"about":[{"href":"https:\/\/obera.fr\/cs\/wp-json\/wp\/v2\/types\/post"}],"author":[{"embeddable":true,"href":"https:\/\/obera.fr\/cs\/wp-json\/wp\/v2\/users\/4"}],"replies":[{"embeddable":true,"href":"https:\/\/obera.fr\/cs\/wp-json\/wp\/v2\/comments?post=43638"}],"version-history":[{"count":4,"href":"https:\/\/obera.fr\/cs\/wp-json\/wp\/v2\/posts\/43638\/revisions"}],"predecessor-version":[{"id":97713,"href":"https:\/\/obera.fr\/cs\/wp-json\/wp\/v2\/posts\/43638\/revisions\/97713"}],"wp:featuredmedia":[{"embeddable":true,"href":"https:\/\/obera.fr\/cs\/wp-json\/wp\/v2\/media\/97518"}],"wp:attachment":[{"href":"https:\/\/obera.fr\/cs\/wp-json\/wp\/v2\/media?parent=43638"}],"wp:term":[{"taxonomy":"category","embeddable":true,"href":"https:\/\/obera.fr\/cs\/wp-json\/wp\/v2\/categories?post=43638"},{"taxonomy":"post_tag","embeddable":true,"href":"https:\/\/obera.fr\/cs\/wp-json\/wp\/v2\/tags?post=43638"}],"curies":[{"name":"wp","href":"https:\/\/api.w.org\/{rel}","templated":true}]}}