{"id":43718,"date":"2022-03-24T16:24:27","date_gmt":"2022-03-24T14:24:27","guid":{"rendered":"https:\/\/obera.fr\/non-classifiee\/jaky-je-rozdil-mezi-chladicim-zarizenim-a-klimatizaci\/"},"modified":"2025-05-06T14:01:42","modified_gmt":"2025-05-06T12:01:42","slug":"differences-entre-rafraichisseur-climatiseur","status":"publish","type":"post","link":"https:\/\/obera.fr\/cs\/nase-rady\/differences-entre-rafraichisseur-climatiseur\/","title":{"rendered":"Jak\u00fd je rozd\u00edl mezi chladi\u010dem a klimatizac\u00ed?"},"content":{"rendered":"\n<p>Klimatizace nebo <a href=\"https:\/\/obera.fr\/cs\/produits\/rafraichisseurs-air\/\">pr\u016fmyslov\u00e9 chladi\u010de<\/a>? P\u0159esto\u017ee maj\u00ed spole\u010dnou funkci chlazen\u00ed, li\u0161\u00ed se z <strong>ekologick\u00e9ho a ekonomick\u00e9ho<\/strong> hlediska. Klimatizace pou\u017e\u00edv\u00e1 toxick\u00e9 chladivo, chladi\u010d pou\u017e\u00edv\u00e1 vodu! Klimatizace pracuje v uzav\u0159en\u00e9 m\u00edstnosti, chladi\u010d ve vzdu\u0161n\u00e9 m\u00edstnosti! P\u0159esto chladi\u010d spot\u0159ebuje m\u00e9n\u011b energie ne\u017e klimatizace. Proto jsou chladi\u010de levn\u011bj\u0161\u00ed ne\u017e klimatizace! <strong>Porovnejte si klimatiza\u010dn\u00ed jednotky a chladi\u010de<\/strong> b\u011bhem n\u011bkolika minut.      <\/p>\n\n<h2 class=\"wp-block-heading\">Chladi\u010de vs. klimatizace: srovn\u00e1n\u00ed funkce klimatizace<\/h2>\n\n<div class=\"wp-block-columns are-vertically-aligned-center is-layout-flex wp-container-core-columns-is-layout-28f84493 wp-block-columns-is-layout-flex\">\n<div class=\"wp-block-column is-vertically-aligned-center is-layout-flow wp-block-column-is-layout-flow\" style=\"flex-basis:50%\">\n<figure class=\"wp-block-embed is-type-video is-provider-youtube wp-block-embed-youtube wp-embed-aspect-16-9 wp-has-aspect-ratio\"><div class=\"wp-block-embed__wrapper\">\n<iframe title=\"Rafraichisseur d&#039;air - Gamme IC - OberA\" width=\"1200\" height=\"675\" src=\"https:\/\/www.youtube.com\/embed\/NG-Ssy2oM70?feature=oembed\" frameborder=\"0\" allow=\"accelerometer; autoplay; clipboard-write; encrypted-media; gyroscope; picture-in-picture; web-share\" referrerpolicy=\"strict-origin-when-cross-origin\" allowfullscreen><\/iframe>\n<\/div><\/figure>\n\n\n\n<figure class=\"wp-block-image aligncenter size-full is-resized\"><img decoding=\"async\" width=\"1000\" height=\"1000\" src=\"https:\/\/obera.fr\/wp-content\/uploads\/2022\/03\/Rafraichisseur-dair-par-evaporation.jpg\" alt=\"odpa&#x159;ovac&#xED; chladi&#x10D; vzduchu\" class=\"wp-image-13253\" style=\"width:250px;height:250px\" srcset=\"https:\/\/obera.fr\/wp-content\/uploads\/2022\/03\/Rafraichisseur-dair-par-evaporation.jpg 1000w, https:\/\/obera.fr\/wp-content\/uploads\/2022\/03\/Rafraichisseur-dair-par-evaporation-300x300.jpg 300w, https:\/\/obera.fr\/wp-content\/uploads\/2022\/03\/Rafraichisseur-dair-par-evaporation-150x150.jpg 150w, https:\/\/obera.fr\/wp-content\/uploads\/2022\/03\/Rafraichisseur-dair-par-evaporation-768x768.jpg 768w\" sizes=\"(max-width: 1000px) 100vw, 1000px\" \/><\/figure>\n<\/div>\n\n\n\n<div class=\"wp-block-column is-vertically-aligned-center is-layout-flow wp-block-column-is-layout-flow\" style=\"flex-basis:66.66%\">\n<p>Energie odpa\u0159ov\u00e1n\u00ed vody vytv\u00e1\u0159\u00ed <strong>klimatizaci prost\u0159ednictv\u00edm chladi\u010de<\/strong>. Teplo odebran\u00e9 ze vzduchu vytv\u00e1\u0159\u00ed energii odpa\u0159ov\u00e1n\u00ed. Ventil\u00e1tor jednotky tla\u010d\u00ed vzduch p\u0159es zvlh\u010dova\u010d napu\u0161t\u011bn\u00fd vodou. Zvlh\u010dova\u010d usnad\u0148uje kontakt vody s teplem, \u010d\u00edm\u017e stimuluje odpa\u0159ov\u00e1n\u00ed, a t\u00edm i ochlazov\u00e1n\u00ed. Ventil\u00e1tor rovn\u011b\u017e usm\u011br\u0148uje odv\u00e1d\u011bn\u00ed vlhk\u00e9ho vzduchu.     <\/p>\n\n\n\n<p><strong> Klimatizace<\/strong> m\u00e1 chladic\u00ed okruh. Ten obsahuje chladivo, kter\u00e9 p\u0159en\u00e1\u0161\u00ed teplo z vnit\u0159n\u00ed jednotky do venkovn\u00ed jednotky (split) spot\u0159ebi\u010de. \u00dakolem vnit\u0159n\u00ed jednotky klimatizace je odeb\u00edrat teplo ze vzduchu v m\u00edstnosti, kter\u00fd je n\u00e1sledn\u011b ochlazov\u00e1n a znovu p\u0159iv\u00e1d\u011bn k chlazen\u00ed. Ventil\u00e1tor jednotky vyfukuje teplo po obvodu, \u010d\u00edm\u017e doch\u00e1z\u00ed k<strong> zah\u0159\u00edv\u00e1n\u00ed a odpa\u0159ov\u00e1n\u00ed chladiva<\/strong> a k p\u0159enosu tepla do venkovn\u00ed jednotky spot\u0159ebi\u010de. V t\u00e9to jednotce ventil\u00e1tor vytla\u010duje teplo do okol\u00ed, \u010d\u00edm\u017e sni\u017euje teplotu chladiva, kter\u00e9 kondenzuje a vrac\u00ed se do vnit\u0159n\u00ed jednotky klimatizace.    <\/p>\n\n\n\n<p><strong>Funkce odpa\u0159ovac\u00edho chlazen\u00ed<\/strong> chladi\u010de vy\u017eaduje nep\u0159etr\u017eit\u00fd odvod okoln\u00edho vzduchu, kter\u00fd je zdrojem \u00fa\u010dinnosti chlazen\u00ed. <a href=\"https:\/\/obera.fr\/cs\/nase-rady\/choisir-rafraichisseur-d-air-industriel-reguler-temperature\/\">Chladi\u010d lze proto pou\u017e\u00edt k chlazen\u00ed terasy nebo m\u00edstnosti<\/a>. <\/p>\n\n\n\n<p>Chladic\u00ed funkce klimatizace zabra\u0148uje odv\u00e1d\u011bn\u00ed vzduchu z m\u00edstnosti. Otev\u0159en\u00ed m\u00edstnosti by ohrozilo \u00fa\u010dinnost spot\u0159ebi\u010de. Chlazen\u00ed terasy klimatizac\u00ed by bylo energetick\u00fdm nesmyslem.  <\/p>\n<\/div>\n<\/div>\n\n<h2 class=\"wp-block-heading\">Chladi\u010d spot\u0159ebuje 5kr\u00e1t m\u00e9n\u011b energie ne\u017e klimatizace.<\/h2>\n\n<div class=\"wp-block-columns is-layout-flex wp-container-core-columns-is-layout-28f84493 wp-block-columns-is-layout-flex\">\n<div class=\"wp-block-column is-layout-flow wp-block-column-is-layout-flow\" style=\"flex-basis:33.33%\">\n<figure class=\"wp-block-image alignleft size-full is-resized\"><img decoding=\"async\" width=\"600\" height=\"500\" src=\"https:\/\/obera.fr\/wp-content\/uploads\/2022\/07\/Faible-consommation-energetique-des-ecoclim.jpg\" alt=\"n&#xED;zk&#xE1; spot&#x159;eba energie ecoclim\" class=\"wp-image-13731\" style=\"width:300px;height:250px\" srcset=\"https:\/\/obera.fr\/wp-content\/uploads\/2022\/07\/Faible-consommation-energetique-des-ecoclim.jpg 600w, https:\/\/obera.fr\/wp-content\/uploads\/2022\/07\/Faible-consommation-energetique-des-ecoclim-300x250.jpg 300w\" sizes=\"(max-width: 600px) 100vw, 600px\" \/><\/figure>\n<\/div>\n\n\n\n<div class=\"wp-block-column is-vertically-aligned-center is-layout-flow wp-block-column-is-layout-flow\" style=\"flex-basis:66.66%\">\n<p>V\u011bt\u0161inu chladic\u00ed energie adiabatick\u00e9ho chladi\u010de zaji\u0161\u0165uje<strong>energie odpa\u0159ov\u00e1n\u00ed vody<\/strong>. Elektrick\u00e1 energie nap\u00e1j\u00ed chladi\u010d, zejm\u00e9na jednu mechanickou \u010d\u00e1st: ventil\u00e1tor. \u010cerpadlo, kter\u00e9 dopravuje vodu z n\u00e1dr\u017ee do zvlh\u010dova\u010de, vy\u017eaduje jen velmi m\u00e1lo elektrick\u00e9 energie. Z toho vypl\u00fdv\u00e1 vysok\u00e1 energetick\u00e1 \u00fa\u010dinnost chladi\u010de.   <\/p>\n\n\n\n<p>Elekt\u0159ina dod\u00e1v\u00e1 <strong>klimatizaci chladic\u00ed<\/strong> energii. Ka\u017ed\u00e1 \u010d\u00e1st spot\u0159ebi\u010de, kter\u00e1 p\u0159en\u00e1\u0161\u00ed teplo, vyu\u017e\u00edv\u00e1 elekt\u0159inu: ventil\u00e1tory, kompresor atd. Klimatizace vy\u017eaduje v ka\u017ed\u00e9 jednotce v\u00edce ne\u017e jednu sou\u010d\u00e1stku. Energetick\u00e1 n\u00e1ro\u010dnost klimatiza\u010dn\u00edch jednotek je tedy p\u011btkr\u00e1t vy\u0161\u0161\u00ed ne\u017e u chladi\u010d\u016f.   <\/p>\n<\/div>\n<\/div>\n\n<h2 class=\"wp-block-heading\">Intenzivn\u00ed teplo zvy\u0161uje energetickou \u00fa\u010dinnost chladi\u010de, sni\u017euje energetickou \u00fa\u010dinnost klimatizace.<\/h2>\n\n<div class=\"wp-block-columns are-vertically-aligned-center is-layout-flex wp-container-core-columns-is-layout-28f84493 wp-block-columns-is-layout-flex\">\n<div class=\"wp-block-column is-vertically-aligned-center is-layout-flow wp-block-column-is-layout-flow\" style=\"flex-basis:66.66%\">\n<p>P\u0159i b\u011b\u017en\u00fdch letn\u00edch teplot\u00e1ch je energetick\u00e1 \u00fa\u010dinnost chladi\u010d\u016f vy\u0161\u0161\u00ed ne\u017e energetick\u00e1 \u00fa\u010dinnost klimatizac\u00ed.  <\/p>\n\n\n\n<p>P\u0159i vysok\u00fdch teplot\u00e1ch<strong>se \u00fa\u010dinnost chladi\u010de zvy\u0161uje<\/strong>. Vzduch pak obsahuje z\u00e1sobu tepla, kter\u00e1 urychluje odpa\u0159ov\u00e1n\u00ed a vytv\u00e1\u0159\u00ed chladic\u00ed energii pro spot\u0159ebi\u010d. Vyroben\u00e1 energie odpa\u0159ov\u00e1n\u00ed postupuje rychleji ne\u017e elekt\u0159ina dod\u00e1van\u00e1 do chladi\u010de v z\u00e1vislosti na ot\u00e1\u010dk\u00e1ch ventil\u00e1toru.  <\/p>\n\n\n\n<p>B\u011bhem vlny veder se energetick\u00e1 \u00fa\u010dinnost <strong>klimatizace sni\u017euje<\/strong>. S rostouc\u00ed teplotou ka\u017ed\u00e1 \u010d\u00e1st klimatizace spot\u0159ebov\u00e1v\u00e1 v\u00edce elekt\u0159iny, ani\u017e by se zv\u00fd\u0161il chladic\u00ed v\u00fdkon.   <\/p>\n<\/div>\n<\/div>\n\n<h2 class=\"wp-block-heading\">Chladi\u010d je vhodn\u00fd pro velmi velk\u00e9 prostory, klimatizace pro \u0159\u00edzen\u00e9 prost\u0159ed\u00ed.<\/h2>\n\n<div class=\"wp-block-columns are-vertically-aligned-center is-layout-flex wp-container-core-columns-is-layout-28f84493 wp-block-columns-is-layout-flex\">\n<div class=\"wp-block-column is-vertically-aligned-center is-layout-flow wp-block-column-is-layout-flow\" style=\"flex-basis:33.33%\">\n<figure class=\"wp-block-image aligncenter size-full is-resized\"><img decoding=\"async\" width=\"600\" height=\"500\" src=\"https:\/\/obera.fr\/wp-content\/uploads\/2022\/03\/rafraichissement-de-grands-locaux.jpg\" alt=\"ob&#x10D;erstven&#xED; velk&#xFD;ch prostor\" class=\"wp-image-13734\" style=\"width:300px;height:250px\" srcset=\"https:\/\/obera.fr\/wp-content\/uploads\/2022\/03\/rafraichissement-de-grands-locaux.jpg 600w, https:\/\/obera.fr\/wp-content\/uploads\/2022\/03\/rafraichissement-de-grands-locaux-300x250.jpg 300w\" sizes=\"(max-width: 600px) 100vw, 600px\" \/><\/figure>\n<\/div>\n\n\n\n<div class=\"wp-block-column is-vertically-aligned-center is-layout-flow wp-block-column-is-layout-flow\" style=\"flex-basis:66.66%\">\n<p>Chladi\u010d sni\u017euje teplotu ve velk\u00e9m, v\u011btran\u00e9m, neizolovan\u00e9m prostoru. P\u0159i t\u011bchto parametrech sni\u017euj\u00ed <strong>mobiln\u00ed nebo stacion\u00e1rn\u00ed chladi\u010de<\/strong> b\u011bhem vlny veder teplotu na \u00farove\u0148, kter\u00e1 je pro klimatiza\u010dn\u00ed za\u0159\u00edzen\u00ed nedostupn\u00e1.   <\/p>\n\n\n\n<p>V\u011btr\u00e1n\u00ed sni\u017euje energetickou \u00fa\u010dinnost klimatizace. K \u00fa\u010dinn\u00e9mu chlazen\u00ed je zapot\u0159eb\u00ed izolovan\u00e1, uzav\u0159en\u00e1 m\u00edstnost.   <\/p>\n\n\n\n<p>P\u0159irozen\u00e1 klimatiza\u010dn\u00ed funkce chladi\u010d\u016f zaji\u0161\u0165uje regulaci teploty a\u017e na stupe\u0148. <strong>Chladi\u010de dob\u0159e pln\u00ed<\/strong> v\u011bt\u0161inu klimatiza\u010dn\u00edch pot\u0159eb. <\/p>\n\n\n\n<p>Klimatiza\u010dn\u00ed jednotky poskytuj\u00ed pevnou teplotu; jejich funkce chlazen\u00ed je um\u011bl\u00e1. Pokud nem\u011bnnost teploty znamen\u00e1, \u017ee si mus\u00edte koupit klimatiza\u010dn\u00ed jednotku, bude klimatizace jasnou volbou. <\/p>\n<\/div>\n<\/div>\n\n<h2 class=\"wp-block-heading\">Instalace chladi\u010de je jednodu\u0161\u0161\u00ed ne\u017e instalace klimatizace.<\/h2>\n\n<p><strong>Instalace vnit\u0159n\u00ed jednotky<\/strong> a vn\u011bj\u0161\u00ed jednotky, ve kter\u00e9 cirkuluje chemick\u00fd produkt, komplikuje instalaci klimatiza\u010dn\u00edch jednotek.  <\/p>\n\n<p>Monoblokov\u00e9 chladi\u010de se snadno instaluj\u00ed na st\u0159echu. Mobiln\u00ed chladi\u010d se instaluje je\u0161t\u011b snadn\u011bji! Sta\u010d\u00ed naplnit n\u00e1dr\u017e na vodu a zapojit spot\u0159ebi\u010d.  <\/p>\n\n<div class=\"wp-block-columns is-layout-flex wp-container-core-columns-is-layout-28f84493 wp-block-columns-is-layout-flex\">\n<div class=\"wp-block-column is-layout-flow wp-block-column-is-layout-flow\"><\/div>\n\n\n\n<div class=\"wp-block-column is-layout-flow wp-block-column-is-layout-flow\">\n<figure class=\"wp-block-gallery has-nested-images columns-default is-cropped wp-block-gallery-1 is-layout-flex wp-block-gallery-is-layout-flex\">\n<figure class=\"wp-block-image size-large\"><img decoding=\"async\" width=\"447\" height=\"531\" data-id=\"29321\" src=\"https:\/\/obera.fr\/wp-content\/uploads\/2024\/04\/6be05381-5e36-49ab-a7c5-933cf98160f9-3.png\" alt=\"6be05381 5e36 49ab a7c5 933cf98160f9 3\" class=\"wp-image-29321\" srcset=\"https:\/\/obera.fr\/wp-content\/uploads\/2024\/04\/6be05381-5e36-49ab-a7c5-933cf98160f9-3.png 447w, https:\/\/obera.fr\/wp-content\/uploads\/2024\/04\/6be05381-5e36-49ab-a7c5-933cf98160f9-3-253x300.png 253w\" sizes=\"(max-width: 447px) 100vw, 447px\" \/><\/figure>\n<\/figure>\n\n\n\n<h6 class=\"wp-block-heading has-text-align-center\">Rozsah IC<\/h6>\n<\/div>\n\n\n\n<div class=\"wp-block-column is-layout-flow wp-block-column-is-layout-flow\"><\/div>\n<\/div>\n\n<h2 class=\"wp-block-heading\">\u00dadr\u017eba chladi\u010de zabere m\u00e9n\u011b \u010dasu ne\u017e \u00fadr\u017eba klimatizace.<\/h2>\n\n<p><strong>\u00dadr\u017eba osv\u011b\u017eova\u010de<\/strong> zahrnuje \u010di\u0161t\u011bn\u00ed :  <\/p>\n\n<ul class=\"wp-block-list\">\n<li>Pravideln\u00e9: vzduchov\u00fd filtr, palivov\u00e1 n\u00e1dr\u017e  <\/li>\n\n\n\n<li>Ro\u010dn\u00ed: zvlh\u010dova\u010d vzduchu, ventil\u00e1tor.  <\/li>\n<\/ul>\n\n<p><strong>\u00dadr\u017eba klimatizace<\/strong> zahrnuje :  <\/p>\n\n<ul class=\"wp-block-list\">\n<li>pravideln\u00e9 \u010di\u0161t\u011bn\u00ed: filtry na ka\u017ed\u00e9 jednotce, vn\u011bj\u0161\u00ed ventil\u00e1tor atd.<\/li>\n\n\n\n<li>ka\u017edoro\u010dn\u00ed kontrola \u010d\u00e1st\u00ed chladic\u00edho okruhu odborn\u00edkem s osv\u011bd\u010den\u00edm pro pr\u00e1ci s chladivem.<\/li>\n<\/ul>\n\n<h2 class=\"wp-block-heading\">Chladi\u010d je pro va\u0161e zdrav\u00ed lep\u0161\u00ed ne\u017e klimatizace<\/h2>\n\n<p><strong>Odpa\u0159ov\u00e1n\u00ed vody z chladi\u010de<\/strong> zvy\u0161uje vlhkost v m\u00edstnosti o 5 %. To je pro \u010dlov\u011bka p\u0159irozen\u00e1 zm\u011bna vlhkosti.   <\/p>\n\n<p>Klimatizace ochlazuje m\u00edstnost uvol\u0148ov\u00e1n\u00edm tepla i vlhkosti. P\u0159i vlhkosti pod 40 % se m\u00edstnost st\u00e1v\u00e1 nezdravou, co\u017e vede k dehydrataci, migr\u00e9n\u00e1m atd. <\/p>\n\n<p>Odpa\u0159ov\u00e1n\u00edm vody chladi\u010dem se v m\u00edstnosti \u0161\u00ed\u0159\u00ed teplota, kter\u00e1 je vyrovnan\u00e1 s vn\u011bj\u0161\u00edm teplem.<\/p>\n\n<p><strong> Klimatizace nastavuj\u00ed um\u011blou teplotu<\/strong>. Nadm\u011brn\u00fd rozd\u00edl oproti venkovn\u00ed teplot\u011b zp\u016fsob\u00ed teplotn\u00ed \u0161ok. <\/p>\n\n<p>Chladi\u010d neust\u00e1le obnovuje atmosf\u00e9ru v m\u00edstnosti. Spot\u0159ebi\u010d regeneruje kvalitu vzduchu t\u00edm, \u017ee pr\u016fb\u011b\u017en\u011b odstra\u0148uje choroboplodn\u00e9 z\u00e1rodky. <\/p>\n\n<p>Klimatizace nep\u0159etr\u017eit\u011b recykluje vzduch v m\u00edstnosti. Pokud nejsou filtry spr\u00e1vn\u011b udr\u017eov\u00e1ny, podporuje tento spot\u0159ebi\u010d onemocn\u011bn\u00ed d\u00fdchac\u00edch cest. <\/p>\n\n<p><strong> Chladi\u010de <\/strong>jsou ti\u0161\u0161\u00ed ne\u017e klimatizace. Hladina hluku chladi\u010de je 66 dB, hladina hluku klimatizace 76 dB. Zes\u00edlen\u00ed o 10 dB vyvol\u00e1v\u00e1 pocit dvakr\u00e1t v\u011bt\u0161\u00edho hluku.  <\/p>\n\n<figure class=\"wp-block-image aligncenter size-full is-resized\"><img decoding=\"async\" width=\"1984\" height=\"897\" src=\"https:\/\/obera.fr\/wp-content\/uploads\/2021\/05\/Optimiser-un-rafraichisseur-air-adiabatique-1.jpg\" alt=\"optimalizace adiabatick&#xE9;ho chladi&#x10D;e vzduchu 1\" class=\"wp-image-6006\" style=\"width:713px;height:323px\" srcset=\"https:\/\/obera.fr\/wp-content\/uploads\/2021\/05\/Optimiser-un-rafraichisseur-air-adiabatique-1.jpg 1984w, https:\/\/obera.fr\/wp-content\/uploads\/2021\/05\/Optimiser-un-rafraichisseur-air-adiabatique-1-300x136.jpg 300w, https:\/\/obera.fr\/wp-content\/uploads\/2021\/05\/Optimiser-un-rafraichisseur-air-adiabatique-1-1024x463.jpg 1024w, https:\/\/obera.fr\/wp-content\/uploads\/2021\/05\/Optimiser-un-rafraichisseur-air-adiabatique-1-768x347.jpg 768w, https:\/\/obera.fr\/wp-content\/uploads\/2021\/05\/Optimiser-un-rafraichisseur-air-adiabatique-1-1536x694.jpg 1536w\" sizes=\"(max-width: 1984px) 100vw, 1984px\" \/><\/figure>\n\n<h2 class=\"wp-block-heading\">Chladi\u010d m\u00e1 men\u0161\u00ed dopad na \u017eivotn\u00ed prost\u0159ed\u00ed ne\u017e klimatizace.<\/h2>\n\n<p>Ka\u017ed\u00e1 pou\u017eit\u00e1 energie m\u00e1 dopad na planetu.<strong> Chladi\u010d spot\u0159ebuje m\u00e9n\u011b energie ne\u017e klimatizace <\/strong>: <\/p>\n\n<ul class=\"wp-block-list\">\n<li>spot\u0159eba energie chladic\u00edho za\u0159\u00edzen\u00ed pro ventil\u00e1tor a \u010derpadlo.<\/li>\n\n\n\n<li>spot\u0159eba energie klimatiza\u010dn\u00edho za\u0159\u00edzen\u00ed z kompresoru, ventil\u00e1tor\u016f atd.  <\/li>\n<\/ul>\n\n<p>Chladi\u010d vypou\u0161t\u00ed do prost\u0159ed\u00ed \u010derstv\u00fd vzduch. Sni\u017euje teplo v okol\u00ed budovy. Klimatiza\u010dn\u00ed za\u0159\u00edzen\u00ed vypou\u0161t\u00ed tepl\u00fd vzduch, \u010d\u00edm\u017e p\u0159isp\u00edv\u00e1 k efektu tepeln\u00e9ho ostrova (oh\u0159\u00edv\u00e1n\u00ed okol\u00ed budovy).  <\/p>\n\n<p><strong> Chladi\u010d pou\u017e\u00edv\u00e1 vodu <\/strong>jako produkt k ochlazen\u00ed m\u00edstnosti. Klimatizace pou\u017e\u00edv\u00e1 chemick\u00e9 chladivo, kter\u00e9 podporuje glob\u00e1ln\u00ed oteplov\u00e1n\u00ed. \u010c\u00e1st z n\u011bj spot\u0159ebi\u010d nevyhnuteln\u011b rozpt\u00fdl\u00ed: \u017e\u00e1dn\u00fd chladic\u00ed okruh nen\u00ed stoprocentn\u011b vodot\u011bsn\u00fd.  <\/p>\n\n<p>Chladi\u010d spot\u0159ebuje v\u00edce vody ne\u017e klimatizace. Chladi\u010d p\u0159em\u011b\u0148uje vodu odpa\u0159ov\u00e1n\u00edm na chladic\u00ed vlhkost. Vylou\u010den\u00e1 vlhkost se vrac\u00ed do p\u0159irozen\u00e9ho kolob\u011bhu vody. Klimatiza\u010dn\u00ed za\u0159\u00edzen\u00ed odeb\u00edraj\u00ed vlhkost ze vzduchu.   <\/p>\n\n<h2 class=\"wp-block-heading\">Po\u0159izovac\u00ed cena chladi\u010d\u016f je atraktivn\u011bj\u0161\u00ed<\/h2>\n\n<p>P\u0159i stejn\u00e9m \u00fa\u010delu klimatizace je <strong>po\u0159izovac\u00ed cena klimatizace <\/strong>vy\u0161\u0161\u00ed ne\u017e cena chladi\u010de a tot\u00e9\u017e plat\u00ed pro n\u00e1klady na instalaci.<\/p>\n\n<p>Provoz chladi\u010de vy\u017eaduje m\u00e9n\u011b energie, m\u00e9n\u011b \u010dasu a m\u00e9n\u011b dovednost\u00ed, tak\u017ee ro\u010dn\u00ed n\u00e1klady jsou desetkr\u00e1t ni\u017e\u0161\u00ed ne\u017e n\u00e1klady na klimatizaci.<\/p>\n\n<p>Chcete-li se sezn\u00e1mit s r\u016fzn\u00fdmi modely odpa\u0159ovac\u00edch chladi\u010d\u016f OBERA, nav\u0161tivte na\u0161i str\u00e1nku pr\u016fmyslov\u00fdch chladi\u010d\u016f vzduchu.<\/p>\n\n<div style=\"height:30px\" aria-hidden=\"true\" class=\"wp-block-spacer\"><\/div>\n\n<div class=\"wp-block-buttons is-horizontal is-content-justification-center is-layout-flex wp-container-core-buttons-is-layout-03627597 wp-block-buttons-is-layout-flex\">\n<div class=\"wp-block-button has-custom-width wp-block-button__width-100\"><a class=\"wp-block-button__link wp-element-button\" href=\"https:\/\/obera.fr\/cs\/kontaktujte-nas\/\">Zjist\u011bte v\u00edce<\/a><\/div>\n<\/div>\n","protected":false},"excerpt":{"rendered":"<p>Mezi klimatizac\u00ed a pr\u016fmyslov\u00fdm chladi\u010dem je n\u011bkolik rozd\u00edl\u016f. Klimatizace pou\u017e\u00edv\u00e1 chladic\u00ed plyn a spot\u0159ebuje o 80 % v\u00edce elekt\u0159iny ne\u017e chladi\u010d. Provoz chladi\u010de je levn\u011bj\u0161\u00ed ne\u017e provoz klimatizace. Objevte ve 3 minut\u00e1ch mnoho rozd\u00edl\u016f mezi klimatizac\u00ed a chladi\u010dem.   <\/p>\n","protected":false},"author":4,"featured_media":85020,"comment_status":"closed","ping_status":"closed","sticky":false,"template":"","format":"standard","meta":{"_acf_changed":false,"_seopress_robots_primary_cat":"none","_seopress_titles_title":"Jak se rozhodnout mezi klimatizac\u00ed a chladi\u010dem?","_seopress_titles_desc":"Hlavn\u00ed rozd\u00edl mezi klimatizac\u00ed a chladi\u010dem je technick\u00fd. Chladi\u010d pou\u017e\u00edv\u00e1 m\u00edsto chladiva vodu. ","_seopress_robots_index":"","footnotes":""},"categories":[310],"tags":[113],"class_list":["post-43718","post","type-post","status-publish","format-standard","has-post-thumbnail","hentry","category-nase-rady","tag-entete-male","generate-columns","tablet-grid-50","mobile-grid-100","grid-parent","grid-50","no-featured-image-padding","resize-featured-image"],"acf":[],"_links":{"self":[{"href":"https:\/\/obera.fr\/cs\/wp-json\/wp\/v2\/posts\/43718","targetHints":{"allow":["GET"]}}],"collection":[{"href":"https:\/\/obera.fr\/cs\/wp-json\/wp\/v2\/posts"}],"about":[{"href":"https:\/\/obera.fr\/cs\/wp-json\/wp\/v2\/types\/post"}],"author":[{"embeddable":true,"href":"https:\/\/obera.fr\/cs\/wp-json\/wp\/v2\/users\/4"}],"replies":[{"embeddable":true,"href":"https:\/\/obera.fr\/cs\/wp-json\/wp\/v2\/comments?post=43718"}],"version-history":[{"count":3,"href":"https:\/\/obera.fr\/cs\/wp-json\/wp\/v2\/posts\/43718\/revisions"}],"predecessor-version":[{"id":96955,"href":"https:\/\/obera.fr\/cs\/wp-json\/wp\/v2\/posts\/43718\/revisions\/96955"}],"wp:featuredmedia":[{"embeddable":true,"href":"https:\/\/obera.fr\/cs\/wp-json\/wp\/v2\/media\/85020"}],"wp:attachment":[{"href":"https:\/\/obera.fr\/cs\/wp-json\/wp\/v2\/media?parent=43718"}],"wp:term":[{"taxonomy":"category","embeddable":true,"href":"https:\/\/obera.fr\/cs\/wp-json\/wp\/v2\/categories?post=43718"},{"taxonomy":"post_tag","embeddable":true,"href":"https:\/\/obera.fr\/cs\/wp-json\/wp\/v2\/tags?post=43718"}],"curies":[{"name":"wp","href":"https:\/\/api.w.org\/{rel}","templated":true}]}}