{"id":43836,"date":"2023-04-03T09:48:43","date_gmt":"2023-04-03T07:48:43","guid":{"rendered":"https:\/\/obera.fr\/non-classifiee\/vyberte-si-system-zachycovani-plynu-a-par-atex-podle-prumysloveho-kontextu\/"},"modified":"2025-04-25T10:09:00","modified_gmt":"2025-04-25T08:09:00","slug":"choisir-son-systeme-daspiration-atex-gaz-et-vapeurs-selon-le-contexte-industriel","status":"publish","type":"post","link":"https:\/\/obera.fr\/cs\/nase-rady\/choisir-son-systeme-daspiration-atex-gaz-et-vapeurs-selon-le-contexte-industriel\/","title":{"rendered":"V\u00fdb\u011br syst\u00e9mu pro zachycov\u00e1n\u00ed plyn\u016f a par ATEX podle pr\u016fmyslov\u00e9ho kontextu"},"content":{"rendered":"\n<h2 class=\"wp-block-heading\">P\u0159izp\u016fsobte se prostorov\u00fdm omezen\u00edm provozu, z n\u011bho\u017e se uvol\u0148uje plyn nebo p\u00e1ra ATEX.<\/h2>\n\n<h3 class=\"wp-block-heading\">Sac\u00ed ramena a laboratorn\u00ed ramena ATEX<\/h3>\n\n<div class=\"wp-block-columns is-layout-flex wp-container-core-columns-is-layout-28f84493 wp-block-columns-is-layout-flex\">\n<div class=\"wp-block-column is-vertically-aligned-center is-layout-flow wp-block-column-is-layout-flow\" style=\"flex-basis:66.66%\">\n<p>Zam\u011bstnavatel\u00e9 si vyb\u00edraj\u00ed<strong> sac\u00ed ramena ATEX <\/strong>nebo laboratorn\u00ed ramena ATEX pro jejich flexibilitu um\u00edst\u011bn\u00ed v prostoru. Ve skute\u010dnosti spl\u0148uj\u00ed <strong>kombinaci po\u017eadavk\u016f:<\/strong> <\/p>\n\n\n\n<ul class=\"wp-block-list\">\n<li><strong>optimalizovan\u00e9 um\u00edst\u011bn\u00ed m\u00edsta odb\u011bru<\/strong> v prostoru omezen\u00e9m pracovi\u0161t\u011bm a okol\u00edm p\u0159ilehl\u00fdch za\u0159\u00edzen\u00ed,<\/li>\n\n\n\n<li><strong>bl\u00edzkost senzoru ke zdroji emis\u00ed<\/strong> pro optim\u00e1ln\u00ed oblast sb\u011bru,<\/li>\n\n\n\n<li><strong>p\u0159izp\u016fsobivost pro pr\u00e1ci<\/strong> na velk\u00fdch d\u00edlech nebo operace vy\u017eaduj\u00edc\u00ed, aby pracovn\u00edci byli v r\u016fzn\u00fdch poloh\u00e1ch atd.<\/li>\n<\/ul>\n\n\n\n<p>Sac\u00ed ramena jsou vhodn\u00e1 pro pr\u00e1ce, kter\u00e9 nevy\u017eaduj\u00ed p\u0159\u00edli\u0161 \u010dastou zm\u011bnu polohy sac\u00edho <strong>\u00fast\u00ed<\/strong>.<\/p>\n<\/div>\n\n\n\n<div class=\"wp-block-column is-vertically-aligned-center is-layout-flow wp-block-column-is-layout-flow\" style=\"flex-basis:33.33%\">\n<figure class=\"wp-block-image aligncenter size-medium is-resized\"><img decoding=\"async\" width=\"300\" height=\"300\" src=\"https:\/\/obera.fr\/wp-content\/uploads\/2020\/11\/21-bras-de-labo-300x300.jpg\" alt=\"Fumex - Laborato&#x159;\" class=\"wp-image-1660\" style=\"width:225px;height:225px\" srcset=\"https:\/\/obera.fr\/wp-content\/uploads\/2020\/11\/21-bras-de-labo-300x300.jpg 300w, https:\/\/obera.fr\/wp-content\/uploads\/2020\/11\/21-bras-de-labo-1024x1024.jpg 1024w, https:\/\/obera.fr\/wp-content\/uploads\/2020\/11\/21-bras-de-labo-150x150.jpg 150w, https:\/\/obera.fr\/wp-content\/uploads\/2020\/11\/21-bras-de-labo-768x768.jpg 768w, https:\/\/obera.fr\/wp-content\/uploads\/2020\/11\/21-bras-de-labo.jpg 1500w\" sizes=\"(max-width: 300px) 100vw, 300px\" \/><\/figure>\n<\/div>\n<\/div>\n\n<div class=\"wp-block-buttons is-content-justification-center is-layout-flex wp-container-core-buttons-is-layout-a89b3969 wp-block-buttons-is-layout-flex\">\n<div class=\"wp-block-button\"><a class=\"wp-block-button__link wp-element-button\" href=\"https:\/\/obera.fr\/cs\/produits\/bras-dispositifs-captation\/laboratorni-ramena\/\">objevte na\u0161e laboratorn\u00ed ramena atex<\/a><\/div>\n<\/div>\n\n<h3 class=\"wp-block-heading\">Pr\u016fmyslov\u00e9 digesto\u0159e ATEX<\/h3>\n\n<p>\u010c\u00edm ni\u017e\u0161\u00ed je mezn\u00ed hodnota v\u00fdbu\u0161nosti nebo \u010d\u00edm v\u00edce ho\u0159lav\u00fdch plynn\u00fdch produkt\u016f se p\u0159i provozu uvol\u0148uje, t\u00edm v\u011bt\u0161\u00ed mus\u00ed b\u00fdt ods\u00e1vac\u00ed digesto\u0159.<strong> Pr\u016fmyslov\u00e9 obd\u00e9ln\u00edkov\u00e9 ods\u00e1vac\u00ed <\/strong>digesto\u0159e<strong> ATEX <\/strong>lze p\u0159izp\u016fsobit tak, aby vyhovovaly ods\u00e1vac\u00edmu rameni a poskytovaly velkou ods\u00e1vac\u00ed plochu co nejbl\u00ed\u017ee zdroji. <\/p>\n\n<div class=\"wp-block-buttons is-content-justification-center is-layout-flex wp-container-core-buttons-is-layout-a89b3969 wp-block-buttons-is-layout-flex\">\n<div class=\"wp-block-button\"><a class=\"wp-block-button__link wp-element-button\" href=\"https:\/\/obera.fr\/cs\/produits\/bras-dispositifs-captation\/hotte-rectangulaire\/\">objevte na\u0161e obd\u00e9ln\u00edkov\u00e9 digesto\u0159e<\/a><\/div>\n<\/div>\n\n<h3 class=\"wp-block-heading\">Pevn\u00e9 kapoty ATEX<\/h3>\n\n<p><strong>Sac\u00ed a sb\u011brn\u00e9 kapoty ATEX<\/strong> se v\u0161ak pou\u017e\u00edvaj\u00ed ve statick\u00fdch konfigurac\u00edch na pracovi\u0161ti nebo na pr\u016fmyslov\u00fdch stroj\u00edch.<\/p>\n\n<div class=\"wp-block-buttons is-content-justification-center is-layout-flex wp-container-core-buttons-is-layout-a89b3969 wp-block-buttons-is-layout-flex\">\n<div class=\"wp-block-button\"><a class=\"wp-block-button__link wp-element-button\" href=\"https:\/\/obera.fr\/cs\/produits\/bras-dispositifs-captation\/capot-industriel\/\">objevte na\u0161e sac\u00ed kapoty<\/a><\/div>\n<\/div>\n\n<h2 class=\"wp-block-heading\">Maxim\u00e1ln\u00ed uzav\u0159enost emisn\u00ed z\u00f3ny ATEX pro plyny nebo p\u00e1ry<\/h2>\n\n<p>Pokud <strong>je mezn\u00ed hodnota v\u00fdbu\u0161nosti p\u0159\u00edli\u0161 n\u00edzk\u00e1<\/strong> nebo pokud je mno\u017estv\u00ed uvol\u0148ovan\u00e9ho plynu\/par p\u0159\u00edli\u0161 velk\u00e9, zam\u011bstnavatel zvol\u00ed zachycovac\u00ed za\u0159\u00edzen\u00ed ATEX, kter\u00e1 zahrnuj\u00ed cel\u00e9 pracovi\u0161t\u011b v ods\u00e1van\u00e9m objemu: <strong>ods\u00e1vac\u00ed stoly ATEX<\/strong>, ods\u00e1vac\u00ed op\u011brky ATEX, modul\u00e1rn\u00ed zachycovac\u00ed kukly ATEX, zachycovac\u00ed krou\u017eky.<\/p>\n\n<h3 class=\"wp-block-heading\">Sac\u00ed stoly ATEX<\/h3>\n\n<div class=\"wp-block-columns is-layout-flex wp-container-core-columns-is-layout-28f84493 wp-block-columns-is-layout-flex\">\n<div class=\"wp-block-column is-vertically-aligned-center is-layout-flow wp-block-column-is-layout-flow\" style=\"flex-basis:66.66%\">\n<p><strong> Ods\u00e1vac\u00ed stoly jsou pracovn\u00ed plochy,<\/strong> kter\u00e9 maj\u00ed v z\u00e1vislosti na \u00fa\u010delu pr\u00e1ce bu\u010f vodorovnou ods\u00e1vac\u00ed \u0161t\u011brbinu v pozad\u00ed, nebo ods\u00e1vac\u00ed \u0161t\u011brbiny prob\u00edhaj\u00edc\u00ed pod\u00e9ln\u011b nap\u0159\u00ed\u010d plochou stolu. C\u00edlem je vytvo\u0159it<strong>sac\u00ed<\/strong> proud, kter\u00fd je<strong>rovnom\u011brn\u011b rozlo\u017een<\/strong> po cel\u00e9 pracovn\u00ed plo\u0161e. C\u00edlem je vytvo\u0159it proud\u011bn\u00ed sm\u011brem dol\u016f, kter\u00e9 sm\u011b\u0159uje ho\u0159lav\u00e9 l\u00e1tky k pracovn\u00ed plo\u0161e. Proud zat\u00ed\u017een\u00fd <a href=\"https:\/\/obera.fr\/cs\/nase-rady\/mon-produit-peut-il-etre-responsable-dune-explosion-atex\/\">ho\u0159lav\u00fdmi l\u00e1tkami ATEX<\/a> je sm\u011brov\u00e1n k centr\u00e1ln\u00edmu nebo lok\u00e1ln\u00edmu filtra\u010dn\u00edmu syst\u00e9mu. V druh\u00e9m p\u0159\u00edpad\u011b je sac\u00ed st\u016fl mobiln\u00ed a m\u016f\u017ee obecn\u011b vypou\u0161t\u011bt filtrovan\u00fd vzduch do d\u00edlny.    <\/p>\n<\/div>\n\n\n\n<div class=\"wp-block-column is-layout-flow wp-block-column-is-layout-flow\" style=\"flex-basis:33.33%\">\n<figure class=\"wp-block-image aligncenter size-medium is-resized\"><img decoding=\"async\" width=\"300\" height=\"300\" src=\"https:\/\/obera.fr\/wp-content\/uploads\/2022\/12\/tables-aspirantes-aat-300x300.jpg\" alt=\"sac&#xED; stoly a&amp;amp;at\" class=\"wp-image-16617\" style=\"width:150px;height:150px\" srcset=\"https:\/\/obera.fr\/wp-content\/uploads\/2022\/12\/tables-aspirantes-aat-300x300.jpg 300w, https:\/\/obera.fr\/wp-content\/uploads\/2022\/12\/tables-aspirantes-aat-150x150.jpg 150w, https:\/\/obera.fr\/wp-content\/uploads\/2022\/12\/tables-aspirantes-aat.jpg 600w\" sizes=\"(max-width: 300px) 100vw, 300px\" \/><\/figure>\n<\/div>\n<\/div>\n\n<p><em>P\u0159\u00edsavn\u00e9 stoly jsou vhodn\u00e9 pro pr\u00e1ce <\/em>vy\u017eaduj\u00edc\u00ed omezenou pracovn\u00ed plochu. Jejich pou\u017eit\u00ed proto z\u00e1vis\u00ed na velikosti sou\u010d\u00e1st\u00ed, na kter\u00fdch se pracuje, a na prostoru pot\u0159ebn\u00e9m pro pracovn\u00ed gesta. Jsou vhodn\u00e9 pro operace vy\u017eaduj\u00edc\u00ed <strong>\u010dast\u00e9 zm\u011bny prostorov\u00e9 polohy zdroje emis\u00ed <\/strong>, kter\u00e9 by vy\u017eadovaly nap\u0159\u00edklad \u010dastou zm\u011bnu polohy ods\u00e1vac\u00edho ramene. Krom\u011b toho, proto\u017ee jsou um\u00edst\u011bny pod zdrojem ho\u0159lav\u00fdch l\u00e1tek, dob\u0159e odpov\u00eddaj\u00ed<strong> \u0159ed\u011bn\u00ed ATEX p\u0159i operac\u00edch,<\/strong> p\u0159i<strong> nich\u017e<\/strong> vznikaj\u00ed p\u00e1ry nebo plyny t\u011b\u017e\u0161\u00ed ne\u017e vzduch.   <\/p>\n\n<div class=\"wp-block-buttons is-content-justification-center is-layout-flex wp-container-core-buttons-is-layout-a89b3969 wp-block-buttons-is-layout-flex\">\n<div class=\"wp-block-button\"><a class=\"wp-block-button__link wp-element-button\" href=\"https:\/\/obera.fr\/cs\/produits\/tables-aspirantes\/\">Objevte na\u0161e sac\u00ed stoly<\/a><\/div>\n<\/div>\n\n<h3 class=\"wp-block-heading\">Ods\u00e1vac\u00ed backsplashe ATEX<\/h3>\n\n<div class=\"wp-block-columns is-layout-flex wp-container-core-columns-is-layout-28f84493 wp-block-columns-is-layout-flex\">\n<div class=\"wp-block-column is-layout-flow wp-block-column-is-layout-flow\" style=\"flex-basis:66.66%\">\n<p><strong> Ods\u00e1vac\u00ed backsplashe ATEX <\/strong>jsou svisl\u00e9 st\u011bny pou\u017e\u00edvan\u00e9 jako ods\u00e1vac\u00ed v\u00fdvody, um\u00edst\u011bn\u00e9 za zdrojem ATEX nebo vedle n\u011bj. \u017deb\u0159\u00edk vodorovn\u00fdch sac\u00edch otvor\u016f dimenzovan\u00fdch na d\u00e9lku pracovn\u00edho prostoru pokr\u00fdv\u00e1 v\u00fd\u0161ku svisl\u00e9 st\u011bny. <strong>\u00da\u010delem sac\u00edho backsplash ATEX je vytvo\u0159it fyzickou bari\u00e9ru<\/strong> mezi obsluhou a nebezpe\u010dn\u00fdm prostorem. Za t\u00edmto \u00fa\u010delem nas\u00e1v\u00e1 vodorovn\u011b s\u00e1n\u00ed z cel\u00e9ho pracovn\u00edho prostoru. V\u00fdsledkem je rovnom\u011brn\u00e9 rozlo\u017een\u00ed s\u00e1n\u00ed po cel\u00e9 svisl\u00e9 st\u011bn\u011b, a to jak na v\u00fd\u0161ku, tak na d\u00e9lku. Homogenn\u00ed proud vzduchu se pohybuje sm\u011brem od obsluhy k ods\u00e1vac\u00ed st\u011bn\u011b;<strong>zdroj emis\u00ed ATEX<\/strong> se nach\u00e1z\u00ed v dr\u00e1ze proud\u011bn\u00ed. Ods\u00e1vac\u00ed backsplash umo\u017e\u0148uje ods\u00e1v\u00e1n\u00ed del\u0161\u00edch provozn\u00edch ploch ne\u017e ods\u00e1vac\u00ed stoly. Je vhodn\u00fd pro operace na objemn\u00fdch p\u0159edm\u011btech nebo pokud operace zahrnuj\u00ed <strong>vertik\u00e1ln\u00ed nebo horizont\u00e1ln\u00ed pohyb<\/strong> zdroje emis\u00ed (nap\u0159\u00edklad: n\u011bkolik pracovn\u00edch bod\u016f na objemn\u00e9m p\u0159edm\u011btu).       <\/p>\n<\/div>\n\n\n\n<div class=\"wp-block-column is-vertically-aligned-center is-layout-flow wp-block-column-is-layout-flow\" style=\"flex-basis:33.33%\">\n<figure class=\"wp-block-image aligncenter size-medium is-resized\"><img decoding=\"async\" width=\"300\" height=\"300\" src=\"https:\/\/obera.fr\/wp-content\/uploads\/2022\/12\/dosserets-aspirants-600x600-1-300x300.png\" alt=\"vakuov&#xE9; backsplashes 600x600 1\" class=\"wp-image-16601\" style=\"width:225px;height:225px\" srcset=\"https:\/\/obera.fr\/wp-content\/uploads\/2022\/12\/dosserets-aspirants-600x600-1-300x300.png 300w, https:\/\/obera.fr\/wp-content\/uploads\/2022\/12\/dosserets-aspirants-600x600-1-150x150.png 150w, https:\/\/obera.fr\/wp-content\/uploads\/2022\/12\/dosserets-aspirants-600x600-1.png 600w\" sizes=\"(max-width: 300px) 100vw, 300px\" \/><\/figure>\n<\/div>\n<\/div>\n\n<div class=\"wp-block-buttons is-content-justification-center is-layout-flex wp-container-core-buttons-is-layout-a89b3969 wp-block-buttons-is-layout-flex\">\n<div class=\"wp-block-button\"><a class=\"wp-block-button__link wp-element-button\" href=\"https:\/\/obera.fr\/cs\/produits\/bras-dispositifs-captation\/prisavne-backsplashe\/\">Objevte na\u0161e p\u0159\u00edsavn\u00e9 z\u00e1st\u011bny<\/a><\/div>\n<\/div>\n\n<h3 class=\"wp-block-heading\">Krou\u017ekov\u00fd sb\u011bra\u010d ATEX<\/h3>\n\n<div class=\"wp-block-columns is-layout-flex wp-container-core-columns-is-layout-28f84493 wp-block-columns-is-layout-flex\">\n<div class=\"wp-block-column is-layout-flow wp-block-column-is-layout-flow\" style=\"flex-basis:66.66%\">\n<p><strong> Kruhov\u00e9 sb\u011brn\u00e9 za\u0159\u00edzen\u00ed<\/strong> nebo pouy\u00e8sovy krou\u017eky se pou\u017e\u00edvaj\u00ed p\u0159i p\u0159el\u00e9v\u00e1n\u00ed, pln\u011bn\u00ed, vyprazd\u0148ov\u00e1n\u00ed, odb\u011bru vzork\u016f a m\u00edch\u00e1n\u00ed ho\u0159lav\u00fdch kapalin v reaktorech, n\u00e1dr\u017e\u00edch, sudech atd. s kruhov\u00fdmi otvory. P\u0159i otev\u0159en\u00ed t\u011bchto uzav\u0159en\u00fdch prostor doch\u00e1z\u00ed k \u00faniku par. Jejich koncentrace se m\u016f\u017ee bl\u00ed\u017eit bodu vzplanut\u00ed, \u010d\u00edm\u017e vznik\u00e1 nebezpe\u010d\u00ed v\u00fdbuchu. Z\u00e1sadou je <strong>obklopit zdroj emis\u00ed<\/strong>. V d\u016fsledku toho m\u00e1 kruhov\u00e9 sb\u011brn\u00e9 za\u0159\u00edzen\u00ed obvodovou sac\u00ed \u0161t\u011brbinu. Ta ods\u00e1v\u00e1 v\u00fdpary po cel\u00e9 plo\u0161e otvoru. P\u016flkruhov\u00fd kryt nebo v\u00edce, otev\u0159en\u00fd na stran\u011b, kde pracovn\u00edk pracuje, zabra\u0148uje rozptylu par v m\u00edstnosti a z\u00e1rove\u0148 umo\u017e\u0148uje<strong> operace u kruhov\u00e9ho otvoru<\/strong>. Rychlost ods\u00e1v\u00e1n\u00ed zaji\u0161\u0165uje, \u017ee v\u00fdpary jsou mimo dosah inhala\u010dn\u00ed z\u00f3ny obsluhy.       <\/p>\n<\/div>\n\n\n\n<div class=\"wp-block-column is-layout-flow wp-block-column-is-layout-flow\" style=\"flex-basis:33.33%\">\n<figure class=\"wp-block-image aligncenter size-medium is-resized\"><img decoding=\"async\" width=\"300\" height=\"300\" src=\"https:\/\/obera.fr\/wp-content\/uploads\/2022\/12\/anneaux-de-pouyes-600x600-1-300x300.png\" alt=\"n&#xE1;sypn&#xE9; krou&#x17E;ky 600x600 1\" class=\"wp-image-16553\" style=\"width:225px;height:225px\" srcset=\"https:\/\/obera.fr\/wp-content\/uploads\/2022\/12\/anneaux-de-pouyes-600x600-1-300x300.png 300w, https:\/\/obera.fr\/wp-content\/uploads\/2022\/12\/anneaux-de-pouyes-600x600-1-150x150.png 150w, https:\/\/obera.fr\/wp-content\/uploads\/2022\/12\/anneaux-de-pouyes-600x600-1.png 600w\" sizes=\"(max-width: 300px) 100vw, 300px\" \/><\/figure>\n<\/div>\n<\/div>\n\n<div class=\"wp-block-buttons is-content-justification-center is-layout-flex wp-container-core-buttons-is-layout-a89b3969 wp-block-buttons-is-layout-flex\">\n<div class=\"wp-block-button\"><a class=\"wp-block-button__link wp-element-button\" href=\"https:\/\/obera.fr\/cs\/produits\/bras-dispositifs-captation\/anneaux-de-pouyes\/\">Objevte na\u0161e prsteny pouy\u00e8s<\/a><\/div>\n<\/div>\n","protected":false},"excerpt":{"rendered":"<p>V tomto \u010dl\u00e1nku se sezn\u00e1m\u00edte s r\u016fzn\u00fdmi \u0159e\u0161en\u00edmi, kter\u00e1 jsou k dispozici pro \u0159e\u0161en\u00ed probl\u00e9m\u016f s plyny a\/nebo parami ATEX v z\u00e1vislosti na pr\u016fmyslov\u00e9m kontextu. Budete si moci vybrat za\u0159\u00edzen\u00ed, kter\u00e9 nejl\u00e9pe vyhovuje va\u0161im pot\u0159eb\u00e1m a co nejv\u00edce pokr\u00fdv\u00e1 emisn\u00ed z\u00f3nu ATEX.   <\/p>\n","protected":false},"author":4,"featured_media":89984,"comment_status":"closed","ping_status":"closed","sticky":false,"template":"","format":"standard","meta":{"_acf_changed":false,"_seopress_robots_primary_cat":"none","_seopress_titles_title":"V\u00fdb\u011br syst\u00e9mu pro ods\u00e1v\u00e1n\u00ed plyn\u016f\/par ATEX v pr\u016fmyslov\u00e9m prost\u0159ed\u00ed","_seopress_titles_desc":"V tomto \u010dl\u00e1nku se dozv\u00edte, jak\u00e1 jsou r\u016fzn\u00e1 \u0159e\u0161en\u00ed probl\u00e9m\u016f s ATEX a jak vybrat to spr\u00e1vn\u00e9.","_seopress_robots_index":"","footnotes":""},"categories":[310],"tags":[113],"class_list":["post-43836","post","type-post","status-publish","format-standard","has-post-thumbnail","hentry","category-nase-rady","tag-entete-male","generate-columns","tablet-grid-50","mobile-grid-100","grid-parent","grid-50","no-featured-image-padding","resize-featured-image"],"acf":[],"_links":{"self":[{"href":"https:\/\/obera.fr\/cs\/wp-json\/wp\/v2\/posts\/43836","targetHints":{"allow":["GET"]}}],"collection":[{"href":"https:\/\/obera.fr\/cs\/wp-json\/wp\/v2\/posts"}],"about":[{"href":"https:\/\/obera.fr\/cs\/wp-json\/wp\/v2\/types\/post"}],"author":[{"embeddable":true,"href":"https:\/\/obera.fr\/cs\/wp-json\/wp\/v2\/users\/4"}],"replies":[{"embeddable":true,"href":"https:\/\/obera.fr\/cs\/wp-json\/wp\/v2\/comments?post=43836"}],"version-history":[{"count":3,"href":"https:\/\/obera.fr\/cs\/wp-json\/wp\/v2\/posts\/43836\/revisions"}],"predecessor-version":[{"id":90098,"href":"https:\/\/obera.fr\/cs\/wp-json\/wp\/v2\/posts\/43836\/revisions\/90098"}],"wp:featuredmedia":[{"embeddable":true,"href":"https:\/\/obera.fr\/cs\/wp-json\/wp\/v2\/media\/89984"}],"wp:attachment":[{"href":"https:\/\/obera.fr\/cs\/wp-json\/wp\/v2\/media?parent=43836"}],"wp:term":[{"taxonomy":"category","embeddable":true,"href":"https:\/\/obera.fr\/cs\/wp-json\/wp\/v2\/categories?post=43836"},{"taxonomy":"post_tag","embeddable":true,"href":"https:\/\/obera.fr\/cs\/wp-json\/wp\/v2\/tags?post=43836"}],"curies":[{"name":"wp","href":"https:\/\/api.w.org\/{rel}","templated":true}]}}